{"id":268825,"date":"2025-07-23T20:09:16","date_gmt":"2025-07-23T20:09:16","guid":{"rendered":"https:\/\/www.europesays.com\/fr\/268825\/"},"modified":"2025-07-23T20:09:16","modified_gmt":"2025-07-23T20:09:16","slug":"violent-avec-sa-compagne-il-deverse-sa-haine-sur-la-police","status":"publish","type":"post","link":"https:\/\/www.europesays.com\/fr\/268825\/","title":{"rendered":"violent avec sa compagne, il d\u00e9verse sa haine sur la police"},"content":{"rendered":"<p>            Par<br \/>\n        <strong><br \/>\n            <a href=\"https:\/\/actu.fr\/auteur\/anaelle-montagne\" title=\"Consulter tous les articles de Anaelle Montagne\" target=\"_blank\" rel=\"noopener\">Anaelle Montagne<\/a><br \/>\n        <\/strong><\/p>\n<p>        Publi\u00e9 le<\/p>\n<p>            23 juil. 2025 \u00e0 15h46        <\/p>\n<p>\u00ab\u00a0Je vais vous \u00e9gorger, je vais vous d\u00e9couper, je vais appeler mes fr\u00e8res de Syrie pour vous pulv\u00e9riser.\u00a0\u00bb \u00c0 l\u2019origine de ces propos <strong>terrifiants<\/strong> ? Un homme de 27 ans, agit\u00e9 mais quasiment mutique, d\u00e9j\u00e0 connu de la justice pour violences et consommation de <a href=\"https:\/\/actu.fr\/occitanie\/toulouse_31555\/ils-etaient-semi-grossistes-de-drogue-a-toulouse-six-hommes-arretes-dans-une-grande-operation-policiere_62904592.html\" target=\"_blank\" rel=\"noopener\">drogue<\/a>. Il faisait \u00e0 nouveau face aux magistrats de Toulouse ce mardi 22 juillet 2025, pour avoir prof\u00e9r\u00e9 de graves menaces envers des policiers\u2026 qui intervenaient pour des <a href=\"https:\/\/actu.fr\/occitanie\/toulouse_31555\/la-separation-d-un-couple-tourne-au-cauchemar-a-toulouse-elle-finit-par-asperger-son-conjoint-de-gasoil_62940890.html\" target=\"_blank\" rel=\"noopener\">violences conjugales<\/a>. Les faits.<\/p>\n<p>Tr\u00e8s violent, mais incoh\u00e9rent<\/p>\n<p class=\" wall-content\">Toulouse, le 2 juillet 2025. La police est appel\u00e9e \u00e0 se rendre au domicile<strong> d\u2019un couple et leur b\u00e9b\u00e9 de 8 mois<\/strong> : la femme, victime de violences, les a somm\u00e9s d\u2019intervenir. Une premi\u00e8re patrouille arrive. Elle tombe sur un homme<strong> \u00ab\u00a0sacr\u00e9ment amoch\u00e9\u00a0\u00bb et \u00ab\u00a0en crise\u00a0\u00bb<\/strong>, dans un \u00e9tat de col\u00e8re ing\u00e9rable.<\/p>\n<p class=\" wall-content\">L\u00e0, il injurie les agents de police et les menace de mort. Ces derniers d\u00e9cident qu\u2019il doit \u00eatre transport\u00e9 \u00e0 l\u2019h\u00f4pital, pour \u00e9valuer si son \u00e9tat psychiatrique est compatible avec une garde \u00e0 vue. C\u2019est l\u00e0 que la situation d\u00e9g\u00e9n\u00e8re vraiment.<\/p>\n<p>\u00ab\u00a0Je vais te couper la t\u00eate\u00a0\u00bb<\/p>\n<p class=\" wall-content\">Au cours du trajet en voiture jusqu\u2019\u00e0 Purpan, \u00ab\u00a0monsieur avait des phases d\u2019\u00e9nervement\u00a0\u00bb, relate l\u2019une des victimes, une polici\u00e8re pr\u00e9sente \u00e0 l\u2019audience. \u00ab\u00a0Il insultait les fonctionnaires et faisait r\u00e9f\u00e9rence \u00e0 sa conjointe, disant qu\u2019il allait la retrouver. Et puis sa col\u00e8re redescendait.\u00a0\u00bb<\/p>\n<p class=\" wall-content\">C\u2019est aux urgences, en attendant le psychiatre, que le jeune homme prof\u00e8re de graves menaces envers tous les agents pr\u00e9sents.<\/p>\n<p class=\" wall-content\">\u00ab\u00a0Je vais te faire le Jihad\u00a0\u00bb,<strong> \u00ab\u00a0je vais te couper la t\u00eate\u00a0\u00bb<\/strong>, \u00ab\u00a0va niquer ta m\u00e8re m\u00e9cr\u00e9ant\u00a0\u00bb, \u00ab\u00a0je sais o\u00f9 tu travailles\u00a0\u00bb\u2026 Visiblement instable psychologiquement, il tient aussi des propos \u00ab\u00a0compl\u00e8tement d\u00e9lirants\u00a0\u00bb. \u00ab\u00a0Il disait qu\u2019il \u00e9tait le roi, <strong>le chef du Casino Barri\u00e8re<\/strong>\u2026\u00a0\u00bb, se souvient la polici\u00e8re.<\/p>\n<p class=\" wall-content\">En attendant la r\u00e9daction du rapport du psychiatre, \u00ab\u00a0il a ensuite commenc\u00e9 \u00e0 essayer de se lever, \u00e0 taper, \u00e0 se dresser face \u00e0 un coll\u00e8gue, relate la polici\u00e8re. On a d\u00fb le maintenir sur le brancard alors qu\u2019il \u00e9tait menott\u00e9 ! C\u2019\u00e9tait vraiment une<strong> intervention soutenue<\/strong>, il essayait de se taper la t\u00eate contre un mur\u2026\u00a0\u00bb<\/p>\n<p class=\" wall-content\">Pourtant, le m\u00e9decin insiste : <strong>il pense \u00ab\u00a0que monsieur fait semblant\u00a0\u00bb<\/strong> et qu\u2019il est compatible avec la garde \u00e0 vue. C\u2019est dans cet \u00e9tat qu\u2019il sera ramen\u00e9 au poste pour y \u00eatre entendu.\u00a0<\/p>\n<p>Faisait-il semblant ?\u00a0<\/p>\n<p class=\" wall-content\">L\u2019expertise psychiatrique demand\u00e9e par la justice indique que le mis en cause n\u2019est pas dans un \u00e9tat de d\u00e9compensation psychologique et ne n\u00e9cessite pas d\u2019hospitalisation psychiatrique en urgence.<\/p>\n<p class=\" wall-content\">Il indique cependant qu\u2019il aurait des troubles \u00ab\u00a0de nature <strong>schyzophr\u00e9nique<\/strong>, avec une tendance pers\u00e9cutoire\u00a0\u00bb. Des troubles psychiatriques av\u00e9r\u00e9s et reconnus par la mutuelle des personnes handicap\u00e9es, qui lui verse chaque mois de l\u2019argent, insiste l\u2019avocate du pr\u00e9venu, Me St\u00e9phanie Moura \u2013 dont le travail n\u2019a pas \u00e9t\u00e9 facilit\u00e9 par son client tr\u00e8s silencieux, tant avec elle en amont de l\u2019audience, que devant les magistrates.<\/p>\n<p class=\" wall-content\">\u00ab\u00a0C\u2019est un homme qui ne jouit pas de ses pleines capacit\u00e9s, il a <strong>des propos m\u00e9galomaniaques<\/strong> et d\u00e9lirants\u00a0\u00bb, commence l\u2019avocate.<\/p>\n<blockquote class=\"ac-article-quote wall-content\">\n<p>Quand je l&rsquo;ai rencontr\u00e9 en garde \u00e0 vue, il a tap\u00e9 \u00e0 la porte de sa cellule toute la dur\u00e9e de l&rsquo;audition. Et\u00a0quand il a \u00e9t\u00e9 d\u00e9f\u00e9r\u00e9, un matin \u00e0 11h30, les ge\u00f4les ont insist\u00e9 pour qu&rsquo;il passe au plus vite, tellement il hurlait. Quand il a \u00e9t\u00e9 entendu par la police concernant les menaces de mort, c&rsquo;\u00e9tait derri\u00e8re une porte ferm\u00e9e, tellement il \u00e9tait incapable de g\u00e9rer son aggressivit\u00e9 ! Ce n&rsquo;est pas tous les jours qu&rsquo;on a \u00e7a. <\/p>\n<p>    <strong>Me St\u00e9phanie Moura<\/strong><br \/>\n        Avocate du mis en cause    <\/p><\/blockquote>\n<p>(Quasiment) pas de prison ferme pour le pr\u00e9venu<\/p>\n<p class=\" wall-content\">Pour ce qui est des violences conjugales, la conjointe du jeune marocain n\u2019a finalement pas port\u00e9 plainte. Il \u00e9tait donc poursuivi pour <strong>outrage et menace de mort<\/strong> \u00e0 l\u2019encontre d\u2019une personne d\u00e9positaire de l\u2019autorit\u00e9 publique, en r\u00e9cidive. \u00ab\u00a0Est-ce qu\u2019il va passer \u00e0 l\u2019acte ? C\u2019est \u00e7a la question !\u00a0\u00bb, soutient l\u2019avocate des parties civiles.<\/p>\n<p class=\" wall-content\">L\u2019avocate du pr\u00e9venu, elle, demande une peine mixte avec une d\u00e9tention \u00e0 domicile sous surveillance \u00e9lectronique et une obligation de soins : \u00ab\u00a0La peine d\u2019emprisonnement ferme, c\u2019est une caut\u00e8re sur une jambe de bois.\u00a0\u00bb<\/p>\n<p class=\" wall-content\">Le jeune homme, d\u00e9clar\u00e9 coupable, sera finalement condamn\u00e9 \u00e0 <strong>quatre mois de prison<\/strong> \u00ab\u00a0puisqu\u2019il y a une alt\u00e9ration du discernement\u00a0\u00bb, indique la pr\u00e9sidente de l\u2019audience. Mais attention : il \u00e9tait en d\u00e9tention provisoire depuis les faits et devrait sortir le 27 juillet au plus tard, pour purger sa peine chez sa m\u00e8re, <strong>sous bracelet \u00e9lectronique<\/strong>. Il devra \u00e9galement payer 500 euros de pr\u00e9judice moral \u00e0 chacun des six policiers outrag\u00e9s.\u00a0<\/p>\n<p class=\" wall-content\">Suivez toute l\u2019actualit\u00e9 de vos villes et m\u00e9dias favoris en vous inscrivant \u00e0 <a href=\"https:\/\/moncompte.actu.fr\" title=\"D\u00e9couvez Mon Actu\" rel=\"nofollow noopener\" data-trk=\"{&quot;cta&quot;:{&quot;action&quot;:&quot;https:\\\/\\\/moncompte.actu.fr&quot;,&quot;category&quot;:&quot;mon compte&quot;,&quot;from&quot;:&quot;article footer&quot;,&quot;name&quot;:&quot;Mon actu&quot;,&quot;type&quot;:&quot;cta&quot;}}\" target=\"_blank\">Mon Actu<\/a>.<\/p>\n<ul class=\"ac-article-tag wall-content\">\n<li><a href=\"https:\/\/actu.fr\/tag\/justice\" data-trk=\"{&quot;cta&quot;:{&quot;action&quot;:&quot;Justice&quot;,&quot;category&quot;:&quot;tag&quot;,&quot;from&quot;:&quot;article footer&quot;,&quot;name&quot;:&quot;Justice&quot;,&quot;type&quot;:&quot;cta&quot;}}\" target=\"_blank\" rel=\"noopener\">#Justice<\/a><\/li>\n<li><a href=\"https:\/\/actu.fr\/tag\/violences-conjugales\" data-trk=\"{&quot;cta&quot;:{&quot;action&quot;:&quot;Violences conjugales&quot;,&quot;category&quot;:&quot;tag&quot;,&quot;from&quot;:&quot;article footer&quot;,&quot;name&quot;:&quot;Violences conjugales&quot;,&quot;type&quot;:&quot;cta&quot;}}\" target=\"_blank\" rel=\"noopener\">#Violences conjugales<\/a><\/li>\n<\/ul>\n","protected":false},"excerpt":{"rendered":"Par Anaelle Montagne Publi\u00e9 le 23 juil. 2025 \u00e0 15h46 \u00ab\u00a0Je vais vous \u00e9gorger, je vais vous d\u00e9couper,&hellip;\n","protected":false},"author":2,"featured_media":268826,"comment_status":"","ping_status":"","sticky":false,"template":"","format":"standard","meta":{"footnotes":""},"categories":[2816],"tags":[1111,11,1777,674,118,1011,27,303,12,2680,25,2312,798],"class_list":{"0":"post-268825","1":"post","2":"type-post","3":"status-publish","4":"format-standard","5":"has-post-thumbnail","7":"category-toulouse","8":"tag-actu","9":"tag-actualites","10":"tag-eu","11":"tag-europe","12":"tag-faits-divers","13":"tag-fr","14":"tag-france","15":"tag-justice","16":"tag-news","17":"tag-occitanie","18":"tag-republique-francaise","19":"tag-toulouse","20":"tag-violences-conjugales"},"share_on_mastodon":{"url":"https:\/\/pubeurope.com\/@fr\/114904364820744467","error":""},"_links":{"self":[{"href":"https:\/\/www.europesays.com\/fr\/wp-json\/wp\/v2\/posts\/268825","targetHints":{"allow":["GET"]}}],"collection":[{"href":"https:\/\/www.europesays.com\/fr\/wp-json\/wp\/v2\/posts"}],"about":[{"href":"https:\/\/www.europesays.com\/fr\/wp-json\/wp\/v2\/types\/post"}],"author":[{"embeddable":true,"href":"https:\/\/www.europesays.com\/fr\/wp-json\/wp\/v2\/users\/2"}],"replies":[{"embeddable":true,"href":"https:\/\/www.europesays.com\/fr\/wp-json\/wp\/v2\/comments?post=268825"}],"version-history":[{"count":0,"href":"https:\/\/www.europesays.com\/fr\/wp-json\/wp\/v2\/posts\/268825\/revisions"}],"wp:featuredmedia":[{"embeddable":true,"href":"https:\/\/www.europesays.com\/fr\/wp-json\/wp\/v2\/media\/268826"}],"wp:attachment":[{"href":"https:\/\/www.europesays.com\/fr\/wp-json\/wp\/v2\/media?parent=268825"}],"wp:term":[{"taxonomy":"category","embeddable":true,"href":"https:\/\/www.europesays.com\/fr\/wp-json\/wp\/v2\/categories?post=268825"},{"taxonomy":"post_tag","embeddable":true,"href":"https:\/\/www.europesays.com\/fr\/wp-json\/wp\/v2\/tags?post=268825"}],"curies":[{"name":"wp","href":"https:\/\/api.w.org\/{rel}","templated":true}]}}