{"id":268853,"date":"2025-07-23T20:23:12","date_gmt":"2025-07-23T20:23:12","guid":{"rendered":"https:\/\/www.europesays.com\/fr\/268853\/"},"modified":"2025-07-23T20:23:12","modified_gmt":"2025-07-23T20:23:12","slug":"la-russie-propose-une-treve-de-24-a-48-heures-sur-le-front-lukraine-souhaite-une-rencontre-prochaine-entre-zelensky-et-poutine","status":"publish","type":"post","link":"https:\/\/www.europesays.com\/fr\/268853\/","title":{"rendered":"la Russie propose une tr\u00eave de \u00ab\u00a024 \u00e0 48 heures\u00a0\u00bb sur le front, l&rsquo;Ukraine souhaite une rencontre prochaine entre Zelensky et Poutine"},"content":{"rendered":"<p class=\"article-p mdl\">Une discussion de moins d&rsquo;une heure mais de nombreux sujets \u00e9voqu\u00e9s. Le chef de la d\u00e9l\u00e9gation russe et celui de l&rsquo;Ukraine se sont rencontr\u00e9s en terrain neutre, \u00e0 Istanbul (Turquie), ce mercredi 23 juillet.<\/p>\n<p class=\"article-p mdl\">Les deux camps se sont accord\u00e9s,\u00a0<a class=\"link\" href=\"https:\/\/www.rtl.fr\/actu\/international\/guerre-en-ukraine-istanbul-accueille-de-fragiles-pourparlers-entre-kiev-et-moscou-7900525351\" target=\"_blank\" rel=\"noopener\">\u00e0 l&rsquo;issue de pourparlers<\/a>, sur un nouvel de prisonniers concernant \u00ab\u00a01.200 personnes de chaque c\u00f4t\u00e9 dans un avenir proche\u00a0\u00bb, a pr\u00e9sent\u00e9 le n\u00e9gociateur russe, Vladimir Medinski. Moscou a aussi propos\u00e9 \u00e0 Kiev de lui remettre <strong>les corps de 3.000 nouveaux soldats<\/strong>.<\/p>\n<p class=\"article-p mdl\">Le chef de la d\u00e9l\u00e9gation russe aux pourparlers de paix avec les Ukrainiens \u00e0 Istanbul a \u00e9galement indiqu\u00e9, lors d&rsquo;une conf\u00e9rence de presse post-rencontre,\u00a0<a class=\"link\" href=\"https:\/\/www.rtl.fr\/actu\/international\/guerre-en-ukraine-kiev-annonce-avoir-perdu-un-avion-de-chasse-francais-7900525284\" target=\"_blank\" rel=\"noopener\">avoir propos\u00e9 \u00e0 Kiev<\/a>\u00a0des tr\u00eaves de \u00ab\u00a024 \u00e0 48 heures\u00a0\u00bb sur le front pour que les deux arm\u00e9es puissent justement r\u00e9cup\u00e9rer leurs tu\u00e9s et leurs bless\u00e9s :\u00a0 \u00ab\u00a0Nous avons une nouvelle fois propos\u00e9 \u00e0 la partie ukrainienne d&rsquo;examiner (&#8230;) l&rsquo;instauration, sur la ligne de front, de br\u00e8ves tr\u00eaves de 24 \u00e0 48 heures, afin que les \u00e9quipes sanitaires puissent \u00e9vacuer les bless\u00e9s et que les commandants puissent r\u00e9cup\u00e9rer les corps de leurs soldats\u00a0\u00bb.<\/p>\n<p class=\"article-p mdl\">N\u00e9anmoins, le chef de la d\u00e9l\u00e9gation russe a estim\u00e9 que les positions des deux pays \u00e9taient encore \u00ab\u00a0assez \u00e9loign\u00e9es\u00a0\u00bb, trois ans et demi apr\u00e8s le d\u00e9but de l&rsquo;invasion russe : \u00ab\u00a0Nous avons longuement discut\u00e9 des positions expos\u00e9es par nos parties dans les m\u00e9morandums transmis la derni\u00e8re fois\u00a0\u00bb.<\/p>\n<p class=\"article-p mdl\">Afin de poursuivre ce processus de paix, l&rsquo;Ukraine a, quant \u00e0 elle, <strong>propos\u00e9 une rencontre<\/strong> entre Volodymyr Zelensky et Vladimir Poutine avant la fin du mois d&rsquo;ao\u00fbt.<\/p>\n<p>    La r\u00e9daction vous recommande<\/p>\n<p class=\"s-newsletter__title\">\n                L\u2019actualit\u00e9 par la r\u00e9daction de RTL dans votre bo\u00eete mail.\n            <\/p>\n<p class=\"s-newsletter__subtitle\">\n                Gr\u00e2ce \u00e0 votre compte RTL abonnez-vous \u00e0 la newsletter RTL info pour suivre toute l&rsquo;actualit\u00e9 au quotidien\n            <\/p>\n<p>\n                                    Lire la suite\n                                <\/p>\n","protected":false},"excerpt":{"rendered":"Une discussion de moins d&rsquo;une heure mais de nombreux sujets \u00e9voqu\u00e9s. Le chef de la d\u00e9l\u00e9gation russe et&hellip;\n","protected":false},"author":2,"featured_media":268854,"comment_status":"","ping_status":"","sticky":false,"template":"","format":"standard","meta":{"footnotes":""},"categories":[1591],"tags":[11,1887,107,131,12,2403,1885,1886,132,135,134],"class_list":{"0":"post-268853","1":"post","2":"type-post","3":"status-publish","4":"format-standard","5":"has-post-thumbnail","7":"category-russie","8":"tag-actualites","9":"tag-federation-de-russie","10":"tag-fil-info","11":"tag-guerre-en-ukraine","12":"tag-news","13":"tag-paix","14":"tag-russia","15":"tag-russian-federation","16":"tag-russie","17":"tag-vladimir-poutine","18":"tag-volodymyr-zelensky"},"share_on_mastodon":{"url":"https:\/\/pubeurope.com\/@fr\/114904419914557624","error":""},"_links":{"self":[{"href":"https:\/\/www.europesays.com\/fr\/wp-json\/wp\/v2\/posts\/268853","targetHints":{"allow":["GET"]}}],"collection":[{"href":"https:\/\/www.europesays.com\/fr\/wp-json\/wp\/v2\/posts"}],"about":[{"href":"https:\/\/www.europesays.com\/fr\/wp-json\/wp\/v2\/types\/post"}],"author":[{"embeddable":true,"href":"https:\/\/www.europesays.com\/fr\/wp-json\/wp\/v2\/users\/2"}],"replies":[{"embeddable":true,"href":"https:\/\/www.europesays.com\/fr\/wp-json\/wp\/v2\/comments?post=268853"}],"version-history":[{"count":0,"href":"https:\/\/www.europesays.com\/fr\/wp-json\/wp\/v2\/posts\/268853\/revisions"}],"wp:featuredmedia":[{"embeddable":true,"href":"https:\/\/www.europesays.com\/fr\/wp-json\/wp\/v2\/media\/268854"}],"wp:attachment":[{"href":"https:\/\/www.europesays.com\/fr\/wp-json\/wp\/v2\/media?parent=268853"}],"wp:term":[{"taxonomy":"category","embeddable":true,"href":"https:\/\/www.europesays.com\/fr\/wp-json\/wp\/v2\/categories?post=268853"},{"taxonomy":"post_tag","embeddable":true,"href":"https:\/\/www.europesays.com\/fr\/wp-json\/wp\/v2\/tags?post=268853"}],"curies":[{"name":"wp","href":"https:\/\/api.w.org\/{rel}","templated":true}]}}