{"id":268855,"date":"2025-07-23T20:24:17","date_gmt":"2025-07-23T20:24:17","guid":{"rendered":"https:\/\/www.europesays.com\/fr\/268855\/"},"modified":"2025-07-23T20:24:17","modified_gmt":"2025-07-23T20:24:17","slug":"la-russie-lance-en-mer-sa-tempete-de-juillet-une-operation-militaire-denvergure","status":"publish","type":"post","link":"https:\/\/www.europesays.com\/fr\/268855\/","title":{"rendered":"La Russie lance en mer sa \u00ab\u00a0Temp\u00eate de Juillet\u00a0\u00bb, une op\u00e9ration militaire d\u2019envergure"},"content":{"rendered":"<p>        <img decoding=\"async\" loading=\"lazy\" src=\"https:\/\/www.europesays.com\/fr\/wp-content\/uploads\/2025\/07\/cd08fe5_upload-1-yxgkp0ttozdy-afp-20220218-323843y-v1-highres-russiaukrainenavydefence.jpg\"  width=\"728\" height=\"410\" alt=\"Un croiseur russe \u00ab\u00a0Moskva\u00a0\u00bb, ici photographi\u00e9 en f\u00e9vrier 2022 lors d\u2019exercices navals en mer Noire, au large du port de S\u00e9bastopol (Ukraine).\"\/>  <\/p>\n<p>HANDOUT \/ AFP<\/p>\n<p>Un croiseur russe \u00ab\u00a0Moskva\u00a0\u00bb, ici photographi\u00e9 en f\u00e9vrier 2022 lors d\u2019exercices navals en mer Noire, au large du port de S\u00e9bastopol (Ukraine).<\/p>\n<p class=\"asset asset-text\">INTERNATIONAL &#8211; Menace maritime \u00ab\u00a0XXL\u00a0\u00bb. Tandis que Kiev et Moscou se retrouvent ce mercredi 23\u00a0juillet \u00e0 Istanbul pour <a href=\"https:\/\/www.huffingtonpost.fr\/international\/article\/ukraine-russie-des-negociations-sont-attendues-a-istanbul-ce-mercredi-voici-ce-que-l-on-sait_252890.html\" rel=\"nofollow noopener\" target=\"_blank\">un nouveau round de n\u00e9gociations<\/a> au sujet de la guerre en Ukraine, <a href=\"https:\/\/www.huffingtonpost.fr\/international\/article\/guerre-en-ukraine-l-union-europeenne-prevoit-contre-la-russie-de-nouvelles-sanctions-sans-precedent_252742.html\" rel=\"nofollow noopener\" target=\"_blank\">la Russie<\/a> a officiellement lanc\u00e9 ce m\u00eame jour des exercices d\u2019ampleur et \u00ab\u00a0r\u00e9solument offensifs\u00a0\u00bb en mer.<\/p>\n<p class=\"asset asset-text\">Comme le rapporte <a href=\"https:\/\/www.reuters.com\/business\/aerospace-defense\/russia-begins-major-naval-drills-pacific-arctic-oceans-baltic-sea-2025-07-23\/\" target=\"_blank\" rel=\"noopener nofollow\" title=\"Nouvelle fen\u00eatre\">Reuters<\/a>, citant le minist\u00e8re russe de la D\u00e9fense, d\u2019importants exercices navals ont \u00e9t\u00e9 mis en place dans les oc\u00e9ans Pacifique et Arctique ainsi que dans les mers Baltique et Caspienne. Avec comme nom de code pour ces <a href=\"https:\/\/www.huffingtonpost.fr\/international\/video\/en-ukraine-la-russie-lance-des-operations-militaires-inedites-dans-la-region-de-dnipropetrovsk_251086.html\" target=\"_blank\" rel=\"noopener nofollow\" title=\"Nouvelle fen\u00eatre\">op\u00e9rations militaires<\/a> maritimes\u00a0: \u00ab\u00a0July Storm\u00a0\u00bb, ou \u00ab\u00a0Temp\u00eate de Juillet\u00a0\u00bb en fran\u00e7ais.<\/p>\n<p class=\"asset asset-text\">Une mani\u00e8re pour le Kremlin de tester pendant cinq jours l\u2019\u00e9tat de pr\u00e9paration de sa flotte navale en cas d\u2019op\u00e9rations dites non standards. Au programme, utilisation d\u2019armes \u00e0 longue port\u00e9e et autres technologies avanc\u00e9es.<\/p>\n<p>    Simulation grandeur nature    <\/p>\n<p class=\"asset asset-text\">Selon les donn\u00e9es fournies \u00e0 Reuters, la Russie va d\u00e9ployer durant ces essais pas moins de 150 navires et 15\u00a0000 militaires. En mer, ces soldats russes \u00ab\u00a0s\u2019exerceront au d\u00e9ploiement dans des zones de combat, \u00e0 la conduite d\u2019op\u00e9rations anti-sous-marines, \u00e0 la d\u00e9fense des zones de d\u00e9ploiement et d\u2019activit\u00e9 \u00e9conomique\u00a0\u00bb, pr\u00e9cise le minist\u00e8re russe de la D\u00e9fense.<\/p>\n<p> La lecture de ce contenu est susceptible d\u2019entra\u00eener un d\u00e9p\u00f4t de cookies de la part de l\u2019op\u00e9rateur tiers qui l\u2019h\u00e9berge. Compte-tenu des choix que vous avez exprim\u00e9s en mati\u00e8re de d\u00e9p\u00f4t de cookies, nous avons bloqu\u00e9 l\u2019affichage de ce contenu. Si vous souhaitez y acc\u00e9der, vous devez accepter la cat\u00e9gorie de cookies \u201cContenus tiers\u201d en cliquant sur le bouton ci-dessous. <\/p>\n<p> Lire la Vid\u00e9o        <\/p>\n<p class=\"asset asset-text\">Mais ce n\u2019est pas tout, puisque les Russes chercheront aussi \u00e0 simuler des situations de guerre, en s\u2019exer\u00e7ant \u00e0 \u00ab\u00a0repousser les attaques d\u2019armes a\u00e9riennes, de bateaux sans pilote et de drones ennemis, \u00e0 assurer la s\u00e9curit\u00e9 de la navigation, \u00e0 frapper les cibles ennemies et les groupes navals\u00a0\u00bb.<\/p>\n<p class=\"asset asset-text\">Dans ce cadre, ce sont 120\u00a0avions et dix\u00a0syst\u00e8mes de missiles c\u00f4tiers\u00a0qui sont \u00e9galement mobilis\u00e9s pour cette \u00ab\u00a0Temp\u00eate de Juillet\u00a0\u00bb. <a href=\"https:\/\/www.leparisien.fr\/international\/ukraine\/guerre-en-ukraine-cest-quoi-limpressionnante-operation-tempete-de-juillet-lancee-en-mer-par-la-russie-23-07-2025-7IT6AZBZ6FFPJAVETQZZFXHIBM.php\" target=\"_blank\" rel=\"noopener nofollow\" title=\"Nouvelle fen\u00eatre\">Le Parisien<\/a> cite \u00e9galement l\u2019agence russe TASS, selon laquelle 950 pi\u00e8ces de mat\u00e9riel militaire seront \u00e9galement concern\u00e9es par les exercices. Cette grande op\u00e9ration d\u2019entra\u00eenement sera dirig\u00e9e par le chef de la marine, l\u2019amiral Alexandre Moiseev.<\/p>\n<p>    D\u00e9monstration de force    <\/p>\n<p class=\"asset asset-text\">Si les objectifs exacts de cet exercice ne sont pas pr\u00e9cis\u00e9s, Reuters indique que l\u2019arm\u00e9e russe constitue la troisi\u00e8me plus grande puissance militaire mondiale.<\/p>\n<p class=\"asset asset-text\">Il s\u2019agit aussi d\u2019une mani\u00e8re de montrer qu\u2019apr\u00e8s trois\u00a0ans et cinq mois de <a href=\"https:\/\/www.huffingtonpost.fr\/international\/article\/guerre-en-ukraine-la-russie-a-lance-sa-plus-grande-attaque-de-drones-et-de-missiles-depuis-le-debut-du-conflit_252406.html\" rel=\"nofollow noopener\" target=\"_blank\">guerre avec l\u2019Ukraine<\/a>, Moscou n\u2019a rien perdu de ses capacit\u00e9s militaires, bien que les forces navales ne soient pas celles les plus mises \u00e0 contribution depuis le d\u00e9but du conflit en 2022.<\/p>\n<p class=\"asset asset-text\">Il reste \u00ab\u00a0beaucoup plus facile pour les Russes de faire des exercices avec leur marine qu\u2019avec l\u2019infanterie ou les forces terrestres\u00a0\u00bb, note par ailleurs <a href=\"https:\/\/www.tf1info.fr\/international\/videos\/video-tempete-de-juillet-ce-que-l-on-sait-sur-l-exercice-naval-xxl-lance-par-la-russie-22582-2384719.html\" target=\"_blank\" rel=\"noopener nofollow\" title=\"Nouvelle fen\u00eatre\">sur LCI<\/a> l\u2019envoy\u00e9 sp\u00e9cial et \u00e9ditorialiste international Xavier de Giacomoni. \u00ab\u00a0Bien \u00e9videmment, toutes les forces terrestres sont occup\u00e9es en Ukraine et totalement en flux tendu\u00a0\u00bb, ajoute-t-il.<\/p>\n<p class=\"asset asset-text\">Malgr\u00e9 tout, Le Parisien indique que la Russie pr\u00e9voit un autre exercice d\u2019envergure, en septembre, \u00ab\u00a0au sol\u00a0\u00bb. Il sera organis\u00e9 en \u00e9troite collaboration avec la Bi\u00e9lorussie d\u2019Alexandre Loukachenko, proche alli\u00e9 de <a href=\"https:\/\/www.huffingtonpost.fr\/international\/article\/ce-qu-emmanuel-macron-et-vladimir-poutine-se-sont-dit-pour-leur-premier-appel-en-trois-ans_252079.html\" rel=\"nofollow noopener\" target=\"_blank\">Vladimir Poutine<\/a>. Nomm\u00e9 \u00ab\u00a0Zapad 2025\u00a0\u00bb, cet exercice militaire terrestre est organis\u00e9 tous les quatre ans.<\/p>\n","protected":false},"excerpt":{"rendered":"HANDOUT \/ AFP Un croiseur russe \u00ab\u00a0Moskva\u00a0\u00bb, ici photographi\u00e9 en f\u00e9vrier 2022 lors d\u2019exercices navals en mer Noire,&hellip;\n","protected":false},"author":2,"featured_media":268856,"comment_status":"","ping_status":"","sticky":false,"template":"","format":"standard","meta":{"footnotes":""},"categories":[1590],"tags":[11,1813,1777,674,131,14,12,132,220],"class_list":{"0":"post-268855","1":"post","2":"type-post","3":"status-publish","4":"format-standard","5":"has-post-thumbnail","7":"category-ukraine","8":"tag-actualites","9":"tag-armee","10":"tag-eu","11":"tag-europe","12":"tag-guerre-en-ukraine","13":"tag-international","14":"tag-news","15":"tag-russie","16":"tag-ukraine"},"share_on_mastodon":{"url":"https:\/\/pubeurope.com\/@fr\/114904423728636422","error":""},"_links":{"self":[{"href":"https:\/\/www.europesays.com\/fr\/wp-json\/wp\/v2\/posts\/268855","targetHints":{"allow":["GET"]}}],"collection":[{"href":"https:\/\/www.europesays.com\/fr\/wp-json\/wp\/v2\/posts"}],"about":[{"href":"https:\/\/www.europesays.com\/fr\/wp-json\/wp\/v2\/types\/post"}],"author":[{"embeddable":true,"href":"https:\/\/www.europesays.com\/fr\/wp-json\/wp\/v2\/users\/2"}],"replies":[{"embeddable":true,"href":"https:\/\/www.europesays.com\/fr\/wp-json\/wp\/v2\/comments?post=268855"}],"version-history":[{"count":0,"href":"https:\/\/www.europesays.com\/fr\/wp-json\/wp\/v2\/posts\/268855\/revisions"}],"wp:featuredmedia":[{"embeddable":true,"href":"https:\/\/www.europesays.com\/fr\/wp-json\/wp\/v2\/media\/268856"}],"wp:attachment":[{"href":"https:\/\/www.europesays.com\/fr\/wp-json\/wp\/v2\/media?parent=268855"}],"wp:term":[{"taxonomy":"category","embeddable":true,"href":"https:\/\/www.europesays.com\/fr\/wp-json\/wp\/v2\/categories?post=268855"},{"taxonomy":"post_tag","embeddable":true,"href":"https:\/\/www.europesays.com\/fr\/wp-json\/wp\/v2\/tags?post=268855"}],"curies":[{"name":"wp","href":"https:\/\/api.w.org\/{rel}","templated":true}]}}