{"id":268857,"date":"2025-07-23T20:25:14","date_gmt":"2025-07-23T20:25:14","guid":{"rendered":"https:\/\/www.europesays.com\/fr\/268857\/"},"modified":"2025-07-23T20:25:14","modified_gmt":"2025-07-23T20:25:14","slug":"un-accord-asymetrique-se-dessine","status":"publish","type":"post","link":"https:\/\/www.europesays.com\/fr\/268857\/","title":{"rendered":"un accord asym\u00e9trique se dessine"},"content":{"rendered":"<p>                         <img loading=\"lazy\" decoding=\"async\" src=\"https:\/\/www.europesays.com\/fr\/wp-content\/uploads\/2025\/07\/378d313_upload-1-qqtoyspqgv5s-000-669c9qu.jpg\" alt=\"Ursula von der Leyen avec Maros Sefcovic, le commissaire au commerce de l\u2019Union europ\u00e9enne \u00e0 Bruxelles, le 9\u00a0juillet 2025.\"   width=\"664\" height=\"443\"\/>    Ursula von der Leyen avec Maros Sefcovic, le commissaire au commerce de l\u2019Union europ\u00e9enne \u00e0 Bruxelles, le 9\u00a0juillet 2025.  JEAN-CHRISTOPHE VERHAEGEN \/ AFP                 <\/p>\n<p class=\"article__paragraph  \">Ursula von der Leyen a beau \u00eatre en Asie, o\u00f9 elle doit participer, jeudi 24\u00a0juillet, \u00e0 un sommet entre l\u2019Union europ\u00e9enne (UE) et la Chine, ses pens\u00e9es vont, \u00e0 n\u2019en pas douter, aux Etats-Unis. Non que les relations avec P\u00e9kin soient au beau fixe\u00a0; bien au contraire, les sujets de friction sont l\u00e9gion. Mais, \u00e0 une semaine du 1er\u00a0ao\u00fbt, date \u00e0 laquelle Donald Trump menace d\u2019imposer aux importations europ\u00e9ennes des surtaxes de 30\u00a0% si aucun accord n\u2019est trouv\u00e9 d\u2019ici l\u00e0 entre Washington et Bruxelles, la pr\u00e9sidente de la Commission redoute une guerre commerciale, qui serait d\u00e9sastreuse pour le Vieux Continent.<\/p>\n<p class=\"article__paragraph  \">Depuis son retour \u00e0 la Maison Blanche, Donald\u00a0Trump a d\u00e9j\u00e0 augment\u00e9 les droits de douane de 25\u00a0% sur les voitures, de <a href=\"https:\/\/www.lemonde.fr\/international\/article\/2025\/07\/10\/donald-trump-annonce-des-droits-de-douane-de-50-sur-le-cuivre_6620372_3210.html\" rel=\"nofollow noopener\" target=\"_blank\">50\u00a0% sur l\u2019acier et l\u2019aluminium<\/a> et de 10\u00a0% sur un large \u00e9ventail de produits. Il a aussi pr\u00e9venu qu\u2019il pourrait s\u2019en prendre aux produits pharmaceutiques ou aux semi-conducteurs. C\u00f4t\u00e9 partenaires europ\u00e9ens, en revanche, o\u00f9 l\u2019on a jusqu\u2019ici fait le choix de m\u00e9nager Washington pour \u00e9viter une escalade dangereuse, aucune mesure de r\u00e9torsion n\u2019a encore \u00e9t\u00e9 mise en \u0153uvre.<\/p>\n<p class=\"reading-mode-only \"><strong>Il vous reste 85.05% de cet article \u00e0 lire. La suite est r\u00e9serv\u00e9e aux abonn\u00e9s.<\/strong><\/p>\n","protected":false},"excerpt":{"rendered":"Ursula von der Leyen avec Maros Sefcovic, le commissaire au commerce de l\u2019Union europ\u00e9enne \u00e0 Bruxelles, le 9\u00a0juillet&hellip;\n","protected":false},"author":2,"featured_media":268858,"comment_status":"","ping_status":"","sticky":false,"template":"","format":"standard","meta":{"footnotes":""},"categories":[1589],"tags":[11,73,1866,12,1864,1865,1863,308],"class_list":{"0":"post-268857","1":"post","2":"type-post","3":"status-publish","4":"format-standard","5":"has-post-thumbnail","7":"category-etats-unis","8":"tag-actualites","9":"tag-etats-unis","10":"tag-etats-unis-damerique","11":"tag-news","12":"tag-united-states","13":"tag-united-states-of-america","14":"tag-us","15":"tag-usa"},"share_on_mastodon":{"url":"https:\/\/pubeurope.com\/@fr\/114904427779511928","error":""},"_links":{"self":[{"href":"https:\/\/www.europesays.com\/fr\/wp-json\/wp\/v2\/posts\/268857","targetHints":{"allow":["GET"]}}],"collection":[{"href":"https:\/\/www.europesays.com\/fr\/wp-json\/wp\/v2\/posts"}],"about":[{"href":"https:\/\/www.europesays.com\/fr\/wp-json\/wp\/v2\/types\/post"}],"author":[{"embeddable":true,"href":"https:\/\/www.europesays.com\/fr\/wp-json\/wp\/v2\/users\/2"}],"replies":[{"embeddable":true,"href":"https:\/\/www.europesays.com\/fr\/wp-json\/wp\/v2\/comments?post=268857"}],"version-history":[{"count":0,"href":"https:\/\/www.europesays.com\/fr\/wp-json\/wp\/v2\/posts\/268857\/revisions"}],"wp:featuredmedia":[{"embeddable":true,"href":"https:\/\/www.europesays.com\/fr\/wp-json\/wp\/v2\/media\/268858"}],"wp:attachment":[{"href":"https:\/\/www.europesays.com\/fr\/wp-json\/wp\/v2\/media?parent=268857"}],"wp:term":[{"taxonomy":"category","embeddable":true,"href":"https:\/\/www.europesays.com\/fr\/wp-json\/wp\/v2\/categories?post=268857"},{"taxonomy":"post_tag","embeddable":true,"href":"https:\/\/www.europesays.com\/fr\/wp-json\/wp\/v2\/tags?post=268857"}],"curies":[{"name":"wp","href":"https:\/\/api.w.org\/{rel}","templated":true}]}}