{"id":26886,"date":"2025-04-15T15:50:14","date_gmt":"2025-04-15T15:50:14","guid":{"rendered":"https:\/\/www.europesays.com\/fr\/26886\/"},"modified":"2025-04-15T15:50:14","modified_gmt":"2025-04-15T15:50:14","slug":"a-nantes-les-chretiens-de-toutes-confessions-vont-celebrer-paques-ensemble","status":"publish","type":"post","link":"https:\/\/www.europesays.com\/fr\/26886\/","title":{"rendered":"\u00c0 Nantes, les chr\u00e9tiens de toutes confessions vont c\u00e9l\u00e9brer P\u00e2ques ensemble"},"content":{"rendered":"<p>Cette ann\u00e9e, la date de P\u00e2ques est commune aux diff\u00e9rentes confessions chr\u00e9tiennes\u00a0: orthodoxes, protestants, catholiques et \u00e9vang\u00e9liques.<\/p>\n<p>\u00a0Une grande joie\u00a0 pour les communaut\u00e9s de Loire-Atlantique qui ont pris l\u2019initiative de se rassembler le lundi 21\u00a0avril pour c\u00e9l\u00e9brer P\u00e2ques ensemble, ce qui n\u2019\u00e9tait pas arriv\u00e9 depuis 2017.<\/p>\n<p>C\u00e9r\u00e9monie \u00e0 16\u00a0h<\/p>\n<p>Les fid\u00e8les ont rendez-vous \u00e0 16\u00a0h, sur le parvis de l\u2019\u00e9glise Sainte-Croix, dans le quartier Bouffay.\u00a0La c\u00e9r\u00e9monie sera introduite par des chants issus des r\u00e9pertoires des diff\u00e9rentes confessions repr\u00e9sent\u00e9es. Il est d\u00e9j\u00e0 possible de les d\u00e9couvrir et de les apprendre, en se rendant sur <a href=\"https:\/\/patricealcindor1.wixsite.com\/paquesensemble2025\" target=\"_self\" rel=\"nofollow noopener\">le site d\u00e9di\u00e9<\/a>.<\/p>\n<p>Une r\u00e9p\u00e9tition est pr\u00e9vue d\u00e8s 14\u00a0h, dans l\u2019\u00e9glise Sainte-Croix, pour les musiciens et les chanteurs d\u00e9sirant aider \u00e0 conduire les chants.<\/p>\n<p>Suivie d\u2019un go\u00fbter<\/p>\n<p>Suivra un grand go\u00fbter de P\u00e2ques, autour et dans le passage Sainte-Croix qui sera ouvert pour l\u2019occasion. On pourra y dialoguer, se rencontrer, le visiter.<\/p>\n<p>Les paroisses catholiques proches de Sainte-Croix, mais aussi le Temple protestant, l\u2019\u00c9glise orthodoxe Saint-Basile, l\u2019\u00c9glise \u00e9vang\u00e9lique de La Boissi\u00e8re et l\u2019\u00c9glise baptiste se mobiliseront pour pr\u00e9parer le go\u00fbter.<\/p>\n<p>\u00a0<\/p>\n","protected":false},"excerpt":{"rendered":"Cette ann\u00e9e, la date de P\u00e2ques est commune aux diff\u00e9rentes confessions chr\u00e9tiennes\u00a0: orthodoxes, protestants, catholiques et \u00e9vang\u00e9liques. \u00a0Une&hellip;\n","protected":false},"author":2,"featured_media":26887,"comment_status":"","ping_status":"","sticky":false,"template":"","format":"standard","meta":{"footnotes":""},"categories":[2818],"tags":[1111,11,4413,9485,9486,9487,1777,674,1011,27,766,12,4769,2636,25],"class_list":{"0":"post-26886","1":"post","2":"type-post","3":"status-publish","4":"format-standard","5":"has-post-thumbnail","7":"category-nantes","8":"tag-actu","9":"tag-actualites","10":"tag-celebrer","11":"tag-chretiens","12":"tag-confessions","13":"tag-ensemble","14":"tag-eu","15":"tag-europe","16":"tag-fr","17":"tag-france","18":"tag-nantes","19":"tag-news","20":"tag-paques","21":"tag-pays-de-la-loire","22":"tag-republique-francaise"},"share_on_mastodon":{"url":"https:\/\/pubeurope.com\/@fr\/114342777589976188","error":""},"_links":{"self":[{"href":"https:\/\/www.europesays.com\/fr\/wp-json\/wp\/v2\/posts\/26886","targetHints":{"allow":["GET"]}}],"collection":[{"href":"https:\/\/www.europesays.com\/fr\/wp-json\/wp\/v2\/posts"}],"about":[{"href":"https:\/\/www.europesays.com\/fr\/wp-json\/wp\/v2\/types\/post"}],"author":[{"embeddable":true,"href":"https:\/\/www.europesays.com\/fr\/wp-json\/wp\/v2\/users\/2"}],"replies":[{"embeddable":true,"href":"https:\/\/www.europesays.com\/fr\/wp-json\/wp\/v2\/comments?post=26886"}],"version-history":[{"count":0,"href":"https:\/\/www.europesays.com\/fr\/wp-json\/wp\/v2\/posts\/26886\/revisions"}],"wp:featuredmedia":[{"embeddable":true,"href":"https:\/\/www.europesays.com\/fr\/wp-json\/wp\/v2\/media\/26887"}],"wp:attachment":[{"href":"https:\/\/www.europesays.com\/fr\/wp-json\/wp\/v2\/media?parent=26886"}],"wp:term":[{"taxonomy":"category","embeddable":true,"href":"https:\/\/www.europesays.com\/fr\/wp-json\/wp\/v2\/categories?post=26886"},{"taxonomy":"post_tag","embeddable":true,"href":"https:\/\/www.europesays.com\/fr\/wp-json\/wp\/v2\/tags?post=26886"}],"curies":[{"name":"wp","href":"https:\/\/api.w.org\/{rel}","templated":true}]}}