{"id":268861,"date":"2025-07-23T20:27:10","date_gmt":"2025-07-23T20:27:10","guid":{"rendered":"https:\/\/www.europesays.com\/fr\/268861\/"},"modified":"2025-07-23T20:27:10","modified_gmt":"2025-07-23T20:27:10","slug":"selon-lallemagne-le-moment-est-venu-pour-lue-de-menacer-les-etats-unis-avec-son-bazooka-commercial","status":"publish","type":"post","link":"https:\/\/www.europesays.com\/fr\/268861\/","title":{"rendered":"Selon l&rsquo;Allemagne, \u00ab le moment est venu \u00bb pour l&rsquo;UE de menacer les \u00c9tats-Unis avec son \u00ab bazooka commercial \u00bb"},"content":{"rendered":"<p>\n<strong>L\u2019Allemagne a appel\u00e9 mercredi la Commission europ\u00e9enne \u00e0 menacer d\u2019utiliser son \u00ab bazooka commercial \u00bb contre les \u00c9tats-Unis, dans le cas o\u00f9 de nouvelles taxes am\u00e9ricaines entreraient en vigueur le 1er ao\u00fbt prochain. <\/strong>\n<\/p>\n<p>\nCette d\u00e9claration marque une escalade sans pr\u00e9c\u00e9dent dans la guerre commerciale qui oppose Bruxelles et Washington, alors que Berlin militait pour l\u2019heure pour un accord \u00ab rapide et simple \u00bb avec les Am\u00e9ricains.\n<\/p>\n<p>\nElle intervient quelques jours avant l\u2019entr\u00e9e en vigueur le 1er ao\u00fbt de droits de douane de 30% sur les produits europ\u00e9ens, qui <a href=\"https:\/\/www.euractiv.fr\/section\/economy-jobs\/news\/donald-trump-annonce-des-droits-de-douane-de-30-a-partir-daout-bruxelles-veut-negocier\/\" rel=\"nofollow noopener\" target=\"_blank\">pourraient<\/a> bouleverser les \u00e9changes transatlantiques, repr\u00e9sentant quelques 1600 milliards d&rsquo;euros.\n<\/p>\n<p>\n\u00ab Alors que nous sommes d\u00e9sormais dans la phase finale des n\u00e9gociations, le moment est venu pour la Commission, du point de vue du gouvernement allemand, d&rsquo;envisager le recours \u00e0 l\u2019instrument anti-coercition (ACI) \u00bb, a d\u00e9clar\u00e9 mercredi un haut responsable du gouvernement allemand.\n<\/p>\n<p>\n\u00ab Sept jours avant la fin des n\u00e9gociations, il est n\u00e9cessaire de montrer ce dont nous sommes capables \u00bb, a ajout\u00e9 ce responsable.\n<\/p>\n<p>\nL&rsquo;ACI, l&rsquo;<a href=\"https:\/\/www.euractiv.com\/section\/economy-jobs\/news\/beware-of-the-bazooka\/\" rel=\"nofollow noopener\" target=\"_blank\">arme commerciale<\/a> la plus puissante de l&rsquo;UE, donnerait l\u00e9galement le pouvoir \u00e0 la Commission, qui supervise la politique commerciale de l&rsquo;UE, de piocher dans une large gamme de mesures de r\u00e9torsion \u00e0 l&rsquo;encontre des \u00c9tats-Unis.\n<\/p>\n<p>\nPourraient par exemple \u00eatre envisag\u00e9s de nouveaux droits de douane sur les biens et les services, mais aussi la suspension de l\u2019autorisation d\u2019exercer de certaines entreprises am\u00e9ricaines sur le march\u00e9 unique, en encore le gel de l\u2019acc\u00e8s de ces m\u00eames entreprises aux march\u00e9s publics europ\u00e9ens.\n<\/p>\n<p>\nL\u2019UE a d\u00e9j\u00e0 promis de riposter en <a href=\"https:\/\/www.euractiv.fr\/section\/economy-jobs\/news\/droits-douane-americains-ue-mesures-retorsion-93-milliards-euros\/\" rel=\"nofollow noopener\" target=\"_blank\">imposant<\/a> des taxes sur les produits am\u00e9ricains de 93 milliards d\u2019euros, qui entreront en vigueur le 7 ao\u00fbt si aucun accord n\u2019est trouv\u00e9, a annonc\u00e9 mercredi la Commission europ\u00e9enne. Bruxelles a \u00e9galement expliqu\u00e9 pr\u00e9parer des mesures de r\u00e9torsion visant les services am\u00e9ricains, mais celles-ci n\u2019ont pas encore \u00e9t\u00e9 pr\u00e9sent\u00e9es pour examen aux \u00c9tats membres.\n<\/p>\n<p>\nL&rsquo;UE a enregistr\u00e9 l&rsquo;ann\u00e9e derni\u00e8re un exc\u00e9dent commercial net de 50 milliards d&rsquo;euros avec les \u00c9tats-Unis &#8211; un exc\u00e9dent de 198 milliards d&rsquo;euros dans le domaine des biens et un d\u00e9ficit de 148 milliards d&rsquo;euros dans celui des services &#8211; selon les <a href=\"https:\/\/www.consilium.europa.eu\/en\/infographics\/eu-us-trade\/\" rel=\"nofollow noopener\" target=\"_blank\">donn\u00e9es de l&rsquo;UE<\/a>.\n<\/p>\n<p>\nEn plus du taux de base actuel de 10 %, Donald Trump a impos\u00e9 des droits de douane de 50 % sur l&rsquo;acier et l&rsquo;aluminium et de 25 % sur les voitures et les pi\u00e8ces automobiles depuis son retour \u00e0 la Maison Blanche en janvier.\n<\/p>\n<p>\nLes droits de douane sur les voitures sont venus encore fragiliser le secteur automobile allemand, d\u00e9j\u00e0 mis \u00e0 mal par une faible demande et une concurrence chinoise de plus en plus f\u00e9roce.\n<\/p>\n<p>\nLe chancelier allemand <a href=\"https:\/\/www.reuters.com\/business\/finance\/germanys-merz-urges-quick-us-tariff-deal-with-deadline-days-away-2025-07-03\/\" rel=\"nofollow noopener\" target=\"_blank\">Friedrich Merz<\/a> avait d\u00e9clar\u00e9 d\u00e9but juillet que Bruxelles devait chercher \u00e0 conclure un accord \u00ab rapide et simple \u00bb plut\u00f4t que \u00ab long et compliqu\u00e9 \u00bb avec Washington, ce que les observateurs avaient interpr\u00e9t\u00e9 comme l\u2019acceptation de la taxe de 10\u00a0% en \u00e9change d&rsquo;une exemption des droits de douane sur l\u2019industrie automobile.\n<\/p>\n<p>\nLes propos du responsable allemand font \u00e9galement suite \u00e0 de nombreuses informations sugg\u00e9rant que l&rsquo;Allemagne se rapprocherait de la position de la France, qui demande \u00e0 Bruxelles d&rsquo;adopter une ligne plus dure \u00e0 l&rsquo;\u00e9gard de Washington, si aucun accord ne devrait \u00eatre trouv\u00e9.\n<\/p>\n<p>\nLe <a href=\"https:\/\/www.ft.com\/content\/822c46ff-b2ff-4369-a1a9-b82379539cd0\" rel=\"nofollow noopener\" target=\"_blank\">Financial Times<\/a> a rapport\u00e9 mercredi que Berlin s&rsquo;\u00e9tait \u00ab associ\u00e9 \u00bb \u00e0 Paris pour demander l&rsquo;activation de l&rsquo;ACI, dont l&rsquo;utilisation est toujours rejet\u00e9e par une majorit\u00e9 des 27 \u00c9tats de l&rsquo;Union.\n<\/p>\n<p>\nLe d\u00e9clenchement de cet instrument n\u00e9cessite le soutien de la \u00ab majorit\u00e9 qualifi\u00e9e \u00bb des pays de l&rsquo;UE, soit 15 pays repr\u00e9sentant au moins 65 % de la population de l&rsquo;Union.\n<\/p>\n<p>\nLe responsable allemand a toutefois minimis\u00e9 les divergences entre les positions de n\u00e9gociation de l&rsquo;Allemagne et de la France.\n<\/p>\n<p>\n\u00ab Il n&rsquo;y a jamais eu de d\u00e9saccord sur la s\u00e9v\u00e9rit\u00e9 de la r\u00e9ponse parmi les principaux partenaires de l&rsquo;UE, y compris entre l&rsquo;Allemagne et la France \u00bb, a d\u00e9clar\u00e9 le responsable. \u00ab La question a toujours \u00e9t\u00e9 celle du calendrier. \u00bb<\/p>\n","protected":false},"excerpt":{"rendered":"L\u2019Allemagne a appel\u00e9 mercredi la Commission europ\u00e9enne \u00e0 menacer d\u2019utiliser son \u00ab bazooka commercial \u00bb contre les \u00c9tats-Unis,&hellip;\n","protected":false},"author":2,"featured_media":268862,"comment_status":"","ping_status":"","sticky":false,"template":"","format":"standard","meta":{"footnotes":""},"categories":[1587],"tags":[11,672,1804,1805,1803,1777,674,1801,12,1802],"class_list":{"0":"post-268861","1":"post","2":"type-post","3":"status-publish","4":"format-standard","5":"has-post-thumbnail","7":"category-allemagne","8":"tag-actualites","9":"tag-allemagne","10":"tag-bundesrepublik-deutschland","11":"tag-de","12":"tag-deutschland","13":"tag-eu","14":"tag-europe","15":"tag-germany","16":"tag-news","17":"tag-republique-federale-dallemagne"},"share_on_mastodon":{"url":"https:\/\/pubeurope.com\/@fr\/114904435552158474","error":""},"_links":{"self":[{"href":"https:\/\/www.europesays.com\/fr\/wp-json\/wp\/v2\/posts\/268861","targetHints":{"allow":["GET"]}}],"collection":[{"href":"https:\/\/www.europesays.com\/fr\/wp-json\/wp\/v2\/posts"}],"about":[{"href":"https:\/\/www.europesays.com\/fr\/wp-json\/wp\/v2\/types\/post"}],"author":[{"embeddable":true,"href":"https:\/\/www.europesays.com\/fr\/wp-json\/wp\/v2\/users\/2"}],"replies":[{"embeddable":true,"href":"https:\/\/www.europesays.com\/fr\/wp-json\/wp\/v2\/comments?post=268861"}],"version-history":[{"count":0,"href":"https:\/\/www.europesays.com\/fr\/wp-json\/wp\/v2\/posts\/268861\/revisions"}],"wp:featuredmedia":[{"embeddable":true,"href":"https:\/\/www.europesays.com\/fr\/wp-json\/wp\/v2\/media\/268862"}],"wp:attachment":[{"href":"https:\/\/www.europesays.com\/fr\/wp-json\/wp\/v2\/media?parent=268861"}],"wp:term":[{"taxonomy":"category","embeddable":true,"href":"https:\/\/www.europesays.com\/fr\/wp-json\/wp\/v2\/categories?post=268861"},{"taxonomy":"post_tag","embeddable":true,"href":"https:\/\/www.europesays.com\/fr\/wp-json\/wp\/v2\/tags?post=268861"}],"curies":[{"name":"wp","href":"https:\/\/api.w.org\/{rel}","templated":true}]}}