{"id":268882,"date":"2025-07-23T20:40:12","date_gmt":"2025-07-23T20:40:12","guid":{"rendered":"https:\/\/www.europesays.com\/fr\/268882\/"},"modified":"2025-07-23T20:40:12","modified_gmt":"2025-07-23T20:40:12","slug":"tdf-tour-de-france-lund-andresen-je-ne-pense-pas-meriter-le-podium-mais","status":"publish","type":"post","link":"https:\/\/www.europesays.com\/fr\/268882\/","title":{"rendered":"TDF. Tour de France &#8211; Lund Andresen : \u00abJe ne pense pas m\u00e9riter le podium, mais&#8230;\u00bb"},"content":{"rendered":"<p>Apr\u00e8s une ascension du Mont Ventoux sublim\u00e9e par le soleil, c\u2019est sous la pluie que les coureurs de cette 112e \u00e9dition du <strong><a href=\"https:\/\/www.cyclismactu.net\/..\/news-tdf-route-tour-de-france-jonathan-milan-17e-etape-sous-pluie-grosse-chute-89164.html\" target=\"_blank\" rel=\"nofollow noopener\">Tour de France<\/a><\/strong> ont termin\u00e9. Maillot Vert de meilleur sprinteur sur le dos, l\u2019Italien <strong><a href=\"https:\/\/www.cyclismactu.net\/..\/news-tdf-route-tour-de-france-jonathan-milan-je-dois-remercier-mes-equipiers-89170.html\" target=\"_blank\" rel=\"nofollow noopener\">Jonathan Milan<\/a><\/strong> (Lidl-Trek) est venu s\u2019imposer dans la capitale de la Dr\u00f4me, \u00e0 Valence, devant l\u2019ancien vainqueur sur les Champs-\u00c9lys\u00e9es, le Belge <strong>Jordi Meeus<\/strong> (Red Bull BORA-Hansgrohe), et le Danois <strong>Tobias Lund Andresen<\/strong> (PicNic PostNL). Ce dernier participe \u00e0 son premier <strong>Tour de France<\/strong> \u00e0 tout juste 22 ans. Apr\u00e8s des premiers sprints visant \u00e0 lancer son co\u00e9quipier <strong>Pavel Bittner<\/strong>, le vainqueur de la <strong>Surf Coast Classic<\/strong> cette saison est venu chercher le premier podium de sa carri\u00e8re sur les routes du Tour. Une belle r\u00e9compense pour le jeune coureur de 22 ans, co\u00e9quipier de <strong>Warren Barguil<\/strong> et d\u2019<strong>Oscar Onley<\/strong> dans la formation <strong>PicNic PostNL<\/strong>, qui s\u2019est exprim\u00e9 apr\u00e8s l\u2019arriv\u00e9e sur cette 3e place.<\/p>\n<p>\u00a0<\/p>\n<p><strong>\u00ab\u00a0Je pense qu\u2019on a tout bien fait aujourd\u2019hui&#8230;\u00a0\u00bb<\/strong><\/p>\n<p>\u00ab\u00a0J\u2019avais dit en arrivant sur le Tour que je serais tr\u00e8s content de repartir avec un top 3, mais c\u2019est difficile d\u2019\u00eatre heureux aujourd\u2019hui car j\u2019ai eu cette opportunit\u00e9 \u00e0 cause de la chute de mon sprinteur. Donc aujourd\u2019hui, je n\u2019ai pas vraiment l\u2019impression de m\u00e9riter ce podium, c\u2019est surtout d\u00fb \u00e0 la chute, et j\u2019en ai un peu profit\u00e9. C\u2019est un sentiment mitig\u00e9. Milan et Merlier sont les meilleurs. Milan est l\u2019un des meilleurs sprinteurs au monde, une vraie force de la nature, donc pour moi, c\u2019est quasiment impossible de le battre sur un sprint comme celui-l\u00e0. C\u2019\u00e9tait une arriv\u00e9e chaotique. Avec la pluie, on essaie d\u2019\u00e9viter les chutes, c\u2019\u00e9tait dangereux et difficile. Il faut vraiment une \u00e9quipe pour t\u2019\u00e9pauler dans des journ\u00e9es comme celle-l\u00e0. Chaque rond-point est tr\u00e8s risqu\u00e9, donc il faut \u00eatre bien plac\u00e9 pour ne pas tomber.<\/p>\n<p>Je pense qu\u2019on a tout bien fait aujourd\u2019hui. On a bien pass\u00e9 tous les points cl\u00e9s, les ronds-points. Malheureusement, il y a quand m\u00eame eu une chute, m\u00eame \u00e0 l\u2019avant, mais je pense qu\u2019on a fait tout ce qu\u2019on pouvait pour \u00e9viter le chaos. Les prochains jours, ce sera juste survivre, pour moi et les autres lanceurs. Et bien s\u00fbr, on a Oscar [Onley] qui est pr\u00eat \u00e0 tenter sa chance dans les deux prochaines \u00e9tapes\u00a0\u00bb, conclut <strong>Tobias Lund Andresen<\/strong>, au micro de l\u2019organisation.<\/p>\n<p>Tour de France &#8211; Classement de la 17\u00e8 \u00e9tape Tour de France &#8211; Classement g\u00e9n\u00e9ral provisoire apr\u00e8s la 17\u00e8 \u00e9tape<\/p>\n","protected":false},"excerpt":{"rendered":"Apr\u00e8s une ascension du Mont Ventoux sublim\u00e9e par le soleil, c\u2019est sous la pluie que les coureurs de&hellip;\n","protected":false},"author":2,"featured_media":268883,"comment_status":"","ping_status":"","sticky":false,"template":"","format":"standard","meta":{"footnotes":""},"categories":[1411],"tags":[1154,207,211,1011,27,209,60,210,212,208,213],"class_list":{"0":"post-268882","1":"post","2":"type-post","3":"status-publish","4":"format-standard","5":"has-post-thumbnail","7":"category-cyclisme","8":"tag-cycling","9":"tag-cyclisme","10":"tag-ffc","11":"tag-fr","12":"tag-france","13":"tag-route","14":"tag-sports","15":"tag-tour-de-france","16":"tag-uci","17":"tag-velo","18":"tag-world-tour"},"share_on_mastodon":{"url":"https:\/\/pubeurope.com\/@fr\/114904486660125890","error":""},"_links":{"self":[{"href":"https:\/\/www.europesays.com\/fr\/wp-json\/wp\/v2\/posts\/268882","targetHints":{"allow":["GET"]}}],"collection":[{"href":"https:\/\/www.europesays.com\/fr\/wp-json\/wp\/v2\/posts"}],"about":[{"href":"https:\/\/www.europesays.com\/fr\/wp-json\/wp\/v2\/types\/post"}],"author":[{"embeddable":true,"href":"https:\/\/www.europesays.com\/fr\/wp-json\/wp\/v2\/users\/2"}],"replies":[{"embeddable":true,"href":"https:\/\/www.europesays.com\/fr\/wp-json\/wp\/v2\/comments?post=268882"}],"version-history":[{"count":0,"href":"https:\/\/www.europesays.com\/fr\/wp-json\/wp\/v2\/posts\/268882\/revisions"}],"wp:featuredmedia":[{"embeddable":true,"href":"https:\/\/www.europesays.com\/fr\/wp-json\/wp\/v2\/media\/268883"}],"wp:attachment":[{"href":"https:\/\/www.europesays.com\/fr\/wp-json\/wp\/v2\/media?parent=268882"}],"wp:term":[{"taxonomy":"category","embeddable":true,"href":"https:\/\/www.europesays.com\/fr\/wp-json\/wp\/v2\/categories?post=268882"},{"taxonomy":"post_tag","embeddable":true,"href":"https:\/\/www.europesays.com\/fr\/wp-json\/wp\/v2\/tags?post=268882"}],"curies":[{"name":"wp","href":"https:\/\/api.w.org\/{rel}","templated":true}]}}