{"id":268890,"date":"2025-07-23T20:44:10","date_gmt":"2025-07-23T20:44:10","guid":{"rendered":"https:\/\/www.europesays.com\/fr\/268890\/"},"modified":"2025-07-23T20:44:10","modified_gmt":"2025-07-23T20:44:10","slug":"ce-livre-vous-embarque-dans-une-enquete-terrible","status":"publish","type":"post","link":"https:\/\/www.europesays.com\/fr\/268890\/","title":{"rendered":"ce livre vous embarque dans une enqu\u00eate terrible"},"content":{"rendered":"<p itemprop=\"description\">Avec ce livre, sorti il y a quelques<br \/>\nmois, vous allez pouvoir passer par des milliers d&rsquo;\u00e9motions, dont<br \/>\nles plus sombres.<\/p>\n<p>Certains polars se contentent de nous divertir. D\u2019autres, comme<br \/>\nLoch Noir de Peter May, nous <strong>happent d\u00e8s les<br \/>\npremi\u00e8res lignes<\/strong> et nous plongent dans une <a href=\"https:\/\/www.bibamagazine.fr\/culture\/livres\/je-lai-devore-un-livre-extra-ce-thriller-va-vous-donner-des-frissons-des-la-premiere-page-479545.html\" rel=\"nofollow noopener\" target=\"_blank\"><br \/>\natmosph\u00e8re si oppressante<\/a> qu\u2019on en oublie le temps. Paru aux<br \/>\n\u00c9ditions Rouergue le 7 mai 2025, ce thriller marque le grand retour<br \/>\nde l\u2019inspecteur Fin Macleod, h\u00e9ros culte de l\u2019auteur<br \/>\nbritannique.<\/p>\n<p>Avec Loch Noir, Peter May retrouve l\u2019archipel des<br \/>\nH\u00e9brides, d\u00e9cor fascinant de sa c\u00e9l\u00e8bre trilogie (L\u2019\u00cele des<br \/>\nchasseurs d\u2019oiseaux, L\u2019Homme de Lewis, Le Braconnier du lac<br \/>\nperdu). Cette fois, <a href=\"https:\/\/www.bibamagazine.fr\/culture\/livres\/a-lire-sans-hesitation-recommande-par-freida-mc-fadden-ce-thriller-psychologique-note-4-5-vous-rappelle-quil-ne-faut-faire-confiance-a-personne-479547.html\" rel=\"nofollow noopener\" target=\"_blank\"><br \/>\nl\u2019intrigue<\/a> d\u00e9bute par la d\u00e9couverte <strong>du corps de Caitlin<br \/>\nBlack,<\/strong> retrouv\u00e9 sans vie \u00e0 l\u2019embouchure d\u2019An Loch Dubh,<br \/>\nsur l\u2019\u00eele de Lewis. La jeune femme a \u00e9t\u00e9 viol\u00e9e, battue, puis jet\u00e9e<br \/>\ndans le loch.<\/p>\n<p>Une enqu\u00eate personnelle et troublante<\/p>\n<p>Lorsque le fils de Caitlin est accus\u00e9 du <strong>crime<\/strong>,<br \/>\nFin Macleod n\u2019a d\u2019autre choix que de revenir sur ses terres<br \/>\nnatales. Mais cette fois, ce ne sont pas seulement des indices<br \/>\nqu\u2019il doit d\u00e9terrer : ce sont ses propres souvenirs, ses blessures<br \/>\nd\u2019enfance et des secrets profond\u00e9ment enfouis. Au fil des<br \/>\nchapitres, chaque page se lit comme une gifle, entre r\u00e9v\u00e9lations<br \/>\nmacabres et paysages sauvages \u00e0 couper le souffle.<\/p>\n<p><img loading=\"lazy\" decoding=\"async\" itemprop=\"thumbnailUrl\" class=\"aligncenter size-full wp-image-479698 img-responsive pinit-here\" src=\"https:\/\/www.europesays.com\/fr\/wp-content\/uploads\/2025\/07\/loch-noir.jpg\" alt=\"\" width=\"400\" height=\"585\" data-pin-media=\"https:\/\/www.europesays.com\/fr\/wp-content\/uploads\/2025\/07\/loch-noir.jpg\"\/><br \/>\n\u00a9 La<br \/>\nFnac<\/p>\n<p>Si Peter May est devenu une r\u00e9f\u00e9rence, c\u2019est gr\u00e2ce \u00e0 son<br \/>\n<a href=\"https:\/\/www.bibamagazine.fr\/culture\/livres\/ce-roman-prix-goncourt-2023-revient-au-top-des-ventes-de-livre-2025-478184.html\" rel=\"nofollow noopener\" target=\"_blank\"><br \/>\nart du suspense et de l\u2019atmosph\u00e8re<\/a>. Dans <strong>Loch<br \/>\nNoir<\/strong>, il m\u00eale une intrigue implacable \u00e0 des<br \/>\ndescriptions saisissantes des c\u00f4tes \u00e9cossaises, entre brume et<br \/>\ntemp\u00eates. On sent presque le vent froid et l\u2019odeur de la mer en<br \/>\ntournant les pages. M\u00eame si Loch Noir se lit seul, les amateurs<br \/>\nappr\u00e9cieront de replonger dans la \u201ctrilogie \u00e9cossaise\u201d qui a rendu<br \/>\nPeter May c\u00e9l\u00e8bre.<\/p>\n<p>Une saga incontournable<\/p>\n<p>Une saga o\u00f9 les enqu\u00eates de Fin Macleod se m\u00ealent aux histoires<br \/>\nhumaines les plus sombres. Pour cet \u00e9t\u00e9, si vous cherchez un polar<br \/>\n\u00e0 la fois immersif et gla\u00e7ant, Loch Noir est un choix parfait. Pr\u00e9parez-vous \u00e0 une<br \/>\nlecture sans pause, o\u00f9 chaque chapitre vous pousse \u00e0 encha\u00eener le<br \/>\nsuivant. Les fans de l\u2019auteur retrouveront ce style unique qui<br \/>\nconjugue tension dramatique, paysages bruts et personnages plus<br \/>\nvrais que nature.<\/p>\n<p>Un voyage sombre, puissant, dont <strong>on ressort<br \/>\n\u00e9branl\u00e9<\/strong> mais totalement conquis. Avec cet ouvrage, vous<br \/>\nallez pouvoir \u00e0 la fois voyager dans des contr\u00e9es m\u00e9connues et qui<br \/>\nvont retenir toute votre attention. Mais vous serez aussi happ\u00e9 par<br \/>\nune histoire bouleversante qui va laisser des stigmates dans votre<br \/>\nm\u00e9moire ! Suspens et angoisse garantis !<\/p>\n","protected":false},"excerpt":{"rendered":"Avec ce livre, sorti il y a quelques mois, vous allez pouvoir passer par des milliers d&rsquo;\u00e9motions, dont&hellip;\n","protected":false},"author":2,"featured_media":268891,"comment_status":"","ping_status":"","sticky":false,"template":"","format":"standard","meta":{"footnotes":""},"categories":[1357],"tags":[1379,58,59,1011,27,1380],"class_list":{"0":"post-268890","1":"post","2":"type-post","3":"status-publish","4":"format-standard","5":"has-post-thumbnail","7":"category-livres","8":"tag-books","9":"tag-divertissement","10":"tag-entertainment","11":"tag-fr","12":"tag-france","13":"tag-livres"},"share_on_mastodon":{"url":"https:\/\/pubeurope.com\/@fr\/114904502451366183","error":""},"_links":{"self":[{"href":"https:\/\/www.europesays.com\/fr\/wp-json\/wp\/v2\/posts\/268890","targetHints":{"allow":["GET"]}}],"collection":[{"href":"https:\/\/www.europesays.com\/fr\/wp-json\/wp\/v2\/posts"}],"about":[{"href":"https:\/\/www.europesays.com\/fr\/wp-json\/wp\/v2\/types\/post"}],"author":[{"embeddable":true,"href":"https:\/\/www.europesays.com\/fr\/wp-json\/wp\/v2\/users\/2"}],"replies":[{"embeddable":true,"href":"https:\/\/www.europesays.com\/fr\/wp-json\/wp\/v2\/comments?post=268890"}],"version-history":[{"count":0,"href":"https:\/\/www.europesays.com\/fr\/wp-json\/wp\/v2\/posts\/268890\/revisions"}],"wp:featuredmedia":[{"embeddable":true,"href":"https:\/\/www.europesays.com\/fr\/wp-json\/wp\/v2\/media\/268891"}],"wp:attachment":[{"href":"https:\/\/www.europesays.com\/fr\/wp-json\/wp\/v2\/media?parent=268890"}],"wp:term":[{"taxonomy":"category","embeddable":true,"href":"https:\/\/www.europesays.com\/fr\/wp-json\/wp\/v2\/categories?post=268890"},{"taxonomy":"post_tag","embeddable":true,"href":"https:\/\/www.europesays.com\/fr\/wp-json\/wp\/v2\/tags?post=268890"}],"curies":[{"name":"wp","href":"https:\/\/api.w.org\/{rel}","templated":true}]}}