{"id":268897,"date":"2025-07-23T20:48:07","date_gmt":"2025-07-23T20:48:07","guid":{"rendered":"https:\/\/www.europesays.com\/fr\/268897\/"},"modified":"2025-07-23T20:48:07","modified_gmt":"2025-07-23T20:48:07","slug":"cancer-schizophrenie-covid-ces-superpouvoirs-immunitaires-du-lama-qui-profitent-aux-humains-le-parisien","status":"publish","type":"post","link":"https:\/\/www.europesays.com\/fr\/268897\/","title":{"rendered":"Cancer, schizophr\u00e9nie, Covid\u2026 Ces \u00ab superpouvoirs immunitaires \u00bb du lama qui profitent aux humains &#8211; Le Parisien"},"content":{"rendered":"<ol>\n<li><a href=\"https:\/\/news.google.com\/rss\/articles\/CBMi-gFBVV95cUxQQjFlSWd5TzY4Z044RWF5RDlVeGJTVmlYbkFBMFFDZUFyNUFtb0h3X25MU0ZZT2lGUm01eWZxWmFsTnpUT1NOQzRmZFR0azB6ZWdJSFVYc1ctX29QWnh3TU1idnpMUVRQanNjNmZRWW5hdDNhQnZXV3pvVVZfSWg3SHhXYzUwLWxXSmdSYmVTX19GN2RPTjJMWEV5Y3NBRXIxTEVIR1pwVWNWNmpGRldVcXZqRGItYk5BZmJGZFZZMTNLa0FQd2hRNXAyUjlpUWN6c0tzYXU2Ml85VHpPZFRwTGJ5bG9ER1RwR0JBUUF3QndWSFJXTS1fQUxR?oc=5\" target=\"_blank\" rel=\"nofollow noopener\">Cancer, schizophr\u00e9nie, Covid\u2026 Ces \u00ab superpouvoirs immunitaires \u00bb du lama qui profitent aux humains<\/a>&nbsp;&nbsp;Le Parisien<\/li>\n<li><a href=\"https:\/\/news.google.com\/rss\/articles\/CBMi3AFBVV95cUxQcVFjOEY2bERrcHl6bjlqVkhlYjFLME1aQWNYSG9Ec3drb3ZTclFJOEJQclk5VjVVSmNMMFQ2aUdHeVZibkdHT0RlZ1lMd05OMmlYUlJmNGtxdUFINk5VdDY1azJHRjQzSGRHMDNQQlpBenVtQ2twNXdxYlpYOW9wb2xXVnVFLWdqTkQ3cGJhS1gxSmJOSWR0S1k0dzI5dmplM2dqY3FkaW9XQW9kS2hXREdCd0FYbUJsNzlaMlppUlhTQlhxZndwcjlDdmxEaS1iZDJyVmF0V2ItdXZV?oc=5\" target=\"_blank\" rel=\"nofollow noopener\">Sant\u00e9 : des chercheurs fran\u00e7ais utilisent les anticorps du lama pour soigner la schizophr\u00e9nie<\/a>&nbsp;&nbsp;France Info<\/li>\n<li><a href=\"https:\/\/news.google.com\/rss\/articles\/CBMiygFBVV95cUxNcXpFdTlCSmtKQUJIVEhXZ2Z0bll3M2VRRjZiNkhqYVl2aVJlY0hpczQyLWpNbk1XTmhpb2hIMUZHclFDb092dVNZdnlqY2VhOEx4QVpKZFJfU0o5RDhuWFFKOHRxb2Y4Z3h6WmtUVWY4ZE4xa2FtaXRCQlVYWFVjQTJYNlY2YjhVa1JmbmdrTUVSLXRwb1pLWFhHSG1udTFqalNTSk9iTWVLZ01HMXVSWDBqMU4tSEdxeF8wN1RaY0JkWXlweFNfbExn?oc=5\" target=\"_blank\" rel=\"nofollow noopener\">Schizophr\u00e9nie : l&rsquo;espoir d&rsquo;un nouveau traitement \u00e0 base&#8230; d&rsquo;anticorps de lamas<\/a>&nbsp;&nbsp;TF1 Info<\/li>\n<li><a href=\"https:\/\/news.google.com\/rss\/articles\/CBMiyAFBVV95cUxQYnNzTVVQV2VtcWtJaGVHUFdneVlQWkJJYXYyUV9fVEI5aVVzVG9xQWkyOGxsRVZZRjF4Q1hxbzRUNU9IOVgxUXAyOTc5RVJsVmtHZGxzbV92c2Y3dGdiSlN4RU5ob0kwY19IT3ZlekhQQlVaWWhEU2twakh0YXBmNWs2X184ZHM2ZzB3dEpWR2J2U3pESW5SWnU4dkJMeHhjcDVobWtPRWlwOEdsMGswSVhPQTI2MnNOQUsweEh0dmpBVDBoV0hlQQ?oc=5\" target=\"_blank\" rel=\"nofollow noopener\">Le lama, la solution pour soigner la schizophr\u00e9nie<\/a>&nbsp;&nbsp;Radio France<\/li>\n<li><a href=\"https:\/\/news.google.com\/rss\/articles\/CBMiyAFBVV95cUxPUkV2U1lYS0dDS3lndEhBVm5WU1JzM0NUNTdxY2JCVGhCZUdPX1dMSTd6VE9XZWZvSXFVNFJUelJoZk5CRnh6TmhISXJCeTNGbzI5ejRpWEJ0NVBYZlZGS3UxcGoxNWFDWjFwb0tadno2aC1XSlFiU0tvSlNOSk5yVUhFM0VPWDB2aGNwSmlNNEpySHpNWVNORHljVUkzb1BhWlczb3U1Y25KX0Y4b3Ytb3dNS3IzRlBJa09LVGFZYTVHd2JQeXducQ?oc=5\" target=\"_blank\" rel=\"nofollow noopener\">Schizophr\u00e9nie : les anticorps de lama, un surprenant traitement d&rsquo;avenir<\/a>&nbsp;&nbsp;Sciences et Avenir<\/li>\n<\/ol>\n","protected":false},"excerpt":{"rendered":"Cancer, schizophr\u00e9nie, Covid\u2026 Ces \u00ab superpouvoirs immunitaires \u00bb du lama qui profitent aux humains&nbsp;&nbsp;Le Parisien Sant\u00e9 : des&hellip;\n","protected":false},"author":2,"featured_media":1445,"comment_status":"","ping_status":"","sticky":false,"template":"","format":"standard","meta":{"footnotes":""},"categories":[10],"tags":[1011,27,72,71],"class_list":{"0":"post-268897","1":"post","2":"type-post","3":"status-publish","4":"format-standard","5":"has-post-thumbnail","7":"category-sante","8":"tag-fr","9":"tag-france","10":"tag-health","11":"tag-sante"},"share_on_mastodon":{"url":"https:\/\/pubeurope.com\/@fr\/114904518111907439","error":""},"_links":{"self":[{"href":"https:\/\/www.europesays.com\/fr\/wp-json\/wp\/v2\/posts\/268897","targetHints":{"allow":["GET"]}}],"collection":[{"href":"https:\/\/www.europesays.com\/fr\/wp-json\/wp\/v2\/posts"}],"about":[{"href":"https:\/\/www.europesays.com\/fr\/wp-json\/wp\/v2\/types\/post"}],"author":[{"embeddable":true,"href":"https:\/\/www.europesays.com\/fr\/wp-json\/wp\/v2\/users\/2"}],"replies":[{"embeddable":true,"href":"https:\/\/www.europesays.com\/fr\/wp-json\/wp\/v2\/comments?post=268897"}],"version-history":[{"count":0,"href":"https:\/\/www.europesays.com\/fr\/wp-json\/wp\/v2\/posts\/268897\/revisions"}],"wp:featuredmedia":[{"embeddable":true,"href":"https:\/\/www.europesays.com\/fr\/wp-json\/wp\/v2\/media\/1445"}],"wp:attachment":[{"href":"https:\/\/www.europesays.com\/fr\/wp-json\/wp\/v2\/media?parent=268897"}],"wp:term":[{"taxonomy":"category","embeddable":true,"href":"https:\/\/www.europesays.com\/fr\/wp-json\/wp\/v2\/categories?post=268897"},{"taxonomy":"post_tag","embeddable":true,"href":"https:\/\/www.europesays.com\/fr\/wp-json\/wp\/v2\/tags?post=268897"}],"curies":[{"name":"wp","href":"https:\/\/api.w.org\/{rel}","templated":true}]}}