{"id":268900,"date":"2025-07-23T20:51:16","date_gmt":"2025-07-23T20:51:16","guid":{"rendered":"https:\/\/www.europesays.com\/fr\/268900\/"},"modified":"2025-07-23T20:51:16","modified_gmt":"2025-07-23T20:51:16","slug":"les-pixel-10-se-devoilent-par-accident-dans-le-play-store","status":"publish","type":"post","link":"https:\/\/www.europesays.com\/fr\/268900\/","title":{"rendered":"les Pixel 10 se d\u00e9voilent \u00ab\u00a0par accident\u00a0\u00bb dans le Play Store"},"content":{"rendered":"<p>Nouvelle fuite \u00ab\u00a0accidentelle\u00a0\u00bb chez Google : les Pixel 10, Pro XL et Fold se montrent dans le Play Store avec leurs couleurs officielles et une promo d\u00e9j\u00e0 programm\u00e9e.<\/p>\n<p><a target=\"_blank\" href=\"https:\/\/images.frandroid.com\/wp-content\/uploads\/2025\/07\/db5eee33-11a5-4cd8-a304-f366bc620c6f.jpg\" class=\"article-content__figure\" rel=\"noopener\"><img fetchpriority=\"high\" decoding=\"async\" loading=\"eager\" width=\"1200\" height=\"675\" src=\"https:\/\/www.europesays.com\/fr\/wp-content\/uploads\/2025\/07\/db5eee33-11a5-4cd8-a304-f366bc620c6f.jpg\" alt=\"\" class=\"wp-image-2743301 wp-image wp-image\"  \/><\/a><\/p>\n<p>Google vient de r\u00e9ussir un exploit : spoiler ses propres smartphones avant leur pr\u00e9sentation officielle. <\/p>\n<p><a target=\"_blank\" href=\"https:\/\/images.frandroid.com\/wp-content\/uploads\/2025\/07\/image-71-3.jpg\" class=\"article-content__figure\" rel=\"noopener\"><img loading=\"lazy\" decoding=\"async\" width=\"1200\" height=\"930\" src=\"https:\/\/www.europesays.com\/fr\/wp-content\/uploads\/2025\/07\/image-71-3-1200x930.jpg\" alt=\"\" class=\"wp-image-2743293 wp-image\"  \/><\/a><\/p>\n<p>Apr\u00e8s avoir d\u00e9voil\u00e9 <a href=\"https:\/\/www.frandroid.com\/marques\/google\/2740345_google-devoile-le-pixel-10-pour-casser-ses-propres-fuites-voici-ce-que-lon-apprend\" target=\"_blank\" rel=\"noopener\">un visuel du Pixel 10<\/a>, une banni\u00e8re a fait son apparition dans l\u2019app Google Play, d\u00e9voilant la premi\u00e8re \u00ab\u00a0photo de famille\u00a0\u00bb des <a href=\"https:\/\/www.frandroid.com\/marques\/google\/2599623_pixel-10-10-pro-10-pro-xl-10-pro-fold-tout-de-que-lon-sait-sur-la-gamme-2025-de-google\" target=\"_blank\" rel=\"noopener\">Pixel 10, 10 Pro XL et 10 Pro Fold<\/a>. <\/p>\n<p><a target=\"_blank\" href=\"https:\/\/www.europesays.com\/fr\/wp-content\/uploads\/2025\/07\/image-71.png\" class=\"article-content__figure\"><img loading=\"lazy\" decoding=\"async\" width=\"738\" height=\"585\" src=\"https:\/\/www.europesays.com\/fr\/wp-content\/uploads\/2025\/07\/image-71.png\" alt=\"\" class=\"wp-image-2743295 wp-image\"  \/><\/a><\/p>\n<p>Co\u00efncidence ? On en doute. Chez Google, les fuites \u00ab\u00a0accidentelles\u00a0\u00bb font partie du marketing, histoire de faire monter la sauce avant l\u2019\u00e9v\u00e9nement du 20 ao\u00fbt. Et cette fois, ils y vont m\u00eame franco avec une remise de lancement d\u00e9j\u00e0 annonc\u00e9e.<\/p>\n<p class=\"shortcode-container see-more\">\n    Pour aller plus loin<br \/><a href=\"https:\/\/www.frandroid.com\/marques\/google\/2599623_pixel-10-10-pro-10-pro-xl-10-pro-fold-tout-de-que-lon-sait-sur-la-gamme-2025-de-google\" target=\"_blank\" rel=\"noopener\">Pixel 10, 10 Pro, 10 Pro XL, 10 Pro Fold : tout de que l\u2019on sait sur la gamme 2025 de Google<\/a>\n            <\/p>\n<p>L\u2019image rep\u00e9r\u00e9e par <a target=\"_blank\" href=\"https:\/\/www.androidauthority.com\/pixel-10-series-leak-3580303\/\" rel=\"noopener\">Android Authority<\/a> dans une version d\u00e9veloppeur du Play Store montre donc la gamme compl\u00e8te c\u00f4te \u00e0 c\u00f4te. <\/p>\n<p>Le Pixel 10 de base arbore une robe \u00ab\u00a0Indigo\u00a0\u00bb (comprenez bleu fonc\u00e9), tandis que les trois mod\u00e8les Pro se parent de \u00ab\u00a0Moonstone\u00a0\u00bb, un gris subtil avec des reflets bleut\u00e9s. Niveau design, rien de r\u00e9volutionnaire apr\u00e8s toutes les fuites des derniers jours : on reste sur l\u2019ADN Pixel avec sa barre photo horizontale, quelques ajustements esth\u00e9tiques en plus.<\/p>\n<p>Ce qui interpelle davantage, c\u2019est cette promotion de lancement d\u00e9j\u00e0 affich\u00e9e dans la banni\u00e8re. Toute commande pass\u00e9e avant le 13 octobre b\u00e9n\u00e9ficiera d\u2019une r\u00e9duction de 50 dollars. <\/p>\n<p>Des prix qui ne bougent pas malgr\u00e9 la pression<\/p>\n<p>Et justement, parlons tarifs. Selon les rumeurs qui se confirment, Google maintient ses prix de l\u2019ann\u00e9e derni\u00e8re. Le Pixel 10 avec 128 Go d\u00e9marrera donc \u00e0 899 \u20ac, le Pro \u00e0 1099 \u20ac pour la m\u00eame config. Les versions XL et Fold grimpent respectivement \u00e0 1299 \u20ac et 1899 \u20ac, mais avec au moins 256 Go de stockage.<\/p>\n<p class=\"shortcode-container see-more\">\n    Pour aller plus loin<br \/><a href=\"https:\/\/www.frandroid.com\/marques\/google\/2599623_pixel-10-10-pro-10-pro-xl-10-pro-fold-tout-de-que-lon-sait-sur-la-gamme-2025-de-google\" target=\"_blank\" rel=\"noopener\">Pixel 10, 10 Pro, 10 Pro XL, 10 Pro Fold : tout de que l\u2019on sait sur la gamme 2025 de Google<\/a>\n            <\/p>\n","protected":false},"excerpt":{"rendered":"Nouvelle fuite \u00ab\u00a0accidentelle\u00a0\u00bb chez Google : les Pixel 10, Pro XL et Fold se montrent dans le Play&hellip;\n","protected":false},"author":2,"featured_media":268901,"comment_status":"","ping_status":"","sticky":false,"template":"","format":"standard","meta":{"footnotes":""},"categories":[7],"tags":[270,1011,27,6707,6708,6709,6710,43,40,41,39,42,44],"class_list":{"0":"post-268900","1":"post","2":"type-post","3":"status-publish","4":"format-standard","5":"has-post-thumbnail","7":"category-sciences-et-technologies","8":"tag-breaking","9":"tag-fr","10":"tag-france","11":"tag-google-pixel-10","12":"tag-google-pixel-10-pro","13":"tag-google-pixel-10-pro-fold","14":"tag-google-pixel-10-pro-xl","15":"tag-science","16":"tag-science-and-technology","17":"tag-sciences","18":"tag-sciences-et-technologies","19":"tag-technologies","20":"tag-technology"},"share_on_mastodon":{"url":"https:\/\/pubeurope.com\/@fr\/114904530028218070","error":""},"_links":{"self":[{"href":"https:\/\/www.europesays.com\/fr\/wp-json\/wp\/v2\/posts\/268900","targetHints":{"allow":["GET"]}}],"collection":[{"href":"https:\/\/www.europesays.com\/fr\/wp-json\/wp\/v2\/posts"}],"about":[{"href":"https:\/\/www.europesays.com\/fr\/wp-json\/wp\/v2\/types\/post"}],"author":[{"embeddable":true,"href":"https:\/\/www.europesays.com\/fr\/wp-json\/wp\/v2\/users\/2"}],"replies":[{"embeddable":true,"href":"https:\/\/www.europesays.com\/fr\/wp-json\/wp\/v2\/comments?post=268900"}],"version-history":[{"count":0,"href":"https:\/\/www.europesays.com\/fr\/wp-json\/wp\/v2\/posts\/268900\/revisions"}],"wp:featuredmedia":[{"embeddable":true,"href":"https:\/\/www.europesays.com\/fr\/wp-json\/wp\/v2\/media\/268901"}],"wp:attachment":[{"href":"https:\/\/www.europesays.com\/fr\/wp-json\/wp\/v2\/media?parent=268900"}],"wp:term":[{"taxonomy":"category","embeddable":true,"href":"https:\/\/www.europesays.com\/fr\/wp-json\/wp\/v2\/categories?post=268900"},{"taxonomy":"post_tag","embeddable":true,"href":"https:\/\/www.europesays.com\/fr\/wp-json\/wp\/v2\/tags?post=268900"}],"curies":[{"name":"wp","href":"https:\/\/api.w.org\/{rel}","templated":true}]}}