{"id":268903,"date":"2025-07-23T20:53:11","date_gmt":"2025-07-23T20:53:11","guid":{"rendered":"https:\/\/www.europesays.com\/fr\/268903\/"},"modified":"2025-07-23T20:53:11","modified_gmt":"2025-07-23T20:53:11","slug":"a-lonu-passe-darmes-entre-palestiniens-et-israeliens-sur-la-famine-a-gaza","status":"publish","type":"post","link":"https:\/\/www.europesays.com\/fr\/268903\/","title":{"rendered":"\u00c0 l\u2019ONU, passe d\u2019armes entre Palestiniens et Isra\u00e9liens sur la famine \u00e0 Gaza"},"content":{"rendered":"<p>        <img decoding=\"async\" loading=\"lazy\" src=\"https:\/\/www.europesays.com\/fr\/wp-content\/uploads\/2025\/07\/ca7754e_upload-1-hidpeiidmayv-afp-20250621-aa-21062025-2297618-v1-highres-51stmeetingofthecounciloff.jpeg\"  width=\"728\" height=\"409\" alt=\"Dans une longue tirage au Conseil de s\u00e9curit\u00e9 de l\u2019ONU, l\u2019ambassadeur palestinien s\u2019est ouvertement interrog\u00e9 sur ce qu\u2019il devait dire \u00e0 la population de Gaza, priv\u00e9e de nourriture par la guerre.\"\/>  <\/p>\n<p>CEMAL YURTTAS \/ Anadolu via AFP<\/p>\n<p>Dans une longue tirage au Conseil de s\u00e9curit\u00e9 de l\u2019ONU, l\u2019ambassadeur palestinien s\u2019est ouvertement interrog\u00e9 sur ce qu\u2019il devait dire \u00e0 la population de Gaza, priv\u00e9e de nourriture par la guerre.<\/p>\n<p class=\"asset asset-text\">INTERNATIONAL &#8211; La famine est sur toutes les l\u00e8vres. Alors que <a href=\"https:\/\/www.huffingtonpost.fr\/international\/article\/gaza-ce-temoignage-d-un-directeur-d-hopital-revele-l-ampleur-terrifiante-de-la-famine-dans-le-territoire_252897.html\" rel=\"nofollow noopener\" target=\"_blank\">l\u2019ampleur du manque de nourriture dans la bande de Gaza<\/a> ne cesse de choquer la communaut\u00e9 internationale. Et face au nombre grandissant de <a href=\"https:\/\/www.huffingtonpost.fr\/international\/article\/guerre-a-gaza-les-journalistes-de-l-afp-refusent-de-voir-mourir-leurs-confreres-dans-l-enclave-palestinienne_252834.html\" rel=\"nofollow noopener\" target=\"_blank\">d\u00e9c\u00e8s li\u00e9s \u00e0 la famine<\/a>, le Conseil de s\u00e9curit\u00e9 de l\u2019ONU a \u00e9t\u00e9 le th\u00e9\u00e2tre de vifs \u00e9changes entre les d\u00e9l\u00e9gations isra\u00e9liennes et palestiniennes ce mercredi 23\u00a0juillet.<\/p>\n<p class=\"asset asset-text\">\u00ab\u00a0Que devons-nous dire\u00a0?\u00a0\u00bb \u00e0 la population de Gaza qui \u00ab\u00a0meurt\u00a0\u00bb de faim, a ainsi lanc\u00e9 l\u2019ambassadeur palestinien Riyad Mansour face \u00e0 l\u2019ambassadeur isra\u00e9lien, Danny Danon. Une question \u00e0 laquelle il a r\u00e9pondu en accusant une fois de plus le mouvement islamiste Hamas d\u2019instrumentaliser la \u00ab\u00a0souffrance\u00a0\u00bb des Palestiniens pour \u00ab\u00a0nourrir sa propagande\u00a0\u00bb<\/p>\n<p class=\"asset asset-text\">Ce d\u00e9bat intervient au moment o\u00f9 plus d\u2019une centaine d\u2019organisations humanitaires ont averti mercredi qu\u2019une \u00ab\u00a0famine de masse\u00a0\u00bb se propageait dans la bande de Gaza d\u00e9vast\u00e9e par la guerre. Un cri d\u2019alerte auquel les \u00c9tats-Unis, alli\u00e9 de l\u2019\u00c9tat h\u00e9breu, ont r\u00e9pondu en annon\u00e7ant que l\u2019\u00e9missaire Steve Witkoff se rendrait cette semaine en Europe afin de finaliser un \u00ab\u00a0corridor\u00a0\u00bb pour l\u2019aide humanitaire.<\/p>\n<p class=\"asset asset-text\">Durant l\u2019\u00e9change tendu, Riyad Mansour a d\u00e9clar\u00e9\u00a0: \u00ab\u00a0\u00c0 Gaza, des journalistes affam\u00e9s couvrent la r\u00e9alit\u00e9 du personnel m\u00e9dical et humanitaire qui tente de sauver la vie de nourrissons et d\u2019enfants et de leurs familles eux-m\u00eames affam\u00e9s\u00a0\u00bb. \u00ab\u00a0Nos enfants et les habitants de Gaza nous disent\u00a0: \u201cJ\u2019ai faim. Il n\u2019y a pas de nourriture pour ma famille. Nous mourrons. Aidez-nous\u201d. Que devrions-nous leur dire\u00a0? Que devrait leur dire le Conseil de s\u00e9curit\u00e9\u00a0?\u00a0\u00bb, a-t-il interrog\u00e9.<\/p>\n<p> La lecture de ce contenu est susceptible d\u2019entra\u00eener un d\u00e9p\u00f4t de cookies de la part de l\u2019op\u00e9rateur tiers qui l\u2019h\u00e9berge. Compte-tenu des choix que vous avez exprim\u00e9s en mati\u00e8re de d\u00e9p\u00f4t de cookies, nous avons bloqu\u00e9 l\u2019affichage de ce contenu. Si vous souhaitez y acc\u00e9der, vous devez accepter la cat\u00e9gorie de cookies \u201cContenus tiers\u201d en cliquant sur le bouton ci-dessous. <\/p>\n<p> Lire la Vid\u00e9o        <\/p>\n<p class=\"asset asset-text\">\u00ab\u00a0Que le monde entier s\u2019oppose \u00e0 cette politique de famine et que pourtant la situation s\u2019aggrave\u00a0? (&#8230;) Devrions-nous leur lire les d\u00e9clarations muscl\u00e9es ou les r\u00e9solutions adopt\u00e9es\u00a0? Que devons-nous leur dire\u00a0\u00bb, a-t-il martel\u00e9. \u00ab\u00a0Faisons-nous le n\u00e9cessaire pour sauver des millions de vies en danger\u00a0? Respectons-nous nos obligations juridiques, politiques, humanitaires et morales\u00a0? La r\u00e9ponse est claire\u00a0: nous ne le faisons pas\u00a0\u00bb, a encore ajout\u00e9 l\u2019ambassadeur palestinien.<\/p>\n<p class=\"asset asset-text\">En guise de r\u00e9ponse, Isra\u00ebl a estim\u00e9 faire \u00ab\u00a0le travail de l\u2019ONU\u00a0\u00bb dans la bande de Gaza, en accusant l\u2019Ocha (le Bureau des affaires humanitaires des Nations unies) d\u2019avoir par exemple \u00ab\u00a0sous-\u00e9valu\u00e9\u00a0\u00bb le nombre de camions d\u2019aide humanitaire entrant dans la bande de Gaza et d\u2019\u00eatre \u00ab\u00a0biais\u00e9e\u00a0\u00bb \u00e0 l\u2019\u00e9gard de l\u2019\u00c9tat h\u00e9breu.<\/p>\n<p> La lecture de ce contenu est susceptible d\u2019entra\u00eener un d\u00e9p\u00f4t de cookies de la part de l\u2019op\u00e9rateur tiers qui l\u2019h\u00e9berge. Compte-tenu des choix que vous avez exprim\u00e9s en mati\u00e8re de d\u00e9p\u00f4t de cookies, nous avons bloqu\u00e9 l\u2019affichage de ce contenu. Si vous souhaitez y acc\u00e9der, vous devez accepter la cat\u00e9gorie de cookies \u201cContenus tiers\u201d en cliquant sur le bouton ci-dessous. <\/p>\n<p> Lire la Vid\u00e9o        \u00ab\u00a0Isra\u00ebl fait le travail pour lequel l\u2019ONU a \u00e9t\u00e9 cr\u00e9\u00e9e\u00a0\u00bb    <\/p>\n<p class=\"asset asset-text\">\u00c0 l\u2019ONU, l\u2019ambassadeur d\u2019Isra\u00ebl en a profit\u00e9 pour d\u00e9tailler des mesures contre des employ\u00e9s du Bureau des affaires humanitaires des Nations unies, qu\u2019il accuse de \u00ab\u00a0biais\u00a0\u00bb \u00e0 l\u2019\u00e9gard d\u2019Isra\u00ebl.<\/p>\n<p class=\"asset asset-text\">Le chef de la diplomatie isra\u00e9lienne, Gideon Saar, avait annonc\u00e9 dimanche avoir ordonn\u00e9 de ne pas prolonger le visa du directeur de l\u2019antenne de l\u2019Ocha dans les Territoires palestiniens, Jonathan Whittall, qui a plusieurs fois d\u00e9nonc\u00e9 les conditions \u00e0 Gaza. Jonathan Whittall, qui r\u00e9side \u00e0 J\u00e9rusalem, \u00ab\u00a0quittera le pays d\u2019ici le 29\u00a0juillet\u00a0\u00bb, a donc pr\u00e9cis\u00e9 Danny Danon, impassible. \u00ab\u00a0Isra\u00ebl n\u2019accordera plus de visas automatiques au personnel international d\u2019Ocha. Les visas seront d\u00e9sormais limit\u00e9s \u00e0 un mois. Ce qui \u00e9tait le cas auparavant ne sera plus\u00a0\u00bb, a-t-il ajout\u00e9.<\/p>\n<p class=\"asset asset-text\">\u00ab\u00a0\u00c7a suffit. Assez d\u2019hypocrisie, assez de partialit\u00e9 (&#8230;) Isra\u00ebl fait le travail pour lequel l\u2019ONU a \u00e9t\u00e9 cr\u00e9\u00e9e\u00a0: nous d\u00e9mantelons des r\u00e9seaux terroristes, nous prot\u00e9geons les civils, nous d\u00e9fendons les minorit\u00e9s menac\u00e9es\u00a0\u00bb, a-t-il plaid\u00e9, en r\u00e9f\u00e9rence dans ce dernier cas aux Druzes en Syrie.<\/p>\n<p class=\"asset asset-text\">Si Isra\u00ebl a tr\u00e8s partiellement assoupli fin mai un blocus total impos\u00e9 d\u00e9but mars \u00e0 l\u2019enclave palestinienne, qui a entra\u00een\u00e9 de tr\u00e8s graves p\u00e9nuries de nourriture, m\u00e9dicaments et autres biens de premi\u00e8re n\u00e9cessit\u00e9, les manques sont encore nombreux. \u00c0 ce titre, <a href=\"https:\/\/www.huffingtonpost.fr\/international\/article\/gaza-la-france-demande-que-la-presse-accede-au-territoire-palestinien-pour-montrer-ce-qu-il-s-y-passe_252851.html\" rel=\"nofollow noopener\" target=\"_blank\">des journalistes \u00e0 Gaza ont t\u00e9moign\u00e9<\/a> de la difficult\u00e9 pour eux aussi de trouver \u00e0 manger et donc d\u2019avoir l\u2019\u00e9nergie n\u00e9cessaire \u00e0 l\u2019exercice de leur m\u00e9tier. De quoi provoquer une r\u00e9action puissante de la part du Comit\u00e9 pour la protection des journalistes (CPJ), bas\u00e9 \u00e0 New York, qui a accus\u00e9 ce mercredi Isra\u00ebl \u00ab\u00a0d\u2019affamer la presse, pour taire la v\u00e9rit\u00e9\u00a0\u00bb.<\/p>\n","protected":false},"excerpt":{"rendered":"CEMAL YURTTAS \/ Anadolu via AFP Dans une longue tirage au Conseil de s\u00e9curit\u00e9 de l\u2019ONU, l\u2019ambassadeur palestinien&hellip;\n","protected":false},"author":2,"featured_media":268904,"comment_status":"","ping_status":"","sticky":false,"template":"","format":"standard","meta":{"footnotes":""},"categories":[5],"tags":[11,3259,40814,12980,1011,27,665,14,664,12,3518,28],"class_list":{"0":"post-268903","1":"post","2":"type-post","3":"status-publish","4":"format-standard","5":"has-post-thumbnail","7":"category-international","8":"tag-actualites","9":"tag-conflit-israelo-palestinien","10":"tag-conseil-de-securite-de-l-onu","11":"tag-famine","12":"tag-fr","13":"tag-france","14":"tag-gaza","15":"tag-international","16":"tag-israel","17":"tag-news","18":"tag-palestine","19":"tag-world"},"share_on_mastodon":{"url":"https:\/\/pubeurope.com\/@fr\/114904537776243108","error":""},"_links":{"self":[{"href":"https:\/\/www.europesays.com\/fr\/wp-json\/wp\/v2\/posts\/268903","targetHints":{"allow":["GET"]}}],"collection":[{"href":"https:\/\/www.europesays.com\/fr\/wp-json\/wp\/v2\/posts"}],"about":[{"href":"https:\/\/www.europesays.com\/fr\/wp-json\/wp\/v2\/types\/post"}],"author":[{"embeddable":true,"href":"https:\/\/www.europesays.com\/fr\/wp-json\/wp\/v2\/users\/2"}],"replies":[{"embeddable":true,"href":"https:\/\/www.europesays.com\/fr\/wp-json\/wp\/v2\/comments?post=268903"}],"version-history":[{"count":0,"href":"https:\/\/www.europesays.com\/fr\/wp-json\/wp\/v2\/posts\/268903\/revisions"}],"wp:featuredmedia":[{"embeddable":true,"href":"https:\/\/www.europesays.com\/fr\/wp-json\/wp\/v2\/media\/268904"}],"wp:attachment":[{"href":"https:\/\/www.europesays.com\/fr\/wp-json\/wp\/v2\/media?parent=268903"}],"wp:term":[{"taxonomy":"category","embeddable":true,"href":"https:\/\/www.europesays.com\/fr\/wp-json\/wp\/v2\/categories?post=268903"},{"taxonomy":"post_tag","embeddable":true,"href":"https:\/\/www.europesays.com\/fr\/wp-json\/wp\/v2\/tags?post=268903"}],"curies":[{"name":"wp","href":"https:\/\/api.w.org\/{rel}","templated":true}]}}