{"id":268928,"date":"2025-07-23T21:12:23","date_gmt":"2025-07-23T21:12:23","guid":{"rendered":"https:\/\/www.europesays.com\/fr\/268928\/"},"modified":"2025-07-23T21:12:23","modified_gmt":"2025-07-23T21:12:23","slug":"avec-son-nouveau-mouvement-paul-meyer-veut-reconcilier-strasbourg","status":"publish","type":"post","link":"https:\/\/www.europesays.com\/fr\/268928\/","title":{"rendered":"avec son nouveau mouvement, Paul Meyer veut \u00ab r\u00e9concilier Strasbourg \u00bb"},"content":{"rendered":"<p class=\"p1\"><b>Le 25 juin dernier, Paul Meyer a act\u00e9 le lancement de son mouvement \u00ab\u00a0R\u00e9concilier Strasbourg\u00a0\u00bb. L\u2019ancien adjoint de Roland Ries sera notamment accompagn\u00e9 de Nawel Rafik Elmrini, elle aussi ancienne adjointe. Un mouvement de centre-gauche qui compte \u00ab mettre fin aux fractures qui minent la ville \u00bb.<\/b><\/p>\n<p class=\"p1\">Durant cette premi\u00e8re partie de campagne pour les prochaines municipales, <b>les mots sont doux aux oreilles de Strasbourg<\/b>. Notre ville, <a href=\"https:\/\/pokaa.fr\/2025\/01\/14\/aimer-strasbourg-jean-philippe-vetter-lance-sa-campagne-pour-les-municipales-2026\/\" target=\"_blank\" rel=\"noopener\">\u00ab on l\u2019aime \u00bb<\/a> et <a href=\"https:\/\/pokaa.fr\/2025\/06\/24\/municipales-2026-jean-philippe-vetter-souhaite-reparer-strasbourg-ville-fracturee\/\" target=\"_blank\" rel=\"noopener\">on veut \u00ab la r\u00e9parer \u00bb<\/a> (Jean-Philippe Vetter), <a href=\"https:\/\/pokaa.fr\/2025\/04\/06\/municipales-2026-a-strasbourg-pierre-jakubowicz-mise-sur-25-deleguees-dans-les-quartiers\/\" target=\"_blank\" rel=\"noopener\">\u00ab on y croit \u00bb<\/a> et <a href=\"https:\/\/pokaa.fr\/2025\/06\/20\/municipales-2026-pierre-jakubowicz-imagine-strasbourg-en-grand-avec-son-programme\/\" target=\"_blank\" rel=\"noopener\">\u00ab on la pense en grand \u00bb<\/a> (Pierre Jakubowicz) et <a href=\"https:\/\/pokaa.fr\/2025\/06\/26\/municipales-2026-le-parti-renaissance-travaille-sur-10-missions-pour-strasbourg\/\" target=\"_blank\" rel=\"noopener\">\u00ab on en parle \u00bb<\/a> (Renaissance). D\u00e9sormais, il est temps de se rassembler, pour \u00ab la r\u00e9concilier \u00bb.<\/p>\n<p class=\"p1\">C\u2019est en tous les cas la proposition de Paul Meyer et de Nawel Rafik Elmrini, qui ont lanc\u00e9 leur mouvement le 25 juin dernier. Si leurs noms vous disent quelque chose, c\u2019est normal : <b>les deux ont fait partie de l\u2019\u00e9quipe de Roland Ries entre 2008 et 2020.<\/b> Le premier \u00e9tait notamment adjoint du commerce et du tourisme tandis que la seconde a oeuvr\u00e9 12 ans dans le domaine des relations internationales et des affaires europ\u00e9ennes.<\/p>\n<blockquote><p>\n        Plut\u00f4t que de rester assis et constater la d\u00e9rive, on veut rassembler tous ceux qui ne se reconnaissent plus dans l\u2019offre politique de Strasbourg.    <\/p><\/blockquote>\n<p>            Nawel Rafik Elmrini, ancienne adjointe aux relations internationales sous Roland Ries<\/p>\n<p>    <img width=\"800\" height=\"600\" src=\"https:\/\/www.europesays.com\/fr\/wp-content\/uploads\/2025\/07\/img-4128-800x600.jpeg\" class=\"attachment-image-size-L size-image-size-L\" alt=\"cath\u00e9drale rue merci\u00e8re\" decoding=\"async\" loading=\"lazy\"  \/>         \u00a9 Anthony Jilli \/ Pokaa <\/p>\n<p class=\"p1\">Depuis 2020 et l\u2019\u00e9lection de Jeanne Barseghian, les deux personnalit\u00e9s strasbourgeoises ont pris des chemins oppos\u00e9s. <strong>L<\/strong><b>e premier a quitt\u00e9 la politique apr\u00e8s la d\u00e9faite d\u2019Alain Fontanel en 2020 [il \u00e9tait 21e sur la liste du 2e tour, ndlr] pour du conseil en relations publiques et influence<\/b>, tandis que la seconde [14e sur la liste du 2e tour, ndlr] a \u00e9t\u00e9 \u00e9lue sur la liste de Brigitte Klinkert aux r\u00e9gionales de 2021, dans le parti Territoires de Progr\u00e8s.<\/p>\n<p class=\"p1\">Mais \u00e0 9 mois des municipales, il est temps de se rappeler aux bons souvenirs des Strasbourgeois(es), mais aussi des m\u00e9dias. Avec \u00ab R\u00e9concilier Strasbourg \u00bb, lanc\u00e9 le 25 juin dernier devant la presse, <b>Paul Meyer et Nawel Rafik Elmrini comptent ramener \u00e0 la vie l\u2019\u00e2me de Strasbourg, avec \u00ab\u00a0un rassemblement du centre et du centre-gauche\u00a0\u00bb<\/b>. Tout un programme.<\/p>\n<p>    <img width=\"800\" height=\"600\" src=\"https:\/\/www.europesays.com\/fr\/wp-content\/uploads\/2025\/07\/img-9685-2-grande-800x600.jpeg\" class=\"attachment-image-size-L size-image-size-L\" alt=\"paul meyer nawel rafki elmrini\" decoding=\"async\" loading=\"lazy\"  \/>         \u00a9 Nicolas Kaspar \/ Pokaa <\/p>\n<p>R\u00e9concilier une \u00ab\u00a0ville affaiblie\u00a0\u00bb et une \u00ab\u00a0maison divis\u00e9e entre elle-m\u00eame\u00a0\u00bb<\/p>\n<p class=\"p1\">Et justement, pour le moment, c\u2019est quoi le programme ? Si des premi\u00e8res propositions concr\u00e8tes ont \u00e9t\u00e9 annonc\u00e9es (on en parle plus bas), <strong>l\u2019<\/strong><b>ambition des deux ancien(ne)s adjoint(e)s est de refaire de Strasbourg la ville exemple qu\u2019elle a \u00e9t\u00e9<\/b>\u00a0\u00e0 travers son r\u00e9seau cyclable, ses pi\u00e9tonnisations, le projet de la Coop, du Phare Citadelle ou de la Manufacture des Tabacs. Offensif envers la municipalit\u00e9, Paul Meyer \u00ab cherche en vain des projets de cette ampleur et de cette dimension \u00bb dans le mandat de Jeanne Barseghian.<\/p>\n<p class=\"p1\">De son c\u00f4t\u00e9, Nawel Rafik Elmrini se d\u00e9clare \u00ab\u00a0tr\u00e8s attrist\u00e9e de l\u2019\u00e9volution de la ville, affaiblie, endett\u00e9e sans grands projets\u00a0\u00bb. <b>Mais \u00ab plut\u00f4t que de rester assis et constater la d\u00e9rive, on veut rassembler tous ceux qui ne se reconnaissent plus dans l\u2019offre politique de Strasbourg \u00bb<\/b>, leur mouvement compte bien devenir une \u00ab alternance cr\u00e9dible \u00e0 la gestion erratique des Verts et de l\u2019extr\u00eame gauche (sic) qui redonne \u00e0 Strasbourg son rang \u00bb.<\/p>\n<blockquote><p>\n        Y a-t-il besoin de surpolitiser les choses ?    <\/p><\/blockquote>\n<p>            Paul Meyer, ancien adjoint du commerce et du tourisme sous Roland Ries<\/p>\n<p>    <img width=\"800\" height=\"600\" src=\"https:\/\/www.europesays.com\/fr\/wp-content\/uploads\/2025\/07\/img-9684-2-grande-800x600.jpeg\" class=\"attachment-image-size-L size-image-size-L\" alt=\"reconcilier strasbourg paul meyer Nawel Rafik Elmrini\" decoding=\"async\" loading=\"lazy\"  \/>         \u00a9 Nicolas Kaspar \/ Pokaa <\/p>\n<p class=\"p1\">Alors, au-del\u00e0 des paroles, comment faire ? D\u2019abord en remettant au go\u00fbt du jour les vertus du dialogue public, <b>pour s\u2019opposer aux \u00ab\u00a0tensions croissantes qui gangr\u00e8nent la ville, les clivages qui sont entretenus par la municipalit\u00e9\u00a0\u00bb<\/b>, selon Paul Meyer. C\u2019est un peu vite oublier les secousses politiques qui ont travers\u00e9 le deuxi\u00e8me mandat de Roland Ries avec le d\u00e9part de plusieurs adjoint(e)s vers feu LREM en 2017, dont Nawel Rafik Elmrini, ou l\u2019explosion du groupe municipal La Coop\u00e9rative dirig\u00e9 par Paul Meyer en 2018.<\/p>\n<p class=\"p1\"><b>Dans leur mouvement, les deux ancien(ne)s adjoint(e)s se sont \u00e9galement entour\u00e9(e)s de membres de la soci\u00e9t\u00e9 civile<\/b>, comme Patrick Pessaux, professeur en chirurgie digestive, qui salue les innovations sur les \u00ab\u00a0salles de shoot et le sport sant\u00e9\u00a0d\u2019une ville qui prend soin \u00bb et ass\u00e8ne que \u00ab l\u2019\u00e9cologie ne doit pas \u00eatre punitive \u00bb. Olivier Ferrand de la Chambre de M\u00e9tiers d\u2019Alsace, et par ailleurs d\u00e9l\u00e9gu\u00e9 national de Territoires de Progr\u00e8s, d\u00e9fend lui les \u00ab artisans entrav\u00e9s pour d\u00e9velopper leur activit\u00e9 \u00e9conomique \u00bb, tandis que le barman Lucas Gacitua-Petit t\u00e9moigne de \u00ab l\u2019urgence de redonner du souffle au tissu \u00e9conomique strasbourgeois \u00bb.<\/p>\n<p>    <img width=\"800\" height=\"533\" src=\"https:\/\/www.europesays.com\/fr\/wp-content\/uploads\/2025\/07\/dsc00018-800x533.jpg\" class=\"attachment-image-size-L size-image-size-L\" alt=\"v\u00e9lo ancienne douane nouvelle douane\" decoding=\"async\" loading=\"lazy\"  \/>         \u00a9 Anthony Jilli \/ Pokaa <\/p>\n<p>Des premi\u00e8res propositions pour adapter Strasbourg au r\u00e9chauffement climatique<\/p>\n<p class=\"p1\">Le 10 juillet dernier, \u00ab\u00a0R\u00e9concilier Strasbourg\u00a0\u00bb lan\u00e7ait ses premi\u00e8res id\u00e9es dans le d\u00e9bat public, <b>afin de \u00ab rendre Strasbourg plus r\u00e9siliante, agr\u00e9able et protectrice pour ses habitants en p\u00e9riode de chaleur extr\u00eame<\/b> \u00bb.\u00a0<\/p>\n<p class=\"p1\">Critiquant \u00ab la surdensit\u00e9 [qui] a provoqu\u00e9 des \u00eelots de chaleur insoutenables \u00bb [sous les mandats de Roland Ries, Strasbourg a \u00e9norm\u00e9ment construit, ndlr], \u00ab\u00a0certains am\u00e9nagements particuli\u00e8rement mal pens\u00e9s et mal con\u00e7us\u00a0\u00bb et \u00ab\u00a0l\u2019absence de politiques publiques innovantes et volontaires\u00a0\u00bb,<strong> Paul Meyer d\u00e9taille 26 propositions, s\u00e9par\u00e9es en deux axes<\/strong>.<\/p>\n<p class=\"p1\">Pour am\u00e9nager durablement la ville, \u00ab\u00a0<b>R\u00e9concilier Strasbourg \u00bb compte notamment sur l\u2019id\u00e9e du 3-30-300, c\u2019est-\u00e0-dire voir au moins trois arbres par les fen\u00eatres de son logement, vivre dans un quartier avec au moins 30 % de surface arbor\u00e9e et r\u00e9sider \u00e0 moins de 300 m\u00e8tres d\u2019un parc ou espace vert<\/b>. On peut \u00e9galement mentionner la cr\u00e9ation d\u2019un Plan ombre, le d\u00e9ploiement de fontaines publiques et de toilettes sur tout le territoire, reprendre en main le plan baignade pour relancer le projet des piscines flottantes mis au placard par l\u2019actuelle municipalit\u00e9.<\/p>\n<p class=\"p1\">Pour ensuite faire face aux pics de canicule, <b>certaines mesures seraient d\u00e9clench\u00e9es, comme la gratuit\u00e9 des piscines, des mus\u00e9es et des transports<\/b>, g\u00e9n\u00e9raliser l\u2019ouverture des cours d\u2019\u00e9coles, la r\u00e9ouverture des mairies de quartier ou le droit de changement de logement social pour les publics les plus vuln\u00e9rables.<\/p>\n<p>                <a href=\"https:\/\/pokaa.fr\/2025\/07\/12\/plein-tarif-a-6e-comment-expliquer-le-prix-dentree-des-piscines-a-strasbourg\/\" target=\"_blank\" rel=\"noopener\"><br \/>\n                    <img width=\"450\" height=\"270\" src=\"https:\/\/www.europesays.com\/fr\/wp-content\/uploads\/2025\/07\/1753305139_790_a1-450x270.png\" class=\"attachment-card-horizontal--same-subject size-card-horizontal--same-subject wp-post-image\" alt=\"\" decoding=\"async\" loading=\"lazy\"\/>                <\/a><\/p>\n<p>    <img width=\"800\" height=\"600\" src=\"https:\/\/www.europesays.com\/fr\/wp-content\/uploads\/2025\/07\/296797878_429271575628317_4365257039205175848_n.jpeg\" class=\"attachment-image-size-L size-image-size-L\" alt=\"Illustration canicule\" decoding=\"async\" loading=\"lazy\"  \/>         \u00a9 Coraline Lafon \/ Pokaa <\/p>\n<p>\u00ab\u00a0R\u00e9concilier Strasbourg\u00a0\u00bb, mais avec qui ?<\/p>\n<p class=\"p4\">Alors que d\u2019autres propositions devraient fleurir au fur et \u00e0 mesure, \u00ab\u00a0R\u00e9concilier Strasbourg\u00a0\u00bb s\u2019avance d\u00e9sormais vers la traditionnelle question des alliances aux prochaines municipales. <strong>Si Paul Meyer avance \u00eatre \u00ab ouvert pour embarquer avec nous ceux qui ont envie\u00a0\u00bb et \u00ab\u00a0la n\u00e9cessit\u00e9 de s\u2019unir et de faire une alliance pour pr\u00e9parer l\u2019alternance \u00bb<\/strong>, on peut l\u00e9gitimement se demander avec qui.<\/p>\n<blockquote><p>\n        Un changement est n\u00e9cessaire et doit passer par la voie du progr\u00e8s.    <\/p><\/blockquote>\n<p>            Paul Meyer, ancien adjoint du commerce et du tourisme sous Roland Ries<\/p>\n<p class=\"p4\">Au vu de son positionnement au centre-gauche, <b>il ne serait pas surprenant de le voir discuter avec Renaissance, ou m\u00eame le PS, qui n\u2019ont pour l\u2019instant pas d\u00e9fini de t\u00eate de liste<\/b>. Peut-\u00eatre m\u00eame que cela pourrait pousser jusqu\u2019\u00e0 Horizons et Pierre Jakubowicz, mais probablement pas jusqu\u2019\u00e0 LR et Jean-Philippe Vetter.<\/p>\n<p><strong>Plus de r\u00e9ponses \u00e0 partir de septembre,<\/strong> car pour le moment, aucun parti ou t\u00eate de liste ne semble vouloir s\u2019effacer derri\u00e8re quiconque au sein d\u2019une union !<\/p>\n<p>    <img width=\"800\" height=\"457\" src=\"https:\/\/www.europesays.com\/fr\/wp-content\/uploads\/2025\/07\/1753305143_708_b2-800x457.png\" class=\"attachment-image-size-L size-image-size-L\" alt=\"couv juillet 2025 Paul meyer Nawel Rafik Elmrini\" decoding=\"async\" loading=\"lazy\"  \/>         \u00a9 Page Facebook de Paul Meyer \/ Capture d&rsquo;\u00e9cran <\/p>\n","protected":false},"excerpt":{"rendered":"Le 25 juin dernier, Paul Meyer a act\u00e9 le lancement de son mouvement \u00ab\u00a0R\u00e9concilier Strasbourg\u00a0\u00bb. L\u2019ancien adjoint de&hellip;\n","protected":false},"author":2,"featured_media":268929,"comment_status":"","ping_status":"","sticky":false,"template":"","format":"standard","meta":{"footnotes":""},"categories":[2820],"tags":[1111,11,1777,674,1011,27,775,3434,12,40815,25,640],"class_list":{"0":"post-268928","1":"post","2":"type-post","3":"status-publish","4":"format-standard","5":"has-post-thumbnail","7":"category-strasbourg","8":"tag-actu","9":"tag-actualites","10":"tag-eu","11":"tag-europe","12":"tag-fr","13":"tag-france","14":"tag-grand-est","15":"tag-municipales-2026","16":"tag-news","17":"tag-paul-meyer","18":"tag-republique-francaise","19":"tag-strasbourg"},"share_on_mastodon":{"url":"https:\/\/pubeurope.com\/@fr\/114904612698160087","error":""},"_links":{"self":[{"href":"https:\/\/www.europesays.com\/fr\/wp-json\/wp\/v2\/posts\/268928","targetHints":{"allow":["GET"]}}],"collection":[{"href":"https:\/\/www.europesays.com\/fr\/wp-json\/wp\/v2\/posts"}],"about":[{"href":"https:\/\/www.europesays.com\/fr\/wp-json\/wp\/v2\/types\/post"}],"author":[{"embeddable":true,"href":"https:\/\/www.europesays.com\/fr\/wp-json\/wp\/v2\/users\/2"}],"replies":[{"embeddable":true,"href":"https:\/\/www.europesays.com\/fr\/wp-json\/wp\/v2\/comments?post=268928"}],"version-history":[{"count":0,"href":"https:\/\/www.europesays.com\/fr\/wp-json\/wp\/v2\/posts\/268928\/revisions"}],"wp:featuredmedia":[{"embeddable":true,"href":"https:\/\/www.europesays.com\/fr\/wp-json\/wp\/v2\/media\/268929"}],"wp:attachment":[{"href":"https:\/\/www.europesays.com\/fr\/wp-json\/wp\/v2\/media?parent=268928"}],"wp:term":[{"taxonomy":"category","embeddable":true,"href":"https:\/\/www.europesays.com\/fr\/wp-json\/wp\/v2\/categories?post=268928"},{"taxonomy":"post_tag","embeddable":true,"href":"https:\/\/www.europesays.com\/fr\/wp-json\/wp\/v2\/tags?post=268928"}],"curies":[{"name":"wp","href":"https:\/\/api.w.org\/{rel}","templated":true}]}}