{"id":268935,"date":"2025-07-23T21:16:09","date_gmt":"2025-07-23T21:16:09","guid":{"rendered":"https:\/\/www.europesays.com\/fr\/268935\/"},"modified":"2025-07-23T21:16:09","modified_gmt":"2025-07-23T21:16:09","slug":"le-stationnement-en-zone-jaune-est-gratuit-jusquau-15-aout-a-nantes","status":"publish","type":"post","link":"https:\/\/www.europesays.com\/fr\/268935\/","title":{"rendered":"Le stationnement en zone jaune est gratuit jusqu\u2019au 15\u00a0ao\u00fbt \u00e0 Nantes"},"content":{"rendered":"<p>Un bon plan pour les Nantais circulant en voiture et qui auraient zapp\u00e9 l\u2019info\u00a0: <a href=\"https:\/\/nantes.maville.com\/actu\/actudet_-nantes.-avec-les-voitures-radars-le-nombre-de-pv-ne-se-serait-pas-envole-_8-6585696_actu.Htm\" target=\"_self\" rel=\"noopener\">Le stationnement<\/a> en zone jaune est gratuit du 14\u00a0juillet au 15\u00a0ao\u00fbt, ainsi que les dimanches et jours f\u00e9ri\u00e9s. Une mesure qui concerne 15\u00a0800\u00a0places, dans les quartiers situ\u00e9s entre le c\u0153ur de ville et les boulevards de ceinture du XIXe\u00a0si\u00e8cle, dans une partie de l\u2019\u00eele de Nantes, ou encore dans le secteur de Nantes Sud.<\/p>\n<p>Mais attention\u00a0! En zone rouge, dans l\u2019hyper-centre <a href=\"https:\/\/nantes.maville.com\/info\/info-locale\/\" target=\"_self\" rel=\"noopener\">de Nantes,<\/a> le stationnement reste payant toute l\u2019ann\u00e9e, m\u00eame l\u2019\u00e9t\u00e9.\u00a0\u00c0 l\u2019exception des dimanches et jours f\u00e9ri\u00e9s. \u00c0 noter qu\u2019entre 12\u00a0h et 14\u00a0h, le tarif appliqu\u00e9 en zone rouge est r\u00e9duit et passe \u00e0 50\u00a0centimes d\u2019euros l\u2019heure (au lieu de 50\u00a0centimes les 15\u00a0minutes).<\/p>\n<p>Gare aux \u00e9tourdis<\/p>\n<p>Sur les horodateurs, la gratuit\u00e9 est mentionn\u00e9e et \u00e9vite aux \u00e9tourdis de payer pour des prunes. En revanche, si vous utilisez Paybyphone, soyez attentifs, o\u00f9 vous risquez de r\u00e9server votre stationnement pour le 16\u00a0ao\u00fbt\u00a0!<\/p>\n<p>\u00a0<\/p>\n","protected":false},"excerpt":{"rendered":"Un bon plan pour les Nantais circulant en voiture et qui auraient zapp\u00e9 l\u2019info\u00a0: Le stationnement en zone&hellip;\n","protected":false},"author":2,"featured_media":268936,"comment_status":"","ping_status":"","sticky":false,"template":"","format":"standard","meta":{"footnotes":""},"categories":[2818],"tags":[9284,1111,11,2863,1777,674,1011,27,326,10998,2867,766,12,2636,25,6173,8436],"class_list":{"0":"post-268935","1":"post","2":"type-post","3":"status-publish","4":"format-standard","5":"has-post-thumbnail","7":"category-nantes","8":"tag-9284","9":"tag-actu","10":"tag-actualites","11":"tag-aout","12":"tag-eu","13":"tag-europe","14":"tag-fr","15":"tag-france","16":"tag-gratuit","17":"tag-jaune","18":"tag-jusqu","19":"tag-nantes","20":"tag-news","21":"tag-pays-de-la-loire","22":"tag-republique-francaise","23":"tag-stationnement","24":"tag-zone"},"share_on_mastodon":{"url":"https:\/\/pubeurope.com\/@fr\/114904628122841840","error":""},"_links":{"self":[{"href":"https:\/\/www.europesays.com\/fr\/wp-json\/wp\/v2\/posts\/268935","targetHints":{"allow":["GET"]}}],"collection":[{"href":"https:\/\/www.europesays.com\/fr\/wp-json\/wp\/v2\/posts"}],"about":[{"href":"https:\/\/www.europesays.com\/fr\/wp-json\/wp\/v2\/types\/post"}],"author":[{"embeddable":true,"href":"https:\/\/www.europesays.com\/fr\/wp-json\/wp\/v2\/users\/2"}],"replies":[{"embeddable":true,"href":"https:\/\/www.europesays.com\/fr\/wp-json\/wp\/v2\/comments?post=268935"}],"version-history":[{"count":0,"href":"https:\/\/www.europesays.com\/fr\/wp-json\/wp\/v2\/posts\/268935\/revisions"}],"wp:featuredmedia":[{"embeddable":true,"href":"https:\/\/www.europesays.com\/fr\/wp-json\/wp\/v2\/media\/268936"}],"wp:attachment":[{"href":"https:\/\/www.europesays.com\/fr\/wp-json\/wp\/v2\/media?parent=268935"}],"wp:term":[{"taxonomy":"category","embeddable":true,"href":"https:\/\/www.europesays.com\/fr\/wp-json\/wp\/v2\/categories?post=268935"},{"taxonomy":"post_tag","embeddable":true,"href":"https:\/\/www.europesays.com\/fr\/wp-json\/wp\/v2\/tags?post=268935"}],"curies":[{"name":"wp","href":"https:\/\/api.w.org\/{rel}","templated":true}]}}