{"id":268947,"date":"2025-07-23T21:22:19","date_gmt":"2025-07-23T21:22:19","guid":{"rendered":"https:\/\/www.europesays.com\/fr\/268947\/"},"modified":"2025-07-23T21:22:19","modified_gmt":"2025-07-23T21:22:19","slug":"pour-ses-dix-ans-make-my-lemonade-soffre-une-levee-de-fonds-et-une-boutique-a-lille","status":"publish","type":"post","link":"https:\/\/www.europesays.com\/fr\/268947\/","title":{"rendered":"Pour ses dix ans, Make my Lemonade s&rsquo;offre une lev\u00e9e de fonds et une boutique \u00e0 Lille"},"content":{"rendered":"<p>\n                                    <b>Publi\u00e9 le<\/b><br \/>\n                                    <\/p>\n<p>                                        23 juillet 2025<\/p>\n<p class=\"article-content col-md-8 offset-md-1\">\n                                C&rsquo;est une d\u00e9cennie d&rsquo;activit\u00e9 f\u00eat\u00e9e avec une ribambelle de projets chez Make My Lemonade. La marque de mode f\u00e9minine au style pop et affirm\u00e9, cr\u00e9\u00e9e par Lisa Gachet en 2015, a valid\u00e9 au premier semestre une lev\u00e9e de fonds participative aupr\u00e8s de ses afficionados, qui sont donc devenus actionnaires, pour un montant total de plus d&rsquo;un million d&rsquo;euros (via la plateforme Lita.co).<img decoding=\"async\" class=\"news-image\" style=\"width:100%;max-width:645px;\" src=\"https:\/\/www.europesays.com\/fr\/wp-content\/uploads\/2025\/07\/1e92.jpg\" alt=\"Collection \u00e9t\u00e9 2025\" loading=\"lazy\"\/>Collection \ufffdt\ufffd 2025 &#8211; Make My LemonadeSelon Lisa Gachet, qui dirige l&rsquo;entreprise et assure aussi sa direction artistique, \u00ab\u00a0l\u2019id\u00e9e \u00e9tait vraiment d\u2019avoir un panel repr\u00e9sentatif et de confiance parmi notre groupe d\u2019actionnaires pour prendre les meilleures d\u00e9cisions pour la suite.\n                            <\/p>\n<p>\n                                Tous droits de reproduction et de repr\u00e9sentation r\u00e9serv\u00e9s.<br \/>\u00a9 2025 FashionNetwork.com\n                            <\/p>\n","protected":false},"excerpt":{"rendered":"Publi\u00e9 le 23 juillet 2025 C&rsquo;est une d\u00e9cennie d&rsquo;activit\u00e9 f\u00eat\u00e9e avec une ribambelle de projets chez Make My&hellip;\n","protected":false},"author":2,"featured_media":268948,"comment_status":"","ping_status":"","sticky":false,"template":"","format":"standard","meta":{"footnotes":""},"categories":[2815],"tags":[1111,11,2424,537,2423,1777,674,1011,27,811,1307,2425,985,12,2298,2426,2427,25,2421,2422],"class_list":{"0":"post-268947","1":"post","2":"type-post","3":"status-publish","4":"format-standard","5":"has-post-thumbnail","7":"category-lille","8":"tag-actu","9":"tag-actualites","10":"tag-beaute","11":"tag-contact","12":"tag-cosmetiques","13":"tag-eu","14":"tag-europe","15":"tag-fr","16":"tag-france","17":"tag-hauts-de-france","18":"tag-lille","19":"tag-luxe","20":"tag-mode","21":"tag-news","22":"tag-parfum","23":"tag-professionnel","24":"tag-professionnels","25":"tag-republique-francaise","26":"tag-reseau","27":"tag-textile"},"share_on_mastodon":{"url":"https:\/\/pubeurope.com\/@fr\/114904651782536639","error":""},"_links":{"self":[{"href":"https:\/\/www.europesays.com\/fr\/wp-json\/wp\/v2\/posts\/268947","targetHints":{"allow":["GET"]}}],"collection":[{"href":"https:\/\/www.europesays.com\/fr\/wp-json\/wp\/v2\/posts"}],"about":[{"href":"https:\/\/www.europesays.com\/fr\/wp-json\/wp\/v2\/types\/post"}],"author":[{"embeddable":true,"href":"https:\/\/www.europesays.com\/fr\/wp-json\/wp\/v2\/users\/2"}],"replies":[{"embeddable":true,"href":"https:\/\/www.europesays.com\/fr\/wp-json\/wp\/v2\/comments?post=268947"}],"version-history":[{"count":0,"href":"https:\/\/www.europesays.com\/fr\/wp-json\/wp\/v2\/posts\/268947\/revisions"}],"wp:featuredmedia":[{"embeddable":true,"href":"https:\/\/www.europesays.com\/fr\/wp-json\/wp\/v2\/media\/268948"}],"wp:attachment":[{"href":"https:\/\/www.europesays.com\/fr\/wp-json\/wp\/v2\/media?parent=268947"}],"wp:term":[{"taxonomy":"category","embeddable":true,"href":"https:\/\/www.europesays.com\/fr\/wp-json\/wp\/v2\/categories?post=268947"},{"taxonomy":"post_tag","embeddable":true,"href":"https:\/\/www.europesays.com\/fr\/wp-json\/wp\/v2\/tags?post=268947"}],"curies":[{"name":"wp","href":"https:\/\/api.w.org\/{rel}","templated":true}]}}