{"id":268953,"date":"2025-07-23T21:25:14","date_gmt":"2025-07-23T21:25:14","guid":{"rendered":"https:\/\/www.europesays.com\/fr\/268953\/"},"modified":"2025-07-23T21:25:14","modified_gmt":"2025-07-23T21:25:14","slug":"le-gabriel-nouveau-programme-immobilier","status":"publish","type":"post","link":"https:\/\/www.europesays.com\/fr\/268953\/","title":{"rendered":"Le Gabriel, nouveau programme immobilier"},"content":{"rendered":"<p>Cr\u00e9\u00e9 \u00e0 Marseille en 2021 de la rencontre entre Philippe Bega et Eyal Bompuis, Palauma Global Group est \u00e0 la fois un promoteur immobilier national et la direction immobili\u00e8re externalis\u00e9e du <a href=\"https:\/\/www.laprovence.com\/article\/economie\/3865265999188714\/suppressions-du-13e-mois-de-la-prime-dinteressement-la-greve-sintensifie-chez-la-snef\" target=\"_blank\" rel=\"nofollow noopener\">groupe Snef<\/a>. En m\u00eame temps qu&rsquo;un dizaine de projets r\u00e9alis\u00e9s sur l\u2019ensemble du territoire, il lance ce mois de juillet son deuxi\u00e8me programme \u00e0 Marseille, rue Saint-S\u00e9bastien, <a href=\"https:\/\/www.laprovence.com\/article\/region\/1217405049969315\/a-marseille-le-marche-de-limmobilier-repart-a-la-hausse-quels-prix-par-arrondissement\" target=\"_blank\" rel=\"nofollow noopener\">dans le quartier P\u00e9rier (8e)<\/a>. \u00c0 deux pas de l\u2019avenue du Prado, les 17 logements (4 studios, 10 appartements de 3 et 4 pi\u00e8ces, 2 duplex de 3 et 4 pi\u00e8ces et 1 duplex 5 pi\u00e8ces avec rooftop) du Gabriel remplaceront un b\u00e2timent existant.<\/p>\n<p>Les op\u00e9rations de d\u00e9molition et reconstruction sont en cours pour une livraison estim\u00e9e \u00e0 la fin\u00a02027. \u00ab\u00a0Nous pensons nos programmes selon le principe de l\u2019intelligence immobili\u00e8re constructive,\u00a0rel\u00e8ve le pr\u00e9sident de Palauma Global Group, Philippe Bega. Que cela soit pour le secteur de l\u2019h\u00f4tellerie, pour les bureaux ou pour le r\u00e9sidentiel, nous nous effor\u00e7ons d\u2019\u00e9tudier tous les \u00e9l\u00e9ments de la vie et la meilleure valeur d\u2019usage.\u00a0\u00bb<\/p>\n","protected":false},"excerpt":{"rendered":"Cr\u00e9\u00e9 \u00e0 Marseille en 2021 de la rencontre entre Philippe Bega et Eyal Bompuis, Palauma Global Group est&hellip;\n","protected":false},"author":2,"featured_media":268954,"comment_status":"","ping_status":"","sticky":false,"template":"","format":"standard","meta":{"footnotes":""},"categories":[2814],"tags":[17,1111,11,1777,674,1011,27,7211,23345,1116,884,12,40816,468,5240,882,16,25],"class_list":{"0":"post-268953","1":"post","2":"type-post","3":"status-publish","4":"format-standard","5":"has-post-thumbnail","7":"category-marseille","8":"tag-17","9":"tag-actu","10":"tag-actualites","11":"tag-eu","12":"tag-europe","13":"tag-fr","14":"tag-france","15":"tag-gabriel","16":"tag-habiter","17":"tag-immobilier","18":"tag-marseille","19":"tag-news","20":"tag-perier","21":"tag-pret","22":"tag-programme","23":"tag-provence-alpes-cote-dazur","24":"tag-region","25":"tag-republique-francaise"},"share_on_mastodon":{"url":"https:\/\/pubeurope.com\/@fr\/114904663545339649","error":""},"_links":{"self":[{"href":"https:\/\/www.europesays.com\/fr\/wp-json\/wp\/v2\/posts\/268953","targetHints":{"allow":["GET"]}}],"collection":[{"href":"https:\/\/www.europesays.com\/fr\/wp-json\/wp\/v2\/posts"}],"about":[{"href":"https:\/\/www.europesays.com\/fr\/wp-json\/wp\/v2\/types\/post"}],"author":[{"embeddable":true,"href":"https:\/\/www.europesays.com\/fr\/wp-json\/wp\/v2\/users\/2"}],"replies":[{"embeddable":true,"href":"https:\/\/www.europesays.com\/fr\/wp-json\/wp\/v2\/comments?post=268953"}],"version-history":[{"count":0,"href":"https:\/\/www.europesays.com\/fr\/wp-json\/wp\/v2\/posts\/268953\/revisions"}],"wp:featuredmedia":[{"embeddable":true,"href":"https:\/\/www.europesays.com\/fr\/wp-json\/wp\/v2\/media\/268954"}],"wp:attachment":[{"href":"https:\/\/www.europesays.com\/fr\/wp-json\/wp\/v2\/media?parent=268953"}],"wp:term":[{"taxonomy":"category","embeddable":true,"href":"https:\/\/www.europesays.com\/fr\/wp-json\/wp\/v2\/categories?post=268953"},{"taxonomy":"post_tag","embeddable":true,"href":"https:\/\/www.europesays.com\/fr\/wp-json\/wp\/v2\/tags?post=268953"}],"curies":[{"name":"wp","href":"https:\/\/api.w.org\/{rel}","templated":true}]}}