{"id":268955,"date":"2025-07-23T21:26:13","date_gmt":"2025-07-23T21:26:13","guid":{"rendered":"https:\/\/www.europesays.com\/fr\/268955\/"},"modified":"2025-07-23T21:26:13","modified_gmt":"2025-07-23T21:26:13","slug":"aux-racines-de-malaka-le-duo-solaire-qui-a-seduit-le-woodstower","status":"publish","type":"post","link":"https:\/\/www.europesays.com\/fr\/268955\/","title":{"rendered":"Aux racines de Malaka,\u00a0le duo solaire qui a s\u00e9duit le Woodstower"},"content":{"rendered":"<p><strong>Laurina et Sacha Mo\u00efsa, 24 et 22 ans, sont s\u0153urs. Les voix des deux Roannaises donnent vie \u00e0 Malaka, un projet musical qui a germ\u00e9 au cours de l\u2019ennuyeux confinement. Ce 18 avril, elles se sont produites sur la \u00ab\u00a0Sc\u00e8ne Rh\u00f4ne\u00a0\u00bb du Festival Woodstower, dont la 26\u00e8me \u00e9dition a troqu\u00e9 le parc Miribel-Jonage pour celui de Gerland. Le tandem afro-soul se livre sur son aventure artistique, quelques heures apr\u00e8s avoir salu\u00e9 son public lyonnais.<\/strong><\/p>\n<p class=\"has-text-align-center\">Retranscription<\/p>\n<p><strong>LBB\u00a0: Bonjour Sacha, bonjour Laurina. Au <\/strong><strong>Lyon Bondy Blog, on a eu la chance de d\u00e9couvrir Malaka \u00e0 l\u2019occasion de cette nouvelle \u00e9dition du Woodstower. Comment d\u00e9cririez-vous votre univers musical \u00e0 des lectrices ou des lecteurs qui ne vous conna\u00eetraient pas encore ?<\/strong><\/p>\n<p><strong>Laurina\u00a0: <\/strong>On est un duo. Un duo de s\u0153urs, je pense que \u00e7a compte un peu. On aime dire qu\u2019on fait de la soul, parce qu\u2019on fait une musique qui nous touche vraiment. On la fait avec notre \u00e2me, c\u2019est hyper important pour nous. Et en m\u00eame temps, on fait une musique qui est de plus en plus rythm\u00e9e, avec des rythmes afro, un batteur, des percussions, etc. On se dit afro-soul.<\/p>\n<p><strong>Sacha\u00a0:<\/strong> C\u2019est tr\u00e8s organique, parce qu\u2019on n\u2019a pas grand-chose sur sc\u00e8ne. Il n\u2019y a pas de bande, c\u2019est une musique tr\u00e8s sobre.<\/p>\n<p><strong>LBB\u00a0: Vous l\u2019avez \u00e9voqu\u00e9, vous \u00eates un duo, mais pas n\u2019importe lequel. Qu\u2019est-ce que le fait d\u2019\u00eatre s\u0153urs vous apporte artistiquement\u00a0? Et comment la musique a-t-elle pu nourrir votre relation\u00a0?<\/strong><\/p>\n<p><strong>Laurina\u00a0: <\/strong>On est hyper compl\u00e9mentaires sur sc\u00e8ne, parce qu\u2019on sait que si l\u2019une est f\u00e9brile, l\u2019autre\u2026 C\u2019est d\u2019ailleurs toujours le cas, en r\u00e9alit\u00e9.<\/p>\n<p><strong>Sacha\u00a0: <\/strong>Toujours.<\/p>\n<p><strong>Laurina (\u00e0 Sacha)\u00a0: <\/strong>Par exemple, hier, je n\u2019\u00e9tais pas bien, tu allais bien. Aujourd\u2019hui, tu n\u2019allais pas bien, j\u2019allais bien. On se compense.<\/p>\n<p><strong>Sacha\u00a0: <\/strong>C\u2019est vraiment un \u00e9quilibre sur sc\u00e8ne. On sait o\u00f9 l\u2019autre va aller. On a tellement v\u00e9cu tout le temps ensemble, on se conna\u00eet tellement par c\u0153ur, qu\u2019il y a un truc hyper naturel. Il n\u2019y a pas de questions \u00e0 se poser quand on est toutes les deux. Franchement, je souhaite \u00e9norm\u00e9ment de courage aux personnes qui sont toutes seules sur sc\u00e8ne parce qu\u2019\u00eatre \u00e0 deux, c\u2019est tellement simple. Je ne suis jamais seule, personnellement, et \u00e7a me donne plein de force. Mais dans la composition, dans l\u2019\u00e9criture, on est hyper solitaires. Pour le coup, c\u2019est vraiment chacune de son c\u00f4t\u00e9. L\u00e0, petit \u00e0 petit, on commence \u00e0 composer avec des nouveaux artistes, des compositeurs, donc on commence \u00e0 apprendre \u00e0 partager ce moment aussi. C\u2019est plus compliqu\u00e9, parce que c\u2019est un truc un peu introspectif, mais on s\u2019y plonge, et c\u2019est tr\u00e8s cool.<\/p>\n<p><strong>LBB\u00a0: Sur sc\u00e8ne, vous avez mentionn\u00e9 votre p\u00e8re, qui dansait le zouk seul dans votre cuisine. Quelle place prennent l\u2019h\u00e9ritage familial et, plus largement, vos racines antillaises dans votre processus cr\u00e9atif ?<\/strong><\/p>\n<p><strong>Laurina\u00a0: <\/strong>On a toujours \u00e9t\u00e9 tr\u00e8s famille.<\/p>\n<p><strong>Sacha\u00a0:<\/strong> Tr\u00e8s, tr\u00e8s famille.<\/p>\n<p><strong>Laurina\u00a0: <\/strong>On adore notre famille, on est tous tr\u00e8s proches. D\u2019ailleurs, c\u2019est notre s\u0153ur qui g\u00e8re le management. C\u2019est dans cet univers qu\u2019on a grandi. J\u2019ai l\u2019impression qu\u2019on a grandi dans une maison qui nous a un peu tout appris, dans le sens o\u00f9 on avait toujours de la musique. Notre p\u00e8re joue des percussions, notre m\u00e8re peint, notre s\u0153ur dessine\u2026 On a plein d\u2019artistes, qui ne nous ont pas forc\u00e9ment appris la musique, parce que ce n\u2019est pas purement de la musique, mais qui nous ont\u2026<\/p>\n<p><strong>Sacha\u00a0:<\/strong> Plong\u00e9es dans un univers.<\/p>\n<p><strong>Laurina\u00a0:<\/strong> Et qui nous ont amen\u00e9es \u00e0\u2026 Qui nous laissaient explorer.<\/p>\n<p><strong>Sacha\u00a0:<\/strong> Il y a aussi le fait que notre maman est m\u00e9tropolitaine et notre papa Guadeloup\u00e9en, puisque tu parlais de racines. Nous, on est n\u00e9es en Guadeloupe, mais on est rentr\u00e9es tr\u00e8s t\u00f4t. On a vraiment grandi en M\u00e9tropole, donc on essaye petit \u00e0 petit, c\u2019est un combat qu\u2019on m\u00e8ne, de retrouver et red\u00e9couvrir cette partie de nous qu\u2019on a un peu laiss\u00e9e tomber pendant toutes ces ann\u00e9es. On se rend compte qu\u2019il y a \u00e9norm\u00e9ment \u00e0 creuser, il y a tellement de choses. On y est retourn\u00e9es en novembre et \u00e7a nous a tellement inspir\u00e9es. Tout dans cette culture est\u2026 \u00c7a vient d\u2019en bas, et \u00e7a nous procure plein de choses.<\/p>\n<p><strong>Laurina\u00a0:<\/strong> Puis c\u2019est un peu myst\u00e9rieux, parce qu\u2019on n\u2019en parle pas en M\u00e9tropole. On ne conna\u00eet pas la culture cr\u00e9ole.<\/p>\n<p><strong>Sacha\u00a0:<\/strong> Tout est \u00e0 d\u00e9couvrir.<\/p>\n<p><strong>LBB\u00a0: Justement, \u00ab\u00a0Malaka\u00a0\u00bb est un nom charg\u00e9 de sens. Est-ce que vous pouvez nous en dire un peu plus sur ce choix ?<\/strong><\/p>\n<p><strong>Laurina\u00a0:<\/strong> Quand on allait en Guadeloupe en famille, on avait l\u2019habitude de manger ce fruit\u2011l\u00e0. C\u2019est comme une petite poire qu\u2019on appelle une pomme d\u2019eau, il y en a dans plusieurs pays tropicaux. On s\u2019\u00e9tait toujours dit, avec notre famille, qu\u2019on ferait un truc avec ce nom \u00ab\u00a0malaka\u00a0\u00bb, parce qu\u2019on le trouvait trop beau. Et quand on a d\u00e9cid\u00e9 de faire de la musique, on l\u2019a pris.<\/p>\n<p><strong>LBB\u00a0: Et la danse, dans tout \u00e7a ? En quoi l\u2019int\u00e9grer \u00e0 vos concerts fait sens pour vous\u00a0? Est-ce quelque chose que vous voulez continuer de proposer \u00e0 votre public\u00a0?<\/strong><\/p>\n<p><strong>Laurina\u00a0:<\/strong> Au plus possible, oui.<\/p>\n<p><strong>Sacha\u00a0:<\/strong> Oui. La danse, personnellement, c\u2019est vraiment ma\u2026<\/p>\n<p><strong>Laurina\u00a0: <\/strong>Ton moyen de communication.<\/p>\n<p><strong>Sacha\u00a0: <\/strong>C\u2019est \u00e7a, c\u2019est mon moyen de communication. J\u2019ai commenc\u00e9 \u00e0 danser sur de l\u2019Aya Nakamura, elle m\u2019a vraiment faite bouger dans ma chambre. Et depuis, j\u2019ai tellement envie de retransmettre \u00e7a. On a un espace \u00e9norme sur sc\u00e8ne et\u2026 Chanter, c\u2019est toute ma vie, mais je sais que danser, le mouvement du corps, \u00e7a va ensemble. C\u2019est \u00e7a, la musique. \u00c7a passe de partout. J\u2019ai envie de faire de la musique qui me fasse danser, qui me fasse bouger, et j\u2019ai envie qu\u2019on vibre encore plus.<\/p>\n<p><strong>Laurina\u00a0: <\/strong>Tout le travail va \u00eatre de savoir comment on veut avancer, si on veut rester compl\u00e8tement organiques et acoustiques. Mais \u00e7a nous limite, parce qu\u2019on est oblig\u00e9es de jouer et on ne peut pas danser. Maintenant, le travail est de savoir ce qu\u2019on est pr\u00eates \u00e0 laisser.<\/p>\n<p><strong>Sacha\u00a0: <\/strong>Question d\u2019organisation, mais \u00e7a va se faire.<\/p>\n<p><strong>Laurina\u00a0: <\/strong>\u00c7a va se faire.<\/p>\n<p><strong>LBB\u00a0: Vous l\u2019avez \u00e9galement \u00e9voqu\u00e9 sur sc\u00e8ne, vous ne travaillez pas seules. Vous avez \u00e0 vos c\u00f4t\u00e9s votre batteur Timoth\u00e9e Faure. Comment cette connexion avec lui\u00a0a-t-elle pris forme ?<\/strong><\/p>\n<p><strong>Sacha\u00a0: <\/strong>En fait, on s\u2019est rencontr\u00e9s dans la rue. \u00c7a n\u2019a aucun sens. On \u00e9tait toutes les deux en train de jouer dans un bar, sur un trottoir, avec une guitare. Il avait sa calebasse sur le dos, il s\u2019est arr\u00eat\u00e9 \u00e0 v\u00e9lo et il nous a dit \u00ab waouh, j\u2019ai envie de faire de la musique avec vous \u00bb.<\/p>\n<p><strong>Laurina\u00a0:<\/strong> C\u2019\u00e9tait il y a cinq ou six ans.<\/p>\n<p><strong>Sacha\u00a0: <\/strong>On a pass\u00e9 trois ans sans se voir et, un jour, on lui a demand\u00e9 de venir faire un duo, de poser sur notre son. Depuis, on ne s\u2019est plus l\u00e2ch\u00e9s. C\u2019est s\u00fbr qu\u2019on est un duo parce qu\u2019on est s\u0153urs et qu\u2019on nous vend comme \u00e7a, mais on a vraiment une \u00e9quipe qui nous entoure. On est avec lui sur sc\u00e8ne, on a notre technicien, on a notre s\u0153ur. On a des \u00e9quipes incroyables derri\u00e8re qui nous boostent \u00e9norm\u00e9ment. C\u2019est une famille, voil\u00e0. On a toujours \u00e9t\u00e9 tr\u00e8s famille et \u00e7a se retrouve dans notre \u00e9quipe, dans notre travail. C\u2019est aussi pour \u00e7a qu\u2019on se sent bien.<\/p>\n<p><strong>LBB\u00a0: Vous avez m\u00eame r\u00e9cemment fait votre premier featuring. Avec votre single Ulo en collaboration avec <a href=\"https:\/\/lyonbondyblog.fr\/LBB\/festival-woodstower-24-une-soiree-multi-pass\/\" target=\"_blank\" rel=\"noopener\">Flavia Coelho<\/a>, vous avez donn\u00e9 \u00e0 vos auditrices et auditeurs un avant\u2011go\u00fbt de Mang, votre deuxi\u00e8me EP, qui sortira en novembre. Quelques mots pour d\u00e9crire ce projet\u00a0\u00e0 venir\u00a0?<\/strong><\/p>\n<p><strong>Sacha\u00a0: <\/strong>Je dirais \u00ab\u00a0ancr\u00e9\u00a0\u00bb.<\/p>\n<p><strong>Laurina\u00a0: <\/strong>Oui, de fou. Moi, j\u2019allais dire \u00ab\u00a0plus profond\u00a0\u00bb. Comme si l\u00e0 on avait\u2026 C\u2019est pas un mot du tout, mais c\u2019est comme si notre premier EP \u00e9tait \u00e0 la surface du sol, et l\u00e0, avec le deuxi\u00e8me, on va un petit peu plus profond sous la terre. On voit vraiment notre recherche de racines.<\/p>\n<p><strong>Sacha\u00a0: <\/strong>On revient toujours aux racines.<\/p>\n<p><strong>LBB\u00a0: Et cette collaboration avec Flavia Coelho, comment s\u2019est-elle pass\u00e9e\u00a0?<\/strong><\/p>\n<p><strong>Sacha\u00a0: <\/strong>\u00c7a s\u2019est super bien pass\u00e9. Elle est douce\u2026<\/p>\n<p><strong>Laurina\u00a0: <\/strong>Elle est incroyable.<\/p>\n<p><strong>Sacha\u00a0:<\/strong> C\u2019est vraiment un soleil. On avait fait deux de ses premi\u00e8res parties, on s\u2019\u00e9tait rencontr\u00e9es sur sc\u00e8ne et elle \u00e9tait vraiment adorable. On s\u2019est dit que \u00e7a pourrait carr\u00e9ment coller avec son univers, donc on lui a propos\u00e9, elle a directement accept\u00e9. On l\u2019a rencontr\u00e9e \u00e0 Paris, on a \u00e9crit et c\u2019\u00e9tait trop bien. Soleil du Br\u00e9sil, soleil de la Guadeloupe\u2026 \u00c7a matche vraiment. N\u2019h\u00e9sitez pas avec ce combo. On est tr\u00e8s contentes. \u00c7a fait plaisir, c\u2019est notre premier vrai feat.<\/p>\n<p><strong>Laurina\u00a0: <\/strong>Premier vrai feat.<\/p>\n<p><strong>Sacha\u00a0: <\/strong>Si \u00e7a commence par Flavia, qu\u2019est-ce qui va nous arriver apr\u00e8s ?<\/p>\n<p><strong>LBB\u00a0: Y a-t-il d\u2019autres artistes avec qui vous aimeriez travailler \u00e0 l\u2019avenir\u00a0? Peut-\u00eatre m\u00eame qu\u2019il y a d\u2019autres collaborations dans ce deuxi\u00e8me EP que vous pourriez nous d\u00e9voiler.<\/strong><\/p>\n<p><strong>Laurina\u00a0: <\/strong>C\u2019est pas un secret, parce qu\u2019on n\u2019en a vraiment pas du tout.<\/p>\n<p><strong>Sacha\u00a0:<\/strong> Mais on s\u2019est d\u00e9j\u00e0 pos\u00e9 cette question.<\/p>\n<p><strong>Laurina\u00a0:<\/strong><strong> <\/strong>Oui. On sait qu\u2019il y a des artistes avec qui on aimerait collaborer, mais\u2026 \u00c0 cette question, on aime r\u00e9pondre que non. Il y a tellement de gens avec qui on aimerait, mais avec qui \u00e7a ne marcherait pas, et tellement de gens avec qui on ne l\u2019imaginerait m\u00eame pas, mais avec qui \u00e7a marcherait. On essaye de ne pas se fixer sur des artistes, juste de se dire que tout ce qui vient est cool. Flavia, ce n\u2019\u00e9tait pas du tout pr\u00e9vu. On nous a dit, un jour, \u00ab\u00a0vous ne voudriez pas faire un feat avec quelqu\u2019un ?\u00a0\u00bb. Si. \u00ab\u00a0Flavia\u00a0?\u00a0\u00bb. Oui, carr\u00e9ment. Au final, c\u2019est un truc qui s\u2019est fait hyper naturellement. Et c\u2019est ce qu\u2019on aime, le naturel.<\/p>\n<p><strong>Sacha\u00a0:<\/strong> Oui, le feeling dans les feats. Le partage. Toutes les personnes qui arrivent sur notre chemin, c\u2019est au bon moment, c\u2019est les bonnes.<\/p>\n<p><strong>Laurina\u00a0:<\/strong> Tant qu\u2019il y a du feeling et du naturel, c\u2019est cool.<\/p>\n<p><strong>LBB\u00a0: C\u2019\u00e9tait notre derni\u00e8re question, merci beaucoup \u00e0 toutes les deux.<\/strong><\/p>\n<p><strong>Sacha\u00a0: <\/strong>Merci \u00e0 vous\u00a0!<\/p>\n<p><strong>Laurina\u00a0:<\/strong><strong> <\/strong>Merci\u00a0!<\/p>\n<\/p>\n<p>Interview r\u00e9alis\u00e9e par <strong>Jade Dupond<\/strong> et <strong>Cecilia Adri\u00e1n Tonetti<\/strong>, retranscrite par <strong>Cecilia Adri\u00e1n Tonetti<\/strong>.<\/p>\n","protected":false},"excerpt":{"rendered":"Laurina et Sacha Mo\u00efsa, 24 et 22 ans, sont s\u0153urs. Les voix des deux Roannaises donnent vie \u00e0&hellip;\n","protected":false},"author":2,"featured_media":268956,"comment_status":"","ping_status":"","sticky":false,"template":"","format":"standard","meta":{"footnotes":""},"categories":[1889],"tags":[32852,1111,11,40817,33446,3734,2937,40818,29354,2430,891,1695,40819,1697,33447,251,5972,12610,2883,1777,674,4651,849,33282,3881,1011,27,5303,2705,6142,18100,2173,40820,820,2428,40821,873,12,4166,40822,3239,40823,25,7347,3610,37263],"class_list":{"0":"post-268955","1":"post","2":"type-post","3":"status-publish","4":"format-standard","5":"has-post-thumbnail","7":"category-lyon","8":"tag-acoustique","9":"tag-actu","10":"tag-actualites","11":"tag-afro-soul","12":"tag-antilles","13":"tag-art","14":"tag-artistes","15":"tag-artistes-locaux","16":"tag-artistique","17":"tag-auvergne-rhone-alpes","18":"tag-batterie","19":"tag-chanson","20":"tag-chanter","21":"tag-concert","22":"tag-creole","23":"tag-culture","24":"tag-danse","25":"tag-duo","26":"tag-ete","27":"tag-eu","28":"tag-europe","29":"tag-femmes","30":"tag-festival","31":"tag-flavia-coelho","32":"tag-folk","33":"tag-fr","34":"tag-france","35":"tag-gerland","36":"tag-groupe","37":"tag-guadeloupe","38":"tag-guitare","39":"tag-interview","40":"tag-jeunes-artistes","41":"tag-live","42":"tag-lyon","43":"tag-malaka","44":"tag-musique","45":"tag-news","46":"tag-outre-mer","47":"tag-percussions","48":"tag-performance","49":"tag-racines","50":"tag-republique-francaise","51":"tag-scene","52":"tag-soul","53":"tag-woodstower"},"share_on_mastodon":{"url":"","error":"Validation failed: Text character limit of 500 exceeded"},"_links":{"self":[{"href":"https:\/\/www.europesays.com\/fr\/wp-json\/wp\/v2\/posts\/268955","targetHints":{"allow":["GET"]}}],"collection":[{"href":"https:\/\/www.europesays.com\/fr\/wp-json\/wp\/v2\/posts"}],"about":[{"href":"https:\/\/www.europesays.com\/fr\/wp-json\/wp\/v2\/types\/post"}],"author":[{"embeddable":true,"href":"https:\/\/www.europesays.com\/fr\/wp-json\/wp\/v2\/users\/2"}],"replies":[{"embeddable":true,"href":"https:\/\/www.europesays.com\/fr\/wp-json\/wp\/v2\/comments?post=268955"}],"version-history":[{"count":0,"href":"https:\/\/www.europesays.com\/fr\/wp-json\/wp\/v2\/posts\/268955\/revisions"}],"wp:featuredmedia":[{"embeddable":true,"href":"https:\/\/www.europesays.com\/fr\/wp-json\/wp\/v2\/media\/268956"}],"wp:attachment":[{"href":"https:\/\/www.europesays.com\/fr\/wp-json\/wp\/v2\/media?parent=268955"}],"wp:term":[{"taxonomy":"category","embeddable":true,"href":"https:\/\/www.europesays.com\/fr\/wp-json\/wp\/v2\/categories?post=268955"},{"taxonomy":"post_tag","embeddable":true,"href":"https:\/\/www.europesays.com\/fr\/wp-json\/wp\/v2\/tags?post=268955"}],"curies":[{"name":"wp","href":"https:\/\/api.w.org\/{rel}","templated":true}]}}