{"id":268957,"date":"2025-07-23T21:27:15","date_gmt":"2025-07-23T21:27:15","guid":{"rendered":"https:\/\/www.europesays.com\/fr\/268957\/"},"modified":"2025-07-23T21:27:15","modified_gmt":"2025-07-23T21:27:15","slug":"gala-trip-la-cour-des-loges-un-joyau-de-la-renaissance-niche-au-coeur-de-lyon","status":"publish","type":"post","link":"https:\/\/www.europesays.com\/fr\/268957\/","title":{"rendered":"GALA TRIP &#8211; La Cour des loges, un joyau de la Renaissance nich\u00e9 au c\u0153ur de Lyon"},"content":{"rendered":"<p>    Un aper\u00e7u de La Grande Cour, pi\u00e8ce principale de La Cour des Loges, h\u00f4tel cinq \u00e9toiles situ\u00e9 au c\u0153ur du Vieux-Lyon.<br \/>\n                Agence Camille Carlier<\/p>\n<p class=\"fig-standfirst\">Situ\u00e9 au c\u0153ur du Vieux-Lyon, l\u2019h\u00f4tel La Cour des Loges a r\u00e9ouvert ses portes en juin dernier, apr\u00e8s trente mois de travaux. Cette adresse cinq \u00e9toiles, qui allie charme de la Renaissance et confort contemporain, a subi une m\u00e9tamorphose entreprise par Radisson Hotel Group et s\u2019appr\u00eate d\u00e9sormais \u00e0 \u00e9crire un nouveau chapitre de son histoire. Visite guid\u00e9e.<\/p>\n<p class=\"fig-paragraph\">Depuis la rue pav\u00e9e, rien ne laisse pr\u00e9sager qu\u2019un tel joyau se cache derri\u00e8re les murs de\u00a0<a href=\"https:\/\/courdesloges.com\/fr\/\" target=\"_blank\" rel=\"nofollow noopener\" data-gtm-custom-categorie=\"navigation\" data-gtm-custom-action=\"crossclick\" data-gtm-custom-label=\"Contextuel\" data-gtm-event=\"customEventSPE\">La Cour des Loges Lyon, a Radisson Collection Hotel.<\/a>\u00a0\u00c0 l\u2019abri des regards indiscrets, se niche un sublime \u00e9difice de 5000 m2, datant de la Renaissance. Une adresse ultra-confidentielle qui a r\u00e9ouvert ses portes d\u00e9but juin, apr\u00e8s trente mois de travaux, n\u00e9cessaires \u00e0 faire revivre ce complexe historique qui donne l\u2019impression de ne pas avoir pris une ride. Situ\u00e9 au c\u0153ur du quartier touristique du Vieux-Lyon, class\u00e9 au Patrimoine Mondial de l\u2019UNESCO, ce lieu qui se d\u00e9coupe en plusieurs parties vient conjuguer le charme de l\u2019ancien et l\u2019art de vivre contemporain.<\/p>\n<p class=\"fig-paragraph\">Premi\u00e8re adresse fran\u00e7aise Radisson Collection, prestigieuse marque du Radisson Hotel Group, la r\u00e9novation de La Cour des Loges Lyon a \u00e9t\u00e9 confi\u00e9e au cabinet d\u2019architecte Cecile Remond Archipatrimoine &amp; Developpement, qui s\u2019est attel\u00e9 \u00e0 respecter l\u2019h\u00e9ritage de ce lieu empreint d\u2019histoire tout en y ajoutant une sophistication contemporaine pour r\u00e9pondre aux codes de l\u2019h\u00f4tellerie de luxe. Un mariage parfait qui permet \u00e0 cette p\u00e9pite lyonnaise de se d\u00e9marquer des cinq \u00e9toiles classiques.<\/p>\n<p>    La Grand Cour<br \/>\n                Agence Camille Carlier &#8211; Alexandra Battut<\/p>\n<p>                                    <a class=\"fig-a11y-skip a11y-hidden\" href=\"#fig-a11y-skip-main-inarticle\"><br \/>\n        Passer la publicit\u00e9<br \/>\n    <\/a><\/p>\n<p>Un voyage dans le temps<\/p>\n<p class=\"fig-paragraph\">D\u00e8s lors que l\u2019on p\u00e9n\u00e8tre dans La Grande Cour, noyau central de La Cour des Loges Lyon, a Radisson Collection Hotel, le voyage dans le temps est imm\u00e9diat. Au centre, on est frapp\u00e9 par la majestueuse verri\u00e8re de 17 m\u00e8tres de haut, dont l\u2019assemblage a \u00e9t\u00e9 pos\u00e9 au millim\u00e8tre pr\u00e8s par une grue sur le haut du b\u00e2timent. Mais si l\u2019ensemble est rest\u00e9 en l\u2019\u00c9tat, celui-ci n\u2019a pas toujours \u00e9t\u00e9 un h\u00f4tel. Ancienne demeure de marchands italiens, le lieu s\u2019est ensuite transform\u00e9 en coll\u00e8ge j\u00e9suite, r\u00e9sidence priv\u00e9e, avant d\u2019\u00eatre sublim\u00e9 en un h\u00f4tel de charme ouvert en 1987. Coursives, escaliers en fer \u00e0 cheval ou \u00e0 vis datant du 16e si\u00e8cle, enduit \u00e0 la chaux&#8230; Les traces du pass\u00e9 sont intactes et magnifient les lieux, faisant ainsi rayonner le patrimoine lyonnais.<\/p>\n<p>    Un aper\u00e7u des escaliers de La Cour des Loges.<br \/>\n                Radisson Hotel Group<\/p>\n<p>L\u2019immersion se poursuit dans les chambres<\/p>\n<p class=\"fig-paragraph\">La d\u00e9coration des 61 chambres et suites dont dispose La Cour des Loges Lyon, a Radisson Collection Hotel a elle aussi \u00e9t\u00e9 soigneusement \u00e9tudi\u00e9e. \u00c0 l\u2019int\u00e9rieur de celles-ci, on retrouve l\u00e0 encore des mat\u00e9riaux nobles d\u2019\u00e9poque m\u00eal\u00e9s \u00e0 des touches plus contemporaines, avec des plafonds \u00e0 la fran\u00e7aise en bois apparent, des dorures ou encore des t\u00eates de lit peintes comme des tableaux anciens. Un parfait alliage entre l\u2019Histoire et le luxe moderne, qui saura ravir les voyageurs en qu\u00eate d\u2019immersion.<\/p>\n<p>    L\u2019une des chambres de la Collection Premium \u00e0 La Cour des Loges.<br \/>\n                Radisson Hotel Group<\/p>\n<p>    Les t\u00eates de lit peintes comme des tableaux anciens.<br \/>\n                Agence Camille Carlier &#8211; Alexandra Battut<\/p>\n<p>Une cuisine du potager bonifi\u00e9e<\/p>\n<p class=\"fig-paragraph\">En mai dernier, les deux restaurants dont dispose l\u2019h\u00f4tel, ont eux aussi r\u00e9ouvert leurs portes. Accol\u00e9 \u00e0 La Cour des Loges Lyon, a Radisson Collection Hotel,\u00a0<a href=\"https:\/\/courdesloges.com\/fr\/restaurant-rue-du-boeuf-lyon.html\" target=\"_blank\" rel=\"nofollow noopener\" data-gtm-custom-categorie=\"navigation\" data-gtm-custom-action=\"crossclick\" data-gtm-custom-label=\"Contextuel\" data-gtm-event=\"customEventSPE\">Le Comptoir<\/a>\u00a0propose une cuisine bistronomique de produits frais, locaux et de saison, \u00e0 des prix relativement abordables (comptez une vingtaine d\u2019euros pour un plat), afin d\u2019attirer une plus large client\u00e8le. En peu de temps, l\u2019adresse est devenue le QG de plusieurs commer\u00e7ants de la rue, dont certains s\u2019y rendent m\u00eame plusieurs fois par semaine.<\/p>\n<p>    Une vue d\u2019ensemble de la \u00abterrasse\u00bb du restaurant Les Loges.<br \/>\n                NICOLAS VILLION<\/p>\n<p>    L\u2019un des plats propos\u00e9s par le chef Anthony Bonnet \u00e0 la carte des Loges.<br \/>\n                NICOLAS VILLION<\/p>\n<p class=\"fig-paragraph\">Au milieu de la cour florentine int\u00e9rieure de La Cour des Loges, se trouve la \u00abterrasse\u00bb des Loges, le restaurant gastronomique chapeaut\u00e9 par Anthony Bonnet. D\u00e9fenseur d\u2019une gastronomie engag\u00e9e et respectueuse de l\u2019environnement, le chef travaille met un point d\u2019honneur \u00e0 travailler avec des producteurs locaux, dont certains qu\u2019il conna\u00eet personnellement. \u00abVous ne verrez jamais de Saint-Jacques ici\u00a0!\u00bb, souligne-t-il. Attach\u00e9 aux go\u00fbts de l\u2019enfance, il appr\u00e9cie les produits qui viennent de la terre, dont il part pour raconter une histoire \u00e0 chacun de ses plats. C\u00f4t\u00e9 tarifs, il faut compter 125 euros pour le menu en cinq services, 165 euros pour celui d\u00e9clin\u00e9 en huit parties. Vous ne le regretterez pas\u00a0!<\/p>\n<p class=\"fig-paragraph\">R\u00e9servations et informations\u00a0:\u00a0<br \/>La Cour des Loges, A Radisson Collection Hotel, 6 rue du Boeuf, Lyon 69005.\u00a0<br \/>04 72 77 44 44<br \/><a href=\"https:\/\/courdesloges.com\/fr\/\" target=\"_blank\" rel=\"nofollow noopener\" data-gtm-custom-categorie=\"navigation\" data-gtm-custom-action=\"crossclick\" data-gtm-custom-label=\"Contextuel\" data-gtm-event=\"customEventSPE\">https:\/\/courdesloges.com\/fr\/<\/a><\/p>\n","protected":false},"excerpt":{"rendered":"Un aper\u00e7u de La Grande Cour, pi\u00e8ce principale de La Cour des Loges, h\u00f4tel cinq \u00e9toiles situ\u00e9 au&hellip;\n","protected":false},"author":2,"featured_media":268958,"comment_status":"","ping_status":"","sticky":false,"template":"","format":"standard","meta":{"footnotes":""},"categories":[1889],"tags":[1111,11,2430,1777,674,1011,27,1661,190,2428,12,25,1340,602],"class_list":{"0":"post-268957","1":"post","2":"type-post","3":"status-publish","4":"format-standard","5":"has-post-thumbnail","7":"category-lyon","8":"tag-actu","9":"tag-actualites","10":"tag-auvergne-rhone-alpes","11":"tag-eu","12":"tag-europe","13":"tag-fr","14":"tag-france","15":"tag-gastronomie","16":"tag-hotel","17":"tag-lyon","18":"tag-news","19":"tag-republique-francaise","20":"tag-restaurant","21":"tag-tourisme"},"share_on_mastodon":{"url":"https:\/\/pubeurope.com\/@fr\/114904671372455730","error":""},"_links":{"self":[{"href":"https:\/\/www.europesays.com\/fr\/wp-json\/wp\/v2\/posts\/268957","targetHints":{"allow":["GET"]}}],"collection":[{"href":"https:\/\/www.europesays.com\/fr\/wp-json\/wp\/v2\/posts"}],"about":[{"href":"https:\/\/www.europesays.com\/fr\/wp-json\/wp\/v2\/types\/post"}],"author":[{"embeddable":true,"href":"https:\/\/www.europesays.com\/fr\/wp-json\/wp\/v2\/users\/2"}],"replies":[{"embeddable":true,"href":"https:\/\/www.europesays.com\/fr\/wp-json\/wp\/v2\/comments?post=268957"}],"version-history":[{"count":0,"href":"https:\/\/www.europesays.com\/fr\/wp-json\/wp\/v2\/posts\/268957\/revisions"}],"wp:featuredmedia":[{"embeddable":true,"href":"https:\/\/www.europesays.com\/fr\/wp-json\/wp\/v2\/media\/268958"}],"wp:attachment":[{"href":"https:\/\/www.europesays.com\/fr\/wp-json\/wp\/v2\/media?parent=268957"}],"wp:term":[{"taxonomy":"category","embeddable":true,"href":"https:\/\/www.europesays.com\/fr\/wp-json\/wp\/v2\/categories?post=268957"},{"taxonomy":"post_tag","embeddable":true,"href":"https:\/\/www.europesays.com\/fr\/wp-json\/wp\/v2\/tags?post=268957"}],"curies":[{"name":"wp","href":"https:\/\/api.w.org\/{rel}","templated":true}]}}