{"id":268959,"date":"2025-07-23T21:29:17","date_gmt":"2025-07-23T21:29:17","guid":{"rendered":"https:\/\/www.europesays.com\/fr\/268959\/"},"modified":"2025-07-23T21:29:17","modified_gmt":"2025-07-23T21:29:17","slug":"meteo-france-place-14-departements-dont-ceux-de-lile-de-france-en-vigilance-orange-pluie-inondation","status":"publish","type":"post","link":"https:\/\/www.europesays.com\/fr\/268959\/","title":{"rendered":"M\u00e9t\u00e9o-France place 14 d\u00e9partements, dont ceux de l\u2019\u00cele-de-France, en vigilance orange pluie-inondation"},"content":{"rendered":"<p>        <img decoding=\"async\" loading=\"lazy\" src=\"https:\/\/www.europesays.com\/fr\/wp-content\/uploads\/2025\/07\/54a5078_upload-1-bbwzqwnjzfqr-afp-20241017-36ka9u8-v2-midres-franceweatherflood.jpg\"  width=\"728\" height=\"409\" alt=\"Une bonne partie du bassin parisien est concern\u00e9e par de fortes pluies ces 23\u00a0et 24\u00a0juillet 2025. (photo d\u2019illustration)\"\/>  <\/p>\n<p>JOEL SAGET \/ AFP<\/p>\n<p>Une bonne partie du bassin parisien est concern\u00e9e par de fortes pluies ces 23\u00a0et 24\u00a0juillet 2025. (photo d\u2019illustration)<\/p>\n<p class=\"asset asset-text\">M\u00c9T\u00c9O &#8211; Vigilance accrue pour les prochaines heures. <a href=\"https:\/\/www.huffingtonpost.fr\/france\/article\/ces-donnees-de-meteo-france-illustrent-la-recurrence-d-evenements-meteorologiques-extremes-en-2024_252244.html\" target=\"_blank\" rel=\"noopener\">M\u00e9t\u00e9o-France<\/a> a plac\u00e9 ce mercredi 23\u00a0juillet, depuis 16h, une grande partie du bassin parisien en vigilance orange <a href=\"https:\/\/www.huffingtonpost.fr\/environnement\/video\/orages-dans-l-aude-et-les-pyrenees-orientales-les-images-impressionnantes-des-pluies-diluviennes_252538.html\" target=\"_blank\" rel=\"noopener\">pluies et inondations<\/a>. Cette alerte courre pour le moment jusqu\u2019au jeudi 24\u00a0juillet, 16h.<\/p>\n<p class=\"asset asset-text\">Dans son dernier bulletin, le service m\u00e9t\u00e9orologique annonce que 14\u00a0d\u00e9partements sont concern\u00e9s, en raison d\u2019un \u00ab\u00a0\u00e9pisode pluvio-orageux provoquant, par endroits, de tr\u00e8s forts cumuls de pr\u00e9cipitations\u00a0\u00bb. Il s\u2019agit de l\u2019Yonne, du Loiret, de l\u2019Aube, de l\u2019Eure-et-Loir, de la Marne, de l\u2019Aisne, de la Seine-et-Marne, de l\u2019Essonne, des Yvelines, du Val-d\u2019Oise et de Paris.<\/p>\n<p class=\"asset asset-text\">Si \u00e0 cette heure, \u00ab\u00a0les premi\u00e8res pluies orageuses concernent le bassin parisien, elles sont pour l\u2019instant d\u2019intensit\u00e9 mod\u00e9r\u00e9e\u00a0\u00bb. C\u2019est apr\u00e8s 22h ce mercredi que l\u2019\u00e9pisode pluvio-orageux devrait s\u2019intensifier. \u00c0 ce titre, \u00ab\u00a0des cumuls de 40 \u00e0 60\u00a0mm seront souvent atteints. Localement 80\u00a0mm sont possibles\u00a0\u00bb, avertit ainsi M\u00e9t\u00e9o-France.<\/p>\n<p> La lecture de ce contenu est susceptible d\u2019entra\u00eener un d\u00e9p\u00f4t de cookies de la part de l\u2019op\u00e9rateur tiers qui l\u2019h\u00e9berge. Compte-tenu des choix que vous avez exprim\u00e9s en mati\u00e8re de d\u00e9p\u00f4t de cookies, nous avons bloqu\u00e9 l\u2019affichage de ce contenu. Si vous souhaitez y acc\u00e9der, vous devez accepter la cat\u00e9gorie de cookies \u201cContenus tiers\u201d en cliquant sur le bouton ci-dessous. <\/p>\n<p> Lire la Vid\u00e9o        Nouvelle \u00ab\u00a0goutte froide\u00a0\u00bb    <\/p>\n<p class=\"asset asset-text\">Selon <a href=\"https:\/\/actualite.lachainemeteo.com\/alerte-meteo\/8659-pluies-abondantes-sur-le-bassin-parisien-cette-nuit\" target=\"_blank\" rel=\"noopener\" title=\"Nouvelle fen\u00eatre\">La Cha\u00eene M\u00e9t\u00e9o<\/a>, la perturbation est due \u00e0 une \u00ab\u00a0goutte froide\u00a0\u00bb, qui \u00ab\u00a0circule lentement sur la France ce mercredi et jeudi, du nord-ouest au bassin parisien puis au nord-est jeudi soir\u00a0\u00bb.<\/p>\n<p class=\"asset asset-text\">\u00ab\u00a0Plus que le caract\u00e8re orageux en lui-m\u00eame, ce sont les cumuls pluviom\u00e9triques importants qui seront susceptibles d\u2019entra\u00eener des perturbations, notamment en raison d\u2019un risque d\u2019inondations en milieu urbain\u00a0\u00bb, indique encore la cha\u00eene de t\u00e9l\u00e9vision, qui dit s\u2019attendre \u00e0 des cumuls de pluie similaires \u00e0 ceux partag\u00e9s par M\u00e9t\u00e9o-France.<\/p>\n<p class=\"asset asset-text\">En Outre-Mer, la Martinique est \u00e9galement concern\u00e9e par une vigilance orange pour risque de \u00ab\u00a0fortes pluies et orages\u00a0\u00bb jusqu\u2019\u00e0 jeudi matin, comme le rapporte <a href=\"https:\/\/la1ere.franceinfo.fr\/martinique\/la-martinique-en-vigilance-orange-fortes-pluies-et-orages-attendus-jusqu-a-jeudi-matin-1607346.html\" target=\"_blank\" rel=\"noopener\" title=\"Nouvelle fen\u00eatre\">La 1ere<\/a>.<\/p>\n<p> La lecture de ce contenu est susceptible d\u2019entra\u00eener un d\u00e9p\u00f4t de cookies de la part de l\u2019op\u00e9rateur tiers qui l\u2019h\u00e9berge. Compte-tenu des choix que vous avez exprim\u00e9s en mati\u00e8re de d\u00e9p\u00f4t de cookies, nous avons bloqu\u00e9 l\u2019affichage de ce contenu. Si vous souhaitez y acc\u00e9der, vous devez accepter la cat\u00e9gorie de cookies \u201cContenus tiers\u201d en cliquant sur le bouton ci-dessous. <\/p>\n<p> Lire la Vid\u00e9o        <\/p>\n<p class=\"asset asset-text\">\u00ab\u00a0Le ciel restera couvert ce mercredi, avec des \u00e9pisodes orageux et des rafales pouvant atteindre 80\u00a0km\/h<strong>\u00a0\u00bb<\/strong>, est-il indiqu\u00e9 par le m\u00e9dia local.<\/p>\n","protected":false},"excerpt":{"rendered":"JOEL SAGET \/ AFP Une bonne partie du bassin parisien est concern\u00e9e par de fortes pluies ces 23\u00a0et&hellip;\n","protected":false},"author":2,"featured_media":268960,"comment_status":"","ping_status":"","sticky":false,"template":"","format":"standard","meta":{"footnotes":""},"categories":[1592],"tags":[1111,11,1777,674,1011,27,662,40824,2487,2357,12,626,4459,25,27202],"class_list":{"0":"post-268959","1":"post","2":"type-post","3":"status-publish","4":"format-standard","5":"has-post-thumbnail","7":"category-ile-de-france","8":"tag-actu","9":"tag-actualites","10":"tag-eu","11":"tag-europe","12":"tag-fr","13":"tag-france","14":"tag-ile-de-france","15":"tag-innondation","16":"tag-meteo","17":"tag-meteo-france","18":"tag-news","19":"tag-paris","20":"tag-pluie","21":"tag-republique-francaise","22":"tag-vigilance-orange"},"share_on_mastodon":{"url":"https:\/\/pubeurope.com\/@fr\/114904679286250643","error":""},"_links":{"self":[{"href":"https:\/\/www.europesays.com\/fr\/wp-json\/wp\/v2\/posts\/268959","targetHints":{"allow":["GET"]}}],"collection":[{"href":"https:\/\/www.europesays.com\/fr\/wp-json\/wp\/v2\/posts"}],"about":[{"href":"https:\/\/www.europesays.com\/fr\/wp-json\/wp\/v2\/types\/post"}],"author":[{"embeddable":true,"href":"https:\/\/www.europesays.com\/fr\/wp-json\/wp\/v2\/users\/2"}],"replies":[{"embeddable":true,"href":"https:\/\/www.europesays.com\/fr\/wp-json\/wp\/v2\/comments?post=268959"}],"version-history":[{"count":0,"href":"https:\/\/www.europesays.com\/fr\/wp-json\/wp\/v2\/posts\/268959\/revisions"}],"wp:featuredmedia":[{"embeddable":true,"href":"https:\/\/www.europesays.com\/fr\/wp-json\/wp\/v2\/media\/268960"}],"wp:attachment":[{"href":"https:\/\/www.europesays.com\/fr\/wp-json\/wp\/v2\/media?parent=268959"}],"wp:term":[{"taxonomy":"category","embeddable":true,"href":"https:\/\/www.europesays.com\/fr\/wp-json\/wp\/v2\/categories?post=268959"},{"taxonomy":"post_tag","embeddable":true,"href":"https:\/\/www.europesays.com\/fr\/wp-json\/wp\/v2\/tags?post=268959"}],"curies":[{"name":"wp","href":"https:\/\/api.w.org\/{rel}","templated":true}]}}