{"id":268961,"date":"2025-07-23T21:30:10","date_gmt":"2025-07-23T21:30:10","guid":{"rendered":"https:\/\/www.europesays.com\/fr\/268961\/"},"modified":"2025-07-23T21:30:10","modified_gmt":"2025-07-23T21:30:10","slug":"pluie-inondation-orages-meteo-france-declenche-une-double-vigilance-a-paris-et-en-petite-couronne","status":"publish","type":"post","link":"https:\/\/www.europesays.com\/fr\/268961\/","title":{"rendered":"Pluie, inondation, orages&#8230; M\u00e9t\u00e9o France d\u00e9clenche une double vigilance \u00e0 Paris et en petite couronne"},"content":{"rendered":"<p>            Par<br \/>\n        <strong><br \/>\n            <a href=\"https:\/\/actu.fr\/auteur\/redaction-paris\" title=\"Consulter tous les articles de R\u00e9daction Paris\" target=\"_blank\" rel=\"noopener\">R\u00e9daction Paris<\/a><br \/>\n        <\/strong><\/p>\n<p>        Publi\u00e9 le<\/p>\n<p>            23 juil. 2025 \u00e0 17h00        <\/p>\n<p>Paris et la petite couronne ont (peut-\u00eatre) \u00e9chapp\u00e9 aux orages annonc\u00e9s pour ce mercredi 23\u00a0juillet 2025, mais les <strong>intemp\u00e9ries<\/strong> ne sont pas encore termin\u00e9es.\u00a0En plus de la <a href=\"https:\/\/actu.fr\/ile-de-france\/paris_75056\/meteo-des-orages-s-abattent-sur-paris-et-l-ile-de-france-la-vigilance-jaune-declenchee_62936888.html\" target=\"_blank\" rel=\"noopener\">vigilance jaune orages<\/a>, toujours active jusqu\u2019\u00e0 la fin de journ\u00e9e demain, <a href=\"https:\/\/actu.fr\/tag\/meteo-france\" target=\"_blank\" rel=\"noopener\">M\u00e9t\u00e9o France<\/a> a d\u00e9clench\u00e9 la vigilance orange pluie et inondation. Elle sera effective \u00e0 partir de 22\u00a0heures.<\/p>\n<p>\u00ab\u2009Un corps pluvieux, faiblement orageux\u2009\u00bb<\/p>\n<p class=\" wall-content\">D\u2019apr\u00e8s les pr\u00e9visions de l\u2019institut de m\u00e9t\u00e9orologie, foudre et tonnerre pourraient s\u2019abattre sur les d\u00e9partements \u00e0 partir de 17\u00a0heures et s\u2019installer pour une bonne partie de la soir\u00e9e avant de laisser place \u00e0 de la pluie. \u00ab\u2009En cours de soir\u00e9e et nuit de mercredi \u00e0 jeudi, l\u2019activit\u00e9 persiste, les averses se structurent en un corps pluvieux, faiblement orageux\u2009\u00bb, d\u00e9taille M\u00e9t\u00e9o France. <strong>15 \u00e0 30\u00a0mm de pluie<\/strong> sont attendues en peu de temps.<\/p>\n<p class=\" wall-content\">La journ\u00e9e de demain, jeudi 24\u00a0juillet 2025, ne rimera pas avec s\u00e9cheresse. \u00ab\u2009Dans l\u2019apr\u00e8s-midi de jeudi, les pluies se d\u00e9structurent progressivement et prennent \u00e0 nouveau l\u2019aspect <strong>d\u2019averses orageuses plus \u00e9parses<\/strong> mais toujours localement fortes, en particulier sur l\u2019est et le sud-est de la zone\u2009\u00bb, pr\u00e9vient l\u2019institut de m\u00e9t\u00e9orologie.<\/p>\n<p class=\" wall-content\">Attention, la localisation pr\u00e9cise des pluies les plus intenses est difficile \u00e0 pr\u00e9voir. \u00ab\u2009Aucune zone n\u2019est \u00e0 exclure bien que la probabilit\u00e9 soit plus marqu\u00e9e sur la moiti\u00e9 sud des Yvelines, <strong>Paris Petite Couronne<\/strong>, l\u2019Essonne et la Seine-et-Marne.\u2009\u00bb<\/p>\n<p class=\" wall-content\">Suivez toute l\u2019actualit\u00e9 de vos villes et m\u00e9dias favoris en vous inscrivant \u00e0 <a href=\"https:\/\/moncompte.actu.fr\" title=\"D\u00e9couvez Mon Actu\" rel=\"nofollow noopener\" data-trk=\"{&quot;cta&quot;:{&quot;action&quot;:&quot;https:\\\/\\\/moncompte.actu.fr&quot;,&quot;category&quot;:&quot;mon compte&quot;,&quot;from&quot;:&quot;article footer&quot;,&quot;name&quot;:&quot;Mon actu&quot;,&quot;type&quot;:&quot;cta&quot;}}\" target=\"_blank\">Mon Actu<\/a>.<\/p>\n","protected":false},"excerpt":{"rendered":"Par R\u00e9daction Paris Publi\u00e9 le 23 juil. 2025 \u00e0 17h00 Paris et la petite couronne ont (peut-\u00eatre) \u00e9chapp\u00e9&hellip;\n","protected":false},"author":2,"featured_media":268962,"comment_status":"","ping_status":"","sticky":false,"template":"","format":"standard","meta":{"footnotes":""},"categories":[1888],"tags":[1111,1928,11,1927,1777,674,1011,27,2487,2357,12,1926,4594,626,1925,4459,25],"class_list":{"0":"post-268961","1":"post","2":"type-post","3":"status-publish","4":"format-standard","5":"has-post-thumbnail","7":"category-paris","8":"tag-actu","9":"tag-actu-paris","10":"tag-actualites","11":"tag-actualites-paris","12":"tag-eu","13":"tag-europe","14":"tag-fr","15":"tag-france","16":"tag-meteo","17":"tag-meteo-france","18":"tag-news","19":"tag-news-paris","20":"tag-orages","21":"tag-paris","22":"tag-paris-news","23":"tag-pluie","24":"tag-republique-francaise"},"share_on_mastodon":{"url":"https:\/\/pubeurope.com\/@fr\/114904683202949565","error":""},"_links":{"self":[{"href":"https:\/\/www.europesays.com\/fr\/wp-json\/wp\/v2\/posts\/268961","targetHints":{"allow":["GET"]}}],"collection":[{"href":"https:\/\/www.europesays.com\/fr\/wp-json\/wp\/v2\/posts"}],"about":[{"href":"https:\/\/www.europesays.com\/fr\/wp-json\/wp\/v2\/types\/post"}],"author":[{"embeddable":true,"href":"https:\/\/www.europesays.com\/fr\/wp-json\/wp\/v2\/users\/2"}],"replies":[{"embeddable":true,"href":"https:\/\/www.europesays.com\/fr\/wp-json\/wp\/v2\/comments?post=268961"}],"version-history":[{"count":0,"href":"https:\/\/www.europesays.com\/fr\/wp-json\/wp\/v2\/posts\/268961\/revisions"}],"wp:featuredmedia":[{"embeddable":true,"href":"https:\/\/www.europesays.com\/fr\/wp-json\/wp\/v2\/media\/268962"}],"wp:attachment":[{"href":"https:\/\/www.europesays.com\/fr\/wp-json\/wp\/v2\/media?parent=268961"}],"wp:term":[{"taxonomy":"category","embeddable":true,"href":"https:\/\/www.europesays.com\/fr\/wp-json\/wp\/v2\/categories?post=268961"},{"taxonomy":"post_tag","embeddable":true,"href":"https:\/\/www.europesays.com\/fr\/wp-json\/wp\/v2\/tags?post=268961"}],"curies":[{"name":"wp","href":"https:\/\/api.w.org\/{rel}","templated":true}]}}