{"id":268969,"date":"2025-07-23T21:34:19","date_gmt":"2025-07-23T21:34:19","guid":{"rendered":"https:\/\/www.europesays.com\/fr\/268969\/"},"modified":"2025-07-23T21:34:19","modified_gmt":"2025-07-23T21:34:19","slug":"russes-et-ukrainiens-saccordent-sur-un-echange-de-prisonniers-lukraine-propose-une-rencontre-poutine-zelensky","status":"publish","type":"post","link":"https:\/\/www.europesays.com\/fr\/268969\/","title":{"rendered":"Russes et Ukrainiens s\u2019accordent sur un \u00e9change de prisonniers, l\u2019Ukraine propose une rencontre Poutine-Zelensky"},"content":{"rendered":"<p>Apr\u00e8s \u00e0 peine une heure de discussions au palais de \u00c7iragan, les n\u00e9gociateurs ont constat\u00e9 que leurs \u00ab\u00a0positions\u00a0\u00bb respectives \u00e9taient \u00ab\u00a0assez \u00e9loign\u00e9es les unes des autres,\u00a0\u00bb a dit Vladimir Medinski, le chef de la d\u00e9l\u00e9gation russe, lors d\u2019une d\u00e9claration \u00e0 la presse.<\/p>\n<p>Dans la journ\u00e9e, le Kremlin avait d\u00e9j\u00e0 douch\u00e9 les espoirs d\u2019avanc\u00e9es pour mettre fin au conflit, lanc\u00e9 en f\u00e9vrier 2022 par Moscou chez son voisin et qui a fait des dizaines de milliers de morts et de bless\u00e9s.<\/p>\n<p>\u00ab\u00a0Personne ne s\u2019attend \u00e0 un chemin facile. Bien entendu, ce sera une discussion tr\u00e8s compliqu\u00e9e\u00a0\u00bb, avait ainsi indiqu\u00e9 le porte-parole de la pr\u00e9sidence russe, Dmitri Peskov, r\u00e9p\u00e9tant que les propositions respectives des bellig\u00e9rants pour arr\u00eater le conflit \u00e9taient \u00ab\u00a0diam\u00e9tralement oppos\u00e9es\u00a0\u00bb.<\/p>\n<p>L\u2019Ukraine propose une rencontre Poutine-Zelensky d\u2019ici \u00e0 fin ao\u00fbt<\/p>\n<p>Seule mesure concr\u00e8te\u00a0: les n\u00e9gociateurs se sont mis d\u2019accord pour un nouvel \u00e9change de 1\u00a0200 prisonniers de chaque c\u00f4t\u00e9, selon Vladimir Medinski, <a href=\"https:\/\/www.letelegramme.fr\/monde\/guerre-ukraine-russie\/kiev-et-moscou-annoncent-un-nouvel-echange-de-prisonniers-de-guerre-6834737.php\" rel=\"nofollow noopener\" target=\"_blank\">comme cela a d\u00e9j\u00e0 \u00e9t\u00e9 le cas \u00e0 plusieurs reprises<\/a>.<\/p>\n<p>Moscou a \u00e9galement propos\u00e9 \u00e0 Kiev de lui remettre 3\u00a0000 corps de soldats ukrainiens, ainsi que des tr\u00eaves de \u00ab\u00a024 \u00e0 48 heures\u00a0\u00bb sur le front pour que les deux arm\u00e9es puissent r\u00e9cup\u00e9rer leurs tu\u00e9s et leurs bless\u00e9s, a poursuivi Vladimir Medinski.<\/p>\n<p>L\u2019Ukraine a, de son c\u00f4t\u00e9, sugg\u00e9r\u00e9 une rencontre entre Vladimir Poutine et Volodymyr Zelensky d\u2019ici \u00e0 la fin du mois d\u2019ao\u00fbt, potentiellement en pr\u00e9sence des pr\u00e9sidents am\u00e9ricain et turc, selon le n\u00e9gociateur de Kiev, Roustem Oumerov.<\/p>\n<p>En pr\u00e9ambule \u00e0 ces n\u00e9gociations, une source au sein de la d\u00e9l\u00e9gation envoy\u00e9e par Kiev avait dit esp\u00e9rer une \u00ab\u00a0position constructive\u00a0\u00bb de la Russie et qu\u2019elle renonce \u00e0 \u00ab\u00a0ses ultimatums\u00a0\u00bb.<\/p>\n<p>Ces pourparlers directs intervenaient une nouvelle fois \u00e0 la suite de pressions exerc\u00e9es par le pr\u00e9sident am\u00e9ricain, Donald Trump, <a href=\"https:\/\/www.letelegramme.fr\/monde\/un-tres-grand-nombre-darmes-pour-lukraine-et-des-droits-de-douane-tres-severes-pour-les-allies-de-la-russie-la-strategie-de-trump-pour-mettre-fin-au-conflit-6855429.php\" rel=\"nofollow noopener\" target=\"_blank\">qui a donn\u00e9 \u00e0 Moscou, mi-juillet, 50 jours pour parvenir \u00e0 un accord avec l\u2019Ukraine, sous peine de sanctions s\u00e9v\u00e8res<\/a>.<\/p>\n<p>Kiev et ses alli\u00e9s occidentaux accusent le Kremlin de bloquer les n\u00e9gociations en maintenant des demandes maximalistes, tandis que l\u2019arm\u00e9e russe, plus nombreuse et mieux \u00e9quip\u00e9e, poursuit ses attaques sur le front, o\u00f9 elle grignote chaque jour du terrain. Mercredi, le minist\u00e8re russe de la D\u00e9fense a ainsi revendiqu\u00e9 la conqu\u00eate d\u2019un nouveau village, Varatchyn\u00e9, dans la r\u00e9gion ukrainienne de Soumy (nord-est) o\u00f9, au cours de la nuit, des frappes de drones russes ont entra\u00een\u00e9 des coupures d\u2019\u00e9lectricit\u00e9 chez plus de 220\u00a0000 clients, selon Volodymyr Zelensky.<\/p>\n<p>Des positions qui semblent irr\u00e9conciliables<\/p>\n<p>Les positions des deux camps semblent actuellement irr\u00e9conciliables. Comme mercredi soir, les discussions \u00e0 Istanbul de mai et juin n\u2019avaient d\u00e9bouch\u00e9 que sur des accords d\u2019\u00e9changes de prisonniers et de corps de soldats tu\u00e9s.<\/p>\n<p>Selon le porte-parole de la pr\u00e9sidence russe Dmitri Peskov, les pourparlers devaient porter principalement sur les \u00ab\u00a0m\u00e9morandums\u00a0\u00bb \u00e9chang\u00e9s, en juin, par les deux camps et comprenant leurs propositions de paix.<\/p>\n<p>Kiev voulait, de son c\u00f4t\u00e9, se focaliser sur un nouvel \u00e9change de prisonniers, le rapatriement des enfants ukrainiens emmen\u00e9s en Russie et la pr\u00e9paration d\u2019une rencontre Poutine-Zelensky.<\/p>\n<p>Moscou r\u00e9clame que l\u2019Ukraine lui c\u00e8de quatre r\u00e9gions partiellement occup\u00e9es de l\u2019est et du sud de son territoire, <a href=\"https:\/\/www.letelegramme.fr\/monde\/guerre-ukraine-russie\/ukraine-la-reconnaissance-de-lannexion-russe-de-la-crimee-est-indispensable-a-des-negociations-avec-kiev-insiste-moscou-6807474.php\" rel=\"nofollow noopener\" target=\"_blank\">en plus de la Crim\u00e9e, annex\u00e9e en 2014<\/a>, renonce aux livraisons d\u2019armes occidentales et \u00e0 toute adh\u00e9sion \u00e0 l\u2019Otan.<\/p>\n<p>Des conditions inacceptables pour Kiev, qui veut le retrait des troupes russes et des garanties de s\u00e9curit\u00e9 occidentales dont la poursuite des livraisons d\u2019armes et le d\u00e9ploiement d\u2019un contingent europ\u00e9en, ce \u00e0 quoi s\u2019oppose la Russie.<\/p>\n<p>L\u2019Ukraine r\u00e9clame aussi, de concert avec ses alli\u00e9s europ\u00e9ens, un cessez-le-feu de 30 jours, auquel se refusent les Russes, dont les forces ont l\u2019avantage sur le terrain.<\/p>\n<p>Les op\u00e9rations militaires continuent<\/p>\n<p>Sur le terrain, les op\u00e9rations militaires se poursuivent. Dans la nuit, 71 drones russes ont vis\u00e9 l\u2019Ukraine, selon l\u2019arm\u00e9e de l\u2019air. Trois personnes ont \u00e9t\u00e9 tu\u00e9es dans la r\u00e9gion de Kherson (sud), d\u2019apr\u00e8s les autorit\u00e9s locales qui ont \u00e9galement fait \u00e9tat de neuf bless\u00e9s.<\/p>\n<p>Pour sa part, l\u2019arm\u00e9e russe a affirm\u00e9 avoir neutralis\u00e9, pendant la nuit, 33 drones ukrainiens et plusieurs dizaines d\u2019autres au cours de la journ\u00e9e, lanc\u00e9s contre la Russie.<\/p>\n<p>Depuis son retour au pouvoir en janvier, Donald Trump a, quant \u00e0 lui, repris le contact avec Moscou pour tenter, sans grand r\u00e9sultat, d\u2019arr\u00eater la guerre.<\/p>\n<p>Ces derni\u00e8res semaines, le pr\u00e9sident am\u00e9ricain a exprim\u00e9 sa frustration \u00e0 l\u2019\u00e9gard de la Russie et a affirm\u00e9 que des \u00e9quipements militaires am\u00e9ricains, pay\u00e9s par des \u00c9tats europ\u00e9ens membres de l\u2019Otan, seraient envoy\u00e9s \u00e0 l\u2019Ukraine.<\/p>\n","protected":false},"excerpt":{"rendered":"Apr\u00e8s \u00e0 peine une heure de discussions au palais de \u00c7iragan, les n\u00e9gociateurs ont constat\u00e9 que leurs \u00ab\u00a0positions\u00a0\u00bb&hellip;\n","protected":false},"author":2,"featured_media":268970,"comment_status":"","ping_status":"","sticky":false,"template":"","format":"standard","meta":{"footnotes":""},"categories":[1591],"tags":[11,765,1887,131,2069,74,12,1885,1886,132],"class_list":{"0":"post-268969","1":"post","2":"type-post","3":"status-publish","4":"format-standard","5":"has-post-thumbnail","7":"category-russie","8":"tag-actualites","9":"tag-en-continu","10":"tag-federation-de-russie","11":"tag-guerre-en-ukraine","12":"tag-guerre-ukraine-russie","13":"tag-monde","14":"tag-news","15":"tag-russia","16":"tag-russian-federation","17":"tag-russie"},"share_on_mastodon":{"url":"https:\/\/pubeurope.com\/@fr\/114904698934108139","error":""},"_links":{"self":[{"href":"https:\/\/www.europesays.com\/fr\/wp-json\/wp\/v2\/posts\/268969","targetHints":{"allow":["GET"]}}],"collection":[{"href":"https:\/\/www.europesays.com\/fr\/wp-json\/wp\/v2\/posts"}],"about":[{"href":"https:\/\/www.europesays.com\/fr\/wp-json\/wp\/v2\/types\/post"}],"author":[{"embeddable":true,"href":"https:\/\/www.europesays.com\/fr\/wp-json\/wp\/v2\/users\/2"}],"replies":[{"embeddable":true,"href":"https:\/\/www.europesays.com\/fr\/wp-json\/wp\/v2\/comments?post=268969"}],"version-history":[{"count":0,"href":"https:\/\/www.europesays.com\/fr\/wp-json\/wp\/v2\/posts\/268969\/revisions"}],"wp:featuredmedia":[{"embeddable":true,"href":"https:\/\/www.europesays.com\/fr\/wp-json\/wp\/v2\/media\/268970"}],"wp:attachment":[{"href":"https:\/\/www.europesays.com\/fr\/wp-json\/wp\/v2\/media?parent=268969"}],"wp:term":[{"taxonomy":"category","embeddable":true,"href":"https:\/\/www.europesays.com\/fr\/wp-json\/wp\/v2\/categories?post=268969"},{"taxonomy":"post_tag","embeddable":true,"href":"https:\/\/www.europesays.com\/fr\/wp-json\/wp\/v2\/tags?post=268969"}],"curies":[{"name":"wp","href":"https:\/\/api.w.org\/{rel}","templated":true}]}}