{"id":268971,"date":"2025-07-23T21:35:10","date_gmt":"2025-07-23T21:35:10","guid":{"rendered":"https:\/\/www.europesays.com\/fr\/268971\/"},"modified":"2025-07-23T21:35:10","modified_gmt":"2025-07-23T21:35:10","slug":"pourparlers-distanbul-lukraine-propose-dorganiser-un-sommet-zelensky-poutine-cet-ete","status":"publish","type":"post","link":"https:\/\/www.europesays.com\/fr\/268971\/","title":{"rendered":"Pourparlers d&rsquo;Istanbul : l&rsquo;Ukraine propose d&rsquo;organiser un sommet Zelensky-Poutine cet \u00e9t\u00e9"},"content":{"rendered":"<p>  Par&amp;nbsp<a href=\"https:\/\/fr.euronews.com\/profils\/2264\" target=\"_blank\" rel=\"noopener\">Alexander Kazakevich<\/a>&amp;nbsp&amp;&amp;nbsp<b>Euronews<\/b>&amp;nbspavec&amp;nbsp<b>Meduza, Ukrainska Pravda<\/b><\/p>\n<p>\n         Publi\u00e9 le<br \/>\n            23\/07\/2025 &#8211; 22:57 UTC+2\n            <\/p>\n<p>            <img decoding=\"async\" class=\"c-ad__placeholder__logo\" src=\"https:\/\/static.euronews.com\/website\/images\/logos\/logo-euronews-grey-6-180x22.svg\" width=\"180\" height=\"22\" alt=\"\" loading=\"lazy\"\/><br \/>\n            PUBLICIT\u00c9<\/p>\n<p>\u00c0 l\u2019issue d\u2019un troisi\u00e8me round de pourparlers directs entre la Russie et l&rsquo;Ukraine organis\u00e9 \u00e0 Istanbul, qui n&rsquo;a dur\u00e9 qu&rsquo;une heure, les parties ont convenu d&rsquo;\u00e9changer des militaires et des civils, ont rapport\u00e9 les agences russes et ukrainiennes.<\/p>\n<p>S&rsquo;adressant \u00e0 la presse \u00e0 l&rsquo;issue de la r\u00e9union, Roustem Oumierov, secr\u00e9taire du Conseil national de s\u00e9curit\u00e9 et de d\u00e9fense et chef de la d\u00e9l\u00e9gation ukrainienne, a annonc\u00e9 que Kyiv avait propos\u00e9 \u00e0 Moscou de tenir cet \u00e9t\u00e9 une rencontre entre les dirigeants des deux pays, avec la participation de Recep Tayyip Erdo\u011fan et Donald Trump.<\/p>\n<p>\u00ab\u00a0Nous avons propos\u00e9 \u00e0 la partie russe d&rsquo;organiser une telle r\u00e9union au sommet d&rsquo;ici la fin du mois d&rsquo;ao\u00fbt. Si la Russie accepte cette proposition, elle montrera clairement au monde entier, y compris \u00e0 nos partenaires, qu&rsquo;elle a une approche constructive\u00a0\u00bb, a d\u00e9clar\u00e9 le repr\u00e9sentant ukrainien. <\/p>\n<p>Dans le m\u00eame temps, Kyiv continue d&rsquo;insister sur un cessez-le-feu complet et inconditionnel et se dit pr\u00eate \u00e0 n\u00e9gocier la paix. Selon Oumierov, le cessez-le-feu doit \u00eatre \u00ab\u00a0r\u00e9el\u00a0\u00bb et inclure l&rsquo;arr\u00eat complet des frappes contre les cibles civiles et les infrastructures critiques.<\/p>\n<p>En \u00e9voquant les questions humanitaires, seul terrain d&rsquo;entente entre les deux bellig\u00e9rants jusque l\u00e0, Oumierov a insist\u00e9 sur la lib\u00e9ration des civils, \u00ab\u00a0en particuliers des enfants\u00a0\u00bb, en plus des \u00e9changes r\u00e9guliers de prisonniers de guerre.<\/p>\n<p>De son c\u00f4t\u00e9, l&rsquo;historien nationaliste et assistant du chef du Kremlin, Vladimir Medinski, a affirm\u00e9, au sortir des n\u00e9gociations, avoir propos\u00e9 \u00e0 Kyiv des tr\u00eaves \u00ab\u00a0de 24 \u00e0 48\u00a0heures\u00a0\u00bb sur la ligne de front, \u00ab\u00a0pour que les \u00e9quipes sanitaires puissent \u00e9vacuer les bless\u00e9s et les morts\u00a0\u00bb.<\/p>\n<p>L&rsquo;\u00e9missaire de Poutine a \u00e9galement annonc\u00e9 qu&rsquo;un nouvel \u00e9change de prisonniers de guerre, \u00e0 raison de 250 personnes de chaque c\u00f4t\u00e9, \u00e9tait en train d&rsquo;\u00eatre finalis\u00e9. <\/p>\n<p>Le pr\u00e9sident ukrainien Volodymyr Zelensky a confirm\u00e9 l&rsquo;\u00e9change. \u00ab\u00a0Les d\u00e9fenseurs gravement malades et bless\u00e9s rentrent chez eux\u00a0\u00bb, a-t-il \u00e9crit sur Telegram.<\/p>\n<p>\u00ab\u00a0Nous pouvons d\u00e9j\u00e0 parler des d\u00e9tails : toutes les \u00e9tapes des derniers accords d&rsquo;Istanbul ont permis de ramener plus de 1 000 de nos compatriotes. Pour un millier de familles, c&rsquo;est une joie de pouvoir \u00e0 nouveau embrasser leurs proches\u00a0\u00bb, s&rsquo;est-il f\u00e9licit\u00e9. <\/p>\n<p>Les deux pr\u00e9c\u00e9dents cycles de n\u00e9gociations entre la Russie et l&rsquo;Ukraine ont en effet d\u00e9bouch\u00e9 sur des \u00e9changes de prisonniers \u00e0 grande \u00e9chelle, mais aucune mesure concr\u00e8te n&rsquo;a \u00e9t\u00e9 prise pour mettre fin \u00e0 l&rsquo;invasion russe apr\u00e8s plus de trois ans de guerre.<\/p>\n","protected":false},"excerpt":{"rendered":"Par&amp;nbspAlexander Kazakevich&amp;nbsp&amp;&amp;nbspEuronews&amp;nbspavec&amp;nbspMeduza, Ukrainska Pravda Publi\u00e9 le 23\/07\/2025 &#8211; 22:57 UTC+2 PUBLICIT\u00c9 \u00c0 l\u2019issue d\u2019un troisi\u00e8me round de pourparlers&hellip;\n","protected":false},"author":2,"featured_media":268972,"comment_status":"","ping_status":"","sticky":false,"template":"","format":"standard","meta":{"footnotes":""},"categories":[1590],"tags":[11,221,1777,674,3482,5886,12,220,135,134],"class_list":{"0":"post-268971","1":"post","2":"type-post","3":"status-publish","4":"format-standard","5":"has-post-thumbnail","7":"category-ukraine","8":"tag-actualites","9":"tag-cessez-le-feu","10":"tag-eu","11":"tag-europe","12":"tag-guerre-russie-ukraine","13":"tag-istanbul","14":"tag-news","15":"tag-ukraine","16":"tag-vladimir-poutine","17":"tag-volodymyr-zelensky"},"share_on_mastodon":{"url":"https:\/\/pubeurope.com\/@fr\/114904702889738353","error":""},"_links":{"self":[{"href":"https:\/\/www.europesays.com\/fr\/wp-json\/wp\/v2\/posts\/268971","targetHints":{"allow":["GET"]}}],"collection":[{"href":"https:\/\/www.europesays.com\/fr\/wp-json\/wp\/v2\/posts"}],"about":[{"href":"https:\/\/www.europesays.com\/fr\/wp-json\/wp\/v2\/types\/post"}],"author":[{"embeddable":true,"href":"https:\/\/www.europesays.com\/fr\/wp-json\/wp\/v2\/users\/2"}],"replies":[{"embeddable":true,"href":"https:\/\/www.europesays.com\/fr\/wp-json\/wp\/v2\/comments?post=268971"}],"version-history":[{"count":0,"href":"https:\/\/www.europesays.com\/fr\/wp-json\/wp\/v2\/posts\/268971\/revisions"}],"wp:featuredmedia":[{"embeddable":true,"href":"https:\/\/www.europesays.com\/fr\/wp-json\/wp\/v2\/media\/268972"}],"wp:attachment":[{"href":"https:\/\/www.europesays.com\/fr\/wp-json\/wp\/v2\/media?parent=268971"}],"wp:term":[{"taxonomy":"category","embeddable":true,"href":"https:\/\/www.europesays.com\/fr\/wp-json\/wp\/v2\/categories?post=268971"},{"taxonomy":"post_tag","embeddable":true,"href":"https:\/\/www.europesays.com\/fr\/wp-json\/wp\/v2\/tags?post=268971"}],"curies":[{"name":"wp","href":"https:\/\/api.w.org\/{rel}","templated":true}]}}