{"id":268973,"date":"2025-07-23T21:36:11","date_gmt":"2025-07-23T21:36:11","guid":{"rendered":"https:\/\/www.europesays.com\/fr\/268973\/"},"modified":"2025-07-23T21:36:11","modified_gmt":"2025-07-23T21:36:11","slug":"vers-des-droits-de-douane-a-15-entre-lue-et-les-etats-unis-selon-des-sources-diplomatiques-rts-ch","status":"publish","type":"post","link":"https:\/\/www.europesays.com\/fr\/268973\/","title":{"rendered":"Vers des droits de douane \u00e0 15% entre l&rsquo;UE et les Etats-Unis, selon des sources diplomatiques &#8211; rts.ch"},"content":{"rendered":"<p>L&rsquo;Union europ\u00e9enne et les Etats-Unis s&rsquo;orientent vers un accord commercial qui pr\u00e9voit des droits de douane de base de 15% sur les produits europ\u00e9ens import\u00e9s sur le territoire am\u00e9ricain, ont d\u00e9clar\u00e9 mercredi deux sources diplomatiques europ\u00e9ennes. Les pays de l&rsquo;UE \u00e9viteraient ainsi un taux de 30% \u00e0 compter du 1er ao\u00fbt.<\/p>\n<p>Des responsables de la Commission europ\u00e9enne en charge de mener les n\u00e9gociations commerciales avec les Etats-Unis au nom des Vingt-Sept ont rendu compte aux \u00e9missaires europ\u00e9ens des avanc\u00e9es des discussions avec leurs homologues am\u00e9ricains. Le dernier mot sur un accord appartient toutefois \u00e0 Donald Trump.<\/p>\n<p>Selon ces sources, les grandes lignes du potentiel accord commercial \u00e9tablissent que le taux de 15% pourrait s&rsquo;appliquer \u00e9galement aux secteurs automobile et pharmaceutique, pour lesquels il remplacerait les droits de douane am\u00e9ricains avec un taux m\u00e9dian de moins de 5% jusque-l\u00e0 en vigueur.<\/p>\n<p>Il est possible que des concessions soient obtenues par Bruxelles pour plusieurs industries, comme l&rsquo;a\u00e9ronautique, le bois d&rsquo;oeuvre, ou encore certains produits agricoles, qui seraient exempt\u00e9s de droits de douane, ont indiqu\u00e9 les diplomates.<\/p>\n<p>Avoir \u00ab\u00a0les tarifs les plus bas possibles\u00a0\u00bb<\/p>\n<p>Toutefois, rien n&rsquo;indique pour l&rsquo;heure que Washington soit dispos\u00e9 \u00e0 revoir \u00e0 la baisse les taxes douani\u00e8res de 50% impos\u00e9es sur toutes les importations d&rsquo;acier aux Etats-Unis.<\/p>\n<p>En d\u00e9placement mercredi soir \u00e0 Berlin pour s&rsquo;entretenir avec le chancelier allemand Friedrich Merz d&rsquo;un \u00e9ventail de sujets, Emmanuel Macron a fait \u00e9tat d'\u00a0\u00bb\u00e9changes permanents\u00a0\u00bb au sein de l&rsquo;UE pour \u00ab\u00a0impulser, coordonner notre r\u00e9ponse \u00e0 l&rsquo;offensive tarifaire qui a \u00e9t\u00e9 lanc\u00e9e\u00a0\u00bb par les Etats-Unis.<\/p>\n<p>\u00ab\u00a0La volont\u00e9 que nous partageons, c&rsquo;est de donner de la stabilit\u00e9 et d&rsquo;avoir les tarifs les plus bas possible\u00a0\u00bb, a dit le pr\u00e9sident fran\u00e7ais devant les journalistes, disant souhaiter une \u00ab\u00a0finalisation la plus rapide et la meilleure possible\u00a0\u00bb.<\/p>\n<p>Vers des mesures de r\u00e9torsion approuv\u00e9es comme plan B<\/p>\n<p>Plus t\u00f4t dans la journ\u00e9e, la Commission europ\u00e9enne a fait savoir que sa priorit\u00e9 \u00e9tait de parvenir \u00e0 un accord avec l&rsquo;administration Trump afin d&rsquo;\u00e9viter l&rsquo;instauration d&rsquo;un seuil plancher de 30% de droits de douane sur tous les produits europ\u00e9ens \u00e0 compter du 1er ao\u00fbt, date butoir fix\u00e9e par le pr\u00e9sident am\u00e9ricain.<\/p>\n<p> &gt;&gt; Revoir \u00e0 ce sujet le reportage du 19h30\u00a0:   <img decoding=\"async\" class=\"embed-responsive-item\" loading=\"lazy\" src=\"https:\/\/www.europesays.com\/fr\/wp-content\/uploads\/2025\/07\/m7mv1x-28941678.image\" alt=\"Donald Trump annonce 30% de droits de douane pour l'Union europ\u00e9enne\"\/>    Donald Trump annonce 30% de droits de douane pour l&rsquo;Union europ\u00e9enne \/ 19h30 \/ 2 min. \/ le 12 juillet 2025 <\/p>\n<p>En parall\u00e8le, ont rapport\u00e9 les sources, la Commission pr\u00e9voit de soumettre jeudi au vote des Vingt-Sept un ensemble de mesures commerciales de r\u00e9torsion, \u00e0 hauteur de 93 milliards d&rsquo;euros, qui viseraient les produits am\u00e9ricains en cas d&rsquo;absence d&rsquo;accord. Ces mesures entreraient en vigueur apr\u00e8s le 7 ao\u00fbt.<\/p>\n<p>Un repr\u00e9sentant du gouvernement allemand a d\u00e9clar\u00e9 que Berlin soutenait les pr\u00e9paratifs en ce sens de Bruxelles. Les pays membres de l&rsquo;UE sont en grande majorit\u00e9 favorables \u00e0 l&rsquo;imposition de mesures dites d'\u00a0\u00bbanti-coercition\u00a0\u00bb contre les Etats-Unis si aucun accord n&rsquo;\u00e9tait trouv\u00e9 et que Washington venait \u00e0 pr\u00e9lever des droits de douane de 30% sur les produits europ\u00e9ens, ont dit les sources diplomatiques. Le secteur am\u00e9ricain des services serait notamment cibl\u00e9.<\/p>\n<p class=\"sources\">reuters\/ther<\/p>\n","protected":false},"excerpt":{"rendered":"L&rsquo;Union europ\u00e9enne et les Etats-Unis s&rsquo;orientent vers un accord commercial qui pr\u00e9voit des droits de douane de base&hellip;\n","protected":false},"author":2,"featured_media":268974,"comment_status":"","ping_status":"","sticky":false,"template":"","format":"standard","meta":{"footnotes":""},"categories":[1589],"tags":[34131,7608,11,646,2360,2160,2196,75,33,6359,73,1866,12,316,2543,1778,1864,1865,1863,308],"class_list":{"0":"post-268973","1":"post","2":"type-post","3":"status-publish","4":"format-standard","5":"has-post-thumbnail","7":"category-etats-unis","8":"tag-accord-q32183951","9":"tag-accord-commercial","10":"tag-actualites","11":"tag-automobile","12":"tag-bruxelles","13":"tag-commerce-international","14":"tag-commission-europeenne","15":"tag-donald-trump","16":"tag-economie","17":"tag-economie-et-finances","18":"tag-etats-unis","19":"tag-etats-unis-damerique","20":"tag-news","21":"tag-politique","22":"tag-relations-internationales","23":"tag-ue","24":"tag-united-states","25":"tag-united-states-of-america","26":"tag-us","27":"tag-usa"},"share_on_mastodon":{"url":"https:\/\/pubeurope.com\/@fr\/114904706800841488","error":""},"_links":{"self":[{"href":"https:\/\/www.europesays.com\/fr\/wp-json\/wp\/v2\/posts\/268973","targetHints":{"allow":["GET"]}}],"collection":[{"href":"https:\/\/www.europesays.com\/fr\/wp-json\/wp\/v2\/posts"}],"about":[{"href":"https:\/\/www.europesays.com\/fr\/wp-json\/wp\/v2\/types\/post"}],"author":[{"embeddable":true,"href":"https:\/\/www.europesays.com\/fr\/wp-json\/wp\/v2\/users\/2"}],"replies":[{"embeddable":true,"href":"https:\/\/www.europesays.com\/fr\/wp-json\/wp\/v2\/comments?post=268973"}],"version-history":[{"count":0,"href":"https:\/\/www.europesays.com\/fr\/wp-json\/wp\/v2\/posts\/268973\/revisions"}],"wp:featuredmedia":[{"embeddable":true,"href":"https:\/\/www.europesays.com\/fr\/wp-json\/wp\/v2\/media\/268974"}],"wp:attachment":[{"href":"https:\/\/www.europesays.com\/fr\/wp-json\/wp\/v2\/media?parent=268973"}],"wp:term":[{"taxonomy":"category","embeddable":true,"href":"https:\/\/www.europesays.com\/fr\/wp-json\/wp\/v2\/categories?post=268973"},{"taxonomy":"post_tag","embeddable":true,"href":"https:\/\/www.europesays.com\/fr\/wp-json\/wp\/v2\/tags?post=268973"}],"curies":[{"name":"wp","href":"https:\/\/api.w.org\/{rel}","templated":true}]}}