{"id":268975,"date":"2025-07-23T21:37:10","date_gmt":"2025-07-23T21:37:10","guid":{"rendered":"https:\/\/www.europesays.com\/fr\/268975\/"},"modified":"2025-07-23T21:37:10","modified_gmt":"2025-07-23T21:37:10","slug":"iberdrola-leve-59-milliards-pour-renforcer-ses-reseaux-au-royaume-uni-et-aux-etats-unis","status":"publish","type":"post","link":"https:\/\/www.europesays.com\/fr\/268975\/","title":{"rendered":"Iberdrola l\u00e8ve 5,9\u202fmilliards\u202f$ pour renforcer ses r\u00e9seaux au Royaume-Uni et aux \u00c9tats-Unis"},"content":{"rendered":"<p> Iberdrola lance une augmentation de capital de EUR5\u202fmilliards (USD5,87\u202fmilliards) afin de financer l\u2019expansion et la modernisation de ses r\u00e9seaux \u00e9lectriques sur les march\u00e9s britannique et am\u00e9ricain, tout en annon\u00e7ant une baisse de son b\u00e9n\u00e9fice semestriel.<\/p>\n<p>Iberdrola, premier fournisseur d\u2019\u00e9lectricit\u00e9 en Europe, a annonc\u00e9 une augmentation de capital d\u2019EUR5\u202fmilliards (USD5,87\u202fmilliards) pour accompagner une nouvelle phase d\u2019investissement dans les infrastructures \u00e9lectriques au Royaume-Uni et aux \u00c9tats-Unis. Cette op\u00e9ration vise \u00e0 renforcer la pr\u00e9sence du groupe sur ces march\u00e9s, identifi\u00e9s pour la stabilit\u00e9 et la r\u00e9gularit\u00e9 de leurs rendements.<\/p>\n<p>Des investissements accrus dans les r\u00e9seaux strat\u00e9giques<\/p>\n<p>Le groupe pr\u00e9voit de porter ses investissements annuels \u00e0 environ EUR15\u202fmilliards, contre EUR12\u202fmilliards actuellement. Cette augmentation de capital, combin\u00e9e \u00e0 de nouveaux financements par endettement, cessions d\u2019actifs et partenariats, doit soutenir une strat\u00e9gie d\u2019expansion ax\u00e9e sur les r\u00e9seaux \u00e9lectriques. Iberdrola entend ainsi adapter ses infrastructures aux besoins croissants d\u2019\u00e9lectrification et d\u2019int\u00e9gration des \u00e9nergies renouvelables dans ces deux pays.<\/p>\n<p>L\u2019op\u00e9ration de lev\u00e9e de fonds s\u2019effectue par placement acc\u00e9l\u00e9r\u00e9, les actions \u00e9tant propos\u00e9es \u00e0 EUR15,10 l\u2019unit\u00e9, contre un dernier cours de cl\u00f4ture \u00e0 EUR15,895 la veille. La Commission nationale du march\u00e9 des valeurs espagnole (Comisi\u00f3n Nacional del Mercado de Valores, CNMV) a temporairement suspendu la cotation du titre dans la matin\u00e9e.<\/p>\n<p>R\u00e9sultats semestriels et perspectives financi\u00e8res<\/p>\n<p>Iberdrola a \u00e9galement publi\u00e9 un r\u00e9sultat net pour le premier semestre de EUR3,56\u202fmilliards (USD4,18\u202fmilliards), soit une baisse de 14\u202f% par rapport \u00e0 la m\u00eame p\u00e9riode de l\u2019an pass\u00e9, p\u00e9riode qui incluait des cessions d\u2019actifs gaziers au Mexique. Hors \u00e9l\u00e9ments exceptionnels, la soci\u00e9t\u00e9 a pr\u00e9cis\u00e9 que son b\u00e9n\u00e9fice \u00e9tait en progression de 20\u202f% sur un an.<\/p>\n<p>La pr\u00e9sentation d\u2019une nouvelle feuille de route strat\u00e9gique est attendue en septembre, refl\u00e9tant l\u2019\u00e9volution des priorit\u00e9s d\u2019investissement du groupe dans un contexte de transformation des syst\u00e8mes \u00e9nerg\u00e9tiques \u00e0 l\u2019international. Le recours simultan\u00e9 \u00e0 plusieurs leviers de financement traduit une volont\u00e9 de maintenir la solidit\u00e9 du bilan tout en poursuivant la croissance sur les segments jug\u00e9s les plus porteurs.<\/p>\n<p>Le positionnement renforc\u00e9 sur les r\u00e9seaux au Royaume-Uni et aux \u00c9tats-Unis souligne l\u2019importance de ces march\u00e9s dans la strat\u00e9gie de d\u00e9veloppement du groupe, dans un secteur o\u00f9 la fiabilit\u00e9 des infrastructures reste un enjeu central.<\/p>\n","protected":false},"excerpt":{"rendered":"Iberdrola lance une augmentation de capital de EUR5\u202fmilliards (USD5,87\u202fmilliards) afin de financer l\u2019expansion et la modernisation de ses&hellip;\n","protected":false},"author":2,"featured_media":268976,"comment_status":"","ping_status":"","sticky":false,"template":"","format":"standard","meta":{"footnotes":""},"categories":[1588],"tags":[11,1777,674,12,473,1853,1851,1850,1852],"class_list":{"0":"post-268975","1":"post","2":"type-post","3":"status-publish","4":"format-standard","5":"has-post-thumbnail","7":"category-royaume-uni","8":"tag-actualites","9":"tag-eu","10":"tag-europe","11":"tag-news","12":"tag-royaume-uni","13":"tag-royaume-uni-de-grande-bretagne-et-dirlande-du-nord","14":"tag-uk","15":"tag-united-kingdom","16":"tag-united-kingdom-of-great-britain-and-northern-ireland"},"share_on_mastodon":{"url":"https:\/\/pubeurope.com\/@fr\/114904710853272915","error":""},"_links":{"self":[{"href":"https:\/\/www.europesays.com\/fr\/wp-json\/wp\/v2\/posts\/268975","targetHints":{"allow":["GET"]}}],"collection":[{"href":"https:\/\/www.europesays.com\/fr\/wp-json\/wp\/v2\/posts"}],"about":[{"href":"https:\/\/www.europesays.com\/fr\/wp-json\/wp\/v2\/types\/post"}],"author":[{"embeddable":true,"href":"https:\/\/www.europesays.com\/fr\/wp-json\/wp\/v2\/users\/2"}],"replies":[{"embeddable":true,"href":"https:\/\/www.europesays.com\/fr\/wp-json\/wp\/v2\/comments?post=268975"}],"version-history":[{"count":0,"href":"https:\/\/www.europesays.com\/fr\/wp-json\/wp\/v2\/posts\/268975\/revisions"}],"wp:featuredmedia":[{"embeddable":true,"href":"https:\/\/www.europesays.com\/fr\/wp-json\/wp\/v2\/media\/268976"}],"wp:attachment":[{"href":"https:\/\/www.europesays.com\/fr\/wp-json\/wp\/v2\/media?parent=268975"}],"wp:term":[{"taxonomy":"category","embeddable":true,"href":"https:\/\/www.europesays.com\/fr\/wp-json\/wp\/v2\/categories?post=268975"},{"taxonomy":"post_tag","embeddable":true,"href":"https:\/\/www.europesays.com\/fr\/wp-json\/wp\/v2\/tags?post=268975"}],"curies":[{"name":"wp","href":"https:\/\/api.w.org\/{rel}","templated":true}]}}