{"id":268977,"date":"2025-07-23T21:38:17","date_gmt":"2025-07-23T21:38:17","guid":{"rendered":"https:\/\/www.europesays.com\/fr\/268977\/"},"modified":"2025-07-23T21:38:17","modified_gmt":"2025-07-23T21:38:17","slug":"allemagne-espagne-0-1-a-p-aitana-bonmati-emmene-les-espagnoles-en-finale-de-leuro-2025-contre-langleterre","status":"publish","type":"post","link":"https:\/\/www.europesays.com\/fr\/268977\/","title":{"rendered":"Allemagne-Espagne (0-1 a.p.)\u00a0: Aitana Bonmat\u00ed emm\u00e8ne les Espagnoles en finale de l\u2019Euro 2025 contre l\u2019Angleterre"},"content":{"rendered":"<p class=\"paragraph text_align_left lp-f-body-02\">Elles ne sont plus qu\u2019\u00e0 un succ\u00e8s du doubl\u00e9. <a href=\"https:\/\/www.leparisien.fr\/sports\/football\/coupe-du-monde-feminine\/direct-espagne-angleterre-qui-entrera-dans-lhistoire-en-gagnant-sa-premiere-etoile-suivez-la-finale-de-la-coupe-du-monde-feminine-20-08-2023-GNTOM3UZANEFTHIF6CH2OXREYQ.php\" target=\"_blank\" rel=\"noreferrer nofollow noopener\">Championne du monde en 2023, l\u2019Espagne<\/a> s\u2019est qualifi\u00e9e ce mercredi pour la finale de l\u2019Euro 2025 et peut confirmer sa supr\u00e9matie sur le football mondial, malgr\u00e9 l\u2019\u00e9chec des Jeux olympiques de Paris 2024. Tombeuses de l\u2019Allemagne (1-0 a.p.), les Espagnoles viseront un premier sacre europ\u00e9en, elles qui n\u2019avaient atteint qu\u2019une seule fois les demi-finales, lors de l\u2019\u00e9dition 1997.<\/p>\n<p class=\"paragraph text_align_left lp-f-body-02\">Ultra-dominatrices, les co\u00e9quipi\u00e8res d\u2019<a href=\"https:\/\/www.leparisien.fr\/sports\/football\/ballon-dor-2024-aitana-bonmati-de-nouveau-sacree-chez-les-femmes-sans-lombre-dun-doute-28-10-2024-6LRDUVX2LRGAPBWXE4VUPFE774.php\" target=\"_blank\" rel=\"noreferrer nofollow noopener\">Aitana Bonmat\u00ed, double Ballon d\u2019Or en titre<\/a>, m\u00e9ritent amplement cette qualification. Elles sont pourtant tomb\u00e9es sur des Allemandes encore particuli\u00e8rement courageuses, comme ce fut d\u00e9j\u00e0 le cas<a href=\"https:\/\/www.leparisien.fr\/sports\/football\/equipe-de-france-feminine\/france-allemagne-1-1-5-6-tab-les-bleues-eliminees-des-les-quarts-de-leuro-2025-malgre-leur-superiorite-numerique-20-07-2025-7K5PVS4NEBHZHJ6YNMXFI5GCRE.php\" target=\"_blank\" rel=\"noreferrer nofollow noopener\"> face \u00e0 l\u2019\u00e9quipe de France samedi avec une victoire aux tirs au but<\/a> malgr\u00e9 une exclusion pr\u00e9coce. Cette fois, l\u2019Allemagne n\u2019a pas trouv\u00e9 l\u2019ouverture et s\u2019incline donc, non sans panache.<\/p>\n<p class=\"paragraph text_align_left lp-f-body-02\">Mais le beau jeu \u00e9tait espagnol. Plus entreprenante, la Roja s\u2019est procur\u00e9 plusieurs occasions, avec huit frappes cadr\u00e9es au total. Bonmat\u00ed aurait notamment pu ouvrir le score en deuxi\u00e8me mi-temps mais sa frappe du pied gauche a \u00e9t\u00e9 contr\u00e9e in extremis par la d\u00e9fense allemande. Les Espagnoles auraient aussi pu \u00eatre surprises si la frappe de B\u00fchl dans les derni\u00e8res secondes avait pi\u00e9g\u00e9 Coll.<\/p>\n<p class=\"paragraph text_align_left lp-f-body-02\">Leur domination a toutefois \u00e9t\u00e9 r\u00e9compens\u00e9e en prolongation. Alors qu\u2019elle r\u00e9gnait sur le milieu de terrain depuis le d\u00e9but du match, <a href=\"https:\/\/www.leparisien.fr\/sports\/football\/euro-de-football-feminin-inquietude-pour-lespagnole-bonmati-hospitalisee-pour-une-meningite-virale-28-06-2025-IL6AQJWLYVG4ZIXS3UT5BSAYEM.php\" target=\"_blank\" rel=\"noreferrer nofollow noopener\">Aitana Bonmat\u00ed<\/a> a fait parler toute sa classe en laissant passer le ballon entre ses jambes avant de d\u00e9cocher une frappe au premier poteau qui a tromp\u00e9 Berger (113e).<\/p>\n<p class=\"paragraph text_align_left lp-f-body-02\">En finale, l\u2019Espagne retrouvera <a href=\"https:\/\/www.leparisien.fr\/sports\/football\/euro\/angleterre-italie-2-1-ap-au-bout-du-suspense-les-anglaises-retrouvent-la-finale-de-leuro-22-07-2025-S6SPLD3XDBGQJLGGCNND7QQI3E.php\" target=\"_blank\" rel=\"noreferrer nofollow noopener\">l\u2019Angleterre, qui est revenue de l\u2019enfer ce mardi<\/a> face \u00e0 l\u2019Italie. Men\u00e9es 1-0, les Lionesses ont \u00e9galis\u00e9 dans les arr\u00eats de jeu avant d\u2019inscrire le but de la victoire sur p\u00e9nalty en prolongation. Titr\u00e9es \u00e0 domicile il y a 3 ans, les Anglaises ont l\u2019occasion de faire le doubl\u00e9 europ\u00e9en. Les Espagnoles et leur g\u00e9n\u00e9ration dor\u00e9e visent, elles, un autre incroyable doubl\u00e9.<\/p>\n","protected":false},"excerpt":{"rendered":"Elles ne sont plus qu\u2019\u00e0 un succ\u00e8s du doubl\u00e9. Championne du monde en 2023, l\u2019Espagne s\u2019est qualifi\u00e9e ce&hellip;\n","protected":false},"author":2,"featured_media":268978,"comment_status":"","ping_status":"","sticky":false,"template":"","format":"standard","meta":{"footnotes":""},"categories":[1587],"tags":[11,672,1804,1805,1803,1777,674,63,1801,12,1802,60],"class_list":{"0":"post-268977","1":"post","2":"type-post","3":"status-publish","4":"format-standard","5":"has-post-thumbnail","7":"category-allemagne","8":"tag-actualites","9":"tag-allemagne","10":"tag-bundesrepublik-deutschland","11":"tag-de","12":"tag-deutschland","13":"tag-eu","14":"tag-europe","15":"tag-football","16":"tag-germany","17":"tag-news","18":"tag-republique-federale-dallemagne","19":"tag-sports"},"share_on_mastodon":{"url":"https:\/\/pubeurope.com\/@fr\/114904714626318474","error":""},"_links":{"self":[{"href":"https:\/\/www.europesays.com\/fr\/wp-json\/wp\/v2\/posts\/268977","targetHints":{"allow":["GET"]}}],"collection":[{"href":"https:\/\/www.europesays.com\/fr\/wp-json\/wp\/v2\/posts"}],"about":[{"href":"https:\/\/www.europesays.com\/fr\/wp-json\/wp\/v2\/types\/post"}],"author":[{"embeddable":true,"href":"https:\/\/www.europesays.com\/fr\/wp-json\/wp\/v2\/users\/2"}],"replies":[{"embeddable":true,"href":"https:\/\/www.europesays.com\/fr\/wp-json\/wp\/v2\/comments?post=268977"}],"version-history":[{"count":0,"href":"https:\/\/www.europesays.com\/fr\/wp-json\/wp\/v2\/posts\/268977\/revisions"}],"wp:featuredmedia":[{"embeddable":true,"href":"https:\/\/www.europesays.com\/fr\/wp-json\/wp\/v2\/media\/268978"}],"wp:attachment":[{"href":"https:\/\/www.europesays.com\/fr\/wp-json\/wp\/v2\/media?parent=268977"}],"wp:term":[{"taxonomy":"category","embeddable":true,"href":"https:\/\/www.europesays.com\/fr\/wp-json\/wp\/v2\/categories?post=268977"},{"taxonomy":"post_tag","embeddable":true,"href":"https:\/\/www.europesays.com\/fr\/wp-json\/wp\/v2\/tags?post=268977"}],"curies":[{"name":"wp","href":"https:\/\/api.w.org\/{rel}","templated":true}]}}