{"id":268979,"date":"2025-07-23T21:39:14","date_gmt":"2025-07-23T21:39:14","guid":{"rendered":"https:\/\/www.europesays.com\/fr\/268979\/"},"modified":"2025-07-23T21:39:14","modified_gmt":"2025-07-23T21:39:14","slug":"commerce-trump-annonce-un-accord-enorme-avec-le-japon-leurope-pourrait-suivre-actualites","status":"publish","type":"post","link":"https:\/\/www.europesays.com\/fr\/268979\/","title":{"rendered":"Commerce: Trump annonce un accord \u00ab\u00a0\u00e9norme\u00a0\u00bb avec le Japon, l&rsquo;Europe pourrait suivre : Actualit\u00e9s"},"content":{"rendered":"<p class=\"lead \">Donald Trump a annonc\u00e9 avoir conclu un accord commercial \u00ab\u00a0\u00e9norme\u00a0\u00bb avec le Japon, alors que des \u00ab\u00a0d\u00e9cisions\u00a0\u00bb sont sur le point d&rsquo;\u00eatre prises c\u00f4t\u00e9 europ\u00e9en en vue d&rsquo;un accord du m\u00eame ordre, selon le chancelier allemand, Friedrich Merz.<\/p>\n<p class=\"lead \">Le pr\u00e9sident am\u00e9ricain entend imposer \u00e0 partir du 1er ao\u00fbt de massives surtaxes dites \u00ab\u00a0r\u00e9ciproques\u00a0\u00bb, initialement pr\u00e9vues au 1er avril puis suspendues, \u00e0 nombre de pays &#8211; \u00e0 moins qu&rsquo;ils ne concluent d&rsquo;ici l\u00e0 des accords avec les Etats-Unis.<\/p>\n<p class=\"lead \">L&rsquo;administration Trump revendique d\u00e9sormais cinq de ces accords \u00e0 son actif: outre le Japon, le pr\u00e9sident am\u00e9ricain a annonc\u00e9 mardi en avoir conclu un avec les Philippines. Les Etats-Unis ont \u00e9galement assur\u00e9 s&rsquo;\u00eatre entendus avec le Royaume-Uni, l&rsquo;Indon\u00e9sie et le Vietnam.<\/p>\n<p class=\"lead \">\u00ab\u00a0Le Japon paiera des droits de douane r\u00e9ciproques de 15% aux Etats-Unis\u00a0\u00bb, a indiqu\u00e9 mardi le pr\u00e9sident am\u00e9ricain sur son r\u00e9seau Truth Social, bien en-de\u00e7\u00e0 de la surtaxe de 25% dont l&rsquo;archipel \u00e9tait menac\u00e9 au 1er ao\u00fbt.<\/p>\n<p class=\"lead \">Le Japon, bien qu&rsquo;alli\u00e9-cl\u00e9 des Etats-Unis, est actuellement soumis aux m\u00eames droits de douane de base de 10% que la plupart des nations, ainsi qu&rsquo;\u00e0 des surtaxes de 25% sur les voitures et de 50% sur l&rsquo;acier et l&rsquo;aluminium.<\/p>\n<p class=\"lead \">L&rsquo;accord ram\u00e8nera les droits de douane sur l&rsquo;automobile \u00e0 15%, comme sur le reste des produits hormis l&rsquo;acier et l&rsquo;aluminium.<\/p>\n<p class=\"lead \">Une d\u00e9cision qui fait grogner les trois grands constructeurs am\u00e9ricains, dont les v\u00e9hicules produits au Canada ou au Mexique, avec lequel Washington a pourtant un accord de libre-\u00e9change (ACEUM), sont eux tax\u00e9s \u00e0 hauteur de 25%.<\/p>\n<p class=\"lead \">&#8211; Accord avec l&rsquo;Europe en vue &#8211;<\/p>\n<p class=\"lead \">Dans le m\u00eame temps, les n\u00e9gociations entre l&rsquo;Union europ\u00e9enne (UE) et les Etats-Unis semblent \u00eatre entr\u00e9es dans la derni\u00e8re ligne droite, les Europ\u00e9ens examinant une proposition am\u00e9ricaine de droits de douane de base de 15% avec des exception sectorielles encore \u00e0 d\u00e9finir, selon des sources diplomatiques, loin des 30% que Donald Trump mena\u00e7ait d&rsquo;appliquer le 12 juillet.<\/p>\n<p class=\"lead \">Des \u00ab\u00a0d\u00e9cisions\u00a0\u00bb sont sur le point d&rsquo;\u00eatre prises, a ainsi affirm\u00e9 mercredi le chancelier allemand, Friedrich Merz, alors que M. Trump assurait la veille qu&rsquo;un accord avec \u00ab\u00a0l&rsquo;Europe viendra demain\u00a0\u00bb.<\/p>\n<p class=\"lead \">Chinois et Am\u00e9ricains se rencontreront quant \u00e0 eux la semaine prochaine \u00e0 Stockholm, pour un crucial troisi\u00e8me cycle de discussions sur les droits de douane.<\/p>\n<p class=\"lead \">L&rsquo;accord avec le Japon, l&rsquo;une des principales \u00e9conomies mondiales, repr\u00e9sente un succ\u00e8s pour Donald Trump, qui l&rsquo;a qualifi\u00e9 mardi sur Truth Social de \u00ab\u00a0sans pr\u00e9c\u00e9dent\u00a0\u00bb.<\/p>\n<p class=\"lead \">\u00ab\u00a0C&rsquo;est un accord un peu diff\u00e9rent mais parce que les Japonais ont propos\u00e9 une solution tr\u00e8s innovante, en apportant du financement, des garanties et du cr\u00e9dit hypoth\u00e9caire \u00e0 des projets majeurs ici aux Etats-Unis\u00a0\u00bb, a d\u00e9taill\u00e9 mardi sur Bloomberg TV le secr\u00e9taire am\u00e9ricain au Tr\u00e9sor, Scott Bessent.<\/p>\n<p class=\"lead \">\u00ab\u00a0&lsquo;C&rsquo;est ce financement innovant qui permet de leur offrir 15%\u00a0\u00bb m\u00eame sur l&rsquo;automobile, a-t-il ajout\u00e9.<\/p>\n<p class=\"lead \">Donald Trump a assur\u00e9 que cet accord apporterait \u00ab\u00a0550 milliards de dollars\u00a0\u00bb d&rsquo;investissements dans le pays, sans plus de d\u00e9tails.<\/p>\n<p class=\"lead \">\u00ab\u00a0Nous pensons que c&rsquo;est une grande r\u00e9ussite d&rsquo;avoir pu obtenir la plus grande r\u00e9duction (des surtaxes) parmi les pays ayant un exc\u00e9dent commercial avec les Etats-Unis\u00a0\u00bb, s&rsquo;est f\u00e9licit\u00e9 le Premier ministre japonais, Shigeru Ishiba.<\/p>\n<p class=\"lead \">&#8211; \u00ab\u00a0Int\u00e9r\u00eat national du Japon\u00a0\u00bb &#8211;<\/p>\n<p class=\"lead \">Selon M. Trump, le Japon a accept\u00e9 de s&rsquo;ouvrir \u00ab\u00a0au commerce des voitures et des pick-ups, du riz et d&rsquo;un certain nombre d&rsquo;autres produits agricoles\u00a0\u00bb venant des Etats-Unis.<\/p>\n<p class=\"lead \">Sur l&rsquo;automobile qui repr\u00e9sente 8% des emplois dans l&rsquo;archipel, l&rsquo;enjeu \u00e9tait de taille: elle constituait l&rsquo;an dernier presque 30% des exportations du Japon vers les Etats-Unis. <\/p>\n<p class=\"lead \">Or, \u00e0 la suite des surtaxes de 25% impos\u00e9es depuis avril, ces exportations ont d\u00e9gringol\u00e9 d&rsquo;un quart sur un an en mai et en juin.<\/p>\n<p class=\"lead \">Selon M. Ishiba, l&rsquo;accord conclu pr\u00e9voit que ces surtaxes soient divis\u00e9es par deux, et s&rsquo;ajoutent aux droits de douane pr\u00e9existants de 2,5% pour parvenir \u00e0 une taxation finale de 15%.<\/p>\n<p class=\"lead \">Par ailleurs, gonfler les importations de riz \u00e9tait ces derniers mois un tabou pour Tokyo, qui assurait d\u00e9fendre les int\u00e9r\u00eats des agriculteurs locaux.<\/p>\n<p class=\"lead \">\u00ab\u00a0Nous avons poursuivi les n\u00e9gociations pour parvenir \u00e0 un accord r\u00e9pondant \u00e0 l&rsquo;int\u00e9r\u00eat national du Japon et des Etats-Unis\u00a0\u00bb et \u00ab\u00a0rien n&rsquo;impose des sacrifices \u00e0 nos agriculteurs\u00a0\u00bb, a affirm\u00e9 mercredi M. Ishiba.<\/p>\n<p class=\"lead \">Le Japon importe actuellement jusqu&rsquo;\u00e0 770.000 tonnes de riz exempt\u00e9s de droits de douane et pourrait importer davantage de c\u00e9r\u00e9ales am\u00e9ricaines dans cette limite &#8211; au d\u00e9triment d&rsquo;autres origines -, a-t-il expliqu\u00e9.<\/p>\n<p class=\"lead \">En revanche, les surtaxes am\u00e9ricaines de 50% sur l&rsquo;acier et l&rsquo;aluminium ne sont pas concern\u00e9es par l&rsquo;accord, pas davantage que les d\u00e9penses de d\u00e9fense du Japon dont M. Trump r\u00e9clame le renforcement, a pr\u00e9cis\u00e9 le n\u00e9gociateur nippon, Ryosei Akazawa.<\/p>\n<p class=\"small font-weight-bold text-gray3 \"> publi\u00e9 le 23 juillet \u00e0 22h13, AFP<\/p>\n<p>                             Partager<\/p>\n","protected":false},"excerpt":{"rendered":"Donald Trump a annonc\u00e9 avoir conclu un accord commercial \u00ab\u00a0\u00e9norme\u00a0\u00bb avec le Japon, alors que des \u00ab\u00a0d\u00e9cisions\u00a0\u00bb sont&hellip;\n","protected":false},"author":2,"featured_media":268980,"comment_status":"","ping_status":"","sticky":false,"template":"","format":"standard","meta":{"footnotes":""},"categories":[1586],"tags":[11,309,215,312,2822,1777,674,1011,27,2070,12,25,1778,308],"class_list":{"0":"post-268979","1":"post","2":"type-post","3":"status-publish","4":"format-standard","5":"has-post-thumbnail","7":"category-europe","8":"tag-actualites","9":"tag-chine","10":"tag-commerce","11":"tag-diplomatie","12":"tag-douanes","13":"tag-eu","14":"tag-europe","15":"tag-fr","16":"tag-france","17":"tag-japon","18":"tag-news","19":"tag-republique-francaise","20":"tag-ue","21":"tag-usa"},"share_on_mastodon":{"url":"https:\/\/pubeurope.com\/@fr\/114904718644592175","error":""},"_links":{"self":[{"href":"https:\/\/www.europesays.com\/fr\/wp-json\/wp\/v2\/posts\/268979","targetHints":{"allow":["GET"]}}],"collection":[{"href":"https:\/\/www.europesays.com\/fr\/wp-json\/wp\/v2\/posts"}],"about":[{"href":"https:\/\/www.europesays.com\/fr\/wp-json\/wp\/v2\/types\/post"}],"author":[{"embeddable":true,"href":"https:\/\/www.europesays.com\/fr\/wp-json\/wp\/v2\/users\/2"}],"replies":[{"embeddable":true,"href":"https:\/\/www.europesays.com\/fr\/wp-json\/wp\/v2\/comments?post=268979"}],"version-history":[{"count":0,"href":"https:\/\/www.europesays.com\/fr\/wp-json\/wp\/v2\/posts\/268979\/revisions"}],"wp:featuredmedia":[{"embeddable":true,"href":"https:\/\/www.europesays.com\/fr\/wp-json\/wp\/v2\/media\/268980"}],"wp:attachment":[{"href":"https:\/\/www.europesays.com\/fr\/wp-json\/wp\/v2\/media?parent=268979"}],"wp:term":[{"taxonomy":"category","embeddable":true,"href":"https:\/\/www.europesays.com\/fr\/wp-json\/wp\/v2\/categories?post=268979"},{"taxonomy":"post_tag","embeddable":true,"href":"https:\/\/www.europesays.com\/fr\/wp-json\/wp\/v2\/tags?post=268979"}],"curies":[{"name":"wp","href":"https:\/\/api.w.org\/{rel}","templated":true}]}}