{"id":268981,"date":"2025-07-23T21:40:10","date_gmt":"2025-07-23T21:40:10","guid":{"rendered":"https:\/\/www.europesays.com\/fr\/268981\/"},"modified":"2025-07-23T21:40:10","modified_gmt":"2025-07-23T21:40:10","slug":"lukraine-seloigne-t-elle-de-son-adhesion-a-lue","status":"publish","type":"post","link":"https:\/\/www.europesays.com\/fr\/268981\/","title":{"rendered":"L\u2019Ukraine s\u2019\u00e9loigne-t-elle de son adh\u00e9sion \u00e0 l\u2019UE?"},"content":{"rendered":"<p>    R\u00e9sum\u00e9 en 20 secondes<\/p>\n<p>        En savoir plus sur ce type de contenu<\/p>\n<p>Ce r\u00e9sum\u00e9 peut avoir \u00e9t\u00e9 \u00e9crit avec l&rsquo;assistance d\u2019une IA g\u00e9n\u00e9rative. <a href=\"https:\/\/www.letemps.ch\/cyber\/l-usage-de-l-ia-generative-par-les-journalistes-du-temps\" target=\"_blank\" rel=\"noopener\">En savoir plus<\/a><\/p>\n<p class=\"article__abstract-call-to-action\" data-ariato=\"TrackableElement\" data-trackable-element-type=\"article_abstract_cta\" data-trackable-element-location=\"article_header\" data-trackable-element-id=\"501203\">\n        <a data-event=\"click-&gt;clicked\" href=\"https:\/\/www.letemps.ch\/abonnements\" target=\"_blank\" rel=\"noopener\">Abonnez-vous<\/a> pour acc\u00e9der au r\u00e9sum\u00e9 en 20 secondes.\n      <\/p>\n<p>Berlin a hauss\u00e9 le ton. La commissaire europ\u00e9enne \u00e0 l\u2019Elargissement, Marta Kos, \u00e9galement. Et Ursula von der Leyen, la pr\u00e9sidente de la Commission europ\u00e9enne, a demand\u00e9 des explications \u00e0 Volodymyr Zelensky et exprim\u00e9 sa \u00abvive pr\u00e9occupation\u00bb. La promulgation, mardi, par le pr\u00e9sident ukrainien, de la loi supprimant l\u2019ind\u00e9pendance des agences anticorruption ne provoque pas uniquement de vives r\u00e9voltes en Ukraine. Elle surprend aussi les responsables europ\u00e9ens. Et les d\u00e9\u00e7oit. Car une lutte efficace contre la corruption fait partie des exigences fix\u00e9es par Bruxelles \u00e0 Kiev pour assurer son chemin vers l\u2019adh\u00e9sion \u00e0 l\u2019UE. Quel dangereux calcul a voulu faire Volodymyr Zelensky, pourtant impatient de rejoindre les rangs de l\u2019Union?<\/p>\n<p>\u00abLimiter l\u2019ind\u00e9pendance des agences anticorruption entrave l\u2019Ukraine sur la voie de l\u2019UE\u00bb, a clairement d\u00e9nonc\u00e9, sur X, le ministre allemand des Affaires \u00e9trang\u00e8res, Johann Wadephul. Marta Kos parle de son c\u00f4t\u00e9 d\u2019un \u00abs\u00e9rieux recul\u00bb et s\u2019est dit, mardi d\u00e9j\u00e0, \u00abprofond\u00e9ment pr\u00e9occup\u00e9e par le vote \u00e0 la Rada [le parlement ukrainien, ndlr], ajoutant que le \u00abrespect de l\u2019Etat de droit reste au c\u0153ur\u00a0des n\u00e9gociations d\u2019adh\u00e9sion\u00bb.<\/p>\n","protected":false},"excerpt":{"rendered":"R\u00e9sum\u00e9 en 20 secondes En savoir plus sur ce type de contenu Ce r\u00e9sum\u00e9 peut avoir \u00e9t\u00e9 \u00e9crit&hellip;\n","protected":false},"author":2,"featured_media":268982,"comment_status":"","ping_status":"","sticky":false,"template":"","format":"standard","meta":{"footnotes":""},"categories":[1586],"tags":[11,1777,674,1779,1011,27,12,301,25,656,1778,220,364,134],"class_list":{"0":"post-268981","1":"post","2":"type-post","3":"status-publish","4":"format-standard","5":"has-post-thumbnail","7":"category-europe","8":"tag-actualites","9":"tag-eu","10":"tag-europe","11":"tag-european-union","12":"tag-fr","13":"tag-france","14":"tag-news","15":"tag-premium","16":"tag-republique-francaise","17":"tag-securite","18":"tag-ue","19":"tag-ukraine","20":"tag-union-europeenne","21":"tag-volodymyr-zelensky"},"share_on_mastodon":{"url":"https:\/\/pubeurope.com\/@fr\/114904722621685032","error":""},"_links":{"self":[{"href":"https:\/\/www.europesays.com\/fr\/wp-json\/wp\/v2\/posts\/268981","targetHints":{"allow":["GET"]}}],"collection":[{"href":"https:\/\/www.europesays.com\/fr\/wp-json\/wp\/v2\/posts"}],"about":[{"href":"https:\/\/www.europesays.com\/fr\/wp-json\/wp\/v2\/types\/post"}],"author":[{"embeddable":true,"href":"https:\/\/www.europesays.com\/fr\/wp-json\/wp\/v2\/users\/2"}],"replies":[{"embeddable":true,"href":"https:\/\/www.europesays.com\/fr\/wp-json\/wp\/v2\/comments?post=268981"}],"version-history":[{"count":0,"href":"https:\/\/www.europesays.com\/fr\/wp-json\/wp\/v2\/posts\/268981\/revisions"}],"wp:featuredmedia":[{"embeddable":true,"href":"https:\/\/www.europesays.com\/fr\/wp-json\/wp\/v2\/media\/268982"}],"wp:attachment":[{"href":"https:\/\/www.europesays.com\/fr\/wp-json\/wp\/v2\/media?parent=268981"}],"wp:term":[{"taxonomy":"category","embeddable":true,"href":"https:\/\/www.europesays.com\/fr\/wp-json\/wp\/v2\/categories?post=268981"},{"taxonomy":"post_tag","embeddable":true,"href":"https:\/\/www.europesays.com\/fr\/wp-json\/wp\/v2\/tags?post=268981"}],"curies":[{"name":"wp","href":"https:\/\/api.w.org\/{rel}","templated":true}]}}