{"id":268987,"date":"2025-07-23T21:44:22","date_gmt":"2025-07-23T21:44:22","guid":{"rendered":"https:\/\/www.europesays.com\/fr\/268987\/"},"modified":"2025-07-23T21:44:22","modified_gmt":"2025-07-23T21:44:22","slug":"si-je-passe-le-cut-ce-sera-la-cerise-sur-le-gateau","status":"publish","type":"post","link":"https:\/\/www.europesays.com\/fr\/268987\/","title":{"rendered":"\u00ab\u00a0Si je passe le cut, ce sera la cerise sur le g\u00e2teau\u00a0\u00bb"},"content":{"rendered":"<p><a href=\"https:\/\/www.sudouest.fr\/pyrenees-atlantiques\/biarritz\/pays-basque-depuis-125-ans-la-coupe-de-biarritz-ecrit-la-legende-du-golf-du-phare-20649614.php\" target=\"_blank\" rel=\"follow nofollow noopener\">La Biarritz Cup<\/a>, c\u2019est aussi la Town Cup, une comp\u00e9tition, messieurs et dames, que les meilleurs amateurs du pays r\u00eavent de disputer. Ce lundi 21\u00a0juillet, c\u2019\u00e9tait le premier tour de la Town Cup, qui a vu s\u2019affronter des golfeurs de tr\u00e8s bon niveau, aux index compris entre 0 et 7,4. Un peu avant 9\u00a0heures, sous la pluie et entre deux bourrasques de vent, le Parisien Thierry Caen et le Biarrot Mathieu Reberg se sont \u00e9lanc\u00e9s en duo sur le parcours du golf du Phare. Objectif\u00a0: jouer dans le par, approcher les 69 pour avoir une chance, en ce premier jour, de passer le cut \u00e0 l\u2019issue des deux premiers tours.<\/p>\n<p>\u00ab\u00a0C\u2019est l\u2019objectif supr\u00eame, sourit Thierry Caen, une dizaine de participations \u00e0 la comp\u00e9tition biarrote. Je n\u2019ai jamais r\u00e9ussi \u00e0 passer le cut et cette ann\u00e9e, j\u2019y crois\u00a0!\u00a0\u00bb \u00c0 l\u2019arriv\u00e9e du dernier trou, les deux hommes se sont serr\u00e9 la main. \u00ab\u00a0C\u2019est costaud, il a \u00e9t\u00e9 solide, dans des conditions de jeu d\u00e9licates\u00a0\u00bb, a dit Mathieu Reberg, \u00e0 propos de son \u00ab\u00a0partenaire\u00a0\u00bb d\u2019un jour. Lequel lui a retourn\u00e9 le compliment\u00a0: les deux golfeurs terminent \u00e0 75, une belle performance compte tenu de la pluie mais surtout du vent.<\/p>\n<p>        <img decoding=\"async\" id=\"25325314\" src=\"https:\/\/www.europesays.com\/fr\/wp-content\/uploads\/2025\/07\/whatsapp-image-2025-07-21-at-13-22-57.jpeg\" alt=\"Les deux golfeurs terminent \u00e0 75, une belle perf compte tenu de la pluie mais surtout du vent.\" itemprop=\"contentURL\"\/><\/p>\n<p>    Les deux golfeurs terminent \u00e0 75, une belle perf compte tenu de la pluie mais surtout du vent.<\/p>\n<p>Ch.\u00a0B.<\/p>\n<p>    \u00ab\u00a0Vent de face\u00a0\u00bb<\/p>\n<p>\u00ab\u00a0C\u2019est l\u2019ennemi des golfeurs, c\u2019\u00e9tait difficile avec le vent de face, sur un parcours de cette trempe, il faut garder les nerfs solides, c\u2019\u00e9tait assez usant\u00a0\u00bb, analyse Thierry Caen, Angloy d\u2019adoption et compagnon de longue date d\u2019une Bayonnaise. Son partenaire a moins bien d\u00e9but\u00e9 avant d\u2019aligner les coups dans le par et les birdies. \u00ab\u00a0C\u2019est un sport mental, je pense que notre score est pas mal compte tenu des conditions mais il faudra faire mieux demain (mardi 22\u00a0juillet, NDLR) pour esp\u00e9rer faire partie des 36\u00a0joueurs retenus au premier cut (et 12 pour jouer la phase finale, NDLR).\u00a0\u00bb<\/p>\n<p>Comme pas mal de golfeurs, Thierry Caen a d\u2019abord jou\u00e9 au tennis, o\u00f9 il a \u00e9t\u00e9 2e\u00a0s\u00e9rie avant de se lancer dans le golf et d\u2019\u00eatre handicap 4,7. \u00ab\u00a0Aujourd\u2019hui, je joue bien plus au golf qu\u2019au tennis\u00a0! Mes qualit\u00e9s\u00a0? Je suis un joueur assez r\u00e9gulier, je putte bien, je suis bon en approche, et ici, sur ces greens que j\u2019adore, j\u2019esp\u00e8re que cela me permettra de d\u00e9crocher le pompon\u00a0: si je passe le cut, ce sera la plus belle perf de ma (modeste) carri\u00e8re\u00a0\u00bb, conclut-il le sourire aux l\u00e8vres.<\/p>\n","protected":false},"excerpt":{"rendered":"La Biarritz Cup, c\u2019est aussi la Town Cup, une comp\u00e9tition, messieurs et dames, que les meilleurs amateurs du&hellip;\n","protected":false},"author":2,"featured_media":268988,"comment_status":"","ping_status":"","sticky":false,"template":"","format":"standard","meta":{"footnotes":""},"categories":[1418],"tags":[1011,27,1472,60],"class_list":{"0":"post-268987","1":"post","2":"type-post","3":"status-publish","4":"format-standard","5":"has-post-thumbnail","7":"category-golf","8":"tag-fr","9":"tag-france","10":"tag-golf","11":"tag-sports"},"share_on_mastodon":{"url":"https:\/\/pubeurope.com\/@fr\/114904738273523919","error":""},"_links":{"self":[{"href":"https:\/\/www.europesays.com\/fr\/wp-json\/wp\/v2\/posts\/268987","targetHints":{"allow":["GET"]}}],"collection":[{"href":"https:\/\/www.europesays.com\/fr\/wp-json\/wp\/v2\/posts"}],"about":[{"href":"https:\/\/www.europesays.com\/fr\/wp-json\/wp\/v2\/types\/post"}],"author":[{"embeddable":true,"href":"https:\/\/www.europesays.com\/fr\/wp-json\/wp\/v2\/users\/2"}],"replies":[{"embeddable":true,"href":"https:\/\/www.europesays.com\/fr\/wp-json\/wp\/v2\/comments?post=268987"}],"version-history":[{"count":0,"href":"https:\/\/www.europesays.com\/fr\/wp-json\/wp\/v2\/posts\/268987\/revisions"}],"wp:featuredmedia":[{"embeddable":true,"href":"https:\/\/www.europesays.com\/fr\/wp-json\/wp\/v2\/media\/268988"}],"wp:attachment":[{"href":"https:\/\/www.europesays.com\/fr\/wp-json\/wp\/v2\/media?parent=268987"}],"wp:term":[{"taxonomy":"category","embeddable":true,"href":"https:\/\/www.europesays.com\/fr\/wp-json\/wp\/v2\/categories?post=268987"},{"taxonomy":"post_tag","embeddable":true,"href":"https:\/\/www.europesays.com\/fr\/wp-json\/wp\/v2\/tags?post=268987"}],"curies":[{"name":"wp","href":"https:\/\/api.w.org\/{rel}","templated":true}]}}