{"id":268989,"date":"2025-07-23T21:46:11","date_gmt":"2025-07-23T21:46:11","guid":{"rendered":"https:\/\/www.europesays.com\/fr\/268989\/"},"modified":"2025-07-23T21:46:11","modified_gmt":"2025-07-23T21:46:11","slug":"rugby-regionales-1-2-et-3-la-composition-des-poules-en-occitanie-pour-la-saison-2025-2026-est-enfin-connue","status":"publish","type":"post","link":"https:\/\/www.europesays.com\/fr\/268989\/","title":{"rendered":"Rugby \u2013 R\u00e9gionales 1, 2 et 3\u00a0: la composition des poules en Occitanie pour la saison 2025-2026 est enfin connue"},"content":{"rendered":"<p>\n                                                                Apr\u00e8s quelques semaines d\u2019attente tr\u00e9pidante, les poules du rugby occitan pour la prochaine saison 2025-2026 ont \u00e9t\u00e9 d\u00e9voil\u00e9es, ce mercredi soir.\n                            <\/p>\n<p>R\u00e9gionale 1<\/p>\n<p>Elle avait d\u00e9j\u00e0 fuit\u00e9 depuis quelques semaines, la poule 1 de R\u00e9gionale 1 r\u00e9unira deux clubs audois, un catalan mais aussi deux Gardois, un Tarnais et quatre H\u00e9raultais dans une poule qui offrira de beaux derbies.<\/p>\n<p>Les rel\u00e9gu\u00e9s de F\u00e9d\u00e9rale 3, Tr\u00e8bes et Al\u00e8s, les promus Fleury-Salles-Coursan, Olonzac et l\u2019Entente de la T\u00eat, retrouvent Plages d\u2019Orb, Rives d\u2019Orb, B\u00e9darieux, Uz\u00e8s et Montredon.<\/p>\n<p>    R\u00e9gionale 1 \u2013 Poule 1<\/p>\n<ul>\n<li><strong>Tr\u00e8bes (11)<\/strong><\/li>\n<li><strong>Fleury-Salles-Coursan (11)<\/strong><\/li>\n<li><strong>La T\u00eat (66)<\/strong><\/li>\n<li>Olonzac (34)<\/li>\n<li>B\u00e9darieux (34)<\/li>\n<li>Rives d\u2019Orb (34)<\/li>\n<li>Plages d\u2019Orb (34)<\/li>\n<li>Uz\u00e8s (30)<\/li>\n<li>Al\u00e8s (30)<\/li>\n<li>Montredon (81)<\/li>\n<\/ul>\n<p>R\u00e9gionale 2<\/p>\n<p>En R\u00e9gionale 2, sept clubs audois et un catalan seront engag\u00e9s lors de la saison 2025-2026. Ils seront r\u00e9partis en deux poules diff\u00e9rentes.<\/p>\n<p>La poule 1 va s\u2019\u00e9tendre de Murviel \u00e0 l\u2019est jusqu\u2019\u00e0 Lavelanet \u00e0 l\u2019ouest et Aussillon au Nord. Dans cette derni\u00e8re, avec 9 clubs, le RC Limoux, promu, d\u00e9couvrira cette division et sera accompagn\u00e9 par ses voisins audois du\u00a0RC Alaric, de Pi\u00e8ge Lauragais Malep\u00e8re ainsi\u00a0que du RE Cabard\u00e8s.<\/p>\n<p>    R\u00e9gionale 2 \u2013 Poule 1<\/p>\n<ul>\n<li><strong>Limoux (11)<\/strong><\/li>\n<li><strong>Pi\u00e8ge Lauragais Malep\u00e8re (11)<\/strong><\/li>\n<li><strong>Cabard\u00e8s (11)<\/strong><\/li>\n<li><strong>Alaric (11)<\/strong><\/li>\n<li>Lavelanet (09)<\/li>\n<li>Mirepoix (09)<\/li>\n<li>Aussillon-Mazamet (81)<\/li>\n<li>Thor\u00e9 (81)<\/li>\n<li>Murviel-Th\u00e9zan (34)<\/li>\n<\/ul>\n<p>Le reste des Audois se situent dans la poule 7, une poule de 9, avec les H\u00e9raultais et Ponteilla, le seul club catalan. Dans cette poule, le\u00a0promu Vinassan retrouvera Lieuran, avec qui il a bataill\u00e9 l\u2019an dernier en R3, mais aussi Canet et Ouveillan-Cuxac-Sall\u00e8les, dans une poule \u00e0 l\u2019accent du 34, avec Cers-Portiragnes-Villeneuve, Nissan-Colombiers, Maureilhan-Montady et enfin le retour de l\u2019Avenir Bleu et Blanc.<\/p>\n<p>    R\u00e9gionale 2 \u2013 Poule 7<\/p>\n<ul>\n<li><strong>Vinassan (11)<\/strong><\/li>\n<li><strong>Ouveillan-Cuxac-Sall\u00e8les (11)<\/strong><\/li>\n<li><strong>Canet (11)<\/strong><\/li>\n<li><strong>Ponteilla (66)<\/strong><\/li>\n<li>Cers-Portiragnes-Villeneuve (34)<\/li>\n<li>Avenir Bleu Blanc (34)<\/li>\n<li>Nissan-Colombiers (34)<\/li>\n<li>Maureilhan-Montady (34)<\/li>\n<li>Lieuran (34)<\/li>\n<\/ul>\n<p>R\u00e9gionale 3<\/p>\n<p>Six clubs audois et sept clubs catalans sont inscrits dans le championnat R\u00e9gionale 3, pour la saison prochaine.<\/p>\n<p>Dans la poule 1, Corbi\u00e8res Maritimes sera le seul repr\u00e9sentant du 11, au milieu des Catalans de l\u2019Union Catalane, de l\u2019Avenir Salanquais, de C\u00f4te Vermeille et Cabestany. Pour compl\u00e9ter le tableau de la poule, quatre \u00e9quipes h\u00e9raultaises.<\/p>\n<p>    R\u00e9gionale 3 \u2013 Poule 1<\/p>\n<ul>\n<li><strong>Corbi\u00e8res Maritimes (11)<\/strong><\/li>\n<li><strong>Cabestany (66)<\/strong><\/li>\n<li><strong>Union Catalane (66)<\/strong><\/li>\n<li><strong>C\u00f4te Vermeille (66)<\/strong><\/li>\n<li><strong>Avenir Salanquais (66)<\/strong><\/li>\n<li>Bessan (34)<\/li>\n<li>Marseillan-M\u00e8ze (34)<\/li>\n<li>Les Trois clochers (34)<\/li>\n<li>Frontignan (34)<\/li>\n<\/ul>\n<p>Le reste de nos r\u00e9gionaux sont fix\u00e9s sur la poule 4. Les Ari\u00e9geois de Maz\u00e8res se sentiront peut-\u00eatre intrus dans une poule catalano-audoise. Le Foyer Laique Haut-Vernet, le Haut Vallespir, Cerdagne-Capcir accompagnent les Audois de Tauch Corbi\u00e8res, Plateau de Sault, Bassin Sud Minervois, l\u2019Olympique Minervois et Villeneuve la Comptal.<\/p>\n<p>    R\u00e9gionale 3 \u2013 Poule 4<\/p>\n<ul>\n<li><strong>FL Haut Vernet (66)<\/strong><\/li>\n<li><strong>Cerdagne Capcir (66)<\/strong><\/li>\n<li><strong>Haut Vallespir (66)<\/strong><\/li>\n<li><strong>Olympique Minervois (11)<\/strong><\/li>\n<li><strong>Bassin Sud Minervois (11)<\/strong><\/li>\n<li><strong>Plateau de Sault (11)<\/strong><\/li>\n<li><strong>Villeneuve la Comptal (11)<\/strong><\/li>\n<li><strong>Tauch Corbi\u00e8res (11)<\/strong><\/li>\n<li>Maz\u00e8res (09)<\/li>\n<\/ul>\n","protected":false},"excerpt":{"rendered":"Apr\u00e8s quelques semaines d\u2019attente tr\u00e9pidante, les poules du rugby occitan pour la prochaine saison 2025-2026 ont \u00e9t\u00e9 d\u00e9voil\u00e9es,&hellip;\n","protected":false},"author":2,"featured_media":268990,"comment_status":"","ping_status":"","sticky":false,"template":"","format":"standard","meta":{"footnotes":""},"categories":[1416],"tags":[1011,27,479,1468,60],"class_list":{"0":"post-268989","1":"post","2":"type-post","3":"status-publish","4":"format-standard","5":"has-post-thumbnail","7":"category-rugby","8":"tag-fr","9":"tag-france","10":"tag-rugby","11":"tag-rugby-football","12":"tag-sports"},"share_on_mastodon":{"url":"https:\/\/pubeurope.com\/@fr\/114904746150120073","error":""},"_links":{"self":[{"href":"https:\/\/www.europesays.com\/fr\/wp-json\/wp\/v2\/posts\/268989","targetHints":{"allow":["GET"]}}],"collection":[{"href":"https:\/\/www.europesays.com\/fr\/wp-json\/wp\/v2\/posts"}],"about":[{"href":"https:\/\/www.europesays.com\/fr\/wp-json\/wp\/v2\/types\/post"}],"author":[{"embeddable":true,"href":"https:\/\/www.europesays.com\/fr\/wp-json\/wp\/v2\/users\/2"}],"replies":[{"embeddable":true,"href":"https:\/\/www.europesays.com\/fr\/wp-json\/wp\/v2\/comments?post=268989"}],"version-history":[{"count":0,"href":"https:\/\/www.europesays.com\/fr\/wp-json\/wp\/v2\/posts\/268989\/revisions"}],"wp:featuredmedia":[{"embeddable":true,"href":"https:\/\/www.europesays.com\/fr\/wp-json\/wp\/v2\/media\/268990"}],"wp:attachment":[{"href":"https:\/\/www.europesays.com\/fr\/wp-json\/wp\/v2\/media?parent=268989"}],"wp:term":[{"taxonomy":"category","embeddable":true,"href":"https:\/\/www.europesays.com\/fr\/wp-json\/wp\/v2\/categories?post=268989"},{"taxonomy":"post_tag","embeddable":true,"href":"https:\/\/www.europesays.com\/fr\/wp-json\/wp\/v2\/tags?post=268989"}],"curies":[{"name":"wp","href":"https:\/\/api.w.org\/{rel}","templated":true}]}}