{"id":268991,"date":"2025-07-23T21:47:10","date_gmt":"2025-07-23T21:47:10","guid":{"rendered":"https:\/\/www.europesays.com\/fr\/268991\/"},"modified":"2025-07-23T21:47:10","modified_gmt":"2025-07-23T21:47:10","slug":"resultat-daniil-medvedev-reilly-opelka-atp-500-washington-deuxieme-tour-mercredi-23-juillet-2025-lequipe","status":"publish","type":"post","link":"https:\/\/www.europesays.com\/fr\/268991\/","title":{"rendered":"R\u00e9sultat : Daniil Medvedev &#8211; Reilly Opelka, ATP 500, Washington, Deuxi\u00e8me tour, Mercredi 23 juillet 2025 &#8211; L&#039;\u00c9quipe"},"content":{"rendered":"<ol>\n<li><a href=\"https:\/\/news.google.com\/rss\/articles\/CBMiywFBVV95cUxNTVNTMnJOYWdqS2kzVWJ0bjBEV2R2WTN6MWpPY2NMc2dyM3h3MnFGcWhqSjRqRzVtY1EwTlh4SVpPVHBiOVJ6RUxaZDE1Um90c0FfMXZMa2R3dUNIQ2xINVZ1MkdKZWNzM194Z081X1NVTkkwQXVsUXJRa3p4cEQ3V0NJQU9Cd0Z1b0YxUnRkdW5wTHpSR213Z0t5ZzladTA0a1RkNnlQNVU0em1MWVlCZUVzZWJBTlRYQzlaSTUxN0VKNFlMZHhyTDFLbw?oc=5\" target=\"_blank\" rel=\"nofollow noopener\">R\u00e9sultat : Daniil Medvedev &#8211; Reilly Opelka, ATP 500, Washington, Deuxi\u00e8me tour, Mercredi 23 juillet 2025<\/a>&nbsp;&nbsp;L&rsquo;\u00c9quipe<\/li>\n<li><a href=\"https:\/\/news.google.com\/rss\/articles\/CBMimAFBVV95cUxQS2t2dXFSVGlyLW9BSjRrWl82ZkIyTmFtMXAzTnR3a1gxNXJkS1oxd1BHcTh0T3VQSGhla1pMcDJOUlJQcmlLa1JjSE1lMnJxdWFYcHZ6TWxsTVgxTXdUVnk1TUhscUJuVjRZcXBFbmYxVVYxNUhsSklEcnFZN1Fnd0gxYlJYQXB6YTY4Yjl5UEVLR3o2T0ZQTQ?oc=5\" target=\"_blank\" rel=\"nofollow noopener\">Washington &#8211; Medvedev en mode diesel<\/a>&nbsp;&nbsp;Orange Actualit\u00e9s | Sports<\/li>\n<li><a href=\"https:\/\/news.google.com\/rss\/articles\/CBMigwFBVV95cUxPV3p3YkJXblJOUV9wblYtcW5sNDJ3N204c2dqSlhyNXFzMThxQU0xbFpNc3ZQMFd3MzJuUlk5S0VNTThscjhseERQV2c2Rnk5MHpMUXpCdWRhOTJVZXBWZS0wdjZIa1NzRjZDZ1BybzBpQV9nOW91NC1RcHNCMXdHWlNocw?oc=5\" target=\"_blank\" rel=\"nofollow noopener\">\ufeffParis\/Pronos &#8211; Medvedev-Opelka, Tien-Rublev, Sakkari-Navarro, notre avis et les cotes int\u00e9ressantes de la journ\u00e9e de mercredi<\/a>&nbsp;&nbsp;Tennis Temple<\/li>\n<li><a href=\"https:\/\/news.google.com\/rss\/articles\/CBMi0gFBVV95cUxNeHcyUjhoQi02czUweHJPY0pRaWRYOWs0ZkwyU2RldVJjZkNBTDZSbDZmV1RCNlB1UkVuUU9YNm1tbkZFQzRmNUIyX3Q3R1RtWFVNVlRoM3ZXMGtOM3BYSzl5QmoyU1FiRk9OUkROOVQwRXNpUGV0TkJwLTd3SWxzamctX1BSdG96VVQ4NHMtNk9OQ3kxWWI5aTFiQ3laYmhCX01GVGpER0ZONWlNRDRkWVhOSDlkSFJQRTlTTTljX3dzZHV1ZlVUMGFBUDJYbDdPZEE?oc=5\" target=\"_blank\" rel=\"nofollow noopener\">Daniil Medvedev face \u00e0 une opportunit\u00e9 en or apr\u00e8s l\u2019\u00e9limination d\u2019un grand rival au Washington Open<\/a>&nbsp;&nbsp;LesNews<\/li>\n<li><a href=\"https:\/\/news.google.com\/rss\/articles\/CBMiigFBVV95cUxQcTNxX0UzV0xELVo5UVZ3eEVnM3dmdW10aFhoLUE1U005Z2pUTnV6WnA5RE5kNUlocDJKdWY1Q1g4TTZQTDhHRXZUWXlkb0dRaVBQUGdjZVhpNFVSRzVWMXhha1ZuR2ZIdGVCYmw1XzNxWHlKeTk1RXJPN1dPblVpblVmbENvMTNTZ2c?oc=5\" target=\"_blank\" rel=\"nofollow noopener\">Pronostic Daniil Medvedev Reilly Opelka GRATUIT &#8211; Mubadala Citi DC Open 23\/07\/2025<\/a>&nbsp;&nbsp;RueDesJoueurs<\/li>\n<\/ol>\n","protected":false},"excerpt":{"rendered":"R\u00e9sultat : Daniil Medvedev &#8211; Reilly Opelka, ATP 500, Washington, Deuxi\u00e8me tour, Mercredi 23 juillet 2025&nbsp;&nbsp;L&rsquo;\u00c9quipe Washington &#8211;&hellip;\n","protected":false},"author":2,"featured_media":1983,"comment_status":"","ping_status":"","sticky":false,"template":"","format":"standard","meta":{"footnotes":""},"categories":[1415],"tags":[1011,27,60,1467],"class_list":{"0":"post-268991","1":"post","2":"type-post","3":"status-publish","4":"format-standard","5":"has-post-thumbnail","7":"category-tennis","8":"tag-fr","9":"tag-france","10":"tag-sports","11":"tag-tennis"},"share_on_mastodon":{"url":"https:\/\/pubeurope.com\/@fr\/114904750029541034","error":""},"_links":{"self":[{"href":"https:\/\/www.europesays.com\/fr\/wp-json\/wp\/v2\/posts\/268991","targetHints":{"allow":["GET"]}}],"collection":[{"href":"https:\/\/www.europesays.com\/fr\/wp-json\/wp\/v2\/posts"}],"about":[{"href":"https:\/\/www.europesays.com\/fr\/wp-json\/wp\/v2\/types\/post"}],"author":[{"embeddable":true,"href":"https:\/\/www.europesays.com\/fr\/wp-json\/wp\/v2\/users\/2"}],"replies":[{"embeddable":true,"href":"https:\/\/www.europesays.com\/fr\/wp-json\/wp\/v2\/comments?post=268991"}],"version-history":[{"count":0,"href":"https:\/\/www.europesays.com\/fr\/wp-json\/wp\/v2\/posts\/268991\/revisions"}],"wp:featuredmedia":[{"embeddable":true,"href":"https:\/\/www.europesays.com\/fr\/wp-json\/wp\/v2\/media\/1983"}],"wp:attachment":[{"href":"https:\/\/www.europesays.com\/fr\/wp-json\/wp\/v2\/media?parent=268991"}],"wp:term":[{"taxonomy":"category","embeddable":true,"href":"https:\/\/www.europesays.com\/fr\/wp-json\/wp\/v2\/categories?post=268991"},{"taxonomy":"post_tag","embeddable":true,"href":"https:\/\/www.europesays.com\/fr\/wp-json\/wp\/v2\/tags?post=268991"}],"curies":[{"name":"wp","href":"https:\/\/api.w.org\/{rel}","templated":true}]}}