{"id":2690,"date":"2025-04-04T12:18:10","date_gmt":"2025-04-04T12:18:10","guid":{"rendered":"https:\/\/www.europesays.com\/fr\/2690\/"},"modified":"2025-04-04T12:18:10","modified_gmt":"2025-04-04T12:18:10","slug":"atp-tim-henman-ce-tournoi-est-loccasion-ideale-pour-carlos-alcaraz-de-reagir","status":"publish","type":"post","link":"https:\/\/www.europesays.com\/fr\/2690\/","title":{"rendered":"ATP > Tim Henman : \u00ab\u00a0Ce tournoi est l&rsquo;occasion id\u00e9ale pour Carlos Alcaraz de r\u00e9agir\u00a0\u00bb"},"content":{"rendered":"<p>L\u2019ancien cham\u00adpion britan\u00adnique s\u2019est exprim\u00e9 au sujet des prochaines \u00e9ch\u00e9ances concer\u00adnant Carlos Alcaraz, qui sera pr\u00e9sent \u00e0 Monte\u2010Carlo (du 6 au 13 avril). Ce sera seule\u00adment sa deuxi\u00e8me parti\u00adci\u00adpa\u00adtion apr\u00e8s son forfait l\u2019an dernier \u00e0 cause d\u2019une bles\u00adsure au poignet.<\/p>\n<p>Pour Tim Henman, le tournoi de la prin\u00adci\u00adpaut\u00e9 est vrai\u00adment l\u2019oc\u00adca\u00adsion de se refaire une sant\u00e9\u00a0: <strong>\u00ab\u202fComme c\u2019est l\u2019un des meilleurs joueurs du monde, je pense donc qu\u2019il est capable de remporter n\u2019im\u00adporte quel tournoi auquel il parti\u00adcipe. Je pense que Monte\u2010Carlo est l\u2019oc\u00adca\u00adsion id\u00e9ale pour lui de r\u00e9agir.\u202f\u00bb<\/strong><\/p>\n<p class=\"post-published-date\" style=\"color: silver; font-size: 75%; text-align: left;\">Publi\u00e9 le jeudi 3 avril 2025 \u00e0 12:45<\/p>\n","protected":false},"excerpt":{"rendered":"L\u2019ancien cham\u00adpion britan\u00adnique s\u2019est exprim\u00e9 au sujet des prochaines \u00e9ch\u00e9ances concer\u00adnant Carlos Alcaraz, qui sera pr\u00e9sent \u00e0 Monte\u2010Carlo&hellip;\n","protected":false},"author":2,"featured_media":2691,"comment_status":"","ping_status":"","sticky":false,"template":"","format":"standard","meta":{"footnotes":""},"categories":[1415],"tags":[1744,1011,27,60,1467],"class_list":{"0":"post-2690","1":"post","2":"type-post","3":"status-publish","4":"format-standard","5":"has-post-thumbnail","7":"category-tennis","8":"tag-alcaraz","9":"tag-fr","10":"tag-france","11":"tag-sports","12":"tag-tennis"},"share_on_mastodon":{"url":"https:\/\/pubeurope.com\/@fr\/114279658506143329","error":""},"_links":{"self":[{"href":"https:\/\/www.europesays.com\/fr\/wp-json\/wp\/v2\/posts\/2690","targetHints":{"allow":["GET"]}}],"collection":[{"href":"https:\/\/www.europesays.com\/fr\/wp-json\/wp\/v2\/posts"}],"about":[{"href":"https:\/\/www.europesays.com\/fr\/wp-json\/wp\/v2\/types\/post"}],"author":[{"embeddable":true,"href":"https:\/\/www.europesays.com\/fr\/wp-json\/wp\/v2\/users\/2"}],"replies":[{"embeddable":true,"href":"https:\/\/www.europesays.com\/fr\/wp-json\/wp\/v2\/comments?post=2690"}],"version-history":[{"count":0,"href":"https:\/\/www.europesays.com\/fr\/wp-json\/wp\/v2\/posts\/2690\/revisions"}],"wp:featuredmedia":[{"embeddable":true,"href":"https:\/\/www.europesays.com\/fr\/wp-json\/wp\/v2\/media\/2691"}],"wp:attachment":[{"href":"https:\/\/www.europesays.com\/fr\/wp-json\/wp\/v2\/media?parent=2690"}],"wp:term":[{"taxonomy":"category","embeddable":true,"href":"https:\/\/www.europesays.com\/fr\/wp-json\/wp\/v2\/categories?post=2690"},{"taxonomy":"post_tag","embeddable":true,"href":"https:\/\/www.europesays.com\/fr\/wp-json\/wp\/v2\/tags?post=2690"}],"curies":[{"name":"wp","href":"https:\/\/api.w.org\/{rel}","templated":true}]}}