{"id":269005,"date":"2025-07-23T21:56:13","date_gmt":"2025-07-23T21:56:13","guid":{"rendered":"https:\/\/www.europesays.com\/fr\/269005\/"},"modified":"2025-07-23T21:56:13","modified_gmt":"2025-07-23T21:56:13","slug":"charles-les-chtis-sous-steroides-sa-transformation-physique-hallucinante-fait-jaser-lex-candidat-de-tele-realite-met-les-pieds-dans-le-plat","status":"publish","type":"post","link":"https:\/\/www.europesays.com\/fr\/269005\/","title":{"rendered":"Charles (Les Ch\u2019tis) sous st\u00e9ro\u00efdes ? Sa transformation physique hallucinante fait jaser, l\u2019ex-candidat de t\u00e9l\u00e9-r\u00e9alit\u00e9 met les pieds dans le plat"},"content":{"rendered":"<p>      R\u00e9sum\u00e9<\/p>\n<p>Ancien candidat des Ch\u2019tis, Charles a \u00e9voqu\u00e9 sa transformation physique spectaculaire et sa reconversion dans l&rsquo;industrie du film pour adultes, r\u00e9pondant aux rumeurs qui circulent \u00e0 son sujet.<\/p>\n<p>        Sommaire<\/p>\n<p>Connu pour sa participation \u00e0 l\u2019\u00e9mission culte Les Ch\u2019tis, Charles a totalement chang\u00e9 de vie ces derni\u00e8res ann\u00e9es. D\u00e9sormais reconverti dans l\u2019univers des films pour adultes, l\u2019ancien candidat de t\u00e9l\u00e9-r\u00e9alit\u00e9 a accord\u00e9 une interview \u00e0 Sam Zirah, dans laquelle<strong> il revient sur sa transformation physique,<\/strong> les critiques, et les rumeurs qui l&rsquo;entourent.<\/p>\n<p>Charles Vassal : sa nouvelle vie apr\u00e8s \u00ab\u00a0Les Ch&#8217;tis\u00a0\u00bb<\/p>\n<p>R\u00e9v\u00e9l\u00e9 au grand public en 2011 dans Les Ch\u2019tis \u00e0 Ibiza, Charles, surnomm\u00e9 \u00ab\u00a0Charles le DJ\u00a0\u00bb, s\u2019est peu \u00e0 peu \u00e9loign\u00e9 de la sc\u00e8ne m\u00e9diatique traditionnelle. Aujourd\u2019hui,<a href=\"https:\/\/www.public.fr\/tu-pisses-sur-quelqu-un-reconverti-dans-le-x-charles-des-ch-tis-revele-les-delires-les-plus-fous-pour-lesquels-on-le-paie\" target=\"_blank\" rel=\"noopener\"> il assume pleinement sa reconversion dans le milieu du X<\/a>, un choix de carri\u00e8re qui en a surpris plus d\u2019un. Mais le jeune homme semble plus \u00e9panoui que jamais dans cette nouvelle vie.<\/p>\n<p>Invit\u00e9 dans une r\u00e9cente interview de Sam Zirah, Charles s\u2019est exprim\u00e9 avec franchise sur son parcours, ses choix, mais aussi sur sa transformation physique tr\u00e8s remarqu\u00e9e.<\/p>\n<p>Des soup\u00e7ons de dopage ? Il r\u00e9pond sans d\u00e9tour<\/p>\n<p>Au cours de l\u2019\u00e9change, Sam Zirah n\u2019a pas h\u00e9sit\u00e9 \u00e0 aborder un sujet qui fait beaucoup r\u00e9agir les internautes : <strong>la musculature impressionnante que Charles affiche d\u00e9sormais sur ses r\u00e9seaux sociaux.<br \/><\/strong><br \/>Sans d\u00e9tour, l\u2019intervieweur qui lui avait r\u00e9cemment <a href=\"https:\/\/www.public.fr\/est-ce-que-tu-pues-du-cl-la-question-osee-de-sam-zirah-a-charles-les-chtis-apres-son-bbl\" target=\"_blank\" rel=\"noopener\">pos\u00e9 des questions sur son op\u00e9ration des fesses<\/a>, lui lance alors : \u00ab\u00a0Il y en a plein qui disent que ta transformation ne serait pas naturelle, que forc\u00e9ment tu te serais un peu fait piquer\u2026 Tu ne prends pas des st\u00e9ro\u00efdes ?\u00a0\u00bb. Ce \u00e0 quoi l&rsquo;ancien candidat de t\u00e9l\u00e9r\u00e9alit\u00e9 a r\u00e9pondu : \u00ab\u00a0Non, non m\u00eame pas !\u00a0\u00bb. <\/p>\n<p>Et Sam Zirah de surench\u00e9rir : \u00ab\u00a0Je me permets de te dire ce que les gens disent. On peut se demander par exemple, il est pass\u00e9 o\u00f9 son cou ?\u00a0\u00bb. <\/p>\n<p>Charles s&rsquo;est alors d\u00e9fendu en disant : \u00ab\u00a0J&rsquo;ai toujours eu ce cou un peu&#8230; m\u00eame \u00e0 la t\u00e9l\u00e9, \u00e0 l&rsquo;\u00e9poque, on me faisait d\u00e9j\u00e0 des r\u00e9flexions sur mon cou, donc c&rsquo;est assez dr\u00f4le. Apr\u00e8s voil\u00e0, j&rsquo;ai pris en masse, mais je ne suis pas non plus un bodybuilder quoi !\u00a0\u00bb. Et de conclure : \u00ab\u00a0J&rsquo;ai pris environ 10 kg de masse, mais c&rsquo;est tout, voil\u00e0\u00a0\u00bb. <\/p>\n<p>Une r\u00e9ponse claire, mais qui ne fera probablement pas taire les sceptiques. Quoi qu\u2019il en soit, l\u2019ancien Ch\u2019ti semble aujourd\u2019hui en paix avec son image, son corps, et sa nouvelle carri\u00e8re.<\/p>\n<p>      Mentionn\u00e9s dans cet article<\/p>\n<p>\u00c0 lire aussi<\/p>\n","protected":false},"excerpt":{"rendered":"R\u00e9sum\u00e9 Ancien candidat des Ch\u2019tis, Charles a \u00e9voqu\u00e9 sa transformation physique spectaculaire et sa reconversion dans l&rsquo;industrie du&hellip;\n","protected":false},"author":2,"featured_media":269006,"comment_status":"","ping_status":"","sticky":false,"template":"","format":"standard","meta":{"footnotes":""},"categories":[1356],"tags":[40825,58,59,1011,27,6652,252,1364],"class_list":{"0":"post-269005","1":"post","2":"type-post","3":"status-publish","4":"format-standard","5":"has-post-thumbnail","7":"category-television","8":"tag-charles-les-chtis","9":"tag-divertissement","10":"tag-entertainment","11":"tag-fr","12":"tag-france","13":"tag-sam-zirah","14":"tag-television","15":"tag-tv"},"share_on_mastodon":{"url":"https:\/\/pubeurope.com\/@fr\/114904785496825764","error":""},"_links":{"self":[{"href":"https:\/\/www.europesays.com\/fr\/wp-json\/wp\/v2\/posts\/269005","targetHints":{"allow":["GET"]}}],"collection":[{"href":"https:\/\/www.europesays.com\/fr\/wp-json\/wp\/v2\/posts"}],"about":[{"href":"https:\/\/www.europesays.com\/fr\/wp-json\/wp\/v2\/types\/post"}],"author":[{"embeddable":true,"href":"https:\/\/www.europesays.com\/fr\/wp-json\/wp\/v2\/users\/2"}],"replies":[{"embeddable":true,"href":"https:\/\/www.europesays.com\/fr\/wp-json\/wp\/v2\/comments?post=269005"}],"version-history":[{"count":0,"href":"https:\/\/www.europesays.com\/fr\/wp-json\/wp\/v2\/posts\/269005\/revisions"}],"wp:featuredmedia":[{"embeddable":true,"href":"https:\/\/www.europesays.com\/fr\/wp-json\/wp\/v2\/media\/269006"}],"wp:attachment":[{"href":"https:\/\/www.europesays.com\/fr\/wp-json\/wp\/v2\/media?parent=269005"}],"wp:term":[{"taxonomy":"category","embeddable":true,"href":"https:\/\/www.europesays.com\/fr\/wp-json\/wp\/v2\/categories?post=269005"},{"taxonomy":"post_tag","embeddable":true,"href":"https:\/\/www.europesays.com\/fr\/wp-json\/wp\/v2\/tags?post=269005"}],"curies":[{"name":"wp","href":"https:\/\/api.w.org\/{rel}","templated":true}]}}