{"id":269007,"date":"2025-07-23T21:57:09","date_gmt":"2025-07-23T21:57:09","guid":{"rendered":"https:\/\/www.europesays.com\/fr\/269007\/"},"modified":"2025-07-23T21:57:09","modified_gmt":"2025-07-23T21:57:09","slug":"quelque-chose-de-tres-special-miley-cyrus-fait-une-grosse-annonce-pour-les-20-ans-de-la-serie-hannah-montana","status":"publish","type":"post","link":"https:\/\/www.europesays.com\/fr\/269007\/","title":{"rendered":"Quelque chose de tr\u00e8s sp\u00e9cial\u2026\u00a0\u00a0\u00bb : Miley Cyrus fait une grosse annonce pour les 20 ans de la s\u00e9rie \u00ab\u00a0Hannah Montana"},"content":{"rendered":"<p>      R\u00e9sum\u00e9<\/p>\n<p>Miley Cyrus pr\u00e9pare une c\u00e9l\u00e9bration sp\u00e9ciale pour les 20 ans de la s\u00e9rie Hannah Montana, \u00e9voquant avec \u00e9motion l\u2019impact de ce r\u00f4le sur sa vie et sa carri\u00e8re.<\/p>\n<p>        Sommaire<\/p>\n<p>Vingt ans se sont \u00e9coul\u00e9s depuis qu\u2019une jeune fille de 13 ans, avec une guitare \u00e0 la main et une perruque blonde sur la t\u00eate, a fait irruption dans les foyers du monde entier. C\u2019\u00e9tait Miley Cyrus, dans le r\u00f4le de Hannah Montana, une ado menant une double vie entre l\u2019anonymat du quotidien et la c\u00e9l\u00e9brit\u00e9 sur sc\u00e8ne.<\/p>\n<p>En 2026, <strong>la s\u00e9rie culte de Disney Channel c\u00e9l\u00e8bre son 20e anniversaire<\/strong>, et son interpr\u00e8te principale ne compte pas laisser passer cette date sans \u00e9motion ni surprise. Dans les colonnes du magazine am\u00e9ricain \u00ab\u00a0People\u00a0\u00bb, la chanteuse vient d&rsquo;annoncer ce qu&rsquo;elle pr\u00e9voit pour c\u00e9l\u00e9brer ce moment comme il se doit.<\/p>\n<p>Un anniversaire symbolique<\/p>\n<p>En 2006, le monde d\u00e9couvrait une adolescente p\u00e9tillante \u00e0 la double vie secr\u00e8te : Miley Stewart, alias Hannah Montana. Incarn\u00e9e par une toute jeune Miley Cyrus,<a href=\"https:\/\/www.public.fr\/hannah-montana-une-star-de-la-serie-arretee-pour-avoir-vole-un-paquet-de-chips-scandale-aux-etats-unis\" target=\"_blank\" rel=\"noopener\"> la s\u00e9rie est rapidement devenue un ph\u00e9nom\u00e8ne mondial<\/a>, m\u00ealant com\u00e9die, musique et adolescence. Vingt ans plus tard, Miley n\u2019a rien oubli\u00e9 de cette \u00e9poque, ni de l\u2019impact qu\u2019elle a eu sur sa vie et sa carri\u00e8re.<\/p>\n<p>Aujourd\u2019hui star internationale, l\u2019artiste revient sur ses d\u00e9buts avec \u00e9motion. Elle a r\u00e9cemment partag\u00e9 un message touchant \u00e0 ses fans :<\/p>\n<blockquote class=\"wp-block-quote is-layout-flow wp-block-quote-is-layout-flow\">\n<p>\u00ab\u00a0Je veux faire quelque chose de tr\u00e8s sp\u00e9cial pour l&rsquo;occasion, car c&rsquo;est le d\u00e9but de tout ce qui est l\u00e0 aujourd&rsquo;hui. Sans Hannah, je ne serais pas ce que je suis\u00a0\u00bb. <\/p>\n<p>Hannah Montana : un r\u00f4le devenu culte<\/p>\n<p>Avec ses perruques blondes, ses concerts d\u00e9cha\u00een\u00e9s et ses r\u00e9pliques cultes, <a href=\"https:\/\/www.public.fr\/diaporamas\/de-la-serie-disney-hannah-montana-a-aujourd-hui-retour-sur-l-incroyable-evolution-physique-et-scandales-de-miley-cyrus-en-photos\" target=\"_blank\" rel=\"noopener\">Hannah Montana a marqu\u00e9 toute une g\u00e9n\u00e9ration<\/a>. Mais derri\u00e8re ce succ\u00e8s, il y avait aussi une jeune fille qui grandissait sous l\u2019\u0153il du public, avec tout ce que cela implique de pression et d\u2019\u00e9volution personnelle.<\/p>\n<p>Miley Cyrus a souvent confi\u00e9 qu\u2019il lui avait fallu des ann\u00e9es pour se d\u00e9tacher du personnage de Hannah. Pourtant, avec le temps, elle a appris \u00e0 voir cette p\u00e9riode avec plus de tendresse :<\/p>\n<blockquote class=\"wp-block-quote is-layout-flow wp-block-quote-is-layout-flow\">\n<p>\u00ab\u00a0C&rsquo;est fou de penser que j&rsquo;ai commenc\u00e9 comme ce personnage dont je ne pouvais pas me s\u00e9parer, et qu&rsquo;aujourd&rsquo;hui, on la voit avec nostalgie, un souvenir de son enfance\u00a0\u00bb. Ce qui a pu \u00eatre consid\u00e9r\u00e9 comme un fardeau \u00e0 une \u00e9poque, est aujourd&rsquo;hui une c\u00e9l\u00e9bration et une partie int\u00e9grante de son identit\u00e9 artistique.<\/p>\n<p>Une surprise en pr\u00e9paration pour les fans<\/p>\n<p>Que pr\u00e9pare donc Miley Cyrus pour cette occasion si sp\u00e9ciale ? Si elle garde encore le secret sur la nature exacte du projet, elle a assur\u00e9 vouloir marquer le coup de fa\u00e7on m\u00e9morable. L\u2019id\u00e9e d\u2019un \u00e9v\u00e9nement, d\u2019un contenu in\u00e9dit, voire d\u2019un retour ponctuel du personnage Hannah Montana, fait d\u00e9j\u00e0 fr\u00e9mir les r\u00e9seaux sociaux.<\/p>\n<blockquote class=\"wp-block-quote is-layout-flow wp-block-quote-is-layout-flow\">\n<p>\u00ab\u00a0Maintenant, je suis aussi int\u00e9gr\u00e9e \u00e0 la vie des gens que ce personnage\u00a0\u00bb, a-t-elle d\u00e9clar\u00e9. Une phrase qui souligne le lien puissant entre l\u2019artiste et son public, n\u00e9 \u00e0 l\u2019\u00e9poque de Hannah Montana et qui s\u2019est renforc\u00e9 au fil des ann\u00e9es.<\/p>\n<\/blockquote>\n<\/blockquote>\n<\/blockquote>\n<p>      Mentionn\u00e9s dans cet article<\/p>\n<p>\u00c0 lire aussi<\/p>\n","protected":false},"excerpt":{"rendered":"R\u00e9sum\u00e9 Miley Cyrus pr\u00e9pare une c\u00e9l\u00e9bration sp\u00e9ciale pour les 20 ans de la s\u00e9rie Hannah Montana, \u00e9voquant avec&hellip;\n","protected":false},"author":2,"featured_media":269008,"comment_status":"","ping_status":"","sticky":false,"template":"","format":"standard","meta":{"footnotes":""},"categories":[1355],"tags":[58,59,1011,27,40826,25476,1361,873],"class_list":{"0":"post-269007","1":"post","2":"type-post","3":"status-publish","4":"format-standard","5":"has-post-thumbnail","7":"category-musique","8":"tag-divertissement","9":"tag-entertainment","10":"tag-fr","11":"tag-france","12":"tag-hannah-montana","13":"tag-miley-cyrus","14":"tag-music","15":"tag-musique"},"share_on_mastodon":{"url":"https:\/\/pubeurope.com\/@fr\/114904789427608319","error":""},"_links":{"self":[{"href":"https:\/\/www.europesays.com\/fr\/wp-json\/wp\/v2\/posts\/269007","targetHints":{"allow":["GET"]}}],"collection":[{"href":"https:\/\/www.europesays.com\/fr\/wp-json\/wp\/v2\/posts"}],"about":[{"href":"https:\/\/www.europesays.com\/fr\/wp-json\/wp\/v2\/types\/post"}],"author":[{"embeddable":true,"href":"https:\/\/www.europesays.com\/fr\/wp-json\/wp\/v2\/users\/2"}],"replies":[{"embeddable":true,"href":"https:\/\/www.europesays.com\/fr\/wp-json\/wp\/v2\/comments?post=269007"}],"version-history":[{"count":0,"href":"https:\/\/www.europesays.com\/fr\/wp-json\/wp\/v2\/posts\/269007\/revisions"}],"wp:featuredmedia":[{"embeddable":true,"href":"https:\/\/www.europesays.com\/fr\/wp-json\/wp\/v2\/media\/269008"}],"wp:attachment":[{"href":"https:\/\/www.europesays.com\/fr\/wp-json\/wp\/v2\/media?parent=269007"}],"wp:term":[{"taxonomy":"category","embeddable":true,"href":"https:\/\/www.europesays.com\/fr\/wp-json\/wp\/v2\/categories?post=269007"},{"taxonomy":"post_tag","embeddable":true,"href":"https:\/\/www.europesays.com\/fr\/wp-json\/wp\/v2\/tags?post=269007"}],"curies":[{"name":"wp","href":"https:\/\/api.w.org\/{rel}","templated":true}]}}