{"id":269011,"date":"2025-07-23T21:59:10","date_gmt":"2025-07-23T21:59:10","guid":{"rendered":"https:\/\/www.europesays.com\/fr\/269011\/"},"modified":"2025-07-23T21:59:10","modified_gmt":"2025-07-23T21:59:10","slug":"nos-cerveaux-ont-vieilli-meme-sans-infection-ce-que-revele-une-etude-post-covid-19-tres-attendue","status":"publish","type":"post","link":"https:\/\/www.europesays.com\/fr\/269011\/","title":{"rendered":"\u201cNos cerveaux ont vieilli m\u00eame sans infection\u201d: ce que r\u00e9v\u00e8le une \u00e9tude post-Covid-19 tr\u00e8s attendue"},"content":{"rendered":"<p class=\"ed__a-p ed__bdy__l\"><img loading=\"lazy\" decoding=\"async\" src=\"data:image\/svg+xml,%3Csvg xmlns='http:\/\/www.w3.org\/2000\/svg'%3E%3C\/svg%3E\" draggable=\"false\" width=\"5120\" height=\"2880\" class=\"ed__title-xxs\" alt=\"Femme \u00e2g\u00e9e allong\u00e9e dans un appareil d\u2019imagerie c\u00e9r\u00e9brale, observ\u00e9e \u00e0 distance par un m\u00e9decin analysant les IRM\" style=\"background-color: #f2f2f2; aspect-ratio:5120\/2880;\"\/><\/p>\n<p>Une IRM c\u00e9r\u00e9brale post-pand\u00e9mie r\u00e9v\u00e8le un vieillissement mesurable chez des sujets pourtant non infect\u00e9s par le SARS-CoV-2<\/p>\n<p>\u00a9 Gorodenkoff<\/p>\n<\/p>\n<p class=\"ed__a-p ed__bdy__l\">\u201cLe cerveau de la personne moyenne semble avoir vieilli de 5,5 mois suppl\u00e9mentaires pour chaque ann\u00e9e pass\u00e9e durant la pand\u00e9mie\u201d, explique le Dr Maxime Taquet, chercheur en psychiatrie et \u00e9pid\u00e9miologie \u00e0 l\u2019Universit\u00e9 d\u2019Oxford, sp\u00e9cialiste des effets neurologiques du COVID. Ce n\u2019est pas une m\u00e9taphore : pendant la pand\u00e9mie, nos cerveaux ont effectivement pris de l\u2019\u00e2ge, au sens biologique du terme.<\/p>\n<p>            Publicit\u00e9, votre contenu continue ci-dessous<\/p>\n<p>        Publicit\u00e9<\/p>\n<p>Le cerveau humain a vieilli plus vite pendant la pand\u00e9mie de COVID-19, m\u00eame sans contamination<\/p>\n<p class=\"ed__a-p ed__bdy__l\">Une \u00e9tude publi\u00e9e dans Nature vient de d\u00e9montrer que le simple fait de vivre cette p\u00e9riode de stress collectif a suffi \u00e0 acc\u00e9l\u00e9rer le vieillissement c\u00e9r\u00e9bral chez des personnes pourtant en bonne sant\u00e9. L\u2019effet est visible sur les IRM, et particuli\u00e8rement marqu\u00e9 chez les hommes, les personnes \u00e2g\u00e9es et les individus les plus pr\u00e9caires.<\/p>\n<blockquote class=\"ed__a-bq ed__bdy__l\">\n<p>Ce qui m\u2019a le plus surpris, c\u2019est que m\u00eame des personnes n\u2019ayant jamais eu le Covid montraient une augmentation significative du vieillissement c\u00e9r\u00e9bral. Cela montre \u00e0 quel point l\u2019exp\u00e9rience m\u00eame de la pand\u00e9mie \u2014 de l\u2019isolement \u00e0 l\u2019incertitude \u2014 a pu affecter la sant\u00e9 de notre cerveau.<\/p>\n<p>Dr Ali-Reza Mohammadi-Nejad, auteur principal de l\u2019\u00e9tude, sp\u00e9cialiste en neuroimagerie \u00e0 l\u2019Universit\u00e9 de Nottingham<\/p><\/blockquote>\n<p class=\"ed__a-p ed__bdy__l\">Pour parvenir \u00e0 cette conclusion, les chercheurs ont analys\u00e9 les scans c\u00e9r\u00e9braux de pr\u00e8s de 1 000 participants issus de la cohorte britannique UK Biobank. Certains d\u2019entre eux avaient pass\u00e9 deux IRM \u00e0 plusieurs ann\u00e9es d\u2019intervalle, dont une avant la pand\u00e9mie et l\u2019autre apr\u00e8s. Verdict : leur cerveau avait vieilli, en moyenne, de 5,5 mois de plus que celui des individus contr\u00f4l\u00e9s (ceux scann\u00e9s avant la pand\u00e9mie seulement). Et ce, m\u00eame en l\u2019absence de contamination au SARS-CoV-2.<\/p>\n<p class=\"ed__a-p ed__bdy__l\"><img loading=\"lazy\" decoding=\"async\" src=\"data:image\/svg+xml,%3Csvg xmlns='http:\/\/www.w3.org\/2000\/svg'%3E%3C\/svg%3E\" draggable=\"false\" width=\"685\" height=\"615\" class=\"ed__title-xxs\" alt=\"Graphique comparant le vieillissement c\u00e9r\u00e9bral (grey et white matter) en fonction de l\u2019\u00e2ge, du sexe, et de l\u2019exposition \u00e0 la pand\u00e9mie, avec ou sans infection\" style=\"background-color: #f2f2f2; aspect-ratio:685\/615;\"\/><\/p>\n<p>Cette figure tir\u00e9e de l\u2019\u00e9tude montre que le cerveau a vieilli plus vite pendant la pand\u00e9mie, y compris chez les personnes non infect\u00e9es. L\u2019effet est accentu\u00e9 chez les hommes et avec l\u2019\u00e2ge.<\/p>\n<p>\u00a9 Mohammadi-Nejad et al., Nature Communications (2025), CC BY 4.0<\/p>\n<\/p>\n<blockquote class=\"ed__a-bq ed__bdy__l\">\n<p>M\u00eame sans infection au COVID-19, le simple fait d\u2019avoir v\u00e9cu la pand\u00e9mie \u00e9tait associ\u00e9 \u00e0 un vieillissement c\u00e9r\u00e9bral acc\u00e9l\u00e9r\u00e9 [\u2026] Gr\u00e2ce \u00e0 leur approche, les auteurs ont pu quantifier des effets bien plus larges sur la sant\u00e9 du cerveau que ceux r\u00e9v\u00e9l\u00e9s par les \u00e9tudes se concentrant uniquement sur le virus.<\/p>\n<p>Dr Eugene Duff, neurologue et expert en neuroimagerie \u00e0 l\u2019Imperial College London, commentateur externe de l\u2019\u00e9tude<\/p><\/blockquote>\n<p class=\"ed__a-p ed__bdy__l\">Ce vieillissement ne semble pas s\u2019\u00eatre accompagn\u00e9, dans la majorit\u00e9 des cas, d\u2019un d\u00e9clin cognitif manifeste. Les chercheurs notent cependant que les personnes ayant effectivement contract\u00e9 le virus montraient une baisse plus nette de leurs capacit\u00e9s mentales : flexibilit\u00e9, vitesse de traitement, concentration. Comme si le COVID venait appuyer l\u00e0 o\u00f9 \u00e7a faisait d\u00e9j\u00e0 mal.<\/p>\n<blockquote class=\"ed__a-bq ed__bdy__l\">\n<p>Cette \u00e9tude nous rappelle que la sant\u00e9 c\u00e9r\u00e9brale ne d\u00e9pend pas uniquement des maladies, mais aussi de notre environnement quotidien. La pand\u00e9mie a mis les gens \u00e0 rude \u00e9preuve, surtout ceux d\u00e9j\u00e0 en situation de pr\u00e9carit\u00e9. Nous ne pouvons pas encore savoir si les changements observ\u00e9s sont r\u00e9versibles, mais c\u2019est tout \u00e0 fait possible, et cela donne de l\u2019espoir.<\/p>\n<p>Professeure Dorothee Auer, co-autrice de l\u2019\u00e9tude, responsable du centre d\u2019imagerie c\u00e9r\u00e9brale de l\u2019Universit\u00e9 de Nottingham<\/p><\/blockquote>\n<p>Stress, pr\u00e9carit\u00e9, solitude : ces facteurs qui acc\u00e9l\u00e8rent l\u2019usure du cerveau<\/p>\n<p class=\"ed__a-p ed__bdy__l\">Alors, faut-il s\u2019alarmer ? Pas forc\u00e9ment. Mais cette \u00e9tude rappelle une r\u00e9alit\u00e9 qu\u2019on pr\u00e9f\u00e8re souvent ignorer : le cerveau encaisse. Le stress chronique, l\u2019isolement prolong\u00e9, la perte de rep\u00e8res\u2026 tout cela ne laisse pas que des souvenirs : cela laisse des traces biologiques.<\/p>\n<p class=\"ed__a-p ed__bdy__l\">Selon Mahdi Moqri, chercheur en biologie computationnelle du vieillissement \u00e0 Harvard, \u201cil reste \u00e0 savoir si ce vieillissement c\u00e9r\u00e9bral est r\u00e9versible\u201d. Autrement dit : peut-on inverser certains marqueurs d\u2019usure mentale en agissant sur nos conditions de vie ?<\/p>\n<p class=\"ed__a-p ed__bdy__l\">La r\u00e9ponse reste incertaine. Mais une chose est claire : si l\u2019IRM r\u00e9v\u00e8le que le cerveau souffre sans infection, alors la sant\u00e9 publique ne peut plus se r\u00e9sumer \u00e0 la prise en charge du virus. Elle devra aussi int\u00e9grer l\u2019acc\u00e8s aux liens sociaux, \u00e0 la culture, au soin psychique. Bref, \u00e0 tout ce qui maintient un cerveau vivant.<\/p>\n<p>            Publicit\u00e9, votre contenu continue ci-dessous<\/p>\n<p>        Publicit\u00e9<\/p>\n<p class=\"ed__a-p ed__bdy__l\">Envie de faire encore plus d&rsquo;\u00e9conomies ? D\u00e9couvrez <a href=\"https:\/\/www.lesnumeriques.com\/codes-promo.html\" rel=\"nofollow noopener\" target=\"_blank\">nos codes promo<\/a> s\u00e9lectionn\u00e9s pour vous.<\/p>\n","protected":false},"excerpt":{"rendered":"Une IRM c\u00e9r\u00e9brale post-pand\u00e9mie r\u00e9v\u00e8le un vieillissement mesurable chez des sujets pourtant non infect\u00e9s par le SARS-CoV-2 \u00a9&hellip;\n","protected":false},"author":2,"featured_media":269012,"comment_status":"","ping_status":"","sticky":false,"template":"","format":"standard","meta":{"footnotes":""},"categories":[10],"tags":[1011,27,72,71],"class_list":{"0":"post-269011","1":"post","2":"type-post","3":"status-publish","4":"format-standard","5":"has-post-thumbnail","7":"category-sante","8":"tag-fr","9":"tag-france","10":"tag-health","11":"tag-sante"},"share_on_mastodon":{"url":"https:\/\/pubeurope.com\/@fr\/114904797233197398","error":""},"_links":{"self":[{"href":"https:\/\/www.europesays.com\/fr\/wp-json\/wp\/v2\/posts\/269011","targetHints":{"allow":["GET"]}}],"collection":[{"href":"https:\/\/www.europesays.com\/fr\/wp-json\/wp\/v2\/posts"}],"about":[{"href":"https:\/\/www.europesays.com\/fr\/wp-json\/wp\/v2\/types\/post"}],"author":[{"embeddable":true,"href":"https:\/\/www.europesays.com\/fr\/wp-json\/wp\/v2\/users\/2"}],"replies":[{"embeddable":true,"href":"https:\/\/www.europesays.com\/fr\/wp-json\/wp\/v2\/comments?post=269011"}],"version-history":[{"count":0,"href":"https:\/\/www.europesays.com\/fr\/wp-json\/wp\/v2\/posts\/269011\/revisions"}],"wp:featuredmedia":[{"embeddable":true,"href":"https:\/\/www.europesays.com\/fr\/wp-json\/wp\/v2\/media\/269012"}],"wp:attachment":[{"href":"https:\/\/www.europesays.com\/fr\/wp-json\/wp\/v2\/media?parent=269011"}],"wp:term":[{"taxonomy":"category","embeddable":true,"href":"https:\/\/www.europesays.com\/fr\/wp-json\/wp\/v2\/categories?post=269011"},{"taxonomy":"post_tag","embeddable":true,"href":"https:\/\/www.europesays.com\/fr\/wp-json\/wp\/v2\/tags?post=269011"}],"curies":[{"name":"wp","href":"https:\/\/api.w.org\/{rel}","templated":true}]}}