{"id":269021,"date":"2025-07-23T22:04:10","date_gmt":"2025-07-23T22:04:10","guid":{"rendered":"https:\/\/www.europesays.com\/fr\/269021\/"},"modified":"2025-07-23T22:04:10","modified_gmt":"2025-07-23T22:04:10","slug":"un-etudiant-en-criminologie-condamne-a-la-perpetuite-incompressible-pour-un-quadruple-assassinat","status":"publish","type":"post","link":"https:\/\/www.europesays.com\/fr\/269021\/","title":{"rendered":"un \u00e9tudiant en criminologie condamn\u00e9 \u00e0 la perp\u00e9tuit\u00e9 incompressible pour un quadruple assassinat"},"content":{"rendered":"<p class=\"fig-paragraph\">Un \u00e9tudiant en criminologie am\u00e9ricain qui a\u00a0<a href=\"http:\/\/www.lefigaro.fr\/livres\/une-enquete-audio-sur-un-quadruple-crime-aux-etats-unis-en-tete-des-ventes-alors-que-l-affaire-n-est-pas-jugee-20250718\" data-fig-type=\"NewsFlash\" data-gtm-custom-categorie=\"navigation\" data-gtm-custom-action=\"crossclick\" data-gtm-custom-label=\"Contextuel\" data-gtm-event=\"customEventSPE\" data-fig-domain=\"LEFIGARO\" target=\"_blank\" rel=\"noopener\">choqu\u00e9 les \u00c9tats-Unis<\/a>, en assassinant quatre \u00e9tudiants sans jamais r\u00e9v\u00e9ler ses motivations, a \u00e9t\u00e9 condamn\u00e9 mercredi \u00e0 la perp\u00e9tuit\u00e9 incompressible. Apr\u00e8s deux ans et demi de silence, Bryan Kohberger, 30 ans,<a href=\"http:\/\/www.lefigaro.fr\/flash-actu\/un-americain-arrete-et-inculpe-pour-le-meurtre-de-quatre-etudiants-20221230\" data-fig-type=\"NewsFlash\" data-gtm-custom-categorie=\"navigation\" data-gtm-custom-action=\"crossclick\" data-gtm-custom-label=\"Contextuel\" data-gtm-event=\"customEventSPE\" data-fig-domain=\"LEFIGARO\" target=\"_blank\" rel=\"noopener\">\u00a0a plaid\u00e9 coupable<\/a>\u00a0pour ce quadruple meurtre commis en novembre 2022, qui avait terroris\u00e9 la petite ville de Moscow, en Idaho (nord-ouest). Une d\u00e9cision qui lui a permis d&rsquo;\u00e9viter la peine de mort. L&rsquo;histoire avait fascin\u00e9 l&rsquo;Am\u00e9rique\u00a0: les corps de Kaylee Goncalves, Madison Mogen, toutes deux 21 ans, Xana Kernodle et Ethan Chapin, 20 ans chacun et en couple, avaient \u00e9t\u00e9 d\u00e9couverts dans une maison, lard\u00e9s de coups de couteau. Ces \u00e9tudiants sans histoire ont \u00e9t\u00e9 tu\u00e9s dans leur sommeil, sans que cela ne r\u00e9veille leurs deux autres colocataires.<\/p>\n<p class=\"fig-paragraph\">L&rsquo;enqu\u00eate avait patin\u00e9 pendant deux mois, avant que la police n&rsquo;arr\u00eate M. Kohberger le 30 d\u00e9cembre 2022, \u00e0 des milliers de kilom\u00e8tres de la sc\u00e8ne de crime, chez ses parents en Pennsylvanie. Le meurtrier \u00e9tudiait au moment des faits \u00e0 l&rsquo;Universit\u00e9 de l&rsquo;\u00c9tat de Washington, avec l&rsquo;ambition de passer un doctorat en criminologie. Il a \u00e9t\u00e9 confondu par son ADN sur un \u00e9tui de couteau r\u00e9cup\u00e9r\u00e9 sur les lieux du crime. Une vid\u00e9o montre \u00e9galement une voiture similaire \u00e0 la sienne circulant dans le quartier des victimes au moment des meurtres.<\/p>\n<p>                                    <a class=\"fig-a11y-skip a11y-hidden\" href=\"#fig-a11y-skip-main-inarticle\"><br \/>\n        Passer la publicit\u00e9<br \/>\n    <\/a><\/p>\n<p>Absence de mobile<\/p>\n<p class=\"fig-paragraph\">Mais outre ces \u00e9l\u00e9ments, l&rsquo;enqu\u00eate n&rsquo;a jamais pu \u00e9tablir un mobile et il a toujours gard\u00e9 le silence. Un comportement qui a visiblement exasp\u00e9r\u00e9 le juge Steven Hippler, qui l&rsquo;a d\u00e9peint mercredi comme un \u00abl\u00e2che\u00bb recherchant l&rsquo;attention. \u00abPlus nous nous effor\u00e7ons de chercher une explication \u00e0 l&rsquo;inexplicable, plus nous essayons d&rsquo;extraire une raison, plus nous lui donnons de pouvoir et de contr\u00f4le\u00bb, a estim\u00e9 le magistrat, en estimant qu&rsquo;il \u00abest temps de mettre fin aux 15 minutes de gloire de M. Kohberger\u00bb. \u00abIl est temps qu&rsquo;il soit condamn\u00e9 \u00e0 l&rsquo;ignominie et \u00e0 l&rsquo;isolement d&rsquo;une incarc\u00e9ration perp\u00e9tuelle\u00bb, a-t-il insist\u00e9, en appelant \u00e0 ne pas d\u00e9cliner cette affaire en livre ou documentaire. \u00abJ&rsquo;esp\u00e8re sinc\u00e8rement que personne ne s&rsquo;abaissera \u00e0 lui offrir cette notori\u00e9t\u00e9 qu&rsquo;il d\u00e9sire\u00bb, a-t-il conclu.<\/p>\n<p class=\"fig-paragraph\">L&rsquo;accord de plaider coupable avait \u00e9t\u00e9 vivement contest\u00e9 par certaines familles de victimes, notamment celle de Kaylee Goncalves. Les proches de la jeune femme r\u00e9clamaient la peine de mort, et ont pouss\u00e9 en faveur d&rsquo;une loi promulgu\u00e9e au printemps en Idaho, qui pr\u00e9voit que les condamn\u00e9s \u00e0 mort soient tu\u00e9s par un peloton d&rsquo;ex\u00e9cution. \u00c0 la barre mercredi, les familles ont \u00e9voqu\u00e9 le souvenir des victimes avec \u00e9motion et ont parfois esp\u00e9r\u00e9 un ch\u00e2timent divin pour l&rsquo;accus\u00e9. \u00abTu vas aller en enfer\u00bb, lui a lanc\u00e9 Randy Davis, le beau-p\u00e8re de Xana Kernodle, tremblant de rage. \u00abTu es diabolique. Il n&rsquo;y a pas de place pour toi au paradis. Tu as pris nos enfants. Tu vas souffrir.\u00bb<\/p>\n","protected":false},"excerpt":{"rendered":"Un \u00e9tudiant en criminologie am\u00e9ricain qui a\u00a0choqu\u00e9 les \u00c9tats-Unis, en assassinant quatre \u00e9tudiants sans jamais r\u00e9v\u00e9ler ses motivations,&hellip;\n","protected":false},"author":2,"featured_media":269022,"comment_status":"","ping_status":"","sticky":false,"template":"","format":"standard","meta":{"footnotes":""},"categories":[5],"tags":[11,6744,73,4081,1011,27,14,12,28],"class_list":{"0":"post-269021","1":"post","2":"type-post","3":"status-publish","4":"format-standard","5":"has-post-thumbnail","7":"category-international","8":"tag-actualites","9":"tag-assassinat","10":"tag-etats-unis","11":"tag-etudiant","12":"tag-fr","13":"tag-france","14":"tag-international","15":"tag-news","16":"tag-world"},"share_on_mastodon":{"url":"https:\/\/pubeurope.com\/@fr\/114904819146798172","error":""},"_links":{"self":[{"href":"https:\/\/www.europesays.com\/fr\/wp-json\/wp\/v2\/posts\/269021","targetHints":{"allow":["GET"]}}],"collection":[{"href":"https:\/\/www.europesays.com\/fr\/wp-json\/wp\/v2\/posts"}],"about":[{"href":"https:\/\/www.europesays.com\/fr\/wp-json\/wp\/v2\/types\/post"}],"author":[{"embeddable":true,"href":"https:\/\/www.europesays.com\/fr\/wp-json\/wp\/v2\/users\/2"}],"replies":[{"embeddable":true,"href":"https:\/\/www.europesays.com\/fr\/wp-json\/wp\/v2\/comments?post=269021"}],"version-history":[{"count":0,"href":"https:\/\/www.europesays.com\/fr\/wp-json\/wp\/v2\/posts\/269021\/revisions"}],"wp:featuredmedia":[{"embeddable":true,"href":"https:\/\/www.europesays.com\/fr\/wp-json\/wp\/v2\/media\/269022"}],"wp:attachment":[{"href":"https:\/\/www.europesays.com\/fr\/wp-json\/wp\/v2\/media?parent=269021"}],"wp:term":[{"taxonomy":"category","embeddable":true,"href":"https:\/\/www.europesays.com\/fr\/wp-json\/wp\/v2\/categories?post=269021"},{"taxonomy":"post_tag","embeddable":true,"href":"https:\/\/www.europesays.com\/fr\/wp-json\/wp\/v2\/tags?post=269021"}],"curies":[{"name":"wp","href":"https:\/\/api.w.org\/{rel}","templated":true}]}}