{"id":269023,"date":"2025-07-23T22:05:10","date_gmt":"2025-07-23T22:05:10","guid":{"rendered":"https:\/\/www.europesays.com\/fr\/269023\/"},"modified":"2025-07-23T22:05:10","modified_gmt":"2025-07-23T22:05:10","slug":"cest-quoi-le-mouvement-bloquons-tout-qui-appelle-a-un-arret-total-du-pays-a-partir-du-10-septembre-liberation","status":"publish","type":"post","link":"https:\/\/www.europesays.com\/fr\/269023\/","title":{"rendered":"C\u2019est quoi le mouvement \u00abBloquons Tout\u00bb qui appelle \u00e0 \u00abun arr\u00eat total du pays\u00bb \u00e0 partir du 10\u00a0septembre\u00a0? \u2013 Lib\u00e9ration"},"content":{"rendered":"<p class=\"sc-ksZaOG ehjQrN text-element\">Un nouvel \u00abacte\u00bb des Gilets jaunes ? Pr\u00e8s de sept ans apr\u00e8s le mouvement de protestation citoyen qui avait partiellement paralys\u00e9 la France, entre blocage des axes routiers et appels nationaux \u00e0 manifester, une nouvelle mobilisation se pr\u00e9pare en ligne. Baptis\u00e9e \u00abBloquons Tout !\u00bb, elle se pr\u00e9sente, en tout cas dans sa forme actuelle, comme une r\u00e9ponse au <a href=\"https:\/\/www.liberation.fr\/economie\/budget-2026-quest-ce-quune-annee-blanche-la-piste-deconomies-envisagee-par-francois-bayrou-20250713_AORJKRTO35CCHMCABPAE44AICE\/\" target=\"_blank\" rel=\"noopener\" title=\"https:\/\/www.liberation.fr\/economie\/budget-2026-quest-ce-quune-annee-blanche-la-piste-deconomies-envisagee-par-francois-bayrou-20250713_AORJKRTO35CCHMCABPAE44AICE\/\">tour de vis budg\u00e9taire annonc\u00e9 par le Premier ministre<\/a>, Fran\u00e7ois Bayrou, le 15 juillet \u2013 avec pour mesure phare <a href=\"https:\/\/www.liberation.fr\/checknews\/suppression-de-deux-jours-feries-les-francais-travaillent-ils-100-heures-de-moins-que-les-allemands-comme-laffirme-le-gouvernement-20250716_5VGQBQDQOZAKJH73LZPHYCCDIY\/\" target=\"_blank\" rel=\"noopener\" title=\"https:\/\/www.liberation.fr\/checknews\/suppression-de-deux-jours-feries-les-francais-travaillent-ils-100-heures-de-moins-que-les-allemands-comme-laffirme-le-gouvernement-20250716_5VGQBQDQOZAKJH73LZPHYCCDIY\/\">la suppression de deux jours f\u00e9ri\u00e9s<\/a>. En r\u00e9action, le mouvement ambitionne de mettre en place \u00abun arr\u00eat total et illimit\u00e9 du pays\u00bb \u00e0 compter du 10 septembre.<\/p>\n<p class=\"sc-ksZaOG ehjQrN text-element\">Parmi les publications identifi\u00e9es par CheckNews sur les r\u00e9seaux sociaux, la premi\u00e8re mentionnant la date du 10 septembre est en r\u00e9alit\u00e9 un peu ant\u00e9rieure \u00e0 la pr\u00e9sentation du plan de Bayrou, puisqu\u2019elle a \u00e9t\u00e9 mise en ligne le 14 juillet \u2013 alors que le Premier ministre a pris la parole le 15. Ce contenu \u00e9mane du compte TikTok des Essentiels, une organisation pr\u00f4nant \u00abune France souveraine\u00bb. Dans la vid\u00e9o, le 10 septembre est pr\u00e9sent\u00e9 comme \u00able jour o\u00f9 la France s\u2019arr\u00eate\u00bb, o\u00f9 le pays \u00abse confine, pas par peur d\u2019un virus, mais par volont\u00e9 d\u2019un peuple qui dit stop aux injustices, stop aux abus, stop \u00e0 ce syst\u00e8me qui broie les humains pour nourrir les profits\u00bb. Et <a href=\"https:\/\/lesessentiels-france.fr\/index.php\/10-septembre-2025-la-france-sarrete\/\" target=\"_blank\" rel=\"noopener\" title=\"https:\/\/lesessentiels-france.fr\/index.php\/10-septembre-2025-la-france-sarrete\/\">sur le site web des Essentiels<\/a>, un \u00abmode d\u2019emploi\u00bb est propos\u00e9, sugg\u00e9rant de \u00ablimiter sa consommation \u00e0 l\u2019essentiel\u00bb, de \u00abr\u00e9gler uniquement en esp\u00e8ces\u00bb, ou de \u00abcouper la t\u00e9l\u00e9vision\u00bb, \u00e0 partir du 10 septembre.<\/p>\n<p class=\"sc-ksZaOG ehjQrN text-element\">L\u2019appel prend de l\u2019ampleur en ligne lorsqu\u2019il est diffus\u00e9 par d\u2019anciennes figures des Gilets jaunes. Dans la nuit du 14 au 15 juillet \u2013 toujours en amont des annonces de Bayrou, donc \u2013 Ana\u00efs Albertini, qui avait pris part aux manifestations \u00e0 l\u2019\u00e9poque, est la premi\u00e8re, <a href=\"https:\/\/www.facebook.com\/anais.albertini.73\/posts\/3056832161161182:1916557912470070\" target=\"_blank\" rel=\"noopener\" title=\"https:\/\/www.facebook.com\/anais.albertini.73\/posts\/3056832161161182:1916557912470070\">sur son compte Facebook<\/a>, \u00e0 \u00abr\u00e9pondre \u00e0 l\u2019appel du 10, 11, 12 septembre, voire plus\u00bb. \u00abNotre seul pouvoir est le boycott total\u00bb, clame-t-elle. Le 15 juillet dans la journ\u00e9e, Ana\u00efs Albertini met en ligne <a href=\"https:\/\/www.facebook.com\/anais.albertini.73\/posts\/pfbid02TvDJzqDa6eAn1HzP9qC3B5m7QEwZVvfDHGC99cpQRcJs7983mjGnZLCrN3GQ1jXal\" target=\"_blank\" rel=\"noopener\" title=\"https:\/\/www.facebook.com\/anais.albertini.73\/posts\/pfbid02TvDJzqDa6eAn1HzP9qC3B5m7QEwZVvfDHGC99cpQRcJs7983mjGnZLCrN3GQ1jXal\">un autre post Facebook<\/a> contenant un \u00abappel national \u00e0 la solidarit\u00e9 du peuple pour un arr\u00eat total g\u00e9n\u00e9ral et illimit\u00e9 du pays \u00e0 partir du 10 septembre 2025\u00bb.<\/p>\n<p class=\"sc-ksZaOG ehjQrN text-element\">Puis, le 17 juillet, c\u2019est encore elle qui partage, sur la m\u00eame plateforme, un tract, sur fond bleu, devant permettre au \u00abpeuple\u00bb de se f\u00e9d\u00e9rer. Dans ses publications, elle assure se contenter de relayer l\u2019appel, et refuse d\u2019endosser la maternit\u00e9 du mouvement. Sollicit\u00e9e par CheckNews, elle n\u2019a pas donn\u00e9 suite, mais <a href=\"https:\/\/www.facebook.com\/anais.albertini.73\/videos\/1147619720527892\" target=\"_blank\" rel=\"noopener\" title=\"https:\/\/www.facebook.com\/anais.albertini.73\/videos\/1147619720527892\">dans un live Facebook diffus\u00e9 mardi<\/a>, elle explique : \u00abIl y en a beaucoup qui se demandent qui a fait le tract [\u2026]. On ne donnera aucune source [\u2026] Tout ce que je peux vous dire, c\u2019est qu\u2019il n\u2019y a aucun parti politique ni aucun syndicat qui est m\u00eal\u00e9 dedans. Ce sont des personnes comme nous, des citoyens et des citoyennes de ce pays qui ont lanc\u00e9 l\u2019appel.\u00bb<\/p>\n<p class=\"sc-ksZaOG ehjQrN text-element\">Une nouvelle \u00e9tape dans la structuration du mouvement est franchie le 19 juillet avec la cr\u00e9ation <a href=\"https:\/\/mobilisation10septembre.blog\/\" target=\"_blank\" rel=\"noopener\" title=\"https:\/\/mobilisation10septembre.blog\/\">d\u2019un site web, \u00abmobilisation10septembre.blog\u00bb<\/a>, puis d\u2019un compte sur X d\u00e8s le lendemain, qui compte d\u00e9j\u00e0 plus de 1 000 abonn\u00e9s.<\/p>\n<p class=\"sc-ksZaOG ehjQrN text-element\">Sur ce site, qui propose de dire \u00abstop \u00e0 l\u2019aust\u00e9rit\u00e9 Bayrou\u00bb, un lien vers un groupe Telegram national, d\u00e9di\u00e9 \u00e0 l\u2019organisation de la journ\u00e9e du 10 septembre, a vu le jour ce mercredi. Concr\u00e8tement, trois modalit\u00e9s sont cit\u00e9es. La premi\u00e8re : le boycott (\u00abon arr\u00eate de faire tourner leur syst\u00e8me\u00bb) passant notamment par le fait de ne \u00abplus acheter dans les grandes surfaces qui profitent des baisses de cotisations, des aides publiques, tout en pressurant les salari\u00e9s (Carrefour, Auchan, Amazon, etc.)\u00bb mais aussi de \u00abretirer son argent des grandes banques complices de la sp\u00e9culation et de la politique de casse sociale\u00bb pour \u00able placer dans des banques coop\u00e9ratives ou locales\u00bb. Ensuite, la d\u00e9sob\u00e9issance civile via \u00abl\u2019occupation pacifique de lieux symboliques\u00bb comme les pr\u00e9fectures ou les mairies, des blocages cibl\u00e9s, ou le \u00absoutien actif \u00e0 ceux qui d\u00e9sob\u00e9issent\u00bb. Vient enfin la \u00absolidarit\u00e9 citoyenne\u00bb visant par exemple \u00e0 mettre en place des caisses de gr\u00e8ve, \u00abouvrir des espaces de discussion et de coordination dans chaque quartier, chaque village\u00bb ou encore \u00e0 \u00abrelier les luttes\u00bb.<\/p>\n<p class=\"sc-ksZaOG ehjQrN text-element\">Des modes d\u2019action tr\u00e8s inspir\u00e9s de ce qui se fait \u00e0 gauche. Mais l\u2019initiative est aussi beaucoup relay\u00e9e en ligne par des comptes d\u2019utilisateurs clairement d\u2019extr\u00eame droite et de la fachosph\u00e8re. Les 28 premiers abonnements du compte X li\u00e9 au site du mouvement regorgent \u00e9galement de figures ou canaux de la sph\u00e8re \u00e9voluant \u00e0 la crois\u00e9e de l\u2019extr\u00eame droite et du conspirationnisme. A l\u2019image de la journaliste <a href=\"https:\/\/www.liberation.fr\/politique\/myriam-palomba-de-la-presse-people-et-du-complotisme-dur-20230413_GKZ4IQOUPFFZ3D3P74CGPAW3OM\/\" target=\"_blank\" rel=\"noopener\">Myriam Palomba, proche de Florian Philippot vue chez Hanouna<\/a> et qui diffuse les th\u00e9ories conspirationnistes les plus hardcores en ligne. Ou du compte de \u00abr\u00e9information\u00bb de la mouvance identitaire (et complotiste pro-Kremlin) \u00abNice Provence info\u00bb.<\/p>\n<p class=\"sc-ksZaOG ehjQrN text-element\">Aupr\u00e8s <a href=\"https:\/\/www.humanite.fr\/social-et-economie\/budget\/un-arret-total-et-illimite-du-pays-cest-quoi-ces-appels-a-bloquer-la-france-le-10-septembre\" target=\"_blank\" rel=\"noopener\" title=\"https:\/\/www.humanite.fr\/social-et-economie\/budget\/un-arret-total-et-illimite-du-pays-cest-quoi-ces-appels-a-bloquer-la-france-le-10-septembre\">de l\u2019Humanit\u00e9, qui a \u00e9chang\u00e9 avec le cr\u00e9ateur de la plateforme en ligne<\/a>, ce dernier, qui se pr\u00e9sente comme un salari\u00e9 de 37 ans travaillant chez Enedis, indique que le mouvement \u00abaccepte d\u2019\u00eatre soutenu par tout le monde quel que soit le parti. Nous, on est en dehors de la politique. Tout ce qu\u2019on veut, c\u2019est se battre contre le plan de Fran\u00e7ois Bayrou et rassembler tout le monde en dehors des divergences politiques\u00bb. M\u00eame rengaine du c\u00f4t\u00e9 d\u2019Ana\u00efs Albertini, qui insiste dans son live Facebook sur le fait d\u2019\u00eatre compl\u00e8tement \u00abapartisane\u00bb et qui regrette qu\u2019\u00abon essaye absolument de nous coller une \u00e9tiquette\u00bb.<\/p>\n<p class=\"sc-ksZaOG ehjQrN text-element\">Mais sur la page d\u2019accueil du site, un seul tweet est mis en avant. Plut\u00f4t neutre bien que soutenant l\u2019initiative, il \u00e9mane du compte \u00abAu bon touite fran\u00e7ais\u00bb qui diffuse \u00e0 ses 133 000 followers d\u00e9sinformation complotiste et propagande d\u2019extr\u00eame droite. Comme ce lundi 21 juillet, par exemple, lorsqu\u2019il expliquait que les \u00abpiliers fondamentaux pour la destruction des soci\u00e9t\u00e9s occidentales\u00bb sont notamment l\u2019\u00abimmigration massive\u00bb et le \u00abwokisme\u00bb, citant un influenceur QAnon canadien obs\u00e9d\u00e9 par une pr\u00e9tendue \u00abcabale de p\u00e9dophiles sataniques\u00bb.<\/p>\n<p class=\"sc-ksZaOG ehjQrN text-element\">R\u00e9ponse du cr\u00e9ateur <a href=\"https:\/\/www.leparisien.fr\/politique\/un-arret-total-et-illimite-du-pays-cest-quoi-ce-mouvement-qui-appelle-a-bloquer-la-france-a-partir-du-10-septembre-22-07-2025-7VCMYN5AJRHODBHYRZKEZ3PDGQ.php\" target=\"_blank\" rel=\"noopener\" title=\"https:\/\/www.leparisien.fr\/politique\/un-arret-total-et-illimite-du-pays-cest-quoi-ce-mouvement-qui-appelle-a-bloquer-la-france-a-partir-du-10-septembre-22-07-2025-7VCMYN5AJRHODBHYRZKEZ3PDGQ.php\">du site au Parisien<\/a>, qui l\u2019a interrog\u00e9 sur cette publication mise \u00e0 l\u2019honneur : \u00abCe tweet s\u2019est retrouv\u00e9 l\u00e0 parce que c\u2019\u00e9tait l\u2019un des premiers \u00e0 relayer. Ce n\u2019est ni un membre du collectif, ni une prise de position. Il faut arr\u00eater de tout politiser.\u00bb<\/p>\n<p class=\"sc-ksZaOG ehjQrN text-element\">A l\u2019autre extr\u00eame de l\u2019\u00e9chiquier politique, le compte X intitul\u00e9 \u00abFront Populaire-LFI\u00bb y est aussi all\u00e9 de sa publication, o\u00f9 est \u00e9voqu\u00e9e une \u00abmobilisation nationale pour faire gr\u00e8ve et manifester contre la politique de Macron le 10 septembre\u00bb. Mais il s\u2019agit d\u2019un <a href=\"https:\/\/www.liberation.fr\/checknews\/communiques-reseaux-sociaux-sites-internet-qui-gere-la-com-du-nouveau-front-populaire-20240822_RP5VCE5KO5HDHCZHZPOPC6TKIE\/\" target=\"_blank\" rel=\"noopener\" title=\"https:\/\/www.liberation.fr\/checknews\/communiques-reseaux-sociaux-sites-internet-qui-gere-la-com-du-nouveau-front-populaire-20240822_RP5VCE5KO5HDHCZHZPOPC6TKIE\/\">compte d\u2019actualit\u00e9 tenu par des militants<\/a>, et non pas du compte officiel aliment\u00e9 par le parti. Reste \u00e0 savoir si cette nouvelle tentative de ranimer le mouvement des Gilets jaunes saura passer du web \u00e0 la rue.<\/p>\n<blockquote cite=\\\"https:\/\/graph.facebook.com\/100005032834048\/posts\/3059600477551017\/\\\" class=\\\"fb-xfbml-parse-ignore\\\">\n<p>Voici le tract ! \ud83d\udc4cils ont oublie un petit detail svp ceux et celles qui vont tracter pouvez vous marquer tout en bas du&#8230;<\/p>\n<p>Publi\u00e9e par <a href=\\\"#\\\" role=\\\"button\\\">Ana\u00efs Albertini<\/a> sur&nbsp;<a href=\\\"https:\/\/graph.facebook.com\/100005032834048\/posts\/3059600477551017\/\\\">Jeudi 17 juillet 2025<\/a><\/p><\/blockquote>\n<p>\u00ab\u00a0,\u00a0\u00bbtype\u00a0\u00bb:\u00a0\u00bbfacebook-post\u00a0\u00bb,\u00a0\u00bbversion\u00a0\u00bb:\u00a0\u00bb1.0&Prime;,\u00a0\u00bbwidth\u00a0\u00bb:552,\u00a0\u00bb_id\u00a0\u00bb:\u00a0\u00bbhttps:\/\/www.facebook.com\/anais.albertini.73\/posts\/pfbid026oXkE7cuMpM5XpHxqMVtZjG7YpFm4KAEtoe7LZn3yMAHU7Gxq9fQdVmzVz3bg4Yal\u00a0\u00bb,\u00a0\u00bblocale\u00a0\u00bb:\u00a0\u00bbfr_FR\u00a0\u00bb},\u00a0\u00bbreferent\u00a0\u00bb:{\u00ab\u00a0id\u00a0\u00bb:\u00a0\u00bbhttps:\/\/www.facebook.com\/anais.albertini.73\/posts\/pfbid026oXkE7cuMpM5XpHxqMVtZjG7YpFm4KAEtoe7LZn3yMAHU7Gxq9fQdVmzVz3bg4Yal\u00a0\u00bb,\u00a0\u00bbprovider\u00a0\u00bb:\u00a0\u00bbhttps:\/\/graph.facebook.com\/v8.0\/oembed_post?url=\u00a0\u00bb,\u00a0\u00bbreferent_properties\u00a0\u00bb:{\u00ab\u00a0locale\u00a0\u00bb:\u00a0\u00bbfr_FR\u00a0\u00bb},\u00a0\u00bbservice\u00a0\u00bb:\u00a0\u00bboembed\u00a0\u00bb,\u00a0\u00bbtype\u00a0\u00bb:\u00a0\u00bbfacebook-post\u00a0\u00bb}},{\u00ab\u00a0_id\u00a0\u00bb:\u00a0\u00bbW2QRRCYE3JAD5EQQNF6ELAKOVE\u00a0\u00bb,\u00a0\u00bbadditional_properties\u00a0\u00bb:{},\u00a0\u00bbcontent\u00a0\u00bb:\u00a0\u00bbUne nouvelle \u00e9tape dans la structuration du mouvement est franchie le 19 juillet avec la cr\u00e9ation <a href=\\\"https:\/\/mobilisation10septembre.blog\/\\\" target=\\\"_blank\\\" rel=\\\"\\\" title=\\\"https:\/\/mobilisation10septembre.blog\/\\\">d\u2019un site web, \u00abmobilisation10septembre.blog\u00bb<\/a>, puis d\u2019un compte sur X d\u00e8s le lendemain, qui compte d\u00e9j\u00e0 plus de 1 000 abonn\u00e9s.\u00a0\u00bb,\u00a0\u00bbtype\u00a0\u00bb:\u00a0\u00bbtext\u00a0\u00bb},{\u00ab\u00a0_id\u00a0\u00bb:\u00a0\u00bbX5AWUDHJVJD3BMJWOTCMHT7SEQ\u00a0\u00bb,\u00a0\u00bbadditional_properties\u00a0\u00bb:{},\u00a0\u00bbcontent\u00a0\u00bb:\u00a0\u00bbSur ce site, qui propose de dire \u00abstop \u00e0 l\u2019aust\u00e9rit\u00e9 Bayrou\u00bb, un lien vers un groupe Telegram national, d\u00e9di\u00e9 \u00e0 l\u2019organisation de la journ\u00e9e du 10 septembre, a vu le jour ce mercredi. Concr\u00e8tement, trois modalit\u00e9s sont cit\u00e9es. La premi\u00e8re : le boycott (\u00abon arr\u00eate de faire tourner leur syst\u00e8me\u00bb) passant notamment par le fait de ne \u00abplus acheter dans les grandes surfaces qui profitent des baisses de cotisations, des aides publiques, tout en pressurant les salari\u00e9s (Carrefour, Auchan, Amazon, etc.)\u00bb mais aussi de \u00abretirer son argent des grandes banques complices de la sp\u00e9culation et de la politique de casse sociale\u00bb pour \u00able placer dans des banques coop\u00e9ratives ou locales\u00bb. Ensuite, la d\u00e9sob\u00e9issance civile via \u00abl\u2019occupation pacifique de lieux symboliques\u00bb comme les pr\u00e9fectures ou les mairies, des blocages cibl\u00e9s, ou le \u00absoutien actif \u00e0 ceux qui d\u00e9sob\u00e9issent\u00bb. Vient enfin la \u00absolidarit\u00e9 citoyenne\u00bb visant par exemple \u00e0 mettre en place des caisses de gr\u00e8ve, \u00abouvrir des espaces de discussion et de coordination dans chaque quartier, chaque village\u00bb ou encore \u00e0 \u00abrelier les luttes\u00bb.\u00a0\u00bb,\u00a0\u00bbtype\u00a0\u00bb:\u00a0\u00bbtext\u00a0\u00bb},{\u00ab\u00a0_id\u00a0\u00bb:\u00a0\u00bbBINT54MG2NDNBC2UZ3KE4CV3FY\u00a0\u00bb,\u00a0\u00bbadditional_properties\u00a0\u00bb:{},\u00a0\u00bbcontent\u00a0\u00bb:\u00a0\u00bbRelais d\u2019extr\u00eame droite\u00a0\u00bb,\u00a0\u00bblevel\u00a0\u00bb:2,\u00a0\u00bbtype\u00a0\u00bb:\u00a0\u00bbheader\u00a0\u00bb},{\u00ab\u00a0_id\u00a0\u00bb:\u00a0\u00bb5TFE6ACWBZGIRBPND3Y7MW5PQE\u00a0\u00bb,\u00a0\u00bbadditional_properties\u00a0\u00bb:{},\u00a0\u00bbcontent\u00a0\u00bb:\u00a0\u00bbDes modes d\u2019action tr\u00e8s inspir\u00e9s de ce qui se fait \u00e0 gauche. Mais l\u2019initiative est aussi beaucoup relay\u00e9e en ligne par des comptes d\u2019utilisateurs clairement d\u2019extr\u00eame droite et de la fachosph\u00e8re. Les 28 premiers abonnements du compte X li\u00e9 au site du mouvement regorgent \u00e9galement de figures ou canaux de la sph\u00e8re \u00e9voluant \u00e0 la crois\u00e9e de l\u2019extr\u00eame droite et du conspirationnisme. A l\u2019image de la journaliste <a href=\\\"https:\/\/www.liberation.fr\/politique\/myriam-palomba-de-la-presse-people-et-du-complotisme-dur-20230413_GKZ4IQOUPFFZ3D3P74CGPAW3OM\/\\\" target=\\\"_blank\\\" rel=\\\"\\\">Myriam Palomba, proche de Florian Philippot vue chez Hanouna<\/a> et qui diffuse les th\u00e9ories conspirationnistes les plus hardcores en ligne. Ou du compte de \u00abr\u00e9information\u00bb de la mouvance identitaire (et complotiste pro-Kremlin) \u00abNice Provence info\u00bb.\u00a0\u00bb,\u00a0\u00bbtype\u00a0\u00bb:\u00a0\u00bbtext\u00a0\u00bb},{\u00ab\u00a0_id\u00a0\u00bb:\u00a0\u00bbXNMBXR7MPVD5ZNVAQRDKP7SNGQ\u00a0\u00bb,\u00a0\u00bbadditional_properties\u00a0\u00bb:{},\u00a0\u00bbcontent\u00a0\u00bb:\u00a0\u00bbAupr\u00e8s <a href=\\\"https:\/\/www.humanite.fr\/social-et-economie\/budget\/un-arret-total-et-illimite-du-pays-cest-quoi-ces-appels-a-bloquer-la-france-le-10-septembre\\\" target=\\\"_blank\\\" rel=\\\"\\\" title=\\\"https:\/\/www.humanite.fr\/social-et-economie\/budget\/un-arret-total-et-illimite-du-pays-cest-quoi-ces-appels-a-bloquer-la-france-le-10-septembre\\\">de l\u2019Humanit\u00e9, qui a \u00e9chang\u00e9 avec le cr\u00e9ateur de la plateforme en ligne<\/a>, ce dernier, qui se pr\u00e9sente comme un salari\u00e9 de 37 ans travaillant chez Enedis, indique que le mouvement \u00abaccepte d\u2019\u00eatre soutenu par tout le monde quel que soit le parti. Nous, on est en dehors de la politique. Tout ce qu\u2019on veut, c\u2019est se battre contre le plan de Fran\u00e7ois Bayrou et rassembler tout le monde en dehors des divergences politiques\u00bb. M\u00eame rengaine du c\u00f4t\u00e9 d\u2019Ana\u00efs Albertini, qui insiste dans son live Facebook sur le fait d\u2019\u00eatre compl\u00e8tement \u00abapartisane\u00bb et qui regrette qu\u2019\u00abon essaye absolument de nous coller une \u00e9tiquette\u00bb.\u00a0\u00bb,\u00a0\u00bbtype\u00a0\u00bb:\u00a0\u00bbtext\u00a0\u00bb},{\u00ab\u00a0_id\u00a0\u00bb:\u00a0\u00bbIUONXYHW7BAAPJD4XQEKOVKDSU\u00a0\u00bb,\u00a0\u00bbadditional_properties\u00a0\u00bb:{},\u00a0\u00bbcontent\u00a0\u00bb:\u00a0\u00bb\u00abArr\u00eater de tout politiser\u00bb\u00a0\u00bb,\u00a0\u00bblevel\u00a0\u00bb:2,\u00a0\u00bbtype\u00a0\u00bb:\u00a0\u00bbheader\u00a0\u00bb},{\u00ab\u00a0_id\u00a0\u00bb:\u00a0\u00bb2CSG5WMORZCO3HPMIJUJNB225I\u00a0\u00bb,\u00a0\u00bbadditional_properties\u00a0\u00bb:{},\u00a0\u00bbcontent\u00a0\u00bb:\u00a0\u00bbMais sur la page d\u2019accueil du site, un seul tweet est mis en avant. Plut\u00f4t neutre bien que soutenant l\u2019initiative, il \u00e9mane du compte \u00abAu bon touite fran\u00e7ais\u00bb qui diffuse \u00e0 ses 133 000 followers d\u00e9sinformation complotiste et propagande d\u2019extr\u00eame droite. Comme ce lundi 21 juillet, par exemple, lorsqu\u2019il expliquait que les \u00abpiliers fondamentaux pour la destruction des soci\u00e9t\u00e9s occidentales\u00bb sont notamment l\u2019\u00abimmigration massive\u00bb et le \u00abwokisme\u00bb, citant un influenceur QAnon canadien obs\u00e9d\u00e9 par une pr\u00e9tendue \u00abcabale de p\u00e9dophiles sataniques\u00bb.\u00a0\u00bb,\u00a0\u00bbtype\u00a0\u00bb:\u00a0\u00bbtext\u00a0\u00bb},{\u00ab\u00a0_id\u00a0\u00bb:\u00a0\u00bbXS4NARMIMRHT7MCEIGFYCG4RZQ\u00a0\u00bb,\u00a0\u00bbadditional_properties\u00a0\u00bb:{},\u00a0\u00bbcontent\u00a0\u00bb:\u00a0\u00bbR\u00e9ponse du cr\u00e9ateur <a href=\\\"https:\/\/www.leparisien.fr\/politique\/un-arret-total-et-illimite-du-pays-cest-quoi-ce-mouvement-qui-appelle-a-bloquer-la-france-a-partir-du-10-septembre-22-07-2025-7VCMYN5AJRHODBHYRZKEZ3PDGQ.php\\\" target=\\\"_blank\\\" rel=\\\"\\\" title=\\\"https:\/\/www.leparisien.fr\/politique\/un-arret-total-et-illimite-du-pays-cest-quoi-ce-mouvement-qui-appelle-a-bloquer-la-france-a-partir-du-10-septembre-22-07-2025-7VCMYN5AJRHODBHYRZKEZ3PDGQ.php\\\">du site au Parisien<\/a>, qui l\u2019a interrog\u00e9 sur cette publication mise \u00e0 l\u2019honneur : \u00abCe tweet s\u2019est retrouv\u00e9 l\u00e0 parce que c\u2019\u00e9tait l\u2019un des premiers \u00e0 relayer. Ce n\u2019est ni un membre du collectif, ni une prise de position. Il faut arr\u00eater de tout politiser.\u00bb\u00a0\u00bb,\u00a0\u00bbtype\u00a0\u00bb:\u00a0\u00bbtext\u00a0\u00bb},{\u00ab\u00a0_id\u00a0\u00bb:\u00a0\u00bbSS3BTOWZ2RADROB6OL4K5IHMU4&Prime;,\u00a0\u00bbadditional_properties\u00a0\u00bb:{},\u00a0\u00bbcontent\u00a0\u00bb:\u00a0\u00bbA l\u2019autre extr\u00eame de l\u2019\u00e9chiquier politique, le compte X intitul\u00e9 \u00abFront Populaire-LFI\u00bb y est aussi all\u00e9 de sa publication, o\u00f9 est \u00e9voqu\u00e9e une \u00abmobilisation nationale pour faire gr\u00e8ve et manifester contre la politique de Macron le 10 septembre\u00bb. Mais il s\u2019agit d\u2019un <a href=\\\"https:\/\/www.liberation.fr\/checknews\/communiques-reseaux-sociaux-sites-internet-qui-gere-la-com-du-nouveau-front-populaire-20240822_RP5VCE5KO5HDHCZHZPOPC6TKIE\/\\\" target=\\\"_blank\\\" rel=\\\"\\\" title=\\\"https:\/\/www.liberation.fr\/checknews\/communiques-reseaux-sociaux-sites-internet-qui-gere-la-com-du-nouveau-front-populaire-20240822_RP5VCE5KO5HDHCZHZPOPC6TKIE\/\\\">compte d\u2019actualit\u00e9 tenu par des militants<\/a>, et non pas du compte officiel aliment\u00e9 par le parti. Reste \u00e0 savoir si cette nouvelle tentative de ranimer le mouvement des Gilets jaunes saura passer du web \u00e0 la rue.\u00a0\u00bb,\u00a0\u00bbtype\u00a0\u00bb:\u00a0\u00bbtext\u00a0\u00bb}],\u00a0\u00bbcontent_restrictions\u00a0\u00bb:{\u00ab\u00a0content_code\u00a0\u00bb:\u00a0\u00bbouvert\u00a0\u00bb},\u00a0\u00bbcreated_date\u00a0\u00bb:\u00a0\u00bb2025-07-23T09:12:23.383Z\u00a0\u00bb,\u00a0\u00bbcredits\u00a0\u00bb:{\u00ab\u00a0by\u00a0\u00bb:[{\u00ab\u00a0_id\u00a0\u00bb:\u00a0\u00bb20052&Prime;,\u00a0\u00bbtype\u00a0\u00bb:\u00a0\u00bbauthor\u00a0\u00bb,\u00a0\u00bbversion\u00a0\u00bb:\u00a0\u00bb0.5.8&Prime;,\u00a0\u00bbname\u00a0\u00bb:\u00a0\u00bbAna\u00efs Condomines\u00a0\u00bb,\u00a0\u00bbslug\u00a0\u00bb:\u00a0\u00bbanais-condomines\u00a0\u00bb,\u00a0\u00bbsocial_links\u00a0\u00bb:[{\u00ab\u00a0site\u00a0\u00bb:\u00a0\u00bbemail\u00a0\u00bb,\u00a0\u00bburl\u00a0\u00bb:\u00a0\u00bba.condomines@liberation.fr\u00a0\u00bb}],\u00a0\u00bbsocialLinks\u00a0\u00bb:[{\u00ab\u00a0site\u00a0\u00bb:\u00a0\u00bbemail\u00a0\u00bb,\u00a0\u00bburl\u00a0\u00bb:\u00a0\u00bba.condomines@liberation.fr\u00a0\u00bb,\u00a0\u00bbdeprecated\u00a0\u00bb:true,\u00a0\u00bbdeprecation_msg\u00a0\u00bb:\u00a0\u00bbPlease use social_links.\u00a0\u00bb}],\u00a0\u00bbadditional_properties\u00a0\u00bb:{\u00ab\u00a0original\u00a0\u00bb:{\u00ab\u00a0_id\u00a0\u00bb:\u00a0\u00bb20052&Prime;,\u00a0\u00bbbyline\u00a0\u00bb:\u00a0\u00bbAna\u00efs Condomines\u00a0\u00bb,\u00a0\u00bbfirstName\u00a0\u00bb:\u00a0\u00bbAna\u00efs\u00a0\u00bb,\u00a0\u00bblastName\u00a0\u00bb:\u00a0\u00bbCondomines\u00a0\u00bb,\u00a0\u00bbrole\u00a0\u00bb:\u00a0\u00bb\u00a0\u00bb,\u00a0\u00bbemail\u00a0\u00bb:\u00a0\u00bba.condomines@liberation.fr\u00a0\u00bb,\u00a0\u00bbslug\u00a0\u00bb:\u00a0\u00bbanais-condomines\u00a0\u00bb,\u00a0\u00bbbooks\u00a0\u00bb:[],\u00a0\u00bbpodcasts\u00a0\u00bb:[],\u00a0\u00bbeducation\u00a0\u00bb:[],\u00a0\u00bbawards\u00a0\u00bb:[],\u00a0\u00bblast_updated_date\u00a0\u00bb:\u00a0\u00bb2021-01-16T14:54:05.546Z\u00a0\u00bb}}},{\u00ab\u00a0_id\u00a0\u00bb:\u00a0\u00bbElsa de La Roche Saint-Andr\u00e9\u00a0\u00bb,\u00a0\u00bbtype\u00a0\u00bb:\u00a0\u00bbauthor\u00a0\u00bb,\u00a0\u00bbversion\u00a0\u00bb:\u00a0\u00bb0.5.8&Prime;,\u00a0\u00bbname\u00a0\u00bb:\u00a0\u00bbElsa de La Roche Saint-Andr\u00e9\u00a0\u00bb,\u00a0\u00bbimage\u00a0\u00bb:{\u00ab\u00a0url\u00a0\u00bb:\u00a0\u00bb\u00a0\u00bb,\u00a0\u00bbversion\u00a0\u00bb:\u00a0\u00bb0.5.8&Prime;},\u00a0\u00bbdescription\u00a0\u00bb:\u00a0\u00bb\u00a0\u00bb,\u00a0\u00bburl\u00a0\u00bb:\u00a0\u00bb\u00a0\u00bb,\u00a0\u00bbslug\u00a0\u00bb:\u00a0\u00bbelsa-de-la-roche-saint-andre\u00a0\u00bb,\u00a0\u00bbsocial_links\u00a0\u00bb:[{\u00ab\u00a0site\u00a0\u00bb:\u00a0\u00bbemail\u00a0\u00bb,\u00a0\u00bburl\u00a0\u00bb:\u00a0\u00bbe.delaroche@liberation.fr\u00a0\u00bb}],\u00a0\u00bbsocialLinks\u00a0\u00bb:[{\u00ab\u00a0site\u00a0\u00bb:\u00a0\u00bbemail\u00a0\u00bb,\u00a0\u00bburl\u00a0\u00bb:\u00a0\u00bbe.delaroche@liberation.fr\u00a0\u00bb,\u00a0\u00bbdeprecated\u00a0\u00bb:true,\u00a0\u00bbdeprecation_msg\u00a0\u00bb:\u00a0\u00bbPlease use social_links.\u00a0\u00bb}],\u00a0\u00bbadditional_properties\u00a0\u00bb:{\u00ab\u00a0original\u00a0\u00bb:{\u00ab\u00a0_id\u00a0\u00bb:\u00a0\u00bbElsa de La Roche Saint-Andr\u00e9\u00a0\u00bb,\u00a0\u00bbfirstName\u00a0\u00bb:\u00a0\u00bbElsa\u00a0\u00bb,\u00a0\u00bblastName\u00a0\u00bb:\u00a0\u00bbde La Roche Saint-Andr\u00e9\u00a0\u00bb,\u00a0\u00bbbyline\u00a0\u00bb:\u00a0\u00bbElsa de La Roche Saint-Andr\u00e9\u00a0\u00bb,\u00a0\u00bbimage\u00a0\u00bb:\u00a0\u00bb\u00a0\u00bb,\u00a0\u00bbemail\u00a0\u00bb:\u00a0\u00bbe.delaroche@liberation.fr\u00a0\u00bb,\u00a0\u00bbaffiliations\u00a0\u00bb:\u00a0\u00bb\u00a0\u00bb,\u00a0\u00bbeducation\u00a0\u00bb:[],\u00a0\u00bbawards\u00a0\u00bb:[],\u00a0\u00bbbooks\u00a0\u00bb:[],\u00a0\u00bbpodcasts\u00a0\u00bb:[],\u00a0\u00bbbio_page\u00a0\u00bb:\u00a0\u00bb\u00a0\u00bb,\u00a0\u00bbbio\u00a0\u00bb:\u00a0\u00bb\u00a0\u00bb,\u00a0\u00bblongBio\u00a0\u00bb:\u00a0\u00bb\u00a0\u00bb,\u00a0\u00bbslug\u00a0\u00bb:\u00a0\u00bbelsa-de-la-roche-saint-andre\u00a0\u00bb,\u00a0\u00bbnative_app_rendering\u00a0\u00bb:false,\u00a0\u00bbfuzzy_match\u00a0\u00bb:false,\u00a0\u00bbcontributor\u00a0\u00bb:false,\u00a0\u00bbstatus\u00a0\u00bb:true,\u00a0\u00bblast_updated_date\u00a0\u00bb:\u00a0\u00bb2023-08-22T13:16:33.814Z\u00a0\u00bb}}},{\u00ab\u00a0_id\u00a0\u00bb:\u00a0\u00bb20433&Prime;,\u00a0\u00bbtype\u00a0\u00bb:\u00a0\u00bbauthor\u00a0\u00bb,\u00a0\u00bbversion\u00a0\u00bb:\u00a0\u00bb0.5.8&Prime;,\u00a0\u00bbname\u00a0\u00bb:\u00a0\u00bbPierre Plottu\u00a0\u00bb,\u00a0\u00bbimage\u00a0\u00bb:{\u00ab\u00a0url\u00a0\u00bb:\u00a0\u00bbhttps:\/\/author-service-images-prod-us-east-1.publishing.aws.arc.pub\/liberation\/2c4fc1d6-bdd5-44f8-9db2-416dfc702ed9.png\u00a0\u00bb,\u00a0\u00bbversion\u00a0\u00bb:\u00a0\u00bb0.5.8&Prime;,\u00a0\u00bbtype\u00a0\u00bb:\u00a0\u00bbimage\u00a0\u00bb,\u00a0\u00bbauth\u00a0\u00bb:{\u00ab\u00a01&Prime;:\u00a0\u00bb190868490bb2b1e17ba088175aa69f5d476724f04cb8c3e1c28d0aa0ec1cdb64&Prime;}},\u00a0\u00bbdescription\u00a0\u00bb:\u00a0\u00bbJournaliste au sein du service politique je suis en charge d&rsquo;enqu\u00eater sur l&rsquo;extr\u00eame droite, des violences de sa marge radicale \u00e0 la fachosph\u00e8re en passant par les liens avec les partis politiques. Je participe \u00e0 l&rsquo;animation de la newsletter Frontal qui passe au crible la mouvance, des groupuscules au RN.\u00a0\u00bb,\u00a0\u00bbslug\u00a0\u00bb:\u00a0\u00bbpierre-plottu\u00a0\u00bb,\u00a0\u00bbsocial_links\u00a0\u00bb:[{\u00ab\u00a0site\u00a0\u00bb:\u00a0\u00bbemail\u00a0\u00bb,\u00a0\u00bburl\u00a0\u00bb:\u00a0\u00bbp.plottu@liberation.fr\u00a0\u00bb}],\u00a0\u00bbsocialLinks\u00a0\u00bb:[{\u00ab\u00a0site\u00a0\u00bb:\u00a0\u00bbemail\u00a0\u00bb,\u00a0\u00bburl\u00a0\u00bb:\u00a0\u00bbp.plottu@liberation.fr\u00a0\u00bb,\u00a0\u00bbdeprecated\u00a0\u00bb:true,\u00a0\u00bbdeprecation_msg\u00a0\u00bb:\u00a0\u00bbPlease use social_links.\u00a0\u00bb}],\u00a0\u00bbadditional_properties\u00a0\u00bb:{\u00ab\u00a0original\u00a0\u00bb:{\u00ab\u00a0_id\u00a0\u00bb:\u00a0\u00bb20433&Prime;,\u00a0\u00bbbyline\u00a0\u00bb:\u00a0\u00bbPierre Plottu\u00a0\u00bb,\u00a0\u00bbfirstName\u00a0\u00bb:\u00a0\u00bbPierre\u00a0\u00bb,\u00a0\u00bblastName\u00a0\u00bb:\u00a0\u00bbPlottu\u00a0\u00bb,\u00a0\u00bbemail\u00a0\u00bb:\u00a0\u00bbp.plottu@liberation.fr\u00a0\u00bb,\u00a0\u00bbslug\u00a0\u00bb:\u00a0\u00bbpierre-plottu\u00a0\u00bb,\u00a0\u00bbbooks\u00a0\u00bb:[{\u00ab\u00a0url\u00a0\u00bb:\u00a0\u00bbhttps:\/\/www.babelio.com\/livres\/Plottu-Pop-fascisme-Les-influenceurs-dextreme-droite-on\/1659678&Prime;,\u00a0\u00bbtitle\u00a0\u00bb:\u00a0\u00bbPop fascisme: Comment l&rsquo;extr\u00eame droite a gagn\u00e9 la bataille culturelle sur internet\u00a0\u00bb,\u00a0\u00bbpublisher\u00a0\u00bb:\u00a0\u00bbEditions Divergences, 2024&Prime;}],\u00a0\u00bbpodcasts\u00a0\u00bb:[],\u00a0\u00bbeducation\u00a0\u00bb:[],\u00a0\u00bbawards\u00a0\u00bb:[],\u00a0\u00bblast_updated_date\u00a0\u00bb:\u00a0\u00bb2025-06-18T15:47:32.667Z\u00a0\u00bb,\u00a0\u00bbbio\u00a0\u00bb:\u00a0\u00bbJournaliste au sein du service politique je suis en charge d&rsquo;enqu\u00eater sur l&rsquo;extr\u00eame droite, des violences de sa marge radicale \u00e0 la fachosph\u00e8re en passant par les liens avec les partis politiques. Je participe \u00e0 l&rsquo;animation de la newsletter Frontal qui passe au crible la mouvance, des groupuscules au RN.\u00a0\u00bb,\u00a0\u00bbimage\u00a0\u00bb:\u00a0\u00bbhttps:\/\/author-service-images-prod-us-east-1.publishing.aws.arc.pub\/liberation\/2c4fc1d6-bdd5-44f8-9db2-416dfc702ed9.png\u00a0\u00bb,\u00a0\u00bbcustom_liberation_bluesky\u00a0\u00bb:\u00a0\u00bbhttps:\/\/bsky.app\/profile\/pierreplottu.bsky.social\u00a0\u00bb}}}]},\u00a0\u00bbdescription\u00a0\u00bb:{\u00ab\u00a0basic\u00a0\u00bb:\u00a0\u00bbL&rsquo;appel \u00e0 mobilisation, qui veut mettre la France \u00e0 l\u2019arr\u00eat pour une dur\u00e9e illimit\u00e9e, est diffus\u00e9 par d&rsquo;anciens Gilets jaunes et partag\u00e9 par des relais de l&rsquo;extr\u00eame droite. \u00ab\u00a0},\u00a0\u00bbdisplay_date\u00a0\u00bb:\u00a0\u00bb2025-07-23T18:53:57.713Z\u00a0\u00bb,\u00a0\u00bbdistributor\u00a0\u00bb:{\u00ab\u00a0category\u00a0\u00bb:\u00a0\u00bbstaff\u00a0\u00bb,\u00a0\u00bbname\u00a0\u00bb:\u00a0\u00bbliberation\u00a0\u00bb,\u00a0\u00bbsubcategory\u00a0\u00bb:\u00a0\u00bb\u00a0\u00bb},\u00a0\u00bbfirst_publish_date\u00a0\u00bb:\u00a0\u00bb2025-07-23T18:53:57.713Z\u00a0\u00bb,\u00a0\u00bbheadlines\u00a0\u00bb:{\u00ab\u00a0basic\u00a0\u00bb:\u00a0\u00bbC\u2019est quoi le mouvement \u00abBloquons Tout\u00bb qui appelle \u00e0 \u00abun arr\u00eat total du pays\u00bb \u00e0 partir du 10\u00a0septembre\u00a0?\u00a0\u00bb,\u00a0\u00bbmeta_title\u00a0\u00bb:\u00a0\u00bb\u00a0\u00bb,\u00a0\u00bbmobile\u00a0\u00bb:\u00a0\u00bb\u00a0\u00bb,\u00a0\u00bbnative\u00a0\u00bb:\u00a0\u00bb\u00a0\u00bb,\u00a0\u00bbprint\u00a0\u00bb:\u00a0\u00bb\u00a0\u00bb,\u00a0\u00bbtablet\u00a0\u00bb:\u00a0\u00bb\u00a0\u00bb,\u00a0\u00bbweb\u00a0\u00bb:\u00a0\u00bb\u00a0\u00bb},\u00a0\u00bblabel\u00a0\u00bb:{\u00ab\u00a0basic\u00a0\u00bb:{\u00ab\u00a0display\u00a0\u00bb:true,\u00a0\u00bbtext\u00a0\u00bb:\u00a0\u00bbCheckNews\u00a0\u00bb}},\u00a0\u00bblast_updated_date\u00a0\u00bb:\u00a0\u00bb2025-07-23T18:53:57.844Z\u00a0\u00bb,\u00a0\u00bbowner\u00a0\u00bb:{\u00ab\u00a0id\u00a0\u00bb:\u00a0\u00bbliberation\u00a0\u00bb,\u00a0\u00bbsponsored\u00a0\u00bb:false},\u00a0\u00bbplanning\u00a0\u00bb:{\u00ab\u00a0scheduling\u00a0\u00bb:{\u00ab\u00a0planned_publish_date\u00a0\u00bb:\u00a0\u00bb2025-07-23T18:00:00.000Z\u00a0\u00bb},\u00a0\u00bbstory_length\u00a0\u00bb:{\u00ab\u00a0character_count_actual\u00a0\u00bb:6735,\u00a0\u00bbinch_count_actual\u00a0\u00bb:7,\u00a0\u00bbline_count_actual\u00a0\u00bb:43,\u00a0\u00bbword_count_actual\u00a0\u00bb:1109}},\u00a0\u00bbpromo_items\u00a0\u00bb:{\u00ab\u00a0basic\u00a0\u00bb:{\u00ab\u00a0_id\u00a0\u00bb:\u00a0\u00bbIVW2LRE35FHXVESQLZOCTZHTHM\u00a0\u00bb,\u00a0\u00bbadditional_properties\u00a0\u00bb:{\u00ab\u00a0countryId\u00a0\u00bb:74,\u00a0\u00bbfullSizeResizeUrl\u00a0\u00bb:\u00a0\u00bb\/resizer\/v2\/IVW2LRE35FHXVESQLZOCTZHTHM.jpg?auth=8a405060c0fa2ba63daa3ca83be1db482206c7b97861f5ae439b03c13f0a89cf\u00a0\u00bb,\u00a0\u00bbgalleries\u00a0\u00bb:[],\u00a0\u00bbingestionMethod\u00a0\u00bb:\u00a0\u00bbmanual\u00a0\u00bb,\u00a0\u00bbiptc_source\u00a0\u00bb:\u00a0\u00bbLIBERATION\u00a0\u00bb,\u00a0\u00bbkeywords\u00a0\u00bb:[\u00ab\u00a0de dos\u00a0\u00bb,\u00a0\u00bbfestivite\u00a0\u00bb,\u00a0\u00bbgilet jaune\u00a0\u00bb,\u00a0\u00bbnouvel an\u00a0\u00bb,\u00a0\u00bbnouvelle annee\u00a0\u00bb,\u00a0\u00bbreveillon\u00a0\u00bb,\u00a0\u00bbulrich lebeuf\u00a0\u00bb],\u00a0\u00bbmime_type\u00a0\u00bb:\u00a0\u00bbimage\/jpeg\u00a0\u00bb,\u00a0\u00bboriginalName\u00a0\u00bb:\u00a0\u00bbGILET-JAUNE-TOULOUSE-REVEILLON-70703870018.jpg\u00a0\u00bb,\u00a0\u00bboriginalUrl\u00a0\u00bb:\u00a0\u00bbhttps:\/\/cloudfront-eu-central-1.images.arcpublishing.com\/liberation\/IVW2LRE35FHXVESQLZOCTZHTHM.jpg\u00a0\u00bb,\u00a0\u00bbproxyUrl\u00a0\u00bb:\u00a0\u00bb\/resizer\/v2\/IVW2LRE35FHXVESQLZOCTZHTHM.jpg?auth=8a405060c0fa2ba63daa3ca83be1db482206c7b97861f5ae439b03c13f0a89cf\u00a0\u00bb,\u00a0\u00bbpublished\u00a0\u00bb:true,\u00a0\u00bbresizeUrl\u00a0\u00bb:\u00a0\u00bb\/resizer\/v2\/IVW2LRE35FHXVESQLZOCTZHTHM.jpg?auth=8a405060c0fa2ba63daa3ca83be1db482206c7b97861f5ae439b03c13f0a89cf\u00a0\u00bb,\u00a0\u00bbrestricted\u00a0\u00bb:false,\u00a0\u00bbtakenOn\u00a0\u00bb:\u00a0\u00bb2018-12-31T00:00:00Z\u00a0\u00bb,\u00a0\u00bbthumbnailResizeUrl\u00a0\u00bb:\u00a0\u00bb\/resizer\/v2\/IVW2LRE35FHXVESQLZOCTZHTHM.jpg?auth=8a405060c0fa2ba63daa3ca83be1db482206c7b97861f5ae439b03c13f0a89cf&#038;width=300&Prime;,\u00a0\u00bbversion\u00a0\u00bb:2,\u00a0\u00bbtemplate_id\u00a0\u00bb:183},\u00a0\u00bbaddress\u00a0\u00bb:{\u00ab\u00a0locality\u00a0\u00bb:\u00a0\u00bbTOULOUSE\u00a0\u00bb,\u00a0\u00bbregion\u00a0\u00bb:\u00a0\u00bbHaute-Garonne\u00a0\u00bb,\u00a0\u00bbcountry_name\u00a0\u00bb:\u00a0\u00bbFRA\u00a0\u00bb},\u00a0\u00bbauth\u00a0\u00bb:{\u00ab\u00a01&Prime;:\u00a0\u00bb8a405060c0fa2ba63daa3ca83be1db482206c7b97861f5ae439b03c13f0a89cf\u00a0\u00bb},\u00a0\u00bbcaption\u00a0\u00bb:\u00a0\u00bbL\u2019appel \u00e0 la mobilisation a pris de l\u2019ampleur en ligne lorsqu\u2019il a \u00e9t\u00e9 diffus\u00e9 par d\u2019anciennes figures des Gilets jaunes.\u00a0\u00bb,\u00a0\u00bbcopyright\u00a0\u00bb:\u00a0\u00bbUlrich LEBEUF\u00a0\u00bb,\u00a0\u00bbcreated_date\u00a0\u00bb:\u00a0\u00bb2025-07-23T18:36:49Z\u00a0\u00bb,\u00a0\u00bbcredits\u00a0\u00bb:{\u00ab\u00a0affiliation\u00a0\u00bb:[{\u00ab\u00a0name\u00a0\u00bb:\u00a0\u00bbMyop pour L\u00a0\u00bb,\u00a0\u00bbtype\u00a0\u00bb:\u00a0\u00bbauthor\u00a0\u00bb}],\u00a0\u00bbby\u00a0\u00bb:[{\u00ab\u00a0byline\u00a0\u00bb:\u00a0\u00bbUlrich LEBEUF\u00a0\u00bb,\u00a0\u00bbname\u00a0\u00bb:\u00a0\u00bbUlrich LEBEUF\u00a0\u00bb,\u00a0\u00bbtype\u00a0\u00bb:\u00a0\u00bbauthor\u00a0\u00bb}]},\u00a0\u00bbfocal_point\u00a0\u00bb:{\u00ab\u00a0x\u00a0\u00bb:2280,\u00a0\u00bby\u00a0\u00bb:1621},\u00a0\u00bbgeo\u00a0\u00bb:{},\u00a0\u00bbheight\u00a0\u00bb:2832,\u00a0\u00bbimage_type\u00a0\u00bb:\u00a0\u00bbphotograph\u00a0\u00bb,\u00a0\u00bblast_updated_date\u00a0\u00bb:\u00a0\u00bb2025-07-23T18:53:57Z\u00a0\u00bb,\u00a0\u00bblicensable\u00a0\u00bb:false,\u00a0\u00bbowner\u00a0\u00bb:{\u00ab\u00a0id\u00a0\u00bb:\u00a0\u00bbliberation\u00a0\u00bb,\u00a0\u00bbsponsored\u00a0\u00bb:false},\u00a0\u00bbslug\u00a0\u00bb:\u00a0\u00bbR\u00e9veillon avec les gilets jaunes \u00e0 Toulouse\u00a0\u00bb,\u00a0\u00bbsource\u00a0\u00bb:{\u00ab\u00a0additional_properties\u00a0\u00bb:{\u00ab\u00a0editor\u00a0\u00bb:\u00a0\u00bbphoto center\u00a0\u00bb},\u00a0\u00bbedit_url\u00a0\u00bb:\u00a0\u00bb\u00a0\u00bb,\u00a0\u00bbsystem\u00a0\u00bb:\u00a0\u00bbphoto center\u00a0\u00bb},\u00a0\u00bbtaxonomy\u00a0\u00bb:{\u00ab\u00a0associated_tasks\u00a0\u00bb:[]},\u00a0\u00bbtype\u00a0\u00bb:\u00a0\u00bbimage\u00a0\u00bb,\u00a0\u00bburl\u00a0\u00bb:\u00a0\u00bbhttps:\/\/cloudfront-eu-central-1.images.arcpublishing.com\/liberation\/IVW2LRE35FHXVESQLZOCTZHTHM.jpg\u00a0\u00bb,\u00a0\u00bbversion\u00a0\u00bb:\u00a0\u00bb0.10.9&Prime;,\u00a0\u00bbwidth\u00a0\u00bb:4256,\u00a0\u00bbsyndication\u00a0\u00bb:{},\u00a0\u00bbcreditIPTC\u00a0\u00bb:\u00a0\u00bbPhoto Ulrich Lebeuf. Myop pour L\u00a0\u00bb,\u00a0\u00bbcountry_name\u00a0\u00bb:\u00a0\u00bbFrance\u00a0\u00bb}},\u00a0\u00bbpublish_date\u00a0\u00bb:\u00a0\u00bb2025-07-23T18:53:57.713Z\u00a0\u00bb,\u00a0\u00bbrelated_content\u00a0\u00bb:{\u00ab\u00a0basic\u00a0\u00bb:[],\u00a0\u00bbclonedChildren\u00a0\u00bb:[],\u00a0\u00bbclonedFromParent\u00a0\u00bb:[]},\u00a0\u00bbslug\u00a0\u00bb:\u00a0\u00bbactu\u00a0\u00bb,\u00a0\u00bbsource\u00a0\u00bb:{\u00ab\u00a0name\u00a0\u00bb:\u00a0\u00bbliberation\u00a0\u00bb,\u00a0\u00bbsource_type\u00a0\u00bb:\u00a0\u00bbstaff\u00a0\u00bb,\u00a0\u00bbsystem\u00a0\u00bb:\u00a0\u00bbcomposer\u00a0\u00bb},\u00a0\u00bbsubheadlines\u00a0\u00bb:{\u00ab\u00a0basic\u00a0\u00bb:\u00a0\u00bbL\u2019appel \u00e0 la mobilisation, qui veut mettre la France \u00e0 l\u2019arr\u00eat pour une dur\u00e9e illimit\u00e9e, est diffus\u00e9 par d\u2019anciens Gilets jaunes et partag\u00e9 par des relais de l\u2019extr\u00eame droite.\u00a0\u00bb},\u00a0\u00bbsubtype\u00a0\u00bb:\u00a0\u00bbchecknews\u00a0\u00bb,\u00a0\u00bbtaxonomy\u00a0\u00bb:{\u00ab\u00a0primary_section\u00a0\u00bb:{\u00ab\u00a0_id\u00a0\u00bb:\u00a0\u00bb\/checknews\u00a0\u00bb,\u00a0\u00bb_website\u00a0\u00bb:\u00a0\u00bbliberation\u00a0\u00bb,\u00a0\u00bbtype\u00a0\u00bb:\u00a0\u00bbsection\u00a0\u00bb,\u00a0\u00bbversion\u00a0\u00bb:\u00a0\u00bb0.6.0&Prime;,\u00a0\u00bbname\u00a0\u00bb:\u00a0\u00bbCheckNews\u00a0\u00bb,\u00a0\u00bbdescription\u00a0\u00bb:\u00a0\u00bbPour mieux comprendre l&rsquo;actualit\u00e9, Lib\u00e9ration lance CheckNews, un nouveau type de moteur de recherche g\u00e9r\u00e9 par des journalistes. Posez vos questions, nous prendrons le temps d&rsquo;enqu\u00eater avant de vous r\u00e9pondre.\u00a0\u00bb,\u00a0\u00bbpath\u00a0\u00bb:\u00a0\u00bb\/checknews\u00a0\u00bb,\u00a0\u00bbparent_id\u00a0\u00bb:\u00a0\u00bbhttps:\/\/www.liberation.fr\/\u00a0\u00bb,\u00a0\u00bbparent\u00a0\u00bb:{\u00ab\u00a0default\u00a0\u00bb:\u00a0\u00bbhttps:\/\/www.liberation.fr\/\u00a0\u00bb},\u00a0\u00bbadditional_properties\u00a0\u00bb:{\u00ab\u00a0original\u00a0\u00bb:{\u00ab\u00a0_id\u00a0\u00bb:\u00a0\u00bb\/checknews\u00a0\u00bb,\u00a0\u00bbsite\u00a0\u00bb:{\u00ab\u00a0site_tagline\u00a0\u00bb:null,\u00a0\u00bbsite_url\u00a0\u00bb:\u00a0\u00bb\u00a0\u00bb,\u00a0\u00bbsite_title\u00a0\u00bb:\u00a0\u00bbChecknews\u00a0\u00bb,\u00a0\u00bbsite_about\u00a0\u00bb:null,\u00a0\u00bbpagebuilder_path_for_native_apps\u00a0\u00bb:null,\u00a0\u00bbsite_description\u00a0\u00bb:\u00a0\u00bbPour mieux comprendre l&rsquo;actualit\u00e9, Lib\u00e9ration lance CheckNews, un nouveau type de moteur de recherche g\u00e9r\u00e9 par des journalistes. Posez vos questions, nous prendrons le temps d&rsquo;enqu\u00eater avant de vous r\u00e9pondre.\u00a0\u00bb,\u00a0\u00bbsite_keywords\u00a0\u00bb:null},\u00a0\u00bbsite_topper\u00a0\u00bb:{\u00ab\u00a0site_logo_image\u00a0\u00bb:\u00a0\u00bbhttps:\/\/cloudfront-eu-central-1.images.arcpublishing.com\/sandbox.liberation\/3GC5ULE5BNG2HFCF7GSPG2EVWA.jpg\u00a0\u00bb},\u00a0\u00bbsocial\u00a0\u00bb:{\u00ab\u00a0twitter\u00a0\u00bb:null,\u00a0\u00bbfacebook\u00a0\u00bb:null,\u00a0\u00bbrss\u00a0\u00bb:null,\u00a0\u00bbinstagram\u00a0\u00bb:null},\u00a0\u00bbnavigation\u00a0\u00bb:{\u00ab\u00a0nav_title\u00a0\u00bb:\u00a0\u00bbChecknews\u00a0\u00bb},\u00a0\u00bb_admin\u00a0\u00bb:{\u00ab\u00a0alias_ids\u00a0\u00bb:[\u00ab\u00a0\/checknews\u00a0\u00bb,\u00a0\u00bb100893&Prime;]},\u00a0\u00bb_website\u00a0\u00bb:\u00a0\u00bbliberation\u00a0\u00bb,\u00a0\u00bbname\u00a0\u00bb:\u00a0\u00bbCheckNews\u00a0\u00bb,\u00a0\u00bborder\u00a0\u00bb:{\u00ab\u00a0default\u00a0\u00bb:1011,\u00a0\u00bbburgermenu\u00a0\u00bb:1004,\u00a0\u00bbheadernav\u00a0\u00bb:1006,\u00a0\u00bbamp-menu\u00a0\u00bb:1002,\u00a0\u00bbfooter2&Prime;:1008},\u00a0\u00bbparent\u00a0\u00bb:{\u00ab\u00a0default\u00a0\u00bb:\u00a0\u00bbhttps:\/\/www.liberation.fr\/\u00a0\u00bb,\u00a0\u00bbburgermenu\u00a0\u00bb:\u00a0\u00bbhttps:\/\/www.liberation.fr\/\u00a0\u00bb,\u00a0\u00bbheadernav\u00a0\u00bb:\u00a0\u00bbhttps:\/\/www.liberation.fr\/\u00a0\u00bb,\u00a0\u00bbfooter\u00a0\u00bb:null,\u00a0\u00bbamp-menu\u00a0\u00bb:\u00a0\u00bbhttps:\/\/www.liberation.fr\/\u00a0\u00bb,\u00a0\u00bbfooter2&Prime;:\u00a0\u00bbhttps:\/\/www.liberation.fr\/\u00a0\u00bb},\u00a0\u00bbancestors\u00a0\u00bb:{\u00ab\u00a0default\u00a0\u00bb:[\u00ab\u00a0https:\/\/www.liberation.fr\/\u00a0\u00bb],\u00a0\u00bbburgermenu\u00a0\u00bb:[\u00ab\u00a0https:\/\/www.liberation.fr\/\u00a0\u00bb],\u00a0\u00bbheadernav\u00a0\u00bb:[\u00ab\u00a0https:\/\/www.liberation.fr\/\u00a0\u00bb],\u00a0\u00bbfooter\u00a0\u00bb:[],\u00a0\u00bbamp-menu\u00a0\u00bb:[\u00ab\u00a0https:\/\/www.liberation.fr\/\u00a0\u00bb],\u00a0\u00bbfooter2&Prime;:[\u00ab\u00a0https:\/\/www.liberation.fr\/\u00a0\u00bb]},\u00a0\u00bbinactive\u00a0\u00bb:false,\u00a0\u00bbnode_type\u00a0\u00bb:\u00a0\u00bbsection\u00a0\u00bb}}},\u00a0\u00bbsections\u00a0\u00bb:[{\u00ab\u00a0_id\u00a0\u00bb:\u00a0\u00bb\/checknews\u00a0\u00bb,\u00a0\u00bb_website\u00a0\u00bb:\u00a0\u00bbliberation\u00a0\u00bb,\u00a0\u00bbtype\u00a0\u00bb:\u00a0\u00bbsection\u00a0\u00bb,\u00a0\u00bbversion\u00a0\u00bb:\u00a0\u00bb0.6.0&Prime;,\u00a0\u00bbname\u00a0\u00bb:\u00a0\u00bbCheckNews\u00a0\u00bb,\u00a0\u00bbdescription\u00a0\u00bb:\u00a0\u00bbPour mieux comprendre l&rsquo;actualit\u00e9, Lib\u00e9ration lance CheckNews, un nouveau type de moteur de recherche g\u00e9r\u00e9 par des journalistes. Posez vos questions, nous prendrons le temps d&rsquo;enqu\u00eater avant de vous r\u00e9pondre.\u00a0\u00bb,\u00a0\u00bbpath\u00a0\u00bb:\u00a0\u00bb\/checknews\u00a0\u00bb,\u00a0\u00bbparent_id\u00a0\u00bb:\u00a0\u00bbhttps:\/\/www.liberation.fr\/\u00a0\u00bb,\u00a0\u00bbparent\u00a0\u00bb:{\u00ab\u00a0default\u00a0\u00bb:\u00a0\u00bbhttps:\/\/www.liberation.fr\/\u00a0\u00bb},\u00a0\u00bbadditional_properties\u00a0\u00bb:{\u00ab\u00a0original\u00a0\u00bb:{\u00ab\u00a0_id\u00a0\u00bb:\u00a0\u00bb\/checknews\u00a0\u00bb,\u00a0\u00bbsite\u00a0\u00bb:{\u00ab\u00a0site_tagline\u00a0\u00bb:null,\u00a0\u00bbsite_url\u00a0\u00bb:\u00a0\u00bb\u00a0\u00bb,\u00a0\u00bbsite_title\u00a0\u00bb:\u00a0\u00bbChecknews\u00a0\u00bb,\u00a0\u00bbsite_about\u00a0\u00bb:null,\u00a0\u00bbpagebuilder_path_for_native_apps\u00a0\u00bb:null,\u00a0\u00bbsite_description\u00a0\u00bb:\u00a0\u00bbPour mieux comprendre l&rsquo;actualit\u00e9, Lib\u00e9ration lance CheckNews, un nouveau type de moteur de recherche g\u00e9r\u00e9 par des journalistes. Posez vos questions, nous prendrons le temps d&rsquo;enqu\u00eater avant de vous r\u00e9pondre.\u00a0\u00bb,\u00a0\u00bbsite_keywords\u00a0\u00bb:null},\u00a0\u00bbsite_topper\u00a0\u00bb:{\u00ab\u00a0site_logo_image\u00a0\u00bb:\u00a0\u00bbhttps:\/\/cloudfront-eu-central-1.images.arcpublishing.com\/sandbox.liberation\/3GC5ULE5BNG2HFCF7GSPG2EVWA.jpg\u00a0\u00bb},\u00a0\u00bbsocial\u00a0\u00bb:{\u00ab\u00a0twitter\u00a0\u00bb:null,\u00a0\u00bbfacebook\u00a0\u00bb:null,\u00a0\u00bbrss\u00a0\u00bb:null,\u00a0\u00bbinstagram\u00a0\u00bb:null},\u00a0\u00bbnavigation\u00a0\u00bb:{\u00ab\u00a0nav_title\u00a0\u00bb:\u00a0\u00bbChecknews\u00a0\u00bb},\u00a0\u00bb_admin\u00a0\u00bb:{\u00ab\u00a0alias_ids\u00a0\u00bb:[\u00ab\u00a0\/checknews\u00a0\u00bb,\u00a0\u00bb100893&Prime;]},\u00a0\u00bb_website\u00a0\u00bb:\u00a0\u00bbliberation\u00a0\u00bb,\u00a0\u00bbname\u00a0\u00bb:\u00a0\u00bbCheckNews\u00a0\u00bb,\u00a0\u00bborder\u00a0\u00bb:{\u00ab\u00a0default\u00a0\u00bb:1011,\u00a0\u00bbburgermenu\u00a0\u00bb:1004,\u00a0\u00bbheadernav\u00a0\u00bb:1006,\u00a0\u00bbamp-menu\u00a0\u00bb:1002,\u00a0\u00bbfooter2&Prime;:1008},\u00a0\u00bbparent\u00a0\u00bb:{\u00ab\u00a0default\u00a0\u00bb:\u00a0\u00bbhttps:\/\/www.liberation.fr\/\u00a0\u00bb,\u00a0\u00bbburgermenu\u00a0\u00bb:\u00a0\u00bbhttps:\/\/www.liberation.fr\/\u00a0\u00bb,\u00a0\u00bbheadernav\u00a0\u00bb:\u00a0\u00bbhttps:\/\/www.liberation.fr\/\u00a0\u00bb,\u00a0\u00bbfooter\u00a0\u00bb:null,\u00a0\u00bbamp-menu\u00a0\u00bb:\u00a0\u00bbhttps:\/\/www.liberation.fr\/\u00a0\u00bb,\u00a0\u00bbfooter2&Prime;:\u00a0\u00bbhttps:\/\/www.liberation.fr\/\u00a0\u00bb},\u00a0\u00bbancestors\u00a0\u00bb:{\u00ab\u00a0default\u00a0\u00bb:[\u00ab\u00a0https:\/\/www.liberation.fr\/\u00a0\u00bb],\u00a0\u00bbburgermenu\u00a0\u00bb:[\u00ab\u00a0https:\/\/www.liberation.fr\/\u00a0\u00bb],\u00a0\u00bbheadernav\u00a0\u00bb:[\u00ab\u00a0https:\/\/www.liberation.fr\/\u00a0\u00bb],\u00a0\u00bbfooter\u00a0\u00bb:[],\u00a0\u00bbamp-menu\u00a0\u00bb:[\u00ab\u00a0https:\/\/www.liberation.fr\/\u00a0\u00bb],\u00a0\u00bbfooter2&Prime;:[\u00ab\u00a0https:\/\/www.liberation.fr\/\u00a0\u00bb]},\u00a0\u00bbinactive\u00a0\u00bb:false,\u00a0\u00bbnode_type\u00a0\u00bb:\u00a0\u00bbsection\u00a0\u00bb}},\u00a0\u00bb_website_section_id\u00a0\u00bb:\u00a0\u00bbliberation.\/checknews\u00a0\u00bb},{\u00ab\u00a0_id\u00a0\u00bb:\u00a0\u00bb\/societe\u00a0\u00bb,\u00a0\u00bb_website\u00a0\u00bb:\u00a0\u00bbliberation\u00a0\u00bb,\u00a0\u00bbtype\u00a0\u00bb:\u00a0\u00bbsection\u00a0\u00bb,\u00a0\u00bbversion\u00a0\u00bb:\u00a0\u00bb0.6.0&Prime;,\u00a0\u00bbname\u00a0\u00bb:\u00a0\u00bbSoci\u00e9t\u00e9\u00a0\u00bb,\u00a0\u00bbdescription\u00a0\u00bb:\u00a0\u00bbActualit\u00e9 soci\u00e9t\u00e9 &#8211; tout savoir sur les derni\u00e8res infos soci\u00e9t\u00e9 avec Lib\u00e9ration : droits des femmes, \u00e9ducation, police-justice, sant\u00e9, logement&#8230;\u00a0\u00bb,\u00a0\u00bbpath\u00a0\u00bb:\u00a0\u00bb\/societe\u00a0\u00bb,\u00a0\u00bbparent_id\u00a0\u00bb:\u00a0\u00bbhttps:\/\/www.liberation.fr\/\u00a0\u00bb,\u00a0\u00bbparent\u00a0\u00bb:{\u00ab\u00a0default\u00a0\u00bb:\u00a0\u00bbhttps:\/\/www.liberation.fr\/\u00a0\u00bb},\u00a0\u00bbadditional_properties\u00a0\u00bb:{\u00ab\u00a0original\u00a0\u00bb:{\u00ab\u00a0_id\u00a0\u00bb:\u00a0\u00bb\/societe\u00a0\u00bb,\u00a0\u00bbsite\u00a0\u00bb:{\u00ab\u00a0site_tagline\u00a0\u00bb:null,\u00a0\u00bbsite_url\u00a0\u00bb:null,\u00a0\u00bbsite_title\u00a0\u00bb:\u00a0\u00bbToute l\u2019actualit\u00e9 Soci\u00e9t\u00e9 avec Lib\u00e9ration &#8211; Lib\u00e9ration\u00a0\u00bb,\u00a0\u00bbsite_about\u00a0\u00bb:null,\u00a0\u00bbpagebuilder_path_for_native_apps\u00a0\u00bb:null,\u00a0\u00bbsite_description\u00a0\u00bb:\u00a0\u00bbActualit\u00e9 soci\u00e9t\u00e9 &#8211; tout savoir sur les derni\u00e8res infos soci\u00e9t\u00e9 avec Lib\u00e9ration : droits des femmes, \u00e9ducation, police-justice, sant\u00e9, logement&#8230;\u00a0\u00bb,\u00a0\u00bbsite_keywords\u00a0\u00bb:null},\u00a0\u00bbsite_topper\u00a0\u00bb:{\u00ab\u00a0site_logo_image\u00a0\u00bb:null},\u00a0\u00bbsocial\u00a0\u00bb:{\u00ab\u00a0twitter\u00a0\u00bb:null,\u00a0\u00bbfacebook\u00a0\u00bb:null,\u00a0\u00bbrss\u00a0\u00bb:null,\u00a0\u00bbinstagram\u00a0\u00bb:null},\u00a0\u00bbnavigation\u00a0\u00bb:{\u00ab\u00a0nav_title\u00a0\u00bb:null},\u00a0\u00bb_admin\u00a0\u00bb:{\u00ab\u00a0alias_ids\u00a0\u00bb:[\u00ab\u00a0\/societe\u00a0\u00bb,\u00a0\u00bb11&Prime;]},\u00a0\u00bb_website\u00a0\u00bb:\u00a0\u00bbliberation\u00a0\u00bb,\u00a0\u00bbname\u00a0\u00bb:\u00a0\u00bbSoci\u00e9t\u00e9\u00a0\u00bb,\u00a0\u00bborder\u00a0\u00bb:{\u00ab\u00a0burgermenu\u00a0\u00bb:1009,\u00a0\u00bbdefault\u00a0\u00bb:1005,\u00a0\u00bbheadernav\u00a0\u00bb:1007,\u00a0\u00bbamp-menu\u00a0\u00bb:1004,\u00a0\u00bbfooter2&Prime;:1001},\u00a0\u00bbparent\u00a0\u00bb:{\u00ab\u00a0default\u00a0\u00bb:\u00a0\u00bbhttps:\/\/www.liberation.fr\/\u00a0\u00bb,\u00a0\u00bbburgermenu\u00a0\u00bb:\u00a0\u00bbhttps:\/\/www.liberation.fr\/\u00a0\u00bb,\u00a0\u00bbfooter\u00a0\u00bb:null,\u00a0\u00bbheadernav\u00a0\u00bb:\u00a0\u00bbhttps:\/\/www.liberation.fr\/\u00a0\u00bb,\u00a0\u00bbamp-menu\u00a0\u00bb:\u00a0\u00bbhttps:\/\/www.liberation.fr\/\u00a0\u00bb,\u00a0\u00bbfooter2&Prime;:\u00a0\u00bbhttps:\/\/www.liberation.fr\/\u00a0\u00bb},\u00a0\u00bbancestors\u00a0\u00bb:{\u00ab\u00a0default\u00a0\u00bb:[\u00ab\u00a0https:\/\/www.liberation.fr\/\u00a0\u00bb],\u00a0\u00bbburgermenu\u00a0\u00bb:[\u00ab\u00a0https:\/\/www.liberation.fr\/\u00a0\u00bb],\u00a0\u00bbfooter\u00a0\u00bb:[],\u00a0\u00bbheadernav\u00a0\u00bb:[\u00ab\u00a0https:\/\/www.liberation.fr\/\u00a0\u00bb],\u00a0\u00bbamp-menu\u00a0\u00bb:[\u00ab\u00a0https:\/\/www.liberation.fr\/\u00a0\u00bb],\u00a0\u00bbfooter2&Prime;:[\u00ab\u00a0https:\/\/www.liberation.fr\/\u00a0\u00bb]},\u00a0\u00bbinactive\u00a0\u00bb:false,\u00a0\u00bbnode_type\u00a0\u00bb:\u00a0\u00bbsection\u00a0\u00bb}},\u00a0\u00bb_website_section_id\u00a0\u00bb:\u00a0\u00bbliberation.\/societe\u00a0\u00bb},{\u00ab\u00a0_id\u00a0\u00bb:\u00a0\u00bb\/economie\u00a0\u00bb,\u00a0\u00bb_website\u00a0\u00bb:\u00a0\u00bbliberation\u00a0\u00bb,\u00a0\u00bbtype\u00a0\u00bb:\u00a0\u00bbsection\u00a0\u00bb,\u00a0\u00bbversion\u00a0\u00bb:\u00a0\u00bb0.6.0&Prime;,\u00a0\u00bbname\u00a0\u00bb:\u00a0\u00bbEconomie\u00a0\u00bb,\u00a0\u00bbdescription\u00a0\u00bb:\u00a0\u00bbRetrouvez toute l&rsquo;actualit\u00e9 \u00e9conomique et financi\u00e8re en France et \u00e0 l&rsquo;international : conjoncture, \u00e9conomie num\u00e9rique, m\u00e9dias, social, transports&#8230;\u00a0\u00bb,\u00a0\u00bbpath\u00a0\u00bb:\u00a0\u00bb\/economie\u00a0\u00bb,\u00a0\u00bbparent_id\u00a0\u00bb:\u00a0\u00bbhttps:\/\/www.liberation.fr\/\u00a0\u00bb,\u00a0\u00bbparent\u00a0\u00bb:{\u00ab\u00a0default\u00a0\u00bb:\u00a0\u00bbhttps:\/\/www.liberation.fr\/\u00a0\u00bb},\u00a0\u00bbadditional_properties\u00a0\u00bb:{\u00ab\u00a0original\u00a0\u00bb:{\u00ab\u00a0_id\u00a0\u00bb:\u00a0\u00bb\/economie\u00a0\u00bb,\u00a0\u00bbsite\u00a0\u00bb:{\u00ab\u00a0site_tagline\u00a0\u00bb:null,\u00a0\u00bbsite_url\u00a0\u00bb:null,\u00a0\u00bbsite_title\u00a0\u00bb:\u00a0\u00bbEconomie : toute l&rsquo;actualit\u00e9 \u00e9conomique avec Lib\u00e9ration\u00a0\u00bb,\u00a0\u00bbsite_about\u00a0\u00bb:null,\u00a0\u00bbpagebuilder_path_for_native_apps\u00a0\u00bb:null,\u00a0\u00bbsite_description\u00a0\u00bb:\u00a0\u00bbRetrouvez toute l&rsquo;actualit\u00e9 \u00e9conomique et financi\u00e8re en France et \u00e0 l&rsquo;international : conjoncture, \u00e9conomie num\u00e9rique, m\u00e9dias, social, transports&#8230;\u00a0\u00bb,\u00a0\u00bbsite_keywords\u00a0\u00bb:null},\u00a0\u00bbsite_topper\u00a0\u00bb:{\u00ab\u00a0site_logo_image\u00a0\u00bb:null},\u00a0\u00bbsocial\u00a0\u00bb:{\u00ab\u00a0twitter\u00a0\u00bb:null,\u00a0\u00bbfacebook\u00a0\u00bb:null,\u00a0\u00bbrss\u00a0\u00bb:null,\u00a0\u00bbinstagram\u00a0\u00bb:null},\u00a0\u00bbnavigation\u00a0\u00bb:{\u00ab\u00a0nav_title\u00a0\u00bb:\u00a0\u00bbEconomie\u00a0\u00bb},\u00a0\u00bb_admin\u00a0\u00bb:{\u00ab\u00a0alias_ids\u00a0\u00bb:[\u00ab\u00a0https:\/\/www.liberation.fr\/economie\/\u00a0\u00bb,\u00a0\u00bb200001&Prime;]},\u00a0\u00bb_website\u00a0\u00bb:\u00a0\u00bbliberation\u00a0\u00bb,\u00a0\u00bbname\u00a0\u00bb:\u00a0\u00bbEconomie\u00a0\u00bb,\u00a0\u00bborder\u00a0\u00bb:{\u00ab\u00a0amp-menu\u00a0\u00bb:1007,\u00a0\u00bbburgermenu\u00a0\u00bb:1013,\u00a0\u00bbdefault\u00a0\u00bb:1009,\u00a0\u00bbheadernav\u00a0\u00bb:1010,\u00a0\u00bbfooter2&Prime;:1006},\u00a0\u00bbparent\u00a0\u00bb:{\u00ab\u00a0default\u00a0\u00bb:\u00a0\u00bbhttps:\/\/www.liberation.fr\/\u00a0\u00bb,\u00a0\u00bbamp-menu\u00a0\u00bb:\u00a0\u00bbhttps:\/\/www.liberation.fr\/\u00a0\u00bb,\u00a0\u00bbburgermenu\u00a0\u00bb:\u00a0\u00bbhttps:\/\/www.liberation.fr\/\u00a0\u00bb,\u00a0\u00bbfooter\u00a0\u00bb:null,\u00a0\u00bbaccueil-tag-block\u00a0\u00bb:null,\u00a0\u00bbheadernav\u00a0\u00bb:\u00a0\u00bbhttps:\/\/www.liberation.fr\/\u00a0\u00bb,\u00a0\u00bbfooter2&Prime;:\u00a0\u00bbhttps:\/\/www.liberation.fr\/\u00a0\u00bb},\u00a0\u00bbancestors\u00a0\u00bb:{\u00ab\u00a0default\u00a0\u00bb:[\u00ab\u00a0https:\/\/www.liberation.fr\/\u00a0\u00bb],\u00a0\u00bbamp-menu\u00a0\u00bb:[\u00ab\u00a0https:\/\/www.liberation.fr\/\u00a0\u00bb],\u00a0\u00bbburgermenu\u00a0\u00bb:[\u00ab\u00a0https:\/\/www.liberation.fr\/\u00a0\u00bb],\u00a0\u00bbfooter\u00a0\u00bb:[],\u00a0\u00bbaccueil-tag-block\u00a0\u00bb:[],\u00a0\u00bbheadernav\u00a0\u00bb:[\u00ab\u00a0https:\/\/www.liberation.fr\/\u00a0\u00bb],\u00a0\u00bbfooter2&Prime;:[]},\u00a0\u00bbinactive\u00a0\u00bb:false,\u00a0\u00bbnode_type\u00a0\u00bb:\u00a0\u00bbsection\u00a0\u00bb}},\u00a0\u00bb_website_section_id\u00a0\u00bb:\u00a0\u00bbliberation.\/economie\u00a0\u00bb}],\u00a0\u00bbtags\u00a0\u00bb:[{\u00ab\u00a0description\u00a0\u00bb:\u00a0\u00bbGilets Jaunes\u00a0\u00bb,\u00a0\u00bbslug\u00a0\u00bb:\u00a0\u00bbgilets-jaunes\u00a0\u00bb,\u00a0\u00bbtext\u00a0\u00bb:\u00a0\u00bbGilets Jaunes\u00a0\u00bb},{\u00ab\u00a0description\u00a0\u00bb:\u00a0\u00bbGr\u00e8ves\u00a0\u00bb,\u00a0\u00bbslug\u00a0\u00bb:\u00a0\u00bbgreves\u00a0\u00bb,\u00a0\u00bbtext\u00a0\u00bb:\u00a0\u00bbGr\u00e8ves\u00a0\u00bb},{\u00ab\u00a0description\u00a0\u00bb:\u00a0\u00bbFran\u00e7ois Bayrou\u00a0\u00bb,\u00a0\u00bbslug\u00a0\u00bb:\u00a0\u00bbfrancois-bayrou\u00a0\u00bb,\u00a0\u00bbtext\u00a0\u00bb:\u00a0\u00bbFran\u00e7ois Bayrou\u00a0\u00bb}]},\u00a0\u00bbtype\u00a0\u00bb:\u00a0\u00bbstory\u00a0\u00bb,\u00a0\u00bbwebsites\u00a0\u00bb:{\u00ab\u00a0liberation\u00a0\u00bb:{\u00ab\u00a0website_section\u00a0\u00bb:{\u00ab\u00a0_id\u00a0\u00bb:\u00a0\u00bb\/checknews\u00a0\u00bb,\u00a0\u00bb_website\u00a0\u00bb:\u00a0\u00bbliberation\u00a0\u00bb,\u00a0\u00bbtype\u00a0\u00bb:\u00a0\u00bbsection\u00a0\u00bb,\u00a0\u00bbversion\u00a0\u00bb:\u00a0\u00bb0.6.0&Prime;,\u00a0\u00bbname\u00a0\u00bb:\u00a0\u00bbCheckNews\u00a0\u00bb,\u00a0\u00bbdescription\u00a0\u00bb:\u00a0\u00bbPour mieux comprendre l&rsquo;actualit\u00e9, Lib\u00e9ration lance CheckNews, un nouveau type de moteur de recherche g\u00e9r\u00e9 par des journalistes. Posez vos questions, nous prendrons le temps d&rsquo;enqu\u00eater avant de vous r\u00e9pondre.\u00a0\u00bb,\u00a0\u00bbpath\u00a0\u00bb:\u00a0\u00bb\/checknews\u00a0\u00bb,\u00a0\u00bbparent_id\u00a0\u00bb:\u00a0\u00bbhttps:\/\/www.liberation.fr\/\u00a0\u00bb,\u00a0\u00bbparent\u00a0\u00bb:{\u00ab\u00a0default\u00a0\u00bb:\u00a0\u00bbhttps:\/\/www.liberation.fr\/\u00a0\u00bb},\u00a0\u00bbadditional_properties\u00a0\u00bb:{\u00ab\u00a0original\u00a0\u00bb:{\u00ab\u00a0_id\u00a0\u00bb:\u00a0\u00bb\/checknews\u00a0\u00bb,\u00a0\u00bbsite\u00a0\u00bb:{\u00ab\u00a0site_tagline\u00a0\u00bb:null,\u00a0\u00bbsite_url\u00a0\u00bb:\u00a0\u00bb\u00a0\u00bb,\u00a0\u00bbsite_title\u00a0\u00bb:\u00a0\u00bbChecknews\u00a0\u00bb,\u00a0\u00bbsite_about\u00a0\u00bb:null,\u00a0\u00bbpagebuilder_path_for_native_apps\u00a0\u00bb:null,\u00a0\u00bbsite_description\u00a0\u00bb:\u00a0\u00bbPour mieux comprendre l&rsquo;actualit\u00e9, Lib\u00e9ration lance CheckNews, un nouveau type de moteur de recherche g\u00e9r\u00e9 par des journalistes. Posez vos questions, nous prendrons le temps d&rsquo;enqu\u00eater avant de vous r\u00e9pondre.\u00a0\u00bb,\u00a0\u00bbsite_keywords\u00a0\u00bb:null},\u00a0\u00bbsite_topper\u00a0\u00bb:{\u00ab\u00a0site_logo_image\u00a0\u00bb:\u00a0\u00bbhttps:\/\/cloudfront-eu-central-1.images.arcpublishing.com\/sandbox.liberation\/3GC5ULE5BNG2HFCF7GSPG2EVWA.jpg\u00a0\u00bb},\u00a0\u00bbsocial\u00a0\u00bb:{\u00ab\u00a0twitter\u00a0\u00bb:null,\u00a0\u00bbfacebook\u00a0\u00bb:null,\u00a0\u00bbrss\u00a0\u00bb:null,\u00a0\u00bbinstagram\u00a0\u00bb:null},\u00a0\u00bbnavigation\u00a0\u00bb:{\u00ab\u00a0nav_title\u00a0\u00bb:\u00a0\u00bbChecknews\u00a0\u00bb},\u00a0\u00bb_admin\u00a0\u00bb:{\u00ab\u00a0alias_ids\u00a0\u00bb:[\u00ab\u00a0\/checknews\u00a0\u00bb,\u00a0\u00bb100893&Prime;]},\u00a0\u00bb_website\u00a0\u00bb:\u00a0\u00bbliberation\u00a0\u00bb,\u00a0\u00bbname\u00a0\u00bb:\u00a0\u00bbCheckNews\u00a0\u00bb,\u00a0\u00bborder\u00a0\u00bb:{\u00ab\u00a0default\u00a0\u00bb:1011,\u00a0\u00bbburgermenu\u00a0\u00bb:1004,\u00a0\u00bbheadernav\u00a0\u00bb:1006,\u00a0\u00bbamp-menu\u00a0\u00bb:1002,\u00a0\u00bbfooter2&Prime;:1008},\u00a0\u00bbparent\u00a0\u00bb:{\u00ab\u00a0default\u00a0\u00bb:\u00a0\u00bbhttps:\/\/www.liberation.fr\/\u00a0\u00bb,\u00a0\u00bbburgermenu\u00a0\u00bb:\u00a0\u00bbhttps:\/\/www.liberation.fr\/\u00a0\u00bb,\u00a0\u00bbheadernav\u00a0\u00bb:\u00a0\u00bbhttps:\/\/www.liberation.fr\/\u00a0\u00bb,\u00a0\u00bbfooter\u00a0\u00bb:null,\u00a0\u00bbamp-menu\u00a0\u00bb:\u00a0\u00bbhttps:\/\/www.liberation.fr\/\u00a0\u00bb,\u00a0\u00bbfooter2&Prime;:\u00a0\u00bbhttps:\/\/www.liberation.fr\/\u00a0\u00bb},\u00a0\u00bbancestors\u00a0\u00bb:{\u00ab\u00a0default\u00a0\u00bb:[\u00ab\u00a0https:\/\/www.liberation.fr\/\u00a0\u00bb],\u00a0\u00bbburgermenu\u00a0\u00bb:[\u00ab\u00a0https:\/\/www.liberation.fr\/\u00a0\u00bb],\u00a0\u00bbheadernav\u00a0\u00bb:[\u00ab\u00a0https:\/\/www.liberation.fr\/\u00a0\u00bb],\u00a0\u00bbfooter\u00a0\u00bb:[],\u00a0\u00bbamp-menu\u00a0\u00bb:[\u00ab\u00a0https:\/\/www.liberation.fr\/\u00a0\u00bb],\u00a0\u00bbfooter2&Prime;:[\u00ab\u00a0https:\/\/www.liberation.fr\/\u00a0\u00bb]},\u00a0\u00bbinactive\u00a0\u00bb:false,\u00a0\u00bbnode_type\u00a0\u00bb:\u00a0\u00bbsection\u00a0\u00bb}},\u00a0\u00bb_website_section_id\u00a0\u00bb:\u00a0\u00bbliberation.\/checknews\u00a0\u00bb},\u00a0\u00bbwebsite_url\u00a0\u00bb:\u00a0\u00bbhttps:\/\/www.liberation.fr\/checknews\/cest-quoi-le-mouvement-bloquons-tout-qui-appelle-a-un-arret-total-du-pays-a-partir-du-10-septembre-20250723_QCJAN2GZZ5ACPD2JKID4S7GSL4\/\u00a0\u00bb}},\u00a0\u00bbcanonical_url\u00a0\u00bb:\u00a0\u00bbhttps:\/\/www.liberation.fr\/checknews\/cest-quoi-le-mouvement-bloquons-tout-qui-appelle-a-un-arret-total-du-pays-a-partir-du-10-septembre-20250723_QCJAN2GZZ5ACPD2JKID4S7GSL4\/\u00a0\u00bb,\u00a0\u00bbwebsite\u00a0\u00bb:\u00a0\u00bbliberation\u00a0\u00bb,\u00a0\u00bbwebsite_url\u00a0\u00bb:\u00a0\u00bbhttps:\/\/www.liberation.fr\/checknews\/cest-quoi-le-mouvement-bloquons-tout-qui-appelle-a-un-arret-total-du-pays-a-partir-du-10-septembre-20250723_QCJAN2GZZ5ACPD2JKID4S7GSL4\/\u00a0\u00bb,\u00a0\u00bbnewsletterImages\u00a0\u00bb:{\u00ab\u00a0lead_art\u00a0\u00bb:null,\u00a0\u00bbbasic\u00a0\u00bb:\u00a0\u00bbhttps:\/\/www.liberation.fr\/resizer\/v2\/IVW2LRE35FHXVESQLZOCTZHTHM.jpg?auth=8a405060c0fa2ba63daa3ca83be1db482206c7b97861f5ae439b03c13f0a89cf&#038;quality=70&#038;width=600&#038;height=600&#038;focal=2280%2C1621&Prime;},\u00a0\u00bbnewsletterImages600x400&Prime;:{\u00ab\u00a0lead_art\u00a0\u00bb:null,\u00a0\u00bbbasic\u00a0\u00bb:\u00a0\u00bbhttps:\/\/www.liberation.fr\/resizer\/v2\/IVW2LRE35FHXVESQLZOCTZHTHM.jpg?auth=8a405060c0fa2ba63daa3ca83be1db482206c7b97861f5ae439b03c13f0a89cf&#038;quality=70&#038;width=600&#038;height=400&#038;focal=2280%2C1621&Prime;},\u00a0\u00bbnewsletterImagesRealSize\u00a0\u00bb:{\u00ab\u00a0lead_art\u00a0\u00bb:null,\u00a0\u00bbbasic\u00a0\u00bb:\u00a0\u00bbhttps:\/\/www.liberation.fr\/resizer\/v2\/IVW2LRE35FHXVESQLZOCTZHTHM.jpg?auth=8a405060c0fa2ba63daa3ca83be1db482206c7b97861f5ae439b03c13f0a89cf&#038;quality=70&#038;width=600&#038;focal=2280%2C1621&Prime;},\u00a0\u00bbtwitterImage\u00a0\u00bb:{\u00ab\u00a0lead_art\u00a0\u00bb:null,\u00a0\u00bbbasic\u00a0\u00bb:\u00a0\u00bbhttps:\/\/www.liberation.fr\/resizer\/v2\/IVW2LRE35FHXVESQLZOCTZHTHM.jpg?auth=8a405060c0fa2ba63daa3ca83be1db482206c7b97861f5ae439b03c13f0a89cf&#038;quality=70&#038;width=1200&#038;height=630&#038;focal=2280%2C1621&Prime;}};Fusion.globalContentConfig={\u00ab\u00a0source\u00a0\u00bb:\u00a0\u00bbpaywalled-article\u00a0\u00bb,\u00a0\u00bbquery\u00a0\u00bb:{\u00ab\u00a0uri\u00a0\u00bb:\u00a0\u00bbhttps:\/\/www.liberation.fr\/checknews\/cest-quoi-le-mouvement-bloquons-tout-qui-appelle-a-un-arret-total-du-pays-a-partir-du-10-septembre-20250723_QCJAN2GZZ5ACPD2JKID4S7GSL4\/\u00a0\u00bb,\u00a0\u00bbwebsite_url\u00a0\u00bb:\u00a0\u00bbhttps:\/\/www.liberation.fr\/checknews\/cest-quoi-le-mouvement-bloquons-tout-qui-appelle-a-un-arret-total-du-pays-a-partir-du-10-septembre-20250723_QCJAN2GZZ5ACPD2JKID4S7GSL4\/\u00a0\u00bb,\u00a0\u00bbarc-site\u00a0\u00bb:\u00a0\u00bbliberation\u00a0\u00bb}};Fusion.lastModified=1753308240639;Fusion.contentCache={\u00ab\u00a0site-service-hierarchy\u00a0\u00bb:{\u00ab\u00a0{\\\u00a0\u00bbhierarchy\\\u00a0\u00bb:\\\u00a0\u00bbburgermenu\\\u00a0\u00bb}\u00a0\u00bb:{\u00ab\u00a0data\u00a0\u00bb:{\u00ab\u00a0children\u00a0\u00bb:[{\u00ab\u00a0_id\u00a0\u00bb:\u00a0\u00bblink-75QFY2QJQN2395TPPTEURDJKW0&Prime;,\u00a0\u00bbchildren\u00a0\u00bb:[],\u00a0\u00bbdisplay_name\u00a0\u00bb:\u00a0\u00bbAccueil\u00a0\u00bb,\u00a0\u00bburl\u00a0\u00bb:\u00a0\u00bbhttps:\/\/www.liberation.fr\/\u00a0\u00bb},{\u00ab\u00a0_id\u00a0\u00bb:\u00a0\u00bb\/politique\u00a0\u00bb,\u00a0\u00bbchildren\u00a0\u00bb:[{\u00ab\u00a0_id\u00a0\u00bb:\u00a0\u00bblink-LTR3F26SOVBPNJMNOZJ554WMYE\u00a0\u00bb,\u00a0\u00bbdisplay_name\u00a0\u00bb:\u00a0\u00bbGouvernement Bayrou\u00a0\u00bb,\u00a0\u00bburl\u00a0\u00bb:\u00a0\u00bbhttps:\/\/www.liberation.fr\/dossier\/gouvernement\/\u00a0\u00bb},{\u00ab\u00a0_id\u00a0\u00bb:\u00a0\u00bblink-W6DJCC2655AIVCQUBUJ4II2J7A\u00a0\u00bb,\u00a0\u00bbdisplay_name\u00a0\u00bb:\u00a0\u00bbExtr\u00eame droite\u00a0\u00bb,\u00a0\u00bburl\u00a0\u00bb:\u00a0\u00bbhttps:\/\/www.liberation.fr\/tags\/extreme-droite\/\u00a0\u00bb},{\u00ab\u00a0_id\u00a0\u00bb:\u00a0\u00bblink-ATWUFAQLZRHX7NVTTTKC4NTACM\u00a0\u00bb,\u00a0\u00bbdisplay_name\u00a0\u00bb:\u00a0\u00bbNouveau Front populaire\u00a0\u00bb,\u00a0\u00bburl\u00a0\u00bb:\u00a0\u00bbhttps:\/\/www.liberation.fr\/tags\/front-populaire\/\u00a0\u00bb},{\u00ab\u00a0_id\u00a0\u00bb:\u00a0\u00bblink-PEJBNVUDNJBDBG57AQ63TZHIIM\u00a0\u00bb,\u00a0\u00bbdisplay_name\u00a0\u00bb:\u00a0\u00bbRassemblement national\u00a0\u00bb,\u00a0\u00bburl\u00a0\u00bb:\u00a0\u00bbhttps:\/\/www.liberation.fr\/tags\/rn\/\u00a0\u00bb},{\u00ab\u00a0_id\u00a0\u00bb:\u00a0\u00bb\/politique\/elections\u00a0\u00bb,\u00a0\u00bbname\u00a0\u00bb:\u00a0\u00bbElections\u00a0\u00bb}],\u00a0\u00bbname\u00a0\u00bb:\u00a0\u00bbPolitique\u00a0\u00bb},{\u00ab\u00a0_id\u00a0\u00bb:\u00a0\u00bb\/international\u00a0\u00bb,\u00a0\u00bbchildren\u00a0\u00bb:[{\u00ab\u00a0_id\u00a0\u00bb:\u00a0\u00bb\/international\/europe\u00a0\u00bb,\u00a0\u00bbname\u00a0\u00bb:\u00a0\u00bbEurope\u00a0\u00bb},{\u00ab\u00a0_id\u00a0\u00bb:\u00a0\u00bb\/international\/amerique\u00a0\u00bb,\u00a0\u00bbname\u00a0\u00bb:\u00a0\u00bbAm\u00e9rique\u00a0\u00bb},{\u00ab\u00a0_id\u00a0\u00bb:\u00a0\u00bb\/international\/afrique\u00a0\u00bb,\u00a0\u00bbname\u00a0\u00bb:\u00a0\u00bbAfrique\u00a0\u00bb},{\u00ab\u00a0_id\u00a0\u00bb:\u00a0\u00bb\/international\/moyen-orient\u00a0\u00bb,\u00a0\u00bbname\u00a0\u00bb:\u00a0\u00bbMoyen-Orient\u00a0\u00bb},{\u00ab\u00a0_id\u00a0\u00bb:\u00a0\u00bb\/international\/asie-pacifique\u00a0\u00bb,\u00a0\u00bbname\u00a0\u00bb:\u00a0\u00bbAsie Pacifique\u00a0\u00bb}],\u00a0\u00bbname\u00a0\u00bb:\u00a0\u00bbInternational\u00a0\u00bb},{\u00ab\u00a0_id\u00a0\u00bb:\u00a0\u00bb\/checknews\u00a0\u00bb,\u00a0\u00bbchildren\u00a0\u00bb:[{\u00ab\u00a0_id\u00a0\u00bb:\u00a0\u00bblink-J2W4TXZXVVFFTGDVN2SRQIQTKM\u00a0\u00bb,\u00a0\u00bbdisplay_name\u00a0\u00bb:\u00a0\u00bbPoser une question \u00e0 nos journalistes\u00a0\u00bb,\u00a0\u00bburl\u00a0\u00bb:\u00a0\u00bbhttps:\/\/www.liberation.fr\/checknews-questions\/\u00a0\u00bb}],\u00a0\u00bbname\u00a0\u00bb:\u00a0\u00bbCheckNews\u00a0\u00bb},{\u00ab\u00a0_id\u00a0\u00bb:\u00a0\u00bb\/culture\u00a0\u00bb,\u00a0\u00bbchildren\u00a0\u00bb:[{\u00ab\u00a0_id\u00a0\u00bb:\u00a0\u00bblink-IJXVKLAYAFD2PLRGCZBJRSLXGA\u00a0\u00bb,\u00a0\u00bbdisplay_name\u00a0\u00bb:\u00a0\u00bbFestival d&rsquo;Avignon\u00a0\u00bb,\u00a0\u00bburl\u00a0\u00bb:\u00a0\u00bbhttps:\/\/www.liberation.fr\/tags\/festival-d-avignon\/\u00a0\u00bb},{\u00ab\u00a0_id\u00a0\u00bb:\u00a0\u00bb\/culture\/arts\u00a0\u00bb,\u00a0\u00bbname\u00a0\u00bb:\u00a0\u00bbArts\u00a0\u00bb},{\u00ab\u00a0_id\u00a0\u00bb:\u00a0\u00bb\/culture\/cinema\u00a0\u00bb,\u00a0\u00bbname\u00a0\u00bb:\u00a0\u00bbCin\u00e9ma\u00a0\u00bb},{\u00ab\u00a0_id\u00a0\u00bb:\u00a0\u00bb\/culture\/jeux-video\u00a0\u00bb,\u00a0\u00bbname\u00a0\u00bb:\u00a0\u00bbJeux vid\u00e9o\u00a0\u00bb},{\u00ab\u00a0_id\u00a0\u00bb:\u00a0\u00bb\/culture\/musique\u00a0\u00bb,\u00a0\u00bbname\u00a0\u00bb:\u00a0\u00bbMusique\u00a0\u00bb},{\u00ab\u00a0_id\u00a0\u00bb:\u00a0\u00bb\/culture\/photographie\u00a0\u00bb,\u00a0\u00bbname\u00a0\u00bb:\u00a0\u00bbPhotographie\u00a0\u00bb},{\u00ab\u00a0_id\u00a0\u00bb:\u00a0\u00bb\/culture\/livres\u00a0\u00bb,\u00a0\u00bbname\u00a0\u00bb:\u00a0\u00bbLivres\u00a0\u00bb},{\u00ab\u00a0_id\u00a0\u00bb:\u00a0\u00bb\/culture\/bd\u00a0\u00bb,\u00a0\u00bbname\u00a0\u00bb:\u00a0\u00bbBD\u00a0\u00bb},{\u00ab\u00a0_id\u00a0\u00bb:\u00a0\u00bblink-PYKRJHIK3NBW3IMOPOCB64D6CI\u00a0\u00bb,\u00a0\u00bbdisplay_name\u00a0\u00bb:\u00a0\u00bbPolars et thrillers\u00a0\u00bb,\u00a0\u00bburl\u00a0\u00bb:\u00a0\u00bbhttps:\/\/www.liberation.fr\/tags\/romans-policiers-polars-et-thrillers\/\u00a0\u00bb},{\u00ab\u00a0_id\u00a0\u00bb:\u00a0\u00bb\/culture\/scenes\u00a0\u00bb,\u00a0\u00bbname\u00a0\u00bb:\u00a0\u00bbTh\u00e9\u00e2tre et sc\u00e8nes\u00a0\u00bb},{\u00ab\u00a0_id\u00a0\u00bb:\u00a0\u00bb\/culture\/series\u00a0\u00bb,\u00a0\u00bbname\u00a0\u00bb:\u00a0\u00bbS\u00e9ries\u00a0\u00bb},{\u00ab\u00a0_id\u00a0\u00bb:\u00a0\u00bblink-TO3DMXNNQJH5VHG44GZQOOX6VI\u00a0\u00bb,\u00a0\u00bbdisplay_name\u00a0\u00bb:\u00a0\u00bbLes s\u00e9lections Culture de Lib\u00e9\u00a0\u00bb,\u00a0\u00bburl\u00a0\u00bb:\u00a0\u00bbhttps:\/\/www.liberation.fr\/selections-culture\/\u00a0\u00bb}],\u00a0\u00bbname\u00a0\u00bb:\u00a0\u00bbCulture\u00a0\u00bb},{\u00ab\u00a0_id\u00a0\u00bb:\u00a0\u00bblink-246HYMKRCVB4ZJ4HZUNLTTQUBQ\u00a0\u00bb,\u00a0\u00bbchildren\u00a0\u00bb:[],\u00a0\u00bbdisplay_name\u00a0\u00bb:\u00a0\u00bbLes s\u00e9lections Culture de Lib\u00e9\u00a0\u00bb,\u00a0\u00bburl\u00a0\u00bb:\u00a0\u00bbhttps:\/\/www.liberation.fr\/selections-culture\/\u00a0\u00bb},{\u00ab\u00a0_id\u00a0\u00bb:\u00a0\u00bb\/environnement\u00a0\u00bb,\u00a0\u00bbchildren\u00a0\u00bb:[{\u00ab\u00a0_id\u00a0\u00bb:\u00a0\u00bb\/environnement\/animaux\u00a0\u00bb,\u00a0\u00bbname\u00a0\u00bb:\u00a0\u00bbAnimaux\u00a0\u00bb},{\u00ab\u00a0_id\u00a0\u00bb:\u00a0\u00bb\/environnement\/agriculture\u00a0\u00bb,\u00a0\u00bbname\u00a0\u00bb:\u00a0\u00bbAgriculture\u00a0\u00bb},{\u00ab\u00a0_id\u00a0\u00bb:\u00a0\u00bb\/environnement\/alimentation\u00a0\u00bb,\u00a0\u00bbname\u00a0\u00bb:\u00a0\u00bbAlimentation\u00a0\u00bb},{\u00ab\u00a0_id\u00a0\u00bb:\u00a0\u00bb\/environnement\/biodiversite\u00a0\u00bb,\u00a0\u00bbname\u00a0\u00bb:\u00a0\u00bbBiodiversit\u00e9\u00a0\u00bb},{\u00ab\u00a0_id\u00a0\u00bb:\u00a0\u00bb\/environnement\/climat\u00a0\u00bb,\u00a0\u00bbname\u00a0\u00bb:\u00a0\u00bbClimat\u00a0\u00bb},{\u00ab\u00a0_id\u00a0\u00bb:\u00a0\u00bb\/environnement\/nucleaire\u00a0\u00bb,\u00a0\u00bbname\u00a0\u00bb:\u00a0\u00bbNucl\u00e9aire\u00a0\u00bb},{\u00ab\u00a0_id\u00a0\u00bb:\u00a0\u00bb\/environnement\/pollution\u00a0\u00bb,\u00a0\u00bbname\u00a0\u00bb:\u00a0\u00bbPollution\u00a0\u00bb}],\u00a0\u00bbname\u00a0\u00bb:\u00a0\u00bbEnvironnement\u00a0\u00bb},{\u00ab\u00a0_id\u00a0\u00bb:\u00a0\u00bb\/idees-et-debats\u00a0\u00bb,\u00a0\u00bbchildren\u00a0\u00bb:[{\u00ab\u00a0_id\u00a0\u00bb:\u00a0\u00bb\/idees-et-debats\/opinions\u00a0\u00bb,\u00a0\u00bbname\u00a0\u00bb:\u00a0\u00bbOpinions\u00a0\u00bb},{\u00ab\u00a0_id\u00a0\u00bb:\u00a0\u00bb\/idees-et-debats\/editorial\u00a0\u00bb,\u00a0\u00bbname\u00a0\u00bb:\u00a0\u00bbEditorial\u00a0\u00bb},{\u00ab\u00a0_id\u00a0\u00bb:\u00a0\u00bb\/idees-et-debats\/tribunes\u00a0\u00bb,\u00a0\u00bbname\u00a0\u00bb:\u00a0\u00bbTribunes\u00a0\u00bb}],\u00a0\u00bbname\u00a0\u00bb:\u00a0\u00bbId\u00e9es et D\u00e9bats\u00a0\u00bb},{\u00ab\u00a0_id\u00a0\u00bb:\u00a0\u00bb\/societe\u00a0\u00bb,\u00a0\u00bbchildren\u00a0\u00bb:[{\u00ab\u00a0_id\u00a0\u00bb:\u00a0\u00bb\/societe\/police-justice\u00a0\u00bb,\u00a0\u00bbname\u00a0\u00bb:\u00a0\u00bbPolice \/ Justice\u00a0\u00bb},{\u00ab\u00a0_id\u00a0\u00bb:\u00a0\u00bb\/societe\/droits-des-femmes\u00a0\u00bb,\u00a0\u00bbname\u00a0\u00bb:\u00a0\u00bbDroits des femmes\u00a0\u00bb},{\u00ab\u00a0_id\u00a0\u00bb:\u00a0\u00bb\/societe\/education\u00a0\u00bb,\u00a0\u00bbname\u00a0\u00bb:\u00a0\u00bbEducation\u00a0\u00bb},{\u00ab\u00a0_id\u00a0\u00bb:\u00a0\u00bb\/societe\/familles\u00a0\u00bb,\u00a0\u00bbname\u00a0\u00bb:\u00a0\u00bbFamilles\u00a0\u00bb},{\u00ab\u00a0_id\u00a0\u00bb:\u00a0\u00bb\/societe\/logement\u00a0\u00bb,\u00a0\u00bbname\u00a0\u00bb:\u00a0\u00bbLogement\u00a0\u00bb},{\u00ab\u00a0_id\u00a0\u00bb:\u00a0\u00bb\/societe\/religions\u00a0\u00bb,\u00a0\u00bbname\u00a0\u00bb:\u00a0\u00bbReligions\u00a0\u00bb},{\u00ab\u00a0_id\u00a0\u00bb:\u00a0\u00bb\/societe\/sante\u00a0\u00bb,\u00a0\u00bbname\u00a0\u00bb:\u00a0\u00bbSant\u00e9\u00a0\u00bb},{\u00ab\u00a0_id\u00a0\u00bb:\u00a0\u00bb\/societe\/ville\u00a0\u00bb,\u00a0\u00bbname\u00a0\u00bb:\u00a0\u00bbVille\u00a0\u00bb},{\u00ab\u00a0_id\u00a0\u00bb:\u00a0\u00bb\/societe\/sexualite-et-genres\u00a0\u00bb,\u00a0\u00bbname\u00a0\u00bb:\u00a0\u00bbSexualit\u00e9s et genres\u00a0\u00bb},{\u00ab\u00a0_id\u00a0\u00bb:\u00a0\u00bb\/societe\/immigration\u00a0\u00bb,\u00a0\u00bbname\u00a0\u00bb:\u00a0\u00bbImmigration\u00a0\u00bb}],\u00a0\u00bbname\u00a0\u00bb:\u00a0\u00bbSoci\u00e9t\u00e9\u00a0\u00bb},{\u00ab\u00a0_id\u00a0\u00bb:\u00a0\u00bblink-2QV6MFWETVHFXLTSKW5RS2WVUM\u00a0\u00bb,\u00a0\u00bbchildren\u00a0\u00bb:[],\u00a0\u00bbdisplay_name\u00a0\u00bb:\u00a0\u00bbEnqu\u00eates\u00a0\u00bb,\u00a0\u00bburl\u00a0\u00bb:\u00a0\u00bbhttps:\/\/www.liberation.fr\/enquetes\/\u00a0\u00bb},{\u00ab\u00a0_id\u00a0\u00bb:\u00a0\u00bblink-6YRRL6US6JAV3FCOKQEZXVDJE4&Prime;,\u00a0\u00bbchildren\u00a0\u00bb:[],\u00a0\u00bbdisplay_name\u00a0\u00bb:\u00a0\u00bb\u00c7a va mieux en le lisant\u00a0\u00bb,\u00a0\u00bburl\u00a0\u00bb:\u00a0\u00bbhttps:\/\/www.liberation.fr\/tags\/ca-va-mieux-lisant\/\u00a0\u00bb},{\u00ab\u00a0_id\u00a0\u00bb:\u00a0\u00bblink-W7R2BXQURZEN7CQE6JHDFC7HHM\u00a0\u00bb,\u00a0\u00bbchildren\u00a0\u00bb:[],\u00a0\u00bbdisplay_name\u00a0\u00bb:\u00a0\u00bbT\u00e9moignages\u00a0\u00bb,\u00a0\u00bburl\u00a0\u00bb:\u00a0\u00bbhttps:\/\/www.liberation.fr\/temoignages\/\u00a0\u00bb},{\u00ab\u00a0_id\u00a0\u00bb:\u00a0\u00bb\/economie\u00a0\u00bb,\u00a0\u00bbchildren\u00a0\u00bb:[{\u00ab\u00a0_id\u00a0\u00bb:\u00a0\u00bb\/economie\/medias\u00a0\u00bb,\u00a0\u00bbname\u00a0\u00bb:\u00a0\u00bbM\u00e9dias\u00a0\u00bb},{\u00ab\u00a0_id\u00a0\u00bb:\u00a0\u00bb\/economie\/social\u00a0\u00bb,\u00a0\u00bbname\u00a0\u00bb:\u00a0\u00bbSocial\u00a0\u00bb},{\u00ab\u00a0_id\u00a0\u00bb:\u00a0\u00bb\/economie\/transports\u00a0\u00bb,\u00a0\u00bbname\u00a0\u00bb:\u00a0\u00bbTransports\u00a0\u00bb},{\u00ab\u00a0_id\u00a0\u00bb:\u00a0\u00bb\/economie\/economie-numerique\u00a0\u00bb,\u00a0\u00bbname\u00a0\u00bb:\u00a0\u00bbEconomie num\u00e9rique\u00a0\u00bb}],\u00a0\u00bbname\u00a0\u00bb:\u00a0\u00bbEconomie\u00a0\u00bb},{\u00ab\u00a0_id\u00a0\u00bb:\u00a0\u00bb\/lifestyle\u00a0\u00bb,\u00a0\u00bbchildren\u00a0\u00bb:[{\u00ab\u00a0_id\u00a0\u00bb:\u00a0\u00bb\/lifestyle\/beaute\u00a0\u00bb,\u00a0\u00bbname\u00a0\u00bb:\u00a0\u00bbBeaut\u00e9\u00a0\u00bb},{\u00ab\u00a0_id\u00a0\u00bb:\u00a0\u00bb\/lifestyle\/design\u00a0\u00bb,\u00a0\u00bbname\u00a0\u00bb:\u00a0\u00bbDesign\u00a0\u00bb},{\u00ab\u00a0_id\u00a0\u00bb:\u00a0\u00bb\/lifestyle\/gastronomie\u00a0\u00bb,\u00a0\u00bbname\u00a0\u00bb:\u00a0\u00bbGastronomie\u00a0\u00bb},{\u00ab\u00a0_id\u00a0\u00bb:\u00a0\u00bb\/lifestyle\/hightech\u00a0\u00bb,\u00a0\u00bbname\u00a0\u00bb:\u00a0\u00bbHigh tech\u00a0\u00bb},{\u00ab\u00a0_id\u00a0\u00bb:\u00a0\u00bb\/lifestyle\/mode\u00a0\u00bb,\u00a0\u00bbname\u00a0\u00bb:\u00a0\u00bbMode\u00a0\u00bb},{\u00ab\u00a0_id\u00a0\u00bb:\u00a0\u00bb\/lifestyle\/voyages\u00a0\u00bb,\u00a0\u00bbname\u00a0\u00bb:\u00a0\u00bbVoyages\u00a0\u00bb},{\u00ab\u00a0_id\u00a0\u00bb:\u00a0\u00bb\/lifestyle\/consommation\u00a0\u00bb,\u00a0\u00bbname\u00a0\u00bb:\u00a0\u00bbConsommation\u00a0\u00bb},{\u00ab\u00a0_id\u00a0\u00bb:\u00a0\u00bb\/lifestyle\/intimites\u00a0\u00bb,\u00a0\u00bbname\u00a0\u00bb:\u00a0\u00bbIntimit\u00e9s\u00a0\u00bb},{\u00ab\u00a0_id\u00a0\u00bb:\u00a0\u00bb\/lifestyle\/parentalites\u00a0\u00bb,\u00a0\u00bbname\u00a0\u00bb:\u00a0\u00bbParentalit\u00e9s\u00a0\u00bb},{\u00ab\u00a0_id\u00a0\u00bb:\u00a0\u00bblink-IRBRAAYPD5FHDJDA6EUBRW4YGM\u00a0\u00bb,\u00a0\u00bbdisplay_name\u00a0\u00bb:\u00a0\u00bbSports\u00a0\u00bb,\u00a0\u00bburl\u00a0\u00bb:\u00a0\u00bbhttps:\/\/www.liberation.fr\/sports\/\u00a0\u00bb},{\u00ab\u00a0_id\u00a0\u00bb:\u00a0\u00bblink-GQX3YRV2END2TIQ5C762P26FDM\u00a0\u00bb,\u00a0\u00bbdisplay_name\u00a0\u00bb:\u00a0\u00bbLes Tops de Lib\u00e9\u00a0\u00bb,\u00a0\u00bburl\u00a0\u00bb:\u00a0\u00bbhttps:\/\/www.liberation.fr\/dossier\/tops-de-libe\/\u00a0\u00bb}],\u00a0\u00bbname\u00a0\u00bb:\u00a0\u00bbLifestyle\u00a0\u00bb},{\u00ab\u00a0_id\u00a0\u00bb:\u00a0\u00bblink-0GZ387067T0Y3D40HAQUYUNZVW\u00a0\u00bb,\u00a0\u00bbchildren\u00a0\u00bb:[],\u00a0\u00bbdisplay_name\u00a0\u00bb:\u00a0\u00bbEn images\u00a0\u00bb,\u00a0\u00bburl\u00a0\u00bb:\u00a0\u00bbhttps:\/\/www.liberation.fr\/en-images\/\u00a0\u00bb},{\u00ab\u00a0_id\u00a0\u00bb:\u00a0\u00bblink-3XLEWBXEJZCURBKPGS5JDRH62Q\u00a0\u00bb,\u00a0\u00bbchildren\u00a0\u00bb:[],\u00a0\u00bbdisplay_name\u00a0\u00bb:\u00a0\u00bbData du jour\u00a0\u00bb,\u00a0\u00bburl\u00a0\u00bb:\u00a0\u00bbhttps:\/\/www.liberation.fr\/dossier\/data-matin\/\u00a0\u00bb},{\u00ab\u00a0_id\u00a0\u00bb:\u00a0\u00bblink-XKBPLDQUQVABVM65OZKDBXUXWE\u00a0\u00bb,\u00a0\u00bbchildren\u00a0\u00bb:[],\u00a0\u00bbdisplay_name\u00a0\u00bb:\u00a0\u00bbLes Tops de Lib\u00e9\u00a0\u00bb,\u00a0\u00bburl\u00a0\u00bb:\u00a0\u00bbhttps:\/\/www.liberation.fr\/dossier\/tops-de-libe\/\u00a0\u00bb},{\u00ab\u00a0_id\u00a0\u00bb:\u00a0\u00bb\/portraits\u00a0\u00bb,\u00a0\u00bbchildren\u00a0\u00bb:[],\u00a0\u00bbname\u00a0\u00bb:\u00a0\u00bbPortraits\u00a0\u00bb},{\u00ab\u00a0_id\u00a0\u00bb:\u00a0\u00bb\/sports\u00a0\u00bb,\u00a0\u00bbchildren\u00a0\u00bb:[{\u00ab\u00a0_id\u00a0\u00bb:\u00a0\u00bb\/sports\/football\u00a0\u00bb,\u00a0\u00bbname\u00a0\u00bb:\u00a0\u00bbFootball\u00a0\u00bb},{\u00ab\u00a0_id\u00a0\u00bb:\u00a0\u00bb\/sports\/cyclisme\u00a0\u00bb,\u00a0\u00bbname\u00a0\u00bb:\u00a0\u00bbCyclisme\u00a0\u00bb},{\u00ab\u00a0_id\u00a0\u00bb:\u00a0\u00bb\/sports\/tennis\u00a0\u00bb,\u00a0\u00bbname\u00a0\u00bb:\u00a0\u00bbTennis\u00a0\u00bb},{\u00ab\u00a0_id\u00a0\u00bb:\u00a0\u00bb\/sports\/rugby\u00a0\u00bb,\u00a0\u00bbname\u00a0\u00bb:\u00a0\u00bbRugby\u00a0\u00bb},{\u00ab\u00a0_id\u00a0\u00bb:\u00a0\u00bb\/sports\/sports-mecaniques\u00a0\u00bb,\u00a0\u00bbname\u00a0\u00bb:\u00a0\u00bbSports m\u00e9caniques\u00a0\u00bb},{\u00ab\u00a0_id\u00a0\u00bb:\u00a0\u00bb\/sports\/jeux-olympiques\u00a0\u00bb,\u00a0\u00bbname\u00a0\u00bb:\u00a0\u00bbJeux olympiques et paralympiques\u00a0\u00bb}],\u00a0\u00bbname\u00a0\u00bb:\u00a0\u00bbSports\u00a0\u00bb},{\u00ab\u00a0_id\u00a0\u00bb:\u00a0\u00bb\/forums\u00a0\u00bb,\u00a0\u00bbchildren\u00a0\u00bb:[],\u00a0\u00bbname\u00a0\u00bb:\u00a0\u00bbForums &#038; \u00e9v\u00e9nements\u00a0\u00bb},{\u00ab\u00a0_id\u00a0\u00bb:\u00a0\u00bb\/sciences\u00a0\u00bb,\u00a0\u00bbchildren\u00a0\u00bb:[{\u00ab\u00a0_id\u00a0\u00bb:\u00a0\u00bb\/sciences\/archeologie\u00a0\u00bb,\u00a0\u00bbname\u00a0\u00bb:\u00a0\u00bbArch\u00e9ologie et pal\u00e9ontologie\u00a0\u00bb},{\u00ab\u00a0_id\u00a0\u00bb:\u00a0\u00bb\/sciences\/biologie\u00a0\u00bb,\u00a0\u00bbname\u00a0\u00bb:\u00a0\u00bbBiologie\u00a0\u00bb},{\u00ab\u00a0_id\u00a0\u00bb:\u00a0\u00bb\/sciences\/espace\u00a0\u00bb,\u00a0\u00bbname\u00a0\u00bb:\u00a0\u00bbEspace\u00a0\u00bb},{\u00ab\u00a0_id\u00a0\u00bb:\u00a0\u00bb\/sciences\/histoire\u00a0\u00bb,\u00a0\u00bbname\u00a0\u00bb:\u00a0\u00bbHistoire\u00a0\u00bb},{\u00ab\u00a0_id\u00a0\u00bb:\u00a0\u00bb\/sciences\/technologie-innovation\u00a0\u00bb,\u00a0\u00bbname\u00a0\u00bb:\u00a0\u00bbTechnologie et innovation\u00a0\u00bb}],\u00a0\u00bbname\u00a0\u00bb:\u00a0\u00bbSciences\u00a0\u00bb},{\u00ab\u00a0_id\u00a0\u00bb:\u00a0\u00bblink-E7Y4ZGRMURDNTPGTPR2J6DSMVA\u00a0\u00bb,\u00a0\u00bbchildren\u00a0\u00bb:[],\u00a0\u00bbdisplay_name\u00a0\u00bb:\u00a0\u00bbLes playlists de Lib\u00e9\u00a0\u00bb,\u00a0\u00bburl\u00a0\u00bb:\u00a0\u00bbhttps:\/\/www.liberation.fr\/playlists-de-libe\/\u00a0\u00bb},{\u00ab\u00a0_id\u00a0\u00bb:\u00a0\u00bblink-SVKCCJFMTJAGJOK2ZMRFJ2VEKY\u00a0\u00bb,\u00a0\u00bbchildren\u00a0\u00bb:[],\u00a0\u00bbdisplay_name\u00a0\u00bb:\u00a0\u00bbNos dossiers\u00a0\u00bb,\u00a0\u00bburl\u00a0\u00bb:\u00a0\u00bbhttps:\/\/www.liberation.fr\/nos-dossiers\/\u00a0\u00bb},{\u00ab\u00a0_id\u00a0\u00bb:\u00a0\u00bb\/plus\u00a0\u00bb,\u00a0\u00bbchildren\u00a0\u00bb:[{\u00ab\u00a0_id\u00a0\u00bb:\u00a0\u00bb\/plus\/speciaux-cahier-ete\u00a0\u00bb,\u00a0\u00bbname\u00a0\u00bb:\u00a0\u00bbS\u00e9ries d&rsquo;\u00e9t\u00e9\u00a0\u00bb},{\u00ab\u00a0_id\u00a0\u00bb:\u00a0\u00bb\/plus\/numeros-speciaux\u00a0\u00bb,\u00a0\u00bbname\u00a0\u00bb:\u00a0\u00bbNum\u00e9ros sp\u00e9ciaux\u00a0\u00bb},{\u00ab\u00a0_id\u00a0\u00bb:\u00a0\u00bblink-CEST3Y6WSVCNBFWNCPZRBNO2J4&Prime;,\u00a0\u00bbdisplay_name\u00a0\u00bb:\u00a0\u00bbLes 50 ans de Lib\u00e9\u00a0\u00bb,\u00a0\u00bburl\u00a0\u00bb:\u00a0\u00bbhttps:\/\/www.liberation.fr\/dossier\/50-ans-liberation\/\u00a0\u00bb},{\u00ab\u00a0_id\u00a0\u00bb:\u00a0\u00bblink-CKVXXOOCUJGE5CTLINUTAVCEVY\u00a0\u00bb,\u00a0\u00bbdisplay_name\u00a0\u00bb:\u00a0\u00bbNos 50 combats\u00a0\u00bb,\u00a0\u00bburl\u00a0\u00bb:\u00a0\u00bbhttps:\/\/www.liberation.fr\/50-ans-50-combats\/\u00a0\u00bb}],\u00a0\u00bbname\u00a0\u00bb:\u00a0\u00bbPlus\u00a0\u00bb},{\u00ab\u00a0_id\u00a0\u00bb:\u00a0\u00bb\/archives\u00a0\u00bb,\u00a0\u00bbchildren\u00a0\u00bb:[{\u00ab\u00a0_id\u00a0\u00bb:\u00a0\u00bblink-K3RVIEFT5ZAJXJCHB7VUOPBUOE\u00a0\u00bb,\u00a0\u00bbdisplay_name\u00a0\u00bb:\u00a0\u00bb2025&Prime;,\u00a0\u00bburl\u00a0\u00bb:\u00a0\u00bbhttps:\/\/www.liberation.fr\/archives\/2025\/\u00a0\u00bb},{\u00ab\u00a0_id\u00a0\u00bb:\u00a0\u00bblink-HW6KZ7W4BVB7ZC2MUGELWSNMM4&Prime;,\u00a0\u00bbdisplay_name\u00a0\u00bb:\u00a0\u00bb2024&Prime;,\u00a0\u00bburl\u00a0\u00bb:\u00a0\u00bbhttps:\/\/www.liberation.fr\/archives\/2024\/\u00a0\u00bb},{\u00ab\u00a0_id\u00a0\u00bb:\u00a0\u00bblink-86U6ZQ3TGD6J38B3B0UD714BEM\u00a0\u00bb,\u00a0\u00bbdisplay_name\u00a0\u00bb:\u00a0\u00bb2023&Prime;,\u00a0\u00bburl\u00a0\u00bb:\u00a0\u00bbhttps:\/\/www.liberation.fr\/archives\/2023\/\u00a0\u00bb},{\u00ab\u00a0_id\u00a0\u00bb:\u00a0\u00bblink-TTAP7N6QVX4HX8KUYPNK8C8T2G\u00a0\u00bb,\u00a0\u00bbdisplay_name\u00a0\u00bb:\u00a0\u00bb2022&Prime;,\u00a0\u00bburl\u00a0\u00bb:\u00a0\u00bbhttps:\/\/www.liberation.fr\/archives\/2022\/\u00a0\u00bb},{\u00ab\u00a0_id\u00a0\u00bb:\u00a0\u00bblink-61DDUK20NX12HEYXG66F2U5D3W\u00a0\u00bb,\u00a0\u00bbdisplay_name\u00a0\u00bb:\u00a0\u00bb2021&Prime;,\u00a0\u00bburl\u00a0\u00bb:\u00a0\u00bbhttps:\/\/www.liberation.fr\/archives\/2021\/\u00a0\u00bb},{\u00ab\u00a0_id\u00a0\u00bb:\u00a0\u00bblink-TOFSORLNGZBOLDQTXPC2QY3WM4&Prime;,\u00a0\u00bbdisplay_name\u00a0\u00bb:\u00a0\u00bbToutes les archives\u00a0\u00bb,\u00a0\u00bburl\u00a0\u00bb:\u00a0\u00bbhttps:\/\/www.liberation.fr\/archives\/\u00a0\u00bb}],\u00a0\u00bbname\u00a0\u00bb:\u00a0\u00bbArchives\u00a0\u00bb},{\u00ab\u00a0_id\u00a0\u00bb:\u00a0\u00bblink-Y33KT60FFD0HZ90R7MF9EZKWHM\u00a0\u00bb,\u00a0\u00bbchildren\u00a0\u00bb:[],\u00a0\u00bbdisplay_name\u00a0\u00bb:\u00a0\u00bbOffrir Lib\u00e9\u00a0\u00bb,\u00a0\u00bburl\u00a0\u00bb:\u00a0\u00bbhttps:\/\/formulaire.liberation.fr\/offrir_abo?source=menu\u00a0\u00bb},{\u00ab\u00a0_id\u00a0\u00bb:\u00a0\u00bblink-8EYG0HFTT17Q56ZMF4F2MY2NU8&Prime;,\u00a0\u00bbchildren\u00a0\u00bb:[],\u00a0\u00bbdisplay_name\u00a0\u00bb:\u00a0\u00bbEv\u00e9nements Lib\u00e9\u00a0\u00bb,\u00a0\u00bburl\u00a0\u00bb:\u00a0\u00bbhttps:\/\/offre.liberation.fr\/evenements\/\u00a0\u00bb},{\u00ab\u00a0_id\u00a0\u00bb:\u00a0\u00bblink-WBU2ETVFYD7N129EAHEDEXM14R\u00a0\u00bb,\u00a0\u00bbchildren\u00a0\u00bb:[],\u00a0\u00bbdisplay_name\u00a0\u00bb:\u00a0\u00bbLes newsletters\u00a0\u00bb,\u00a0\u00bburl\u00a0\u00bb:\u00a0\u00bbhttps:\/\/www.liberation.fr\/newsletters\/\u00a0\u00bb},{\u00ab\u00a0_id\u00a0\u00bb:\u00a0\u00bblink-47HCX2GSRFGNRNEC4UURQT5S3I\u00a0\u00bb,\u00a0\u00bbchildren\u00a0\u00bb:[],\u00a0\u00bbdisplay_name\u00a0\u00bb:\u00a0\u00bbFaire un don (d\u00e9ductible des imp\u00f4ts)\u00a0\u00bb,\u00a0\u00bburl\u00a0\u00bb:\u00a0\u00bbhttps:\/\/www.liberation.fr\/faire-un-don\/\u00a0\u00bb},{\u00ab\u00a0_id\u00a0\u00bb:\u00a0\u00bblink-HBNY4B6XEH5C57Q0W2W0AVVRDW\u00a0\u00bb,\u00a0\u00bbchildren\u00a0\u00bb:[],\u00a0\u00bbdisplay_name\u00a0\u00bb:\u00a0\u00bbPetites annonces\u00a0\u00bb,\u00a0\u00bburl\u00a0\u00bb:\u00a0\u00bbhttps:\/\/petites-annonces.liberation.fr\/\u00a0\u00bb},{\u00ab\u00a0_id\u00a0\u00bb:\u00a0\u00bblink-HJTF0JBDM90710PFG5H51GYAF8&Prime;,\u00a0\u00bbchildren\u00a0\u00bb:[],\u00a0\u00bbdisplay_name\u00a0\u00bb:\u00a0\u00bbAnnonces l\u00e9gales\u00a0\u00bb,\u00a0\u00bburl\u00a0\u00bb:\u00a0\u00bbhttps:\/\/annonces-legales.liberation.fr\/\u00a0\u00bb},{\u00ab\u00a0_id\u00a0\u00bb:\u00a0\u00bblink-WQR3ZCK32ZBXZIHPYAYJUNRT7Q\u00a0\u00bb,\u00a0\u00bbchildren\u00a0\u00bb:[],\u00a0\u00bbdisplay_name\u00a0\u00bb:\u00a0\u00bbConjugaison\u00a0\u00bb,\u00a0\u00bburl\u00a0\u00bb:\u00a0\u00bbhttps:\/\/conjugaison.liberation.fr\/\u00a0\u00bb}],\u00a0\u00bb_id\u00a0\u00bb:\u00a0\u00bbhttps:\/\/www.liberation.fr\/\u00a0\u00bb},\u00a0\u00bbexpires\u00a0\u00bb:1753308534843,\u00a0\u00bblastModified\u00a0\u00bb:1753308234806},\u00a0\u00bb{\\\u00a0\u00bbhierarchy\\\u00a0\u00bb:\\\u00a0\u00bbheadernav\\\u00a0\u00bb}\u00a0\u00bb:{\u00ab\u00a0data\u00a0\u00bb:{\u00ab\u00a0_id\u00a0\u00bb:\u00a0\u00bbhttps:\/\/www.liberation.fr\/\u00a0\u00bb,\u00a0\u00bb_website\u00a0\u00bb:\u00a0\u00bbliberation\u00a0\u00bb,\u00a0\u00bbname\u00a0\u00bb:\u00a0\u00bbLiberation\u00a0\u00bb,\u00a0\u00bbinactive\u00a0\u00bb:false,\u00a0\u00bbparent\u00a0\u00bb:null,\u00a0\u00bbancestors\u00a0\u00bb:null,\u00a0\u00bborder\u00a0\u00bb:null,\u00a0\u00bbnode_type\u00a0\u00bb:\u00a0\u00bbsection\u00a0\u00bb,\u00a0\u00bbchildren\u00a0\u00bb:[{\u00ab\u00a0_id\u00a0\u00bb:\u00a0\u00bb\/politique\u00a0\u00bb,\u00a0\u00bbsite\u00a0\u00bb:{\u00ab\u00a0site_tagline\u00a0\u00bb:null,\u00a0\u00bbsite_url\u00a0\u00bb:null,\u00a0\u00bbsite_title\u00a0\u00bb:\u00a0\u00bbToute l&rsquo;actualit\u00e9 Politique en continu avec Lib\u00e9ration\u00a0\u00bb,\u00a0\u00bbsite_about\u00a0\u00bb:null,\u00a0\u00bbpagebuilder_path_for_native_apps\u00a0\u00bb:null,\u00a0\u00bbsite_description\u00a0\u00bb:\u00a0\u00bbL&rsquo;info politique \u00e0 suivre avec Lib\u00e9ration : actualit\u00e9s des partis, la gestion du gouvernement, les \u00e9lections, les r\u00e9formes, l&rsquo;activit\u00e9 \u00e0 l&rsquo;Assembl\u00e9e nationale et au S\u00e9nat&#8230;\u00a0\u00bb,\u00a0\u00bbsite_keywords\u00a0\u00bb:null},\u00a0\u00bbsite_topper\u00a0\u00bb:{\u00ab\u00a0site_logo_image\u00a0\u00bb:null},\u00a0\u00bbsocial\u00a0\u00bb:{\u00ab\u00a0twitter\u00a0\u00bb:null,\u00a0\u00bbfacebook\u00a0\u00bb:null,\u00a0\u00bbrss\u00a0\u00bb:null,\u00a0\u00bbinstagram\u00a0\u00bb:null},\u00a0\u00bbnavigation\u00a0\u00bb:{\u00ab\u00a0nav_title\u00a0\u00bb:\u00a0\u00bbPolitique\u00a0\u00bb},\u00a0\u00bb_admin\u00a0\u00bb:{\u00ab\u00a0alias_ids\u00a0\u00bb:[\u00ab\u00a0\/politique\u00a0\u00bb,\u00a0\u00bb100666&Prime;]},\u00a0\u00bb_website\u00a0\u00bb:\u00a0\u00bbliberation\u00a0\u00bb,\u00a0\u00bbname\u00a0\u00bb:\u00a0\u00bbPolitique\u00a0\u00bb,\u00a0\u00bborder\u00a0\u00bb:{\u00ab\u00a0default\u00a0\u00bb:1003,\u00a0\u00bbamp-menu\u00a0\u00bb:1003,\u00a0\u00bbburgermenu\u00a0\u00bb:1002,\u00a0\u00bbaccueil-tag-block\u00a0\u00bb:1001,\u00a0\u00bbfooter2&Prime;:2001,\u00a0\u00bbheadernav\u00a0\u00bb:1001},\u00a0\u00bbparent\u00a0\u00bb:{\u00ab\u00a0default\u00a0\u00bb:\u00a0\u00bbhttps:\/\/www.liberation.fr\/\u00a0\u00bb,\u00a0\u00bbamp-menu\u00a0\u00bb:\u00a0\u00bbhttps:\/\/www.liberation.fr\/\u00a0\u00bb,\u00a0\u00bbfooter-nav-bar\u00a0\u00bb:null,\u00a0\u00bbburgermenu\u00a0\u00bb:\u00a0\u00bbhttps:\/\/www.liberation.fr\/\u00a0\u00bb,\u00a0\u00bbfooter\u00a0\u00bb:null,\u00a0\u00bbaccueil-tag-block\u00a0\u00bb:\u00a0\u00bbhttps:\/\/www.liberation.fr\/\u00a0\u00bb,\u00a0\u00bbTest\u00a0\u00bb:null,\u00a0\u00bbheadernav\u00a0\u00bb:\u00a0\u00bbhttps:\/\/www.liberation.fr\/\u00a0\u00bb,\u00a0\u00bbfooter2&Prime;:\u00a0\u00bb\/idees-et-debats\u00a0\u00bb},\u00a0\u00bbancestors\u00a0\u00bb:{\u00ab\u00a0default\u00a0\u00bb:[\u00ab\u00a0https:\/\/www.liberation.fr\/\u00a0\u00bb],\u00a0\u00bbamp-menu\u00a0\u00bb:[\u00ab\u00a0https:\/\/www.liberation.fr\/\u00a0\u00bb],\u00a0\u00bbfooter-nav-bar\u00a0\u00bb:[],\u00a0\u00bbburgermenu\u00a0\u00bb:[\u00ab\u00a0https:\/\/www.liberation.fr\/\u00a0\u00bb],\u00a0\u00bbfooter\u00a0\u00bb:[],\u00a0\u00bbaccueil-tag-block\u00a0\u00bb:[\u00ab\u00a0https:\/\/www.liberation.fr\/\u00a0\u00bb],\u00a0\u00bbTest\u00a0\u00bb:[],\u00a0\u00bbheadernav\u00a0\u00bb:[\u00ab\u00a0https:\/\/www.liberation.fr\/\u00a0\u00bb],\u00a0\u00bbfooter2&Prime;:[\u00ab\u00a0\/idees-et-debats\u00a0\u00bb]},\u00a0\u00bbinactive\u00a0\u00bb:false,\u00a0\u00bbnode_type\u00a0\u00bb:\u00a0\u00bbsection\u00a0\u00bb,\u00a0\u00bbchildren\u00a0\u00bb:[]},{\u00ab\u00a0_id\u00a0\u00bb:\u00a0\u00bb\/international\u00a0\u00bb,\u00a0\u00bb_website\u00a0\u00bb:\u00a0\u00bbliberation\u00a0\u00bb,\u00a0\u00bbname\u00a0\u00bb:\u00a0\u00bbInternational\u00a0\u00bb,\u00a0\u00bbinactive\u00a0\u00bb:false,\u00a0\u00bbancestors\u00a0\u00bb:{\u00ab\u00a0default\u00a0\u00bb:[\u00ab\u00a0https:\/\/www.liberation.fr\/\u00a0\u00bb],\u00a0\u00bbamp-menu\u00a0\u00bb:[\u00ab\u00a0https:\/\/www.liberation.fr\/\u00a0\u00bb],\u00a0\u00bbburgermenu\u00a0\u00bb:[\u00ab\u00a0https:\/\/www.liberation.fr\/\u00a0\u00bb],\u00a0\u00bbheadernav\u00a0\u00bb:[\u00ab\u00a0https:\/\/www.liberation.fr\/\u00a0\u00bb],\u00a0\u00bbfooter\u00a0\u00bb:[],\u00a0\u00bbfooter2&Prime;:[]},\u00a0\u00bbparent\u00a0\u00bb:{\u00ab\u00a0default\u00a0\u00bb:\u00a0\u00bbhttps:\/\/www.liberation.fr\/\u00a0\u00bb,\u00a0\u00bbamp-menu\u00a0\u00bb:\u00a0\u00bbhttps:\/\/www.liberation.fr\/\u00a0\u00bb,\u00a0\u00bbburgermenu\u00a0\u00bb:\u00a0\u00bbhttps:\/\/www.liberation.fr\/\u00a0\u00bb,\u00a0\u00bbheadernav\u00a0\u00bb:\u00a0\u00bbhttps:\/\/www.liberation.fr\/\u00a0\u00bb,\u00a0\u00bbfooter\u00a0\u00bb:null,\u00a0\u00bbfooter2&Prime;:\u00a0\u00bbhttps:\/\/www.liberation.fr\/\u00a0\u00bb},\u00a0\u00bborder\u00a0\u00bb:{\u00ab\u00a0amp-menu\u00a0\u00bb:1006,\u00a0\u00bbburgermenu\u00a0\u00bb:1003,\u00a0\u00bbdefault\u00a0\u00bb:1006,\u00a0\u00bbheadernav\u00a0\u00bb:1002,\u00a0\u00bbfooter2&Prime;:1003},\u00a0\u00bb_admin\u00a0\u00bb:{\u00ab\u00a0alias_ids\u00a0\u00bb:[\u00ab\u00a0https:\/\/www.liberation.fr\/international\/\u00a0\u00bb,\u00a0\u00bb10&Prime;]},\u00a0\u00bbnavigation\u00a0\u00bb:{\u00ab\u00a0nav_title\u00a0\u00bb:null},\u00a0\u00bbsite\u00a0\u00bb:{\u00ab\u00a0pagebuilder_path_for_native_apps\u00a0\u00bb:null,\u00a0\u00bbsite_about\u00a0\u00bb:null,\u00a0\u00bbsite_description\u00a0\u00bb:\u00a0\u00bbLib\u00e9ration d\u00e9crypte pour vous toutes les actualit\u00e9s mondiales en continu : nos enqu\u00eates, interviews, vid\u00e9os et infos dans le monde par nos journalistes et correspondants.\u00a0\u00bb,\u00a0\u00bbsite_keywords\u00a0\u00bb:null,\u00a0\u00bbsite_tagline\u00a0\u00bb:null,\u00a0\u00bbsite_title\u00a0\u00bb:\u00a0\u00bbInternational : actualit\u00e9s et infos en direct dans le monde &#8211; Lib\u00e9ration\u00a0\u00bb,\u00a0\u00bbsite_url\u00a0\u00bb:null},\u00a0\u00bbsite_topper\u00a0\u00bb:{\u00ab\u00a0site_logo_image\u00a0\u00bb:null},\u00a0\u00bbsocial\u00a0\u00bb:{\u00ab\u00a0facebook\u00a0\u00bb:null,\u00a0\u00bbinstagram\u00a0\u00bb:null,\u00a0\u00bbrss\u00a0\u00bb:null,\u00a0\u00bbtwitter\u00a0\u00bb:null},\u00a0\u00bbnode_type\u00a0\u00bb:\u00a0\u00bbsection\u00a0\u00bb,\u00a0\u00bbchildren\u00a0\u00bb:[{\u00ab\u00a0_id\u00a0\u00bb:\u00a0\u00bb\/international\/europe\u00a0\u00bb,\u00a0\u00bbsite\u00a0\u00bb:{\u00ab\u00a0site_tagline\u00a0\u00bb:null,\u00a0\u00bbsite_url\u00a0\u00bb:null,\u00a0\u00bbsite_title\u00a0\u00bb:\u00a0\u00bbEurope : actualit\u00e9s et infos sur le continent europ\u00e9en &#8211; Lib\u00e9ration\u00a0\u00bb,\u00a0\u00bbpagebuilder_path_for_native_apps\u00a0\u00bb:null,\u00a0\u00bbsite_about\u00a0\u00bb:null,\u00a0\u00bbsite_description\u00a0\u00bb:\u00a0\u00bbRetrouvez toute l&rsquo;actualit\u00e9 politique et \u00e9conomique en Europe sur Lib\u00e9ration : Allemagne, Espagne, Italie, Belgique, Gr\u00e8ce, Hongrie, Ukraine&#8230;\u00a0\u00bb,\u00a0\u00bbsite_keywords\u00a0\u00bb:null},\u00a0\u00bbsite_topper\u00a0\u00bb:{\u00ab\u00a0site_logo_image\u00a0\u00bb:null},\u00a0\u00bbsocial\u00a0\u00bb:{\u00ab\u00a0twitter\u00a0\u00bb:null,\u00a0\u00bbfacebook\u00a0\u00bb:null,\u00a0\u00bbrss\u00a0\u00bb:null,\u00a0\u00bbinstagram\u00a0\u00bb:null},\u00a0\u00bbnavigation\u00a0\u00bb:{\u00ab\u00a0nav_title\u00a0\u00bb:\u00a0\u00bbEurope\u00a0\u00bb},\u00a0\u00bb_admin\u00a0\u00bb:{\u00ab\u00a0alias_ids\u00a0\u00bb:[\u00ab\u00a0\/international\/europe\u00a0\u00bb,\u00a0\u00bb200024&Prime;]},\u00a0\u00bb_website\u00a0\u00bb:\u00a0\u00bbliberation\u00a0\u00bb,\u00a0\u00bbname\u00a0\u00bb:\u00a0\u00bbEurope\u00a0\u00bb,\u00a0\u00bborder\u00a0\u00bb:{\u00ab\u00a0default\u00a0\u00bb:2001,\u00a0\u00bbheadernav\u00a0\u00bb:2001,\u00a0\u00bbburgermenu\u00a0\u00bb:2001,\u00a0\u00bbamp-menu\u00a0\u00bb:2001,\u00a0\u00bbfooter2&Prime;:2001},\u00a0\u00bbparent\u00a0\u00bb:{\u00ab\u00a0default\u00a0\u00bb:\u00a0\u00bb\/international\u00a0\u00bb,\u00a0\u00bbheadernav\u00a0\u00bb:\u00a0\u00bb\/international\u00a0\u00bb,\u00a0\u00bbburgermenu\u00a0\u00bb:\u00a0\u00bb\/international\u00a0\u00bb,\u00a0\u00bbamp-menu\u00a0\u00bb:\u00a0\u00bb\/international\u00a0\u00bb,\u00a0\u00bbfooter\u00a0\u00bb:null,\u00a0\u00bbfooter2&Prime;:\u00a0\u00bb\/international\u00a0\u00bb},\u00a0\u00bbancestors\u00a0\u00bb:{\u00ab\u00a0default\u00a0\u00bb:[\u00ab\u00a0\/international\u00a0\u00bb],\u00a0\u00bbheadernav\u00a0\u00bb:[\u00ab\u00a0https:\/\/www.liberation.fr\/\u00a0\u00bb,\u00a0\u00bb\/international\u00a0\u00bb],\u00a0\u00bbburgermenu\u00a0\u00bb:[\u00ab\u00a0https:\/\/www.liberation.fr\/\u00a0\u00bb,\u00a0\u00bb\/international\u00a0\u00bb],\u00a0\u00bbamp-menu\u00a0\u00bb:[\u00ab\u00a0https:\/\/www.liberation.fr\/\u00a0\u00bb,\u00a0\u00bb\/international\u00a0\u00bb],\u00a0\u00bbfooter\u00a0\u00bb:[],\u00a0\u00bbfooter2&Prime;:[\u00ab\u00a0\/international\u00a0\u00bb]},\u00a0\u00bbinactive\u00a0\u00bb:false,\u00a0\u00bbnode_type\u00a0\u00bb:\u00a0\u00bbsection\u00a0\u00bb,\u00a0\u00bbchildren\u00a0\u00bb:[]},{\u00ab\u00a0_id\u00a0\u00bb:\u00a0\u00bb\/international\/amerique\u00a0\u00bb,\u00a0\u00bbsite\u00a0\u00bb:{\u00ab\u00a0site_tagline\u00a0\u00bb:null,\u00a0\u00bbsite_url\u00a0\u00bb:null,\u00a0\u00bbsite_title\u00a0\u00bb:\u00a0\u00bbAm\u00e9rique : actualit\u00e9s sur le continent am\u00e9ricain &#8211; Lib\u00e9ration\u00a0\u00bb,\u00a0\u00bbpagebuilder_path_for_native_apps\u00a0\u00bb:null,\u00a0\u00bbsite_about\u00a0\u00bb:null,\u00a0\u00bbsite_description\u00a0\u00bb:\u00a0\u00bbAcc\u00e9dez aux derni\u00e8res informations sur les pays de l&rsquo;Am\u00e9rique du Nord et du Sud : Etats-Unis, Mexique, Br\u00e9sil, Canada, Chili, Venezuela&#8230;\u00a0\u00bb,\u00a0\u00bbsite_keywords\u00a0\u00bb:null},\u00a0\u00bbsite_topper\u00a0\u00bb:{\u00ab\u00a0site_logo_image\u00a0\u00bb:null},\u00a0\u00bbsocial\u00a0\u00bb:{\u00ab\u00a0twitter\u00a0\u00bb:null,\u00a0\u00bbfacebook\u00a0\u00bb:null,\u00a0\u00bbrss\u00a0\u00bb:null,\u00a0\u00bbinstagram\u00a0\u00bb:null},\u00a0\u00bbnavigation\u00a0\u00bb:{\u00ab\u00a0nav_title\u00a0\u00bb:\u00a0\u00bbAm\u00e9rique\u00a0\u00bb},\u00a0\u00bb_admin\u00a0\u00bb:{\u00ab\u00a0alias_ids\u00a0\u00bb:[\u00ab\u00a0\/international\/amerique\u00a0\u00bb,\u00a0\u00bb200022&Prime;]},\u00a0\u00bb_website\u00a0\u00bb:\u00a0\u00bbliberation\u00a0\u00bb,\u00a0\u00bbname\u00a0\u00bb:\u00a0\u00bbAm\u00e9rique\u00a0\u00bb,\u00a0\u00bborder\u00a0\u00bb:{\u00ab\u00a0default\u00a0\u00bb:2002,\u00a0\u00bbheadernav\u00a0\u00bb:2002,\u00a0\u00bbburgermenu\u00a0\u00bb:2002,\u00a0\u00bbamp-menu\u00a0\u00bb:2002,\u00a0\u00bbfooter2&Prime;:2002},\u00a0\u00bbparent\u00a0\u00bb:{\u00ab\u00a0default\u00a0\u00bb:\u00a0\u00bb\/international\u00a0\u00bb,\u00a0\u00bbheadernav\u00a0\u00bb:\u00a0\u00bb\/international\u00a0\u00bb,\u00a0\u00bbburgermenu\u00a0\u00bb:\u00a0\u00bb\/international\u00a0\u00bb,\u00a0\u00bbamp-menu\u00a0\u00bb:\u00a0\u00bb\/international\u00a0\u00bb,\u00a0\u00bbfooter\u00a0\u00bb:null,\u00a0\u00bbfooter2&Prime;:\u00a0\u00bb\/international\u00a0\u00bb},\u00a0\u00bbancestors\u00a0\u00bb:{\u00ab\u00a0default\u00a0\u00bb:[\u00ab\u00a0\/international\u00a0\u00bb],\u00a0\u00bbheadernav\u00a0\u00bb:[\u00ab\u00a0https:\/\/www.liberation.fr\/\u00a0\u00bb,\u00a0\u00bb\/international\u00a0\u00bb],\u00a0\u00bbburgermenu\u00a0\u00bb:[\u00ab\u00a0https:\/\/www.liberation.fr\/\u00a0\u00bb,\u00a0\u00bb\/international\u00a0\u00bb],\u00a0\u00bbamp-menu\u00a0\u00bb:[\u00ab\u00a0https:\/\/www.liberation.fr\/\u00a0\u00bb,\u00a0\u00bb\/international\u00a0\u00bb],\u00a0\u00bbfooter\u00a0\u00bb:[],\u00a0\u00bbfooter2&Prime;:[\u00ab\u00a0\/international\u00a0\u00bb]},\u00a0\u00bbinactive\u00a0\u00bb:false,\u00a0\u00bbnode_type\u00a0\u00bb:\u00a0\u00bbsection\u00a0\u00bb,\u00a0\u00bbchildren\u00a0\u00bb:[]},{\u00ab\u00a0_id\u00a0\u00bb:\u00a0\u00bb\/international\/afrique\u00a0\u00bb,\u00a0\u00bbsite\u00a0\u00bb:{\u00ab\u00a0site_tagline\u00a0\u00bb:null,\u00a0\u00bbsite_url\u00a0\u00bb:null,\u00a0\u00bbsite_title\u00a0\u00bb:\u00a0\u00bbAfrique &#8211; actualit\u00e9s et infos sur le continent africain &#8211; Lib\u00e9ration\u00a0\u00bb,\u00a0\u00bbpagebuilder_path_for_native_apps\u00a0\u00bb:null,\u00a0\u00bbsite_about\u00a0\u00bb:null,\u00a0\u00bbsite_description\u00a0\u00bb:\u00a0\u00bbRetrouvez les derni\u00e8res infos politiques, \u00e9conomiques et sociales des pays du continent africain : Mali, Niger, Tunisie, Maroc, Libye, Rwanda&#8230;\u00a0\u00bb,\u00a0\u00bbsite_keywords\u00a0\u00bb:null},\u00a0\u00bbsite_topper\u00a0\u00bb:{\u00ab\u00a0site_logo_image\u00a0\u00bb:null},\u00a0\u00bbsocial\u00a0\u00bb:{\u00ab\u00a0twitter\u00a0\u00bb:null,\u00a0\u00bbfacebook\u00a0\u00bb:null,\u00a0\u00bbrss\u00a0\u00bb:null,\u00a0\u00bbinstagram\u00a0\u00bb:null},\u00a0\u00bbnavigation\u00a0\u00bb:{\u00ab\u00a0nav_title\u00a0\u00bb:\u00a0\u00bbAfrique\u00a0\u00bb},\u00a0\u00bb_admin\u00a0\u00bb:{\u00ab\u00a0alias_ids\u00a0\u00bb:[\u00ab\u00a0https:\/\/www.liberation.fr\/international\/afrique\/\u00a0\u00bb,\u00a0\u00bb200021&Prime;]},\u00a0\u00bb_website\u00a0\u00bb:\u00a0\u00bbliberation\u00a0\u00bb,\u00a0\u00bbname\u00a0\u00bb:\u00a0\u00bbAfrique\u00a0\u00bb,\u00a0\u00bborder\u00a0\u00bb:{\u00ab\u00a0default\u00a0\u00bb:2003,\u00a0\u00bbheadernav\u00a0\u00bb:2003,\u00a0\u00bbburgermenu\u00a0\u00bb:2003,\u00a0\u00bbamp-menu\u00a0\u00bb:2003,\u00a0\u00bbfooter2&Prime;:2003},\u00a0\u00bbparent\u00a0\u00bb:{\u00ab\u00a0default\u00a0\u00bb:\u00a0\u00bb\/international\u00a0\u00bb,\u00a0\u00bbheadernav\u00a0\u00bb:\u00a0\u00bb\/international\u00a0\u00bb,\u00a0\u00bbburgermenu\u00a0\u00bb:\u00a0\u00bb\/international\u00a0\u00bb,\u00a0\u00bbamp-menu\u00a0\u00bb:\u00a0\u00bb\/international\u00a0\u00bb,\u00a0\u00bbfooter\u00a0\u00bb:null,\u00a0\u00bbfooter2&Prime;:\u00a0\u00bb\/international\u00a0\u00bb},\u00a0\u00bbancestors\u00a0\u00bb:{\u00ab\u00a0default\u00a0\u00bb:[\u00ab\u00a0\/international\u00a0\u00bb],\u00a0\u00bbheadernav\u00a0\u00bb:[\u00ab\u00a0https:\/\/www.liberation.fr\/\u00a0\u00bb,\u00a0\u00bb\/international\u00a0\u00bb],\u00a0\u00bbburgermenu\u00a0\u00bb:[\u00ab\u00a0https:\/\/www.liberation.fr\/\u00a0\u00bb,\u00a0\u00bb\/international\u00a0\u00bb],\u00a0\u00bbamp-menu\u00a0\u00bb:[\u00ab\u00a0https:\/\/www.liberation.fr\/\u00a0\u00bb,\u00a0\u00bb\/international\u00a0\u00bb],\u00a0\u00bbfooter\u00a0\u00bb:[],\u00a0\u00bbfooter2&Prime;:[\u00ab\u00a0\/international\u00a0\u00bb]},\u00a0\u00bbinactive\u00a0\u00bb:false,\u00a0\u00bbnode_type\u00a0\u00bb:\u00a0\u00bbsection\u00a0\u00bb,\u00a0\u00bbchildren\u00a0\u00bb:[]},{\u00ab\u00a0_id\u00a0\u00bb:\u00a0\u00bb\/international\/moyen-orient\u00a0\u00bb,\u00a0\u00bbsite\u00a0\u00bb:{\u00ab\u00a0site_tagline\u00a0\u00bb:null,\u00a0\u00bbsite_url\u00a0\u00bb:null,\u00a0\u00bbsite_title\u00a0\u00bb:\u00a0\u00bbMoyen-Orient : actualit\u00e9s et infos sur la r\u00e9gion &#8211; Lib\u00e9ration\u00a0\u00bb,\u00a0\u00bbpagebuilder_path_for_native_apps\u00a0\u00bb:null,\u00a0\u00bbsite_about\u00a0\u00bb:null,\u00a0\u00bbsite_description\u00a0\u00bb:\u00a0\u00bbRetrouvez toute l&rsquo;actualit\u00e9 politique et \u00e9conomique des pays du Moyen-Orient sur Lib\u00e9ration : Irak, Iran, Isra\u00ebl, Jordanie, Palestine, Arabie Saoudite&#8230;\u00a0\u00bb,\u00a0\u00bbsite_keywords\u00a0\u00bb:null},\u00a0\u00bbsite_topper\u00a0\u00bb:{\u00ab\u00a0site_logo_image\u00a0\u00bb:null},\u00a0\u00bbsocial\u00a0\u00bb:{\u00ab\u00a0twitter\u00a0\u00bb:null,\u00a0\u00bbfacebook\u00a0\u00bb:null,\u00a0\u00bbrss\u00a0\u00bb:null,\u00a0\u00bbinstagram\u00a0\u00bb:null},\u00a0\u00bbnavigation\u00a0\u00bb:{\u00ab\u00a0nav_title\u00a0\u00bb:\u00a0\u00bbMoyen-Orient\u00a0\u00bb},\u00a0\u00bb_admin\u00a0\u00bb:{\u00ab\u00a0alias_ids\u00a0\u00bb:[\u00ab\u00a0\/international\/moyen-orient\u00a0\u00bb,\u00a0\u00bb200025&Prime;]},\u00a0\u00bb_website\u00a0\u00bb:\u00a0\u00bbliberation\u00a0\u00bb,\u00a0\u00bbname\u00a0\u00bb:\u00a0\u00bbMoyen-Orient\u00a0\u00bb,\u00a0\u00bborder\u00a0\u00bb:{\u00ab\u00a0default\u00a0\u00bb:2004,\u00a0\u00bbheadernav\u00a0\u00bb:2004,\u00a0\u00bbburgermenu\u00a0\u00bb:2004,\u00a0\u00bbamp-menu\u00a0\u00bb:2004,\u00a0\u00bbfooter2&Prime;:2004},\u00a0\u00bbparent\u00a0\u00bb:{\u00ab\u00a0default\u00a0\u00bb:\u00a0\u00bb\/international\u00a0\u00bb,\u00a0\u00bbheadernav\u00a0\u00bb:\u00a0\u00bb\/international\u00a0\u00bb,\u00a0\u00bbburgermenu\u00a0\u00bb:\u00a0\u00bb\/international\u00a0\u00bb,\u00a0\u00bbamp-menu\u00a0\u00bb:\u00a0\u00bb\/international\u00a0\u00bb,\u00a0\u00bbfooter\u00a0\u00bb:null,\u00a0\u00bbfooter2&Prime;:\u00a0\u00bb\/international\u00a0\u00bb},\u00a0\u00bbancestors\u00a0\u00bb:{\u00ab\u00a0default\u00a0\u00bb:[\u00ab\u00a0\/international\u00a0\u00bb],\u00a0\u00bbheadernav\u00a0\u00bb:[\u00ab\u00a0https:\/\/www.liberation.fr\/\u00a0\u00bb,\u00a0\u00bb\/international\u00a0\u00bb],\u00a0\u00bbburgermenu\u00a0\u00bb:[\u00ab\u00a0https:\/\/www.liberation.fr\/\u00a0\u00bb,\u00a0\u00bb\/international\u00a0\u00bb],\u00a0\u00bbamp-menu\u00a0\u00bb:[\u00ab\u00a0https:\/\/www.liberation.fr\/\u00a0\u00bb,\u00a0\u00bb\/international\u00a0\u00bb],\u00a0\u00bbfooter\u00a0\u00bb:[],\u00a0\u00bbfooter2&Prime;:[\u00ab\u00a0\/international\u00a0\u00bb]},\u00a0\u00bbinactive\u00a0\u00bb:false,\u00a0\u00bbnode_type\u00a0\u00bb:\u00a0\u00bbsection\u00a0\u00bb,\u00a0\u00bbchildren\u00a0\u00bb:[]},{\u00ab\u00a0_id\u00a0\u00bb:\u00a0\u00bb\/international\/asie-pacifique\u00a0\u00bb,\u00a0\u00bbsite\u00a0\u00bb:{\u00ab\u00a0site_tagline\u00a0\u00bb:null,\u00a0\u00bbsite_url\u00a0\u00bb:null,\u00a0\u00bbsite_title\u00a0\u00bb:\u00a0\u00bbAsie Pacifique : actualit\u00e9 politique et \u00e9conomique &#8211; Lib\u00e9ration\u00a0\u00bb,\u00a0\u00bbpagebuilder_path_for_native_apps\u00a0\u00bb:null,\u00a0\u00bbsite_about\u00a0\u00bb:null,\u00a0\u00bbsite_description\u00a0\u00bb:\u00a0\u00bbRetrouvez toute l&rsquo;actualit\u00e9 politique et \u00e9conomique de l&rsquo;Asie Pacifique sur Lib\u00e9ration : Chine, Inde, Pakistan, Indon\u00e9sie, Australie, Nouvelle-Z\u00e9lande&#8230;\u00a0\u00bb,\u00a0\u00bbsite_keywords\u00a0\u00bb:null},\u00a0\u00bbsite_topper\u00a0\u00bb:{\u00ab\u00a0site_logo_image\u00a0\u00bb:null},\u00a0\u00bbsocial\u00a0\u00bb:{\u00ab\u00a0twitter\u00a0\u00bb:null,\u00a0\u00bbfacebook\u00a0\u00bb:null,\u00a0\u00bbrss\u00a0\u00bb:null,\u00a0\u00bbinstagram\u00a0\u00bb:null},\u00a0\u00bbnavigation\u00a0\u00bb:{\u00ab\u00a0nav_title\u00a0\u00bb:\u00a0\u00bbAsie Pacifique\u00a0\u00bb},\u00a0\u00bb_admin\u00a0\u00bb:{\u00ab\u00a0alias_ids\u00a0\u00bb:[\u00ab\u00a0\/international\/asie-pacifique\u00a0\u00bb,\u00a0\u00bb200023&Prime;]},\u00a0\u00bb_website\u00a0\u00bb:\u00a0\u00bbliberation\u00a0\u00bb,\u00a0\u00bbname\u00a0\u00bb:\u00a0\u00bbAsie Pacifique\u00a0\u00bb,\u00a0\u00bborder\u00a0\u00bb:{\u00ab\u00a0default\u00a0\u00bb:2005,\u00a0\u00bbheadernav\u00a0\u00bb:2005,\u00a0\u00bbburgermenu\u00a0\u00bb:2005,\u00a0\u00bbamp-menu\u00a0\u00bb:2005,\u00a0\u00bbfooter2&Prime;:2005},\u00a0\u00bbparent\u00a0\u00bb:{\u00ab\u00a0default\u00a0\u00bb:\u00a0\u00bb\/international\u00a0\u00bb,\u00a0\u00bbheadernav\u00a0\u00bb:\u00a0\u00bb\/international\u00a0\u00bb,\u00a0\u00bbburgermenu\u00a0\u00bb:\u00a0\u00bb\/international\u00a0\u00bb,\u00a0\u00bbamp-menu\u00a0\u00bb:\u00a0\u00bb\/international\u00a0\u00bb,\u00a0\u00bbfooter\u00a0\u00bb:null,\u00a0\u00bbfooter2&Prime;:\u00a0\u00bb\/international\u00a0\u00bb},\u00a0\u00bbancestors\u00a0\u00bb:{\u00ab\u00a0default\u00a0\u00bb:[\u00ab\u00a0\/international\u00a0\u00bb],\u00a0\u00bbheadernav\u00a0\u00bb:[\u00ab\u00a0https:\/\/www.liberation.fr\/\u00a0\u00bb,\u00a0\u00bb\/international\u00a0\u00bb],\u00a0\u00bbburgermenu\u00a0\u00bb:[\u00ab\u00a0https:\/\/www.liberation.fr\/\u00a0\u00bb,\u00a0\u00bb\/international\u00a0\u00bb],\u00a0\u00bbamp-menu\u00a0\u00bb:[\u00ab\u00a0https:\/\/www.liberation.fr\/\u00a0\u00bb,\u00a0\u00bb\/international\u00a0\u00bb],\u00a0\u00bbfooter\u00a0\u00bb:[],\u00a0\u00bbfooter2&Prime;:[\u00ab\u00a0\/international\u00a0\u00bb]},\u00a0\u00bbinactive\u00a0\u00bb:false,\u00a0\u00bbnode_type\u00a0\u00bb:\u00a0\u00bbsection\u00a0\u00bb,\u00a0\u00bbchildren\u00a0\u00bb:[]}]},{\u00ab\u00a0_id\u00a0\u00bb:\u00a0\u00bb\/idees-et-debats\u00a0\u00bb,\u00a0\u00bbsite\u00a0\u00bb:{\u00ab\u00a0site_tagline\u00a0\u00bb:null,\u00a0\u00bbsite_url\u00a0\u00bb:null,\u00a0\u00bbsite_title\u00a0\u00bb:\u00a0\u00bbId\u00e9es &#038; D\u00e9bats : nos tribunes et chroniques &#8211; Lib\u00e9ration\u00a0\u00bb,\u00a0\u00bbpagebuilder_path_for_native_apps\u00a0\u00bb:null,\u00a0\u00bbsite_about\u00a0\u00bb:null,\u00a0\u00bbsite_description\u00a0\u00bb:\u00a0\u00bbRetrouvez toutes les tribunes, id\u00e9es et d\u00e9bats, \u00e9ditoriaux de Lib\u00e9ration.\u00a0\u00bb,\u00a0\u00bbsite_keywords\u00a0\u00bb:null},\u00a0\u00bbsite_topper\u00a0\u00bb:{\u00ab\u00a0site_logo_image\u00a0\u00bb:null},\u00a0\u00bbsocial\u00a0\u00bb:{\u00ab\u00a0twitter\u00a0\u00bb:null,\u00a0\u00bbfacebook\u00a0\u00bb:null,\u00a0\u00bbrss\u00a0\u00bb:null,\u00a0\u00bbinstagram\u00a0\u00bb:null},\u00a0\u00bbnavigation\u00a0\u00bb:{\u00ab\u00a0nav_title\u00a0\u00bb:\u00a0\u00bbId\u00e9es et D\u00e9bats\u00a0\u00bb},\u00a0\u00bb_admin\u00a0\u00bb:{\u00ab\u00a0alias_ids\u00a0\u00bb:[\u00ab\u00a0\/idees-et-debats\u00a0\u00bb,\u00a0\u00bb18&Prime;]},\u00a0\u00bb_website\u00a0\u00bb:\u00a0\u00bbliberation\u00a0\u00bb,\u00a0\u00bbname\u00a0\u00bb:\u00a0\u00bbId\u00e9es et D\u00e9bats\u00a0\u00bb,\u00a0\u00bborder\u00a0\u00bb:{\u00ab\u00a0burgermenu\u00a0\u00bb:1008,\u00a0\u00bbheadernav\u00a0\u00bb:1003,\u00a0\u00bbamp-menu\u00a0\u00bb:1005,\u00a0\u00bbfooter2&Prime;:1002,\u00a0\u00bbdefault\u00a0\u00bb:1001},\u00a0\u00bbparent\u00a0\u00bb:{\u00ab\u00a0default\u00a0\u00bb:\u00a0\u00bbhttps:\/\/www.liberation.fr\/\u00a0\u00bb,\u00a0\u00bbburgermenu\u00a0\u00bb:\u00a0\u00bbhttps:\/\/www.liberation.fr\/\u00a0\u00bb,\u00a0\u00bbheadernav\u00a0\u00bb:\u00a0\u00bbhttps:\/\/www.liberation.fr\/\u00a0\u00bb,\u00a0\u00bbamp-menu\u00a0\u00bb:\u00a0\u00bbhttps:\/\/www.liberation.fr\/\u00a0\u00bb,\u00a0\u00bbfooter\u00a0\u00bb:null,\u00a0\u00bbfooter2&Prime;:\u00a0\u00bbhttps:\/\/www.liberation.fr\/\u00a0\u00bb},\u00a0\u00bbancestors\u00a0\u00bb:{\u00ab\u00a0default\u00a0\u00bb:[\u00ab\u00a0https:\/\/www.liberation.fr\/\u00a0\u00bb],\u00a0\u00bbburgermenu\u00a0\u00bb:[\u00ab\u00a0https:\/\/www.liberation.fr\/\u00a0\u00bb],\u00a0\u00bbheadernav\u00a0\u00bb:[\u00ab\u00a0https:\/\/www.liberation.fr\/\u00a0\u00bb],\u00a0\u00bbamp-menu\u00a0\u00bb:[\u00ab\u00a0https:\/\/www.liberation.fr\/\u00a0\u00bb],\u00a0\u00bbfooter\u00a0\u00bb:[],\u00a0\u00bbfooter2&Prime;:[]},\u00a0\u00bbinactive\u00a0\u00bb:false,\u00a0\u00bbnode_type\u00a0\u00bb:\u00a0\u00bbsection\u00a0\u00bb,\u00a0\u00bbchildren\u00a0\u00bb:[]},{\u00ab\u00a0_id\u00a0\u00bb:\u00a0\u00bb\/culture\u00a0\u00bb,\u00a0\u00bbsite\u00a0\u00bb:{\u00ab\u00a0site_tagline\u00a0\u00bb:null,\u00a0\u00bbsite_url\u00a0\u00bb:null,\u00a0\u00bbsite_title\u00a0\u00bb:\u00a0\u00bbCulture, livres, tendances, mode, cin\u00e9ma, musique&#8230; &#8211; Lib\u00e9ration\u00a0\u00bb,\u00a0\u00bbsite_about\u00a0\u00bb:null,\u00a0\u00bbpagebuilder_path_for_native_apps\u00a0\u00bb:null,\u00a0\u00bbsite_description\u00a0\u00bb:\u00a0\u00bbRetrouvez toute l&rsquo;actualit\u00e9 culturelle avec Lib\u00e9ration : cin\u00e9ma, musique, livres, photographie, sc\u00e8nes et arts, les infos sur les s\u00e9ries ou encore sur les jeux vid\u00e9os.\u00a0\u00bb,\u00a0\u00bbsite_keywords\u00a0\u00bb:null},\u00a0\u00bbsite_topper\u00a0\u00bb:{\u00ab\u00a0site_logo_image\u00a0\u00bb:null},\u00a0\u00bbsocial\u00a0\u00bb:{\u00ab\u00a0twitter\u00a0\u00bb:null,\u00a0\u00bbfacebook\u00a0\u00bb:null,\u00a0\u00bbrss\u00a0\u00bb:null,\u00a0\u00bbinstagram\u00a0\u00bb:null},\u00a0\u00bbnavigation\u00a0\u00bb:{\u00ab\u00a0nav_title\u00a0\u00bb:null},\u00a0\u00bb_admin\u00a0\u00bb:{\u00ab\u00a0alias_ids\u00a0\u00bb:[\u00ab\u00a0\/culture\u00a0\u00bb,\u00a0\u00bb54&Prime;]},\u00a0\u00bb_website\u00a0\u00bb:\u00a0\u00bbliberation\u00a0\u00bb,\u00a0\u00bbname\u00a0\u00bb:\u00a0\u00bbCulture\u00a0\u00bb,\u00a0\u00bborder\u00a0\u00bb:{\u00ab\u00a0burgermenu\u00a0\u00bb:1005,\u00a0\u00bbdefault\u00a0\u00bb:1008,\u00a0\u00bbheadernav\u00a0\u00bb:1004,\u00a0\u00bbamp-menu\u00a0\u00bb:1010,\u00a0\u00bbfooter2&Prime;:1005},\u00a0\u00bbparent\u00a0\u00bb:{\u00ab\u00a0default\u00a0\u00bb:\u00a0\u00bbhttps:\/\/www.liberation.fr\/\u00a0\u00bb,\u00a0\u00bbburgermenu\u00a0\u00bb:\u00a0\u00bbhttps:\/\/www.liberation.fr\/\u00a0\u00bb,\u00a0\u00bbfooter\u00a0\u00bb:null,\u00a0\u00bbheadernav\u00a0\u00bb:\u00a0\u00bbhttps:\/\/www.liberation.fr\/\u00a0\u00bb,\u00a0\u00bbamp-menu\u00a0\u00bb:\u00a0\u00bbhttps:\/\/www.liberation.fr\/\u00a0\u00bb,\u00a0\u00bbfooter2&Prime;:\u00a0\u00bbhttps:\/\/www.liberation.fr\/\u00a0\u00bb},\u00a0\u00bbancestors\u00a0\u00bb:{\u00ab\u00a0default\u00a0\u00bb:[\u00ab\u00a0https:\/\/www.liberation.fr\/\u00a0\u00bb],\u00a0\u00bbburgermenu\u00a0\u00bb:[\u00ab\u00a0https:\/\/www.liberation.fr\/\u00a0\u00bb],\u00a0\u00bbfooter\u00a0\u00bb:[],\u00a0\u00bbheadernav\u00a0\u00bb:[\u00ab\u00a0https:\/\/www.liberation.fr\/\u00a0\u00bb],\u00a0\u00bbamp-menu\u00a0\u00bb:[\u00ab\u00a0https:\/\/www.liberation.fr\/\u00a0\u00bb],\u00a0\u00bbfooter2&Prime;:[\u00ab\u00a0https:\/\/www.liberation.fr\/\u00a0\u00bb]},\u00a0\u00bbinactive\u00a0\u00bb:false,\u00a0\u00bbnode_type\u00a0\u00bb:\u00a0\u00bbsection\u00a0\u00bb,\u00a0\u00bbchildren\u00a0\u00bb:[{\u00ab\u00a0_id\u00a0\u00bb:\u00a0\u00bb\/culture\/cinema\u00a0\u00bb,\u00a0\u00bbsite\u00a0\u00bb:{\u00ab\u00a0site_tagline\u00a0\u00bb:null,\u00a0\u00bbsite_url\u00a0\u00bb:null,\u00a0\u00bbsite_title\u00a0\u00bb:\u00a0\u00bbToute l&rsquo;actualit\u00e9 du cin\u00e9ma avec Lib\u00e9ration\u00a0\u00bb,\u00a0\u00bbpagebuilder_path_for_native_apps\u00a0\u00bb:null,\u00a0\u00bbsite_about\u00a0\u00bb:null,\u00a0\u00bbsite_description\u00a0\u00bb:\u00a0\u00bbRetrouvez toute l&rsquo;actualit\u00e9 du cin\u00e9ma : sorties cin\u00e9ma, critiques de films, tournages, blockbusters&#8230;\u00a0\u00bb,\u00a0\u00bbsite_keywords\u00a0\u00bb:null},\u00a0\u00bbsite_topper\u00a0\u00bb:{\u00ab\u00a0site_logo_image\u00a0\u00bb:null},\u00a0\u00bbsocial\u00a0\u00bb:{\u00ab\u00a0twitter\u00a0\u00bb:null,\u00a0\u00bbfacebook\u00a0\u00bb:null,\u00a0\u00bbrss\u00a0\u00bb:null,\u00a0\u00bbinstagram\u00a0\u00bb:null},\u00a0\u00bbnavigation\u00a0\u00bb:{\u00ab\u00a0nav_title\u00a0\u00bb:\u00a0\u00bbCin\u00e9ma\u00a0\u00bb},\u00a0\u00bb_admin\u00a0\u00bb:{\u00ab\u00a0alias_ids\u00a0\u00bb:[\u00ab\u00a0\/culture\/cinema\u00a0\u00bb,\u00a0\u00bb58&Prime;]},\u00a0\u00bb_website\u00a0\u00bb:\u00a0\u00bbliberation\u00a0\u00bb,\u00a0\u00bbname\u00a0\u00bb:\u00a0\u00bbCin\u00e9ma\u00a0\u00bb,\u00a0\u00bborder\u00a0\u00bb:{\u00ab\u00a0burgermenu\u00a0\u00bb:2003,\u00a0\u00bbamp-menu\u00a0\u00bb:2002,\u00a0\u00bbheadernav\u00a0\u00bb:2001,\u00a0\u00bbdefault\u00a0\u00bb:2003},\u00a0\u00bbparent\u00a0\u00bb:{\u00ab\u00a0default\u00a0\u00bb:\u00a0\u00bb\/culture\u00a0\u00bb,\u00a0\u00bbburgermenu\u00a0\u00bb:\u00a0\u00bb\/culture\u00a0\u00bb,\u00a0\u00bbfooter\u00a0\u00bb:null,\u00a0\u00bbheadernav\u00a0\u00bb:\u00a0\u00bb\/culture\u00a0\u00bb,\u00a0\u00bbamp-menu\u00a0\u00bb:\u00a0\u00bb\/culture\u00a0\u00bb,\u00a0\u00bbfooter2&Prime;:\u00a0\u00bb\/culture\u00a0\u00bb},\u00a0\u00bbancestors\u00a0\u00bb:{\u00ab\u00a0default\u00a0\u00bb:[\u00ab\u00a0\/culture\u00a0\u00bb,\u00a0\u00bbhttps:\/\/www.liberation.fr\/\u00a0\u00bb],\u00a0\u00bbburgermenu\u00a0\u00bb:[\u00ab\u00a0\/culture\u00a0\u00bb,\u00a0\u00bbhttps:\/\/www.liberation.fr\/\u00a0\u00bb],\u00a0\u00bbfooter\u00a0\u00bb:[],\u00a0\u00bbheadernav\u00a0\u00bb:[\u00ab\u00a0\/culture\u00a0\u00bb,\u00a0\u00bbhttps:\/\/www.liberation.fr\/\u00a0\u00bb],\u00a0\u00bbamp-menu\u00a0\u00bb:[\u00ab\u00a0https:\/\/www.liberation.fr\/\u00a0\u00bb,\u00a0\u00bb\/culture\u00a0\u00bb],\u00a0\u00bbfooter2&Prime;:[\u00ab\u00a0https:\/\/www.liberation.fr\/\u00a0\u00bb,\u00a0\u00bb\/culture\u00a0\u00bb]},\u00a0\u00bbinactive\u00a0\u00bb:false,\u00a0\u00bbnode_type\u00a0\u00bb:\u00a0\u00bbsection\u00a0\u00bb,\u00a0\u00bbchildren\u00a0\u00bb:[]},{\u00ab\u00a0_id\u00a0\u00bb:\u00a0\u00bb\/culture\/musique\u00a0\u00bb,\u00a0\u00bbsite\u00a0\u00bb:{\u00ab\u00a0site_tagline\u00a0\u00bb:null,\u00a0\u00bbsite_url\u00a0\u00bb:null,\u00a0\u00bbsite_title\u00a0\u00bb:\u00a0\u00bbToute l&rsquo;actualit\u00e9 de la musique avec Lib\u00e9ration\u00a0\u00bb,\u00a0\u00bbpagebuilder_path_for_native_apps\u00a0\u00bb:null,\u00a0\u00bbsite_about\u00a0\u00bb:null,\u00a0\u00bbsite_description\u00a0\u00bb:\u00a0\u00bbL&rsquo;actualit\u00e9 musicale : sorties albums, critiques musicales, playlists et podcasts. Ecoutez les sessions live exclusives en vid\u00e9o et en audio.\u00a0\u00bb,\u00a0\u00bbsite_keywords\u00a0\u00bb:null},\u00a0\u00bbsite_topper\u00a0\u00bb:{\u00ab\u00a0site_logo_image\u00a0\u00bb:null},\u00a0\u00bbsocial\u00a0\u00bb:{\u00ab\u00a0twitter\u00a0\u00bb:null,\u00a0\u00bbfacebook\u00a0\u00bb:null,\u00a0\u00bbrss\u00a0\u00bb:null,\u00a0\u00bbinstagram\u00a0\u00bb:null},\u00a0\u00bbnavigation\u00a0\u00bb:{\u00ab\u00a0nav_title\u00a0\u00bb:\u00a0\u00bbMusique\u00a0\u00bb},\u00a0\u00bb_admin\u00a0\u00bb:{\u00ab\u00a0alias_ids\u00a0\u00bb:[\u00ab\u00a0\/culture\/musique\u00a0\u00bb,\u00a0\u00bb59&Prime;]},\u00a0\u00bb_website\u00a0\u00bb:\u00a0\u00bbliberation\u00a0\u00bb,\u00a0\u00bbname\u00a0\u00bb:\u00a0\u00bbMusique\u00a0\u00bb,\u00a0\u00bborder\u00a0\u00bb:{\u00ab\u00a0burgermenu\u00a0\u00bb:2005,\u00a0\u00bbamp-menu\u00a0\u00bb:2004,\u00a0\u00bbheadernav\u00a0\u00bb:2002,\u00a0\u00bbdefault\u00a0\u00bb:2004},\u00a0\u00bbparent\u00a0\u00bb:{\u00ab\u00a0default\u00a0\u00bb:\u00a0\u00bb\/culture\u00a0\u00bb,\u00a0\u00bbburgermenu\u00a0\u00bb:\u00a0\u00bb\/culture\u00a0\u00bb,\u00a0\u00bbfooter\u00a0\u00bb:null,\u00a0\u00bbheadernav\u00a0\u00bb:\u00a0\u00bb\/culture\u00a0\u00bb,\u00a0\u00bbamp-menu\u00a0\u00bb:\u00a0\u00bb\/culture\u00a0\u00bb,\u00a0\u00bbfooter2&Prime;:\u00a0\u00bb\/culture\u00a0\u00bb},\u00a0\u00bbancestors\u00a0\u00bb:{\u00ab\u00a0default\u00a0\u00bb:[\u00ab\u00a0\/culture\u00a0\u00bb,\u00a0\u00bbhttps:\/\/www.liberation.fr\/\u00a0\u00bb],\u00a0\u00bbburgermenu\u00a0\u00bb:[\u00ab\u00a0\/culture\u00a0\u00bb,\u00a0\u00bbhttps:\/\/www.liberation.fr\/\u00a0\u00bb],\u00a0\u00bbfooter\u00a0\u00bb:[],\u00a0\u00bbheadernav\u00a0\u00bb:[\u00ab\u00a0\/culture\u00a0\u00bb,\u00a0\u00bbhttps:\/\/www.liberation.fr\/\u00a0\u00bb],\u00a0\u00bbamp-menu\u00a0\u00bb:[\u00ab\u00a0https:\/\/www.liberation.fr\/\u00a0\u00bb,\u00a0\u00bb\/culture\u00a0\u00bb],\u00a0\u00bbfooter2&Prime;:[\u00ab\u00a0https:\/\/www.liberation.fr\/\u00a0\u00bb,\u00a0\u00bb\/culture\u00a0\u00bb]},\u00a0\u00bbinactive\u00a0\u00bb:false,\u00a0\u00bbnode_type\u00a0\u00bb:\u00a0\u00bbsection\u00a0\u00bb,\u00a0\u00bbchildren\u00a0\u00bb:[]},{\u00ab\u00a0_id\u00a0\u00bb:\u00a0\u00bb\/culture\/livres\u00a0\u00bb,\u00a0\u00bbsite\u00a0\u00bb:{\u00ab\u00a0site_tagline\u00a0\u00bb:null,\u00a0\u00bbsite_url\u00a0\u00bb:null,\u00a0\u00bbsite_title\u00a0\u00bb:\u00a0\u00bbLivres : toute l&rsquo;actualit\u00e9 litt\u00e9raire avec Lib\u00e9ration\u00a0\u00bb,\u00a0\u00bbpagebuilder_path_for_native_apps\u00a0\u00bb:null,\u00a0\u00bbsite_about\u00a0\u00bb:null,\u00a0\u00bbsite_description\u00a0\u00bb:\u00a0\u00bbRetrouvez toute l&rsquo;actualit\u00e9 litt\u00e9raire : critiques et nouveaut\u00e9s livres, le cahier livres, nos rencontres et interviews d&rsquo;auteurs.\u00a0\u00bb,\u00a0\u00bbsite_keywords\u00a0\u00bb:null},\u00a0\u00bbsite_topper\u00a0\u00bb:{\u00ab\u00a0site_logo_image\u00a0\u00bb:null},\u00a0\u00bbsocial\u00a0\u00bb:{\u00ab\u00a0twitter\u00a0\u00bb:null,\u00a0\u00bbfacebook\u00a0\u00bb:null,\u00a0\u00bbrss\u00a0\u00bb:null,\u00a0\u00bbinstagram\u00a0\u00bb:null},\u00a0\u00bbnavigation\u00a0\u00bb:{\u00ab\u00a0nav_title\u00a0\u00bb:\u00a0\u00bbLivres\u00a0\u00bb},\u00a0\u00bb_admin\u00a0\u00bb:{\u00ab\u00a0alias_ids\u00a0\u00bb:[\u00ab\u00a0\/culture\/livres\u00a0\u00bb,\u00a0\u00bb60&Prime;]},\u00a0\u00bb_website\u00a0\u00bb:\u00a0\u00bbliberation\u00a0\u00bb,\u00a0\u00bbname\u00a0\u00bb:\u00a0\u00bbLivres\u00a0\u00bb,\u00a0\u00bborder\u00a0\u00bb:{\u00ab\u00a0burgermenu\u00a0\u00bb:2007,\u00a0\u00bbdefault\u00a0\u00bb:2007,\u00a0\u00bbheadernav\u00a0\u00bb:2003,\u00a0\u00bbamp-menu\u00a0\u00bb:2006,\u00a0\u00bbfooter2&Prime;:2003},\u00a0\u00bbparent\u00a0\u00bb:{\u00ab\u00a0default\u00a0\u00bb:\u00a0\u00bb\/culture\u00a0\u00bb,\u00a0\u00bbburgermenu\u00a0\u00bb:\u00a0\u00bb\/culture\u00a0\u00bb,\u00a0\u00bbfooter\u00a0\u00bb:null,\u00a0\u00bbheadernav\u00a0\u00bb:\u00a0\u00bb\/culture\u00a0\u00bb,\u00a0\u00bbamp-menu\u00a0\u00bb:\u00a0\u00bb\/culture\u00a0\u00bb,\u00a0\u00bbfooter2&Prime;:\u00a0\u00bb\/culture\u00a0\u00bb},\u00a0\u00bbancestors\u00a0\u00bb:{\u00ab\u00a0default\u00a0\u00bb:[\u00ab\u00a0\/culture\u00a0\u00bb,\u00a0\u00bbhttps:\/\/www.liberation.fr\/\u00a0\u00bb],\u00a0\u00bbburgermenu\u00a0\u00bb:[\u00ab\u00a0\/culture\u00a0\u00bb,\u00a0\u00bbhttps:\/\/www.liberation.fr\/\u00a0\u00bb],\u00a0\u00bbfooter\u00a0\u00bb:[],\u00a0\u00bbheadernav\u00a0\u00bb:[\u00ab\u00a0\/culture\u00a0\u00bb,\u00a0\u00bbhttps:\/\/www.liberation.fr\/\u00a0\u00bb],\u00a0\u00bbamp-menu\u00a0\u00bb:[\u00ab\u00a0https:\/\/www.liberation.fr\/\u00a0\u00bb,\u00a0\u00bb\/culture\u00a0\u00bb],\u00a0\u00bbfooter2&Prime;:[\u00ab\u00a0https:\/\/www.liberation.fr\/\u00a0\u00bb,\u00a0\u00bb\/culture\u00a0\u00bb]},\u00a0\u00bbinactive\u00a0\u00bb:false,\u00a0\u00bbnode_type\u00a0\u00bb:\u00a0\u00bbsection\u00a0\u00bb,\u00a0\u00bbchildren\u00a0\u00bb:[]},{\u00ab\u00a0_id\u00a0\u00bb:\u00a0\u00bb\/culture\/scenes\u00a0\u00bb,\u00a0\u00bb_website\u00a0\u00bb:\u00a0\u00bbliberation\u00a0\u00bb,\u00a0\u00bbname\u00a0\u00bb:\u00a0\u00bbTh\u00e9\u00e2tre et sc\u00e8nes\u00a0\u00bb,\u00a0\u00bbinactive\u00a0\u00bb:false,\u00a0\u00bbancestors\u00a0\u00bb:{\u00ab\u00a0default\u00a0\u00bb:[\u00ab\u00a0\/culture\u00a0\u00bb,\u00a0\u00bbhttps:\/\/www.liberation.fr\/\u00a0\u00bb],\u00a0\u00bbburgermenu\u00a0\u00bb:[\u00ab\u00a0\/culture\u00a0\u00bb,\u00a0\u00bbhttps:\/\/www.liberation.fr\/\u00a0\u00bb],\u00a0\u00bbheadernav\u00a0\u00bb:[\u00ab\u00a0\/culture\u00a0\u00bb,\u00a0\u00bbhttps:\/\/www.liberation.fr\/\u00a0\u00bb],\u00a0\u00bbamp-menu\u00a0\u00bb:[\u00ab\u00a0https:\/\/www.liberation.fr\/\u00a0\u00bb,\u00a0\u00bb\/culture\u00a0\u00bb],\u00a0\u00bbfooter\u00a0\u00bb:[],\u00a0\u00bbfooter2&Prime;:[\u00ab\u00a0https:\/\/www.liberation.fr\/\u00a0\u00bb,\u00a0\u00bb\/culture\u00a0\u00bb]},\u00a0\u00bbparent\u00a0\u00bb:{\u00ab\u00a0default\u00a0\u00bb:\u00a0\u00bb\/culture\u00a0\u00bb,\u00a0\u00bbburgermenu\u00a0\u00bb:\u00a0\u00bb\/culture\u00a0\u00bb,\u00a0\u00bbheadernav\u00a0\u00bb:\u00a0\u00bb\/culture\u00a0\u00bb,\u00a0\u00bbamp-menu\u00a0\u00bb:\u00a0\u00bb\/culture\u00a0\u00bb,\u00a0\u00bbfooter\u00a0\u00bb:null,\u00a0\u00bbfooter2&Prime;:\u00a0\u00bb\/culture\u00a0\u00bb},\u00a0\u00bborder\u00a0\u00bb:{\u00ab\u00a0burgermenu\u00a0\u00bb:2010,\u00a0\u00bbdefault\u00a0\u00bb:2009,\u00a0\u00bbheadernav\u00a0\u00bb:2004,\u00a0\u00bbamp-menu\u00a0\u00bb:2008,\u00a0\u00bbfooter2&Prime;:2004},\u00a0\u00bb_admin\u00a0\u00bb:{\u00ab\u00a0alias_ids\u00a0\u00bb:[\u00ab\u00a0\/culture\/scenes\u00a0\u00bb,\u00a0\u00bb28&Prime;]},\u00a0\u00bbnavigation\u00a0\u00bb:{\u00ab\u00a0nav_title\u00a0\u00bb:\u00a0\u00bbSc\u00e8nes\u00a0\u00bb},\u00a0\u00bbsite\u00a0\u00bb:{\u00ab\u00a0pagebuilder_path_for_native_apps\u00a0\u00bb:null,\u00a0\u00bbsite_about\u00a0\u00bb:null,\u00a0\u00bbsite_description\u00a0\u00bb:\u00a0\u00bbRetrouvez toute l&rsquo;actualit\u00e9 du th\u00e9\u00e2tre et du spectacle : nouveaut\u00e9s et critiques de pi\u00e8ces de th\u00e9\u00e2tre, ballets, danse, nos interviews d&rsquo;auteurs et pr\u00e9sentation des Festival&#8230;\u00a0\u00bb,\u00a0\u00bbsite_keywords\u00a0\u00bb:null,\u00a0\u00bbsite_tagline\u00a0\u00bb:null,\u00a0\u00bbsite_title\u00a0\u00bb:\u00a0\u00bbSc\u00e8nes : toute l&rsquo;actualit\u00e9 du th\u00e9\u00e2tre et du spectacle &#8211; Lib\u00e9ration\u00a0\u00bb,\u00a0\u00bbsite_url\u00a0\u00bb:null},\u00a0\u00bbsite_topper\u00a0\u00bb:{\u00ab\u00a0site_logo_image\u00a0\u00bb:null},\u00a0\u00bbsocial\u00a0\u00bb:{\u00ab\u00a0facebook\u00a0\u00bb:null,\u00a0\u00bbinstagram\u00a0\u00bb:null,\u00a0\u00bbrss\u00a0\u00bb:null,\u00a0\u00bbtwitter\u00a0\u00bb:null},\u00a0\u00bbnode_type\u00a0\u00bb:\u00a0\u00bbsection\u00a0\u00bb,\u00a0\u00bbchildren\u00a0\u00bb:[]},{\u00ab\u00a0_id\u00a0\u00bb:\u00a0\u00bb\/culture\/arts\u00a0\u00bb,\u00a0\u00bbsite\u00a0\u00bb:{\u00ab\u00a0site_tagline\u00a0\u00bb:null,\u00a0\u00bbsite_url\u00a0\u00bb:null,\u00a0\u00bbsite_title\u00a0\u00bb:\u00a0\u00bbArts : actualit\u00e9s et informations &#8211; Lib\u00e9ration\u00a0\u00bb,\u00a0\u00bbpagebuilder_path_for_native_apps\u00a0\u00bb:null,\u00a0\u00bbsite_about\u00a0\u00bb:null,\u00a0\u00bbsite_description\u00a0\u00bb:\u00a0\u00bbRetrouvez toute l&rsquo;actualit\u00e9 sur les arts avec Lib\u00e9ration : expositions, peintures, art contemporain&#8230;\u00a0\u00bb,\u00a0\u00bbsite_keywords\u00a0\u00bb:null},\u00a0\u00bbsite_topper\u00a0\u00bb:{\u00ab\u00a0site_logo_image\u00a0\u00bb:null},\u00a0\u00bbsocial\u00a0\u00bb:{\u00ab\u00a0twitter\u00a0\u00bb:null,\u00a0\u00bbfacebook\u00a0\u00bb:null,\u00a0\u00bbrss\u00a0\u00bb:null,\u00a0\u00bbinstagram\u00a0\u00bb:null},\u00a0\u00bbnavigation\u00a0\u00bb:{\u00ab\u00a0nav_title\u00a0\u00bb:\u00a0\u00bbArts\u00a0\u00bb},\u00a0\u00bb_admin\u00a0\u00bb:{\u00ab\u00a0alias_ids\u00a0\u00bb:[\u00ab\u00a0\/culture\/arts\u00a0\u00bb,\u00a0\u00bb99964&Prime;]},\u00a0\u00bb_website\u00a0\u00bb:\u00a0\u00bbliberation\u00a0\u00bb,\u00a0\u00bbname\u00a0\u00bb:\u00a0\u00bbArts\u00a0\u00bb,\u00a0\u00bborder\u00a0\u00bb:{\u00ab\u00a0burgermenu\u00a0\u00bb:2002,\u00a0\u00bbdefault\u00a0\u00bb:2010,\u00a0\u00bbheadernav\u00a0\u00bb:2005,\u00a0\u00bbamp-menu\u00a0\u00bb:2001,\u00a0\u00bbfooter2&Prime;:2005},\u00a0\u00bbparent\u00a0\u00bb:{\u00ab\u00a0default\u00a0\u00bb:\u00a0\u00bb\/culture\u00a0\u00bb,\u00a0\u00bbburgermenu\u00a0\u00bb:\u00a0\u00bb\/culture\u00a0\u00bb,\u00a0\u00bbheadernav\u00a0\u00bb:\u00a0\u00bb\/culture\u00a0\u00bb,\u00a0\u00bbamp-menu\u00a0\u00bb:\u00a0\u00bb\/culture\u00a0\u00bb,\u00a0\u00bbfooter\u00a0\u00bb:null,\u00a0\u00bbfooter2&Prime;:\u00a0\u00bb\/culture\u00a0\u00bb},\u00a0\u00bbancestors\u00a0\u00bb:{\u00ab\u00a0default\u00a0\u00bb:[\u00ab\u00a0\/culture\u00a0\u00bb,\u00a0\u00bbhttps:\/\/www.liberation.fr\/\u00a0\u00bb],\u00a0\u00bbburgermenu\u00a0\u00bb:[\u00ab\u00a0\/culture\u00a0\u00bb,\u00a0\u00bbhttps:\/\/www.liberation.fr\/\u00a0\u00bb],\u00a0\u00bbheadernav\u00a0\u00bb:[\u00ab\u00a0\/culture\u00a0\u00bb,\u00a0\u00bbhttps:\/\/www.liberation.fr\/\u00a0\u00bb],\u00a0\u00bbamp-menu\u00a0\u00bb:[\u00ab\u00a0https:\/\/www.liberation.fr\/\u00a0\u00bb,\u00a0\u00bb\/culture\u00a0\u00bb],\u00a0\u00bbfooter\u00a0\u00bb:[],\u00a0\u00bbfooter2&Prime;:[\u00ab\u00a0https:\/\/www.liberation.fr\/\u00a0\u00bb,\u00a0\u00bb\/culture\u00a0\u00bb]},\u00a0\u00bbinactive\u00a0\u00bb:false,\u00a0\u00bbnode_type\u00a0\u00bb:\u00a0\u00bbsection\u00a0\u00bb,\u00a0\u00bbchildren\u00a0\u00bb:[{\u00ab\u00a0_id\u00a0\u00bb:\u00a0\u00bb\/culture\/arts\/art-contemporain\u00a0\u00bb,\u00a0\u00bbsite\u00a0\u00bb:{\u00ab\u00a0site_title\u00a0\u00bb:\u00a0\u00bbArt contemporain : actualit\u00e9s et informations &#8211; Lib\u00e9ration\u00a0\u00bb,\u00a0\u00bbsite_about\u00a0\u00bb:null,\u00a0\u00bbsite_tagline\u00a0\u00bb:null,\u00a0\u00bbpagebuilder_path_for_native_apps\u00a0\u00bb:null,\u00a0\u00bbsite_url\u00a0\u00bb:null,\u00a0\u00bbsite_description\u00a0\u00bb:\u00a0\u00bbRetrouvez toute l&rsquo;actualit\u00e9 sur l&rsquo;art contemporain avec Lib\u00e9ration.\u00a0\u00bb,\u00a0\u00bbsite_keywords\u00a0\u00bb:null},\u00a0\u00bbsocial\u00a0\u00bb:{\u00ab\u00a0facebook\u00a0\u00bb:null,\u00a0\u00bbinstagram\u00a0\u00bb:null,\u00a0\u00bbrss\u00a0\u00bb:null,\u00a0\u00bbtwitter\u00a0\u00bb:null},\u00a0\u00bbsite_topper\u00a0\u00bb:{\u00ab\u00a0site_logo_image\u00a0\u00bb:null},\u00a0\u00bbnavigation\u00a0\u00bb:{\u00ab\u00a0nav_title\u00a0\u00bb:\u00a0\u00bbArt contemporain\u00a0\u00bb},\u00a0\u00bb_admin\u00a0\u00bb:{\u00ab\u00a0alias_ids\u00a0\u00bb:[\u00ab\u00a0\/culture\/arts\/art-contemporain\u00a0\u00bb,\u00a0\u00bb200046&Prime;]},\u00a0\u00bb_website\u00a0\u00bb:\u00a0\u00bbliberation\u00a0\u00bb,\u00a0\u00bbname\u00a0\u00bb:\u00a0\u00bbArt contemporain\u00a0\u00bb,\u00a0\u00bborder\u00a0\u00bb:{\u00ab\u00a0burgermenu\u00a0\u00bb:3001},\u00a0\u00bbparent\u00a0\u00bb:{\u00ab\u00a0default\u00a0\u00bb:\u00a0\u00bb\/culture\/arts\u00a0\u00bb,\u00a0\u00bbheadernav\u00a0\u00bb:\u00a0\u00bb\/culture\/arts\u00a0\u00bb,\u00a0\u00bbburgermenu\u00a0\u00bb:\u00a0\u00bb\/culture\/arts\u00a0\u00bb,\u00a0\u00bbfooter\u00a0\u00bb:null,\u00a0\u00bbfooter2&Prime;:\u00a0\u00bb\/culture\/arts\u00a0\u00bb},\u00a0\u00bbancestors\u00a0\u00bb:{\u00ab\u00a0default\u00a0\u00bb:[\u00ab\u00a0https:\/\/www.liberation.fr\/\u00a0\u00bb,\u00a0\u00bb\/culture\u00a0\u00bb,\u00a0\u00bb\/culture\/arts\u00a0\u00bb],\u00a0\u00bbheadernav\u00a0\u00bb:[\u00ab\u00a0https:\/\/www.liberation.fr\/\u00a0\u00bb,\u00a0\u00bb\/culture\u00a0\u00bb,\u00a0\u00bb\/culture\/arts\u00a0\u00bb],\u00a0\u00bbburgermenu\u00a0\u00bb:[\u00ab\u00a0https:\/\/www.liberation.fr\/\u00a0\u00bb,\u00a0\u00bb\/culture\u00a0\u00bb,\u00a0\u00bb\/culture\/arts\u00a0\u00bb],\u00a0\u00bbfooter\u00a0\u00bb:[],\u00a0\u00bbfooter2&Prime;:[\u00ab\u00a0https:\/\/www.liberation.fr\/\u00a0\u00bb,\u00a0\u00bb\/culture\u00a0\u00bb,\u00a0\u00bb\/culture\/arts\u00a0\u00bb]},\u00a0\u00bbinactive\u00a0\u00bb:false,\u00a0\u00bbnode_type\u00a0\u00bb:\u00a0\u00bbsection\u00a0\u00bb,\u00a0\u00bbchildren\u00a0\u00bb:[]}]},{\u00ab\u00a0_id\u00a0\u00bb:\u00a0\u00bb\/culture\/series\u00a0\u00bb,\u00a0\u00bbsite\u00a0\u00bb:{\u00ab\u00a0site_tagline\u00a0\u00bb:null,\u00a0\u00bbsite_url\u00a0\u00bb:null,\u00a0\u00bbsite_title\u00a0\u00bb:\u00a0\u00bbS\u00e9ries TV : critiques, s\u00e9lections et actus &#8211; Lib\u00e9ration\u00a0\u00bb,\u00a0\u00bbpagebuilder_path_for_native_apps\u00a0\u00bb:null,\u00a0\u00bbsite_about\u00a0\u00bb:null,\u00a0\u00bbsite_description\u00a0\u00bb:\u00a0\u00bbRetrouvez toute l&rsquo;actualit\u00e9 sur les s\u00e9ries TV, critiques, nouveaut\u00e9s ainsi que les s\u00e9lections de Lib\u00e9ration.\u00a0\u00bb,\u00a0\u00bbsite_keywords\u00a0\u00bb:null},\u00a0\u00bbsite_topper\u00a0\u00bb:{\u00ab\u00a0site_logo_image\u00a0\u00bb:null},\u00a0\u00bbsocial\u00a0\u00bb:{\u00ab\u00a0twitter\u00a0\u00bb:null,\u00a0\u00bbfacebook\u00a0\u00bb:null,\u00a0\u00bbrss\u00a0\u00bb:null,\u00a0\u00bbinstagram\u00a0\u00bb:null},\u00a0\u00bbnavigation\u00a0\u00bb:{\u00ab\u00a0nav_title\u00a0\u00bb:\u00a0\u00bbS\u00e9ries\u00a0\u00bb},\u00a0\u00bb_admin\u00a0\u00bb:{\u00ab\u00a0alias_ids\u00a0\u00bb:[\u00ab\u00a0\/culture\/series\u00a0\u00bb,\u00a0\u00bb200005&Prime;]},\u00a0\u00bb_website\u00a0\u00bb:\u00a0\u00bbliberation\u00a0\u00bb,\u00a0\u00bbname\u00a0\u00bb:\u00a0\u00bbS\u00e9ries\u00a0\u00bb,\u00a0\u00bborder\u00a0\u00bb:{\u00ab\u00a0burgermenu\u00a0\u00bb:2011,\u00a0\u00bbdefault\u00a0\u00bb:2011,\u00a0\u00bbheadernav\u00a0\u00bb:2006,\u00a0\u00bbamp-menu\u00a0\u00bb:2009,\u00a0\u00bbfooter2&Prime;:2007},\u00a0\u00bbparent\u00a0\u00bb:{\u00ab\u00a0default\u00a0\u00bb:\u00a0\u00bb\/culture\u00a0\u00bb,\u00a0\u00bbburgermenu\u00a0\u00bb:\u00a0\u00bb\/culture\u00a0\u00bb,\u00a0\u00bbheadernav\u00a0\u00bb:\u00a0\u00bb\/culture\u00a0\u00bb,\u00a0\u00bbamp-menu\u00a0\u00bb:\u00a0\u00bb\/culture\u00a0\u00bb,\u00a0\u00bbfooter\u00a0\u00bb:null,\u00a0\u00bbfooter2&Prime;:\u00a0\u00bb\/culture\u00a0\u00bb},\u00a0\u00bbancestors\u00a0\u00bb:{\u00ab\u00a0default\u00a0\u00bb:[\u00ab\u00a0\/culture\u00a0\u00bb,\u00a0\u00bbhttps:\/\/www.liberation.fr\/\u00a0\u00bb],\u00a0\u00bbburgermenu\u00a0\u00bb:[\u00ab\u00a0\/culture\u00a0\u00bb,\u00a0\u00bbhttps:\/\/www.liberation.fr\/\u00a0\u00bb],\u00a0\u00bbheadernav\u00a0\u00bb:[\u00ab\u00a0\/culture\u00a0\u00bb,\u00a0\u00bbhttps:\/\/www.liberation.fr\/\u00a0\u00bb],\u00a0\u00bbamp-menu\u00a0\u00bb:[\u00ab\u00a0https:\/\/www.liberation.fr\/\u00a0\u00bb,\u00a0\u00bb\/culture\u00a0\u00bb],\u00a0\u00bbfooter\u00a0\u00bb:[],\u00a0\u00bbfooter2&Prime;:[\u00ab\u00a0https:\/\/www.liberation.fr\/\u00a0\u00bb,\u00a0\u00bb\/culture\u00a0\u00bb]},\u00a0\u00bbinactive\u00a0\u00bb:false,\u00a0\u00bbnode_type\u00a0\u00bb:\u00a0\u00bbsection\u00a0\u00bb,\u00a0\u00bbchildren\u00a0\u00bb:[]},{\u00ab\u00a0_id\u00a0\u00bb:\u00a0\u00bb\/culture\/jeux-video\u00a0\u00bb,\u00a0\u00bbsite\u00a0\u00bb:{\u00ab\u00a0site_tagline\u00a0\u00bb:null,\u00a0\u00bbsite_url\u00a0\u00bb:null,\u00a0\u00bbsite_title\u00a0\u00bb:\u00a0\u00bbToute l&rsquo;actualit\u00e9 des jeux vid\u00e9o &#8211; Lib\u00e9ration\u00a0\u00bb,\u00a0\u00bbpagebuilder_path_for_native_apps\u00a0\u00bb:null,\u00a0\u00bbsite_about\u00a0\u00bb:null,\u00a0\u00bbsite_description\u00a0\u00bb:\u00a0\u00bbRetrouvez toute l&rsquo;actualit\u00e9 sur les jeux vid\u00e9o avec Lib\u00e9ration.\u00a0\u00bb,\u00a0\u00bbsite_keywords\u00a0\u00bb:null},\u00a0\u00bbsite_topper\u00a0\u00bb:{\u00ab\u00a0site_logo_image\u00a0\u00bb:null},\u00a0\u00bbsocial\u00a0\u00bb:{\u00ab\u00a0twitter\u00a0\u00bb:null,\u00a0\u00bbfacebook\u00a0\u00bb:null,\u00a0\u00bbrss\u00a0\u00bb:null,\u00a0\u00bbinstagram\u00a0\u00bb:null},\u00a0\u00bbnavigation\u00a0\u00bb:{\u00ab\u00a0nav_title\u00a0\u00bb:\u00a0\u00bbJeux vid\u00e9o\u00a0\u00bb},\u00a0\u00bb_admin\u00a0\u00bb:{\u00ab\u00a0alias_ids\u00a0\u00bb:[\u00ab\u00a0\/culture\/jeux-video\u00a0\u00bb,\u00a0\u00bb200006&Prime;]},\u00a0\u00bb_website\u00a0\u00bb:\u00a0\u00bbliberation\u00a0\u00bb,\u00a0\u00bbname\u00a0\u00bb:\u00a0\u00bbJeux vid\u00e9o\u00a0\u00bb,\u00a0\u00bborder\u00a0\u00bb:{\u00ab\u00a0burgermenu\u00a0\u00bb:2004,\u00a0\u00bbdefault\u00a0\u00bb:2012,\u00a0\u00bbheadernav\u00a0\u00bb:2007,\u00a0\u00bbamp-menu\u00a0\u00bb:2003,\u00a0\u00bbfooter2&Prime;:2008},\u00a0\u00bbparent\u00a0\u00bb:{\u00ab\u00a0default\u00a0\u00bb:\u00a0\u00bb\/culture\u00a0\u00bb,\u00a0\u00bbburgermenu\u00a0\u00bb:\u00a0\u00bb\/culture\u00a0\u00bb,\u00a0\u00bbheadernav\u00a0\u00bb:\u00a0\u00bb\/culture\u00a0\u00bb,\u00a0\u00bbamp-menu\u00a0\u00bb:\u00a0\u00bb\/culture\u00a0\u00bb,\u00a0\u00bbfooter\u00a0\u00bb:null,\u00a0\u00bbfooter2&Prime;:\u00a0\u00bb\/culture\u00a0\u00bb},\u00a0\u00bbancestors\u00a0\u00bb:{\u00ab\u00a0default\u00a0\u00bb:[\u00ab\u00a0\/culture\u00a0\u00bb,\u00a0\u00bbhttps:\/\/www.liberation.fr\/\u00a0\u00bb],\u00a0\u00bbburgermenu\u00a0\u00bb:[\u00ab\u00a0\/culture\u00a0\u00bb,\u00a0\u00bbhttps:\/\/www.liberation.fr\/\u00a0\u00bb],\u00a0\u00bbheadernav\u00a0\u00bb:[\u00ab\u00a0\/culture\u00a0\u00bb,\u00a0\u00bbhttps:\/\/www.liberation.fr\/\u00a0\u00bb],\u00a0\u00bbamp-menu\u00a0\u00bb:[\u00ab\u00a0https:\/\/www.liberation.fr\/\u00a0\u00bb,\u00a0\u00bb\/culture\u00a0\u00bb],\u00a0\u00bbfooter\u00a0\u00bb:[],\u00a0\u00bbfooter2&Prime;:[\u00ab\u00a0https:\/\/www.liberation.fr\/\u00a0\u00bb,\u00a0\u00bb\/culture\u00a0\u00bb]},\u00a0\u00bbinactive\u00a0\u00bb:false,\u00a0\u00bbnode_type\u00a0\u00bb:\u00a0\u00bbsection\u00a0\u00bb,\u00a0\u00bbchildren\u00a0\u00bb:[]},{\u00ab\u00a0_id\u00a0\u00bb:\u00a0\u00bblink-QKLVECHFYRF7RALCHUEXUKCIYU\u00a0\u00bb,\u00a0\u00bb_website\u00a0\u00bb:\u00a0\u00bbliberation\u00a0\u00bb,\u00a0\u00bbdisplay_name\u00a0\u00bb:\u00a0\u00bbPolars et thrillers\u00a0\u00bb,\u00a0\u00bburl\u00a0\u00bb:\u00a0\u00bbhttps:\/\/www.liberation.fr\/tags\/romans-policiers-polars-et-thrillers\/\u00a0\u00bb,\u00a0\u00bbparent\u00a0\u00bb:{\u00ab\u00a0headernav\u00a0\u00bb:\u00a0\u00bb\/culture\u00a0\u00bb},\u00a0\u00bborder\u00a0\u00bb:{\u00ab\u00a0headernav\u00a0\u00bb:2008},\u00a0\u00bbnode_type\u00a0\u00bb:\u00a0\u00bblink\u00a0\u00bb,\u00a0\u00bbchildren\u00a0\u00bb:[]}]},{\u00ab\u00a0_id\u00a0\u00bb:\u00a0\u00bblink-ZBACY3EGOZCCTDADARMV2KBJQU\u00a0\u00bb,\u00a0\u00bb_website\u00a0\u00bb:\u00a0\u00bbliberation\u00a0\u00bb,\u00a0\u00bbdisplay_name\u00a0\u00bb:\u00a0\u00bbFestival d&rsquo;Avignon\u00a0\u00bb,\u00a0\u00bburl\u00a0\u00bb:\u00a0\u00bbhttps:\/\/www.liberation.fr\/tags\/festival-d-avignon\/\u00a0\u00bb,\u00a0\u00bbparent\u00a0\u00bb:{\u00ab\u00a0headernav\u00a0\u00bb:\u00a0\u00bbhttps:\/\/www.liberation.fr\/\u00a0\u00bb},\u00a0\u00bborder\u00a0\u00bb:{\u00ab\u00a0headernav\u00a0\u00bb:1005},\u00a0\u00bbnode_type\u00a0\u00bb:\u00a0\u00bblink\u00a0\u00bb,\u00a0\u00bbchildren\u00a0\u00bb:[]},{\u00ab\u00a0_id\u00a0\u00bb:\u00a0\u00bb\/checknews\u00a0\u00bb,\u00a0\u00bbsite\u00a0\u00bb:{\u00ab\u00a0site_tagline\u00a0\u00bb:null,\u00a0\u00bbsite_url\u00a0\u00bb:\u00a0\u00bb\u00a0\u00bb,\u00a0\u00bbsite_title\u00a0\u00bb:\u00a0\u00bbChecknews\u00a0\u00bb,\u00a0\u00bbsite_about\u00a0\u00bb:null,\u00a0\u00bbpagebuilder_path_for_native_apps\u00a0\u00bb:null,\u00a0\u00bbsite_description\u00a0\u00bb:\u00a0\u00bbPour mieux comprendre l&rsquo;actualit\u00e9, Lib\u00e9ration lance CheckNews, un nouveau type de moteur de recherche g\u00e9r\u00e9 par des journalistes. Posez vos questions, nous prendrons le temps d&rsquo;enqu\u00eater avant de vous r\u00e9pondre.\u00a0\u00bb,\u00a0\u00bbsite_keywords\u00a0\u00bb:null},\u00a0\u00bbsite_topper\u00a0\u00bb:{\u00ab\u00a0site_logo_image\u00a0\u00bb:\u00a0\u00bbhttps:\/\/cloudfront-eu-central-1.images.arcpublishing.com\/sandbox.liberation\/3GC5ULE5BNG2HFCF7GSPG2EVWA.jpg\u00a0\u00bb},\u00a0\u00bbsocial\u00a0\u00bb:{\u00ab\u00a0twitter\u00a0\u00bb:null,\u00a0\u00bbfacebook\u00a0\u00bb:null,\u00a0\u00bbrss\u00a0\u00bb:null,\u00a0\u00bbinstagram\u00a0\u00bb:null},\u00a0\u00bbnavigation\u00a0\u00bb:{\u00ab\u00a0nav_title\u00a0\u00bb:\u00a0\u00bbChecknews\u00a0\u00bb},\u00a0\u00bb_admin\u00a0\u00bb:{\u00ab\u00a0alias_ids\u00a0\u00bb:[\u00ab\u00a0\/checknews\u00a0\u00bb,\u00a0\u00bb100893&Prime;]},\u00a0\u00bb_website\u00a0\u00bb:\u00a0\u00bbliberation\u00a0\u00bb,\u00a0\u00bbname\u00a0\u00bb:\u00a0\u00bbCheckNews\u00a0\u00bb,\u00a0\u00bborder\u00a0\u00bb:{\u00ab\u00a0default\u00a0\u00bb:1011,\u00a0\u00bbburgermenu\u00a0\u00bb:1004,\u00a0\u00bbheadernav\u00a0\u00bb:1006,\u00a0\u00bbamp-menu\u00a0\u00bb:1002,\u00a0\u00bbfooter2&Prime;:1008},\u00a0\u00bbparent\u00a0\u00bb:{\u00ab\u00a0default\u00a0\u00bb:\u00a0\u00bbhttps:\/\/www.liberation.fr\/\u00a0\u00bb,\u00a0\u00bbburgermenu\u00a0\u00bb:\u00a0\u00bbhttps:\/\/www.liberation.fr\/\u00a0\u00bb,\u00a0\u00bbheadernav\u00a0\u00bb:\u00a0\u00bbhttps:\/\/www.liberation.fr\/\u00a0\u00bb,\u00a0\u00bbfooter\u00a0\u00bb:null,\u00a0\u00bbamp-menu\u00a0\u00bb:\u00a0\u00bbhttps:\/\/www.liberation.fr\/\u00a0\u00bb,\u00a0\u00bbfooter2&Prime;:\u00a0\u00bbhttps:\/\/www.liberation.fr\/\u00a0\u00bb},\u00a0\u00bbancestors\u00a0\u00bb:{\u00ab\u00a0default\u00a0\u00bb:[\u00ab\u00a0https:\/\/www.liberation.fr\/\u00a0\u00bb],\u00a0\u00bbburgermenu\u00a0\u00bb:[\u00ab\u00a0https:\/\/www.liberation.fr\/\u00a0\u00bb],\u00a0\u00bbheadernav\u00a0\u00bb:[\u00ab\u00a0https:\/\/www.liberation.fr\/\u00a0\u00bb],\u00a0\u00bbfooter\u00a0\u00bb:[],\u00a0\u00bbamp-menu\u00a0\u00bb:[\u00ab\u00a0https:\/\/www.liberation.fr\/\u00a0\u00bb],\u00a0\u00bbfooter2&Prime;:[\u00ab\u00a0https:\/\/www.liberation.fr\/\u00a0\u00bb]},\u00a0\u00bbinactive\u00a0\u00bb:false,\u00a0\u00bbnode_type\u00a0\u00bb:\u00a0\u00bbsection\u00a0\u00bb,\u00a0\u00bbchildren\u00a0\u00bb:[]},{\u00ab\u00a0_id\u00a0\u00bb:\u00a0\u00bb\/societe\u00a0\u00bb,\u00a0\u00bbsite\u00a0\u00bb:{\u00ab\u00a0site_tagline\u00a0\u00bb:null,\u00a0\u00bbsite_url\u00a0\u00bb:null,\u00a0\u00bbsite_title\u00a0\u00bb:\u00a0\u00bbToute l\u2019actualit\u00e9 Soci\u00e9t\u00e9 avec Lib\u00e9ration &#8211; Lib\u00e9ration\u00a0\u00bb,\u00a0\u00bbsite_about\u00a0\u00bb:null,\u00a0\u00bbpagebuilder_path_for_native_apps\u00a0\u00bb:null,\u00a0\u00bbsite_description\u00a0\u00bb:\u00a0\u00bbActualit\u00e9 soci\u00e9t\u00e9 &#8211; tout savoir sur les derni\u00e8res infos soci\u00e9t\u00e9 avec Lib\u00e9ration : droits des femmes, \u00e9ducation, police-justice, sant\u00e9, logement&#8230;\u00a0\u00bb,\u00a0\u00bbsite_keywords\u00a0\u00bb:null},\u00a0\u00bbsite_topper\u00a0\u00bb:{\u00ab\u00a0site_logo_image\u00a0\u00bb:null},\u00a0\u00bbsocial\u00a0\u00bb:{\u00ab\u00a0twitter\u00a0\u00bb:null,\u00a0\u00bbfacebook\u00a0\u00bb:null,\u00a0\u00bbrss\u00a0\u00bb:null,\u00a0\u00bbinstagram\u00a0\u00bb:null},\u00a0\u00bbnavigation\u00a0\u00bb:{\u00ab\u00a0nav_title\u00a0\u00bb:null},\u00a0\u00bb_admin\u00a0\u00bb:{\u00ab\u00a0alias_ids\u00a0\u00bb:[\u00ab\u00a0\/societe\u00a0\u00bb,\u00a0\u00bb11&Prime;]},\u00a0\u00bb_website\u00a0\u00bb:\u00a0\u00bbliberation\u00a0\u00bb,\u00a0\u00bbname\u00a0\u00bb:\u00a0\u00bbSoci\u00e9t\u00e9\u00a0\u00bb,\u00a0\u00bborder\u00a0\u00bb:{\u00ab\u00a0burgermenu\u00a0\u00bb:1009,\u00a0\u00bbdefault\u00a0\u00bb:1005,\u00a0\u00bbheadernav\u00a0\u00bb:1007,\u00a0\u00bbamp-menu\u00a0\u00bb:1004,\u00a0\u00bbfooter2&Prime;:1001},\u00a0\u00bbparent\u00a0\u00bb:{\u00ab\u00a0default\u00a0\u00bb:\u00a0\u00bbhttps:\/\/www.liberation.fr\/\u00a0\u00bb,\u00a0\u00bbburgermenu\u00a0\u00bb:\u00a0\u00bbhttps:\/\/www.liberation.fr\/\u00a0\u00bb,\u00a0\u00bbfooter\u00a0\u00bb:null,\u00a0\u00bbheadernav\u00a0\u00bb:\u00a0\u00bbhttps:\/\/www.liberation.fr\/\u00a0\u00bb,\u00a0\u00bbamp-menu\u00a0\u00bb:\u00a0\u00bbhttps:\/\/www.liberation.fr\/\u00a0\u00bb,\u00a0\u00bbfooter2&Prime;:\u00a0\u00bbhttps:\/\/www.liberation.fr\/\u00a0\u00bb},\u00a0\u00bbancestors\u00a0\u00bb:{\u00ab\u00a0default\u00a0\u00bb:[\u00ab\u00a0https:\/\/www.liberation.fr\/\u00a0\u00bb],\u00a0\u00bbburgermenu\u00a0\u00bb:[\u00ab\u00a0https:\/\/www.liberation.fr\/\u00a0\u00bb],\u00a0\u00bbfooter\u00a0\u00bb:[],\u00a0\u00bbheadernav\u00a0\u00bb:[\u00ab\u00a0https:\/\/www.liberation.fr\/\u00a0\u00bb],\u00a0\u00bbamp-menu\u00a0\u00bb:[\u00ab\u00a0https:\/\/www.liberation.fr\/\u00a0\u00bb],\u00a0\u00bbfooter2&Prime;:[\u00ab\u00a0https:\/\/www.liberation.fr\/\u00a0\u00bb]},\u00a0\u00bbinactive\u00a0\u00bb:false,\u00a0\u00bbnode_type\u00a0\u00bb:\u00a0\u00bbsection\u00a0\u00bb,\u00a0\u00bbchildren\u00a0\u00bb:[{\u00ab\u00a0_id\u00a0\u00bb:\u00a0\u00bb\/societe\/education\u00a0\u00bb,\u00a0\u00bbsite\u00a0\u00bb:{\u00ab\u00a0site_tagline\u00a0\u00bb:null,\u00a0\u00bbsite_url\u00a0\u00bb:null,\u00a0\u00bbsite_title\u00a0\u00bb:\u00a0\u00bbEducation : informations et actualit\u00e9s &#8211; Lib\u00e9ration\u00a0\u00bb,\u00a0\u00bbpagebuilder_path_for_native_apps\u00a0\u00bb:null,\u00a0\u00bbsite_about\u00a0\u00bb:null,\u00a0\u00bbsite_description\u00a0\u00bb:\u00a0\u00bbRetrouvez ici tous les articles de Lib\u00e9ration concernant l&rsquo;\u00e9ducation : infos, reportages, analyses, interviews, tribunes&#8230;\u00a0\u00bb,\u00a0\u00bbsite_keywords\u00a0\u00bb:null},\u00a0\u00bbsite_topper\u00a0\u00bb:{\u00ab\u00a0site_logo_image\u00a0\u00bb:null},\u00a0\u00bbsocial\u00a0\u00bb:{\u00ab\u00a0twitter\u00a0\u00bb:null,\u00a0\u00bbfacebook\u00a0\u00bb:null,\u00a0\u00bbrss\u00a0\u00bb:null,\u00a0\u00bbinstagram\u00a0\u00bb:null},\u00a0\u00bbnavigation\u00a0\u00bb:{\u00ab\u00a0nav_title\u00a0\u00bb:\u00a0\u00bbEducation\u00a0\u00bb},\u00a0\u00bb_admin\u00a0\u00bb:{\u00ab\u00a0alias_ids\u00a0\u00bb:[\u00ab\u00a0\/societe\/education\u00a0\u00bb,\u00a0\u00bb200032&Prime;]},\u00a0\u00bb_website\u00a0\u00bb:\u00a0\u00bbliberation\u00a0\u00bb,\u00a0\u00bbname\u00a0\u00bb:\u00a0\u00bbEducation\u00a0\u00bb,\u00a0\u00bborder\u00a0\u00bb:{\u00ab\u00a0burgermenu\u00a0\u00bb:2003,\u00a0\u00bbheadernav\u00a0\u00bb:2001,\u00a0\u00bbamp-menu\u00a0\u00bb:2003,\u00a0\u00bbfooter2&Prime;:2005,\u00a0\u00bbdefault\u00a0\u00bb:2002},\u00a0\u00bbparent\u00a0\u00bb:{\u00ab\u00a0default\u00a0\u00bb:\u00a0\u00bb\/societe\u00a0\u00bb,\u00a0\u00bbfooter\u00a0\u00bb:null,\u00a0\u00bbheadernav\u00a0\u00bb:\u00a0\u00bb\/societe\u00a0\u00bb,\u00a0\u00bbburgermenu\u00a0\u00bb:\u00a0\u00bb\/societe\u00a0\u00bb,\u00a0\u00bbamp-menu\u00a0\u00bb:\u00a0\u00bb\/societe\u00a0\u00bb,\u00a0\u00bbfooter2&Prime;:\u00a0\u00bb\/societe\u00a0\u00bb},\u00a0\u00bbancestors\u00a0\u00bb:{\u00ab\u00a0default\u00a0\u00bb:[\u00ab\u00a0https:\/\/www.liberation.fr\/\u00a0\u00bb,\u00a0\u00bb\/societe\u00a0\u00bb],\u00a0\u00bbfooter\u00a0\u00bb:[],\u00a0\u00bbheadernav\u00a0\u00bb:[\u00ab\u00a0https:\/\/www.liberation.fr\/\u00a0\u00bb,\u00a0\u00bb\/societe\u00a0\u00bb],\u00a0\u00bbburgermenu\u00a0\u00bb:[\u00ab\u00a0\/societe\u00a0\u00bb,\u00a0\u00bbhttps:\/\/www.liberation.fr\/\u00a0\u00bb],\u00a0\u00bbamp-menu\u00a0\u00bb:[\u00ab\u00a0https:\/\/www.liberation.fr\/\u00a0\u00bb,\u00a0\u00bb\/societe\u00a0\u00bb],\u00a0\u00bbfooter2&Prime;:[\u00ab\u00a0https:\/\/www.liberation.fr\/\u00a0\u00bb,\u00a0\u00bb\/societe\u00a0\u00bb]},\u00a0\u00bbinactive\u00a0\u00bb:false,\u00a0\u00bbnode_type\u00a0\u00bb:\u00a0\u00bbsection\u00a0\u00bb,\u00a0\u00bbchildren\u00a0\u00bb:[]},{\u00ab\u00a0_id\u00a0\u00bb:\u00a0\u00bb\/societe\/sante\u00a0\u00bb,\u00a0\u00bbsite\u00a0\u00bb:{\u00ab\u00a0site_tagline\u00a0\u00bb:null,\u00a0\u00bbsite_url\u00a0\u00bb:null,\u00a0\u00bbsite_title\u00a0\u00bb:\u00a0\u00bbSant\u00e9 : actualit\u00e9s et informations en direct &#8211; Lib\u00e9ration\u00a0\u00bb,\u00a0\u00bbpagebuilder_path_for_native_apps\u00a0\u00bb:null,\u00a0\u00bbsite_about\u00a0\u00bb:null,\u00a0\u00bbsite_description\u00a0\u00bb:\u00a0\u00bbRetrouvez toute l&rsquo;actualit\u00e9 sant\u00e9 avec des informations sur les maladies, les traitements, la recherche m\u00e9dicale, la situation des h\u00f4pitaux en France&#8230;\u00a0\u00bb,\u00a0\u00bbsite_keywords\u00a0\u00bb:null},\u00a0\u00bbsite_topper\u00a0\u00bb:{\u00ab\u00a0site_logo_image\u00a0\u00bb:null},\u00a0\u00bbsocial\u00a0\u00bb:{\u00ab\u00a0twitter\u00a0\u00bb:null,\u00a0\u00bbfacebook\u00a0\u00bb:null,\u00a0\u00bbrss\u00a0\u00bb:null,\u00a0\u00bbinstagram\u00a0\u00bb:null},\u00a0\u00bbnavigation\u00a0\u00bb:{\u00ab\u00a0nav_title\u00a0\u00bb:\u00a0\u00bbSant\u00e9\u00a0\u00bb},\u00a0\u00bb_admin\u00a0\u00bb:{\u00ab\u00a0alias_ids\u00a0\u00bb:[\u00ab\u00a0\/societe\/sante\u00a0\u00bb,\u00a0\u00bb200033&Prime;]},\u00a0\u00bb_website\u00a0\u00bb:\u00a0\u00bbliberation\u00a0\u00bb,\u00a0\u00bbname\u00a0\u00bb:\u00a0\u00bbSant\u00e9\u00a0\u00bb,\u00a0\u00bborder\u00a0\u00bb:{\u00ab\u00a0burgermenu\u00a0\u00bb:2007,\u00a0\u00bbheadernav\u00a0\u00bb:2002,\u00a0\u00bbamp-menu\u00a0\u00bb:2007,\u00a0\u00bbfooter2&Prime;:2007,\u00a0\u00bbdefault\u00a0\u00bb:2006},\u00a0\u00bbparent\u00a0\u00bb:{\u00ab\u00a0default\u00a0\u00bb:\u00a0\u00bb\/societe\u00a0\u00bb,\u00a0\u00bbfooter\u00a0\u00bb:null,\u00a0\u00bbheadernav\u00a0\u00bb:\u00a0\u00bb\/societe\u00a0\u00bb,\u00a0\u00bbburgermenu\u00a0\u00bb:\u00a0\u00bb\/societe\u00a0\u00bb,\u00a0\u00bbamp-menu\u00a0\u00bb:\u00a0\u00bb\/societe\u00a0\u00bb,\u00a0\u00bbfooter2&Prime;:\u00a0\u00bb\/societe\u00a0\u00bb},\u00a0\u00bbancestors\u00a0\u00bb:{\u00ab\u00a0default\u00a0\u00bb:[\u00ab\u00a0https:\/\/www.liberation.fr\/\u00a0\u00bb,\u00a0\u00bb\/societe\u00a0\u00bb],\u00a0\u00bbfooter\u00a0\u00bb:[],\u00a0\u00bbheadernav\u00a0\u00bb:[\u00ab\u00a0https:\/\/www.liberation.fr\/\u00a0\u00bb,\u00a0\u00bb\/societe\u00a0\u00bb],\u00a0\u00bbburgermenu\u00a0\u00bb:[\u00ab\u00a0\/societe\u00a0\u00bb,\u00a0\u00bbhttps:\/\/www.liberation.fr\/\u00a0\u00bb],\u00a0\u00bbamp-menu\u00a0\u00bb:[\u00ab\u00a0https:\/\/www.liberation.fr\/\u00a0\u00bb,\u00a0\u00bb\/societe\u00a0\u00bb],\u00a0\u00bbfooter2&Prime;:[\u00ab\u00a0https:\/\/www.liberation.fr\/\u00a0\u00bb,\u00a0\u00bb\/societe\u00a0\u00bb]},\u00a0\u00bbinactive\u00a0\u00bb:false,\u00a0\u00bbnode_type\u00a0\u00bb:\u00a0\u00bbsection\u00a0\u00bb,\u00a0\u00bbchildren\u00a0\u00bb:[]},{\u00ab\u00a0_id\u00a0\u00bb:\u00a0\u00bb\/societe\/droits-des-femmes\u00a0\u00bb,\u00a0\u00bb_website\u00a0\u00bb:\u00a0\u00bbliberation\u00a0\u00bb,\u00a0\u00bbname\u00a0\u00bb:\u00a0\u00bbDroits des femmes\u00a0\u00bb,\u00a0\u00bbinactive\u00a0\u00bb:false,\u00a0\u00bbancestors\u00a0\u00bb:{\u00ab\u00a0default\u00a0\u00bb:[\u00ab\u00a0https:\/\/www.liberation.fr\/\u00a0\u00bb,\u00a0\u00bb\/societe\u00a0\u00bb],\u00a0\u00bbfooter\u00a0\u00bb:[],\u00a0\u00bbheadernav\u00a0\u00bb:[\u00ab\u00a0https:\/\/www.liberation.fr\/\u00a0\u00bb,\u00a0\u00bb\/societe\u00a0\u00bb],\u00a0\u00bbburgermenu\u00a0\u00bb:[\u00ab\u00a0\/societe\u00a0\u00bb,\u00a0\u00bbhttps:\/\/www.liberation.fr\/\u00a0\u00bb],\u00a0\u00bbamp-menu\u00a0\u00bb:[\u00ab\u00a0https:\/\/www.liberation.fr\/\u00a0\u00bb,\u00a0\u00bb\/societe\u00a0\u00bb],\u00a0\u00bbfooter2&Prime;:[\u00ab\u00a0https:\/\/www.liberation.fr\/\u00a0\u00bb,\u00a0\u00bb\/societe\u00a0\u00bb]},\u00a0\u00bbparent\u00a0\u00bb:{\u00ab\u00a0default\u00a0\u00bb:\u00a0\u00bb\/societe\u00a0\u00bb,\u00a0\u00bbfooter\u00a0\u00bb:null,\u00a0\u00bbheadernav\u00a0\u00bb:\u00a0\u00bb\/societe\u00a0\u00bb,\u00a0\u00bbburgermenu\u00a0\u00bb:\u00a0\u00bb\/societe\u00a0\u00bb,\u00a0\u00bbamp-menu\u00a0\u00bb:\u00a0\u00bb\/societe\u00a0\u00bb,\u00a0\u00bbfooter2&Prime;:\u00a0\u00bb\/societe\u00a0\u00bb},\u00a0\u00bborder\u00a0\u00bb:{\u00ab\u00a0burgermenu\u00a0\u00bb:2002,\u00a0\u00bbheadernav\u00a0\u00bb:2004,\u00a0\u00bbamp-menu\u00a0\u00bb:2002,\u00a0\u00bbfooter2&Prime;:2009,\u00a0\u00bbdefault\u00a0\u00bb:2001},\u00a0\u00bb_admin\u00a0\u00bb:{\u00ab\u00a0alias_ids\u00a0\u00bb:[\u00ab\u00a0\/societe\/droits-des-femmes\u00a0\u00bb,\u00a0\u00bb200034&Prime;]},\u00a0\u00bbnavigation\u00a0\u00bb:{\u00ab\u00a0nav_title\u00a0\u00bb:\u00a0\u00bbDroits des femmes\u00a0\u00bb},\u00a0\u00bbsite\u00a0\u00bb:{\u00ab\u00a0pagebuilder_path_for_native_apps\u00a0\u00bb:null,\u00a0\u00bbsite_about\u00a0\u00bb:null,\u00a0\u00bbsite_description\u00a0\u00bb:\u00a0\u00bbRetrouvez tous nos articles sur les droits des femmes dans la soci\u00e9t\u00e9 : infos, reportages, analyses, interviews, tribunes&#8230;\u00a0\u00bb,\u00a0\u00bbsite_keywords\u00a0\u00bb:null,\u00a0\u00bbsite_tagline\u00a0\u00bb:null,\u00a0\u00bbsite_title\u00a0\u00bb:\u00a0\u00bbDroits des femmes : actualit\u00e9s, enqu\u00eates et infos en direct &#8211; Lib\u00e9ration\u00a0\u00bb,\u00a0\u00bbsite_url\u00a0\u00bb:null},\u00a0\u00bbsite_topper\u00a0\u00bb:{\u00ab\u00a0site_logo_image\u00a0\u00bb:null},\u00a0\u00bbsocial\u00a0\u00bb:{\u00ab\u00a0facebook\u00a0\u00bb:null,\u00a0\u00bbinstagram\u00a0\u00bb:null,\u00a0\u00bbrss\u00a0\u00bb:null,\u00a0\u00bbtwitter\u00a0\u00bb:null},\u00a0\u00bbnode_type\u00a0\u00bb:\u00a0\u00bbsection\u00a0\u00bb,\u00a0\u00bbchildren\u00a0\u00bb:[]},{\u00ab\u00a0_id\u00a0\u00bb:\u00a0\u00bb\/societe\/familles\u00a0\u00bb,\u00a0\u00bbsite\u00a0\u00bb:{\u00ab\u00a0site_tagline\u00a0\u00bb:null,\u00a0\u00bbsite_url\u00a0\u00bb:null,\u00a0\u00bbsite_title\u00a0\u00bb:\u00a0\u00bbFamilles : informations et actualit\u00e9s &#8211; Lib\u00e9ration\u00a0\u00bb,\u00a0\u00bbpagebuilder_path_for_native_apps\u00a0\u00bb:null,\u00a0\u00bbsite_about\u00a0\u00bb:null,\u00a0\u00bbsite_description\u00a0\u00bb:\u00a0\u00bbRetrouvez ici tous les articles de Lib\u00e9ration concernant la famille : infos, reportages, analyses, interviews, tribunes&#8230;\u00a0\u00bb,\u00a0\u00bbsite_keywords\u00a0\u00bb:null},\u00a0\u00bbsite_topper\u00a0\u00bb:{\u00ab\u00a0site_logo_image\u00a0\u00bb:null},\u00a0\u00bbsocial\u00a0\u00bb:{\u00ab\u00a0twitter\u00a0\u00bb:null,\u00a0\u00bbfacebook\u00a0\u00bb:null,\u00a0\u00bbrss\u00a0\u00bb:null,\u00a0\u00bbinstagram\u00a0\u00bb:null},\u00a0\u00bbnavigation\u00a0\u00bb:{\u00ab\u00a0nav_title\u00a0\u00bb:\u00a0\u00bbFamilles\u00a0\u00bb},\u00a0\u00bb_admin\u00a0\u00bb:{\u00ab\u00a0alias_ids\u00a0\u00bb:[\u00ab\u00a0\/societe\/familles\u00a0\u00bb,\u00a0\u00bb200035&Prime;]},\u00a0\u00bb_website\u00a0\u00bb:\u00a0\u00bbliberation\u00a0\u00bb,\u00a0\u00bbname\u00a0\u00bb:\u00a0\u00bbFamilles\u00a0\u00bb,\u00a0\u00bborder\u00a0\u00bb:{\u00ab\u00a0burgermenu\u00a0\u00bb:2004,\u00a0\u00bbheadernav\u00a0\u00bb:2005,\u00a0\u00bbamp-menu\u00a0\u00bb:2004,\u00a0\u00bbfooter2&Prime;:2008,\u00a0\u00bbdefault\u00a0\u00bb:2003},\u00a0\u00bbparent\u00a0\u00bb:{\u00ab\u00a0default\u00a0\u00bb:\u00a0\u00bb\/societe\u00a0\u00bb,\u00a0\u00bbfooter\u00a0\u00bb:null,\u00a0\u00bbheadernav\u00a0\u00bb:\u00a0\u00bb\/societe\u00a0\u00bb,\u00a0\u00bbburgermenu\u00a0\u00bb:\u00a0\u00bb\/societe\u00a0\u00bb,\u00a0\u00bbamp-menu\u00a0\u00bb:\u00a0\u00bb\/societe\u00a0\u00bb,\u00a0\u00bbfooter2&Prime;:\u00a0\u00bb\/societe\u00a0\u00bb},\u00a0\u00bbancestors\u00a0\u00bb:{\u00ab\u00a0default\u00a0\u00bb:[\u00ab\u00a0https:\/\/www.liberation.fr\/\u00a0\u00bb,\u00a0\u00bb\/societe\u00a0\u00bb],\u00a0\u00bbfooter\u00a0\u00bb:[],\u00a0\u00bbheadernav\u00a0\u00bb:[\u00ab\u00a0https:\/\/www.liberation.fr\/\u00a0\u00bb,\u00a0\u00bb\/societe\u00a0\u00bb],\u00a0\u00bbburgermenu\u00a0\u00bb:[\u00ab\u00a0\/societe\u00a0\u00bb,\u00a0\u00bbhttps:\/\/www.liberation.fr\/\u00a0\u00bb],\u00a0\u00bbamp-menu\u00a0\u00bb:[\u00ab\u00a0https:\/\/www.liberation.fr\/\u00a0\u00bb,\u00a0\u00bb\/societe\u00a0\u00bb],\u00a0\u00bbfooter2&Prime;:[\u00ab\u00a0https:\/\/www.liberation.fr\/\u00a0\u00bb,\u00a0\u00bb\/societe\u00a0\u00bb]},\u00a0\u00bbinactive\u00a0\u00bb:false,\u00a0\u00bbnode_type\u00a0\u00bb:\u00a0\u00bbsection\u00a0\u00bb,\u00a0\u00bbchildren\u00a0\u00bb:[]},{\u00ab\u00a0_id\u00a0\u00bb:\u00a0\u00bb\/societe\/logement\u00a0\u00bb,\u00a0\u00bbsite\u00a0\u00bb:{\u00ab\u00a0site_tagline\u00a0\u00bb:null,\u00a0\u00bbsite_url\u00a0\u00bb:null,\u00a0\u00bbsite_title\u00a0\u00bb:\u00a0\u00bbLogement : actualit\u00e9s et informations &#8211; Lib\u00e9ration\u00a0\u00bb,\u00a0\u00bbpagebuilder_path_for_native_apps\u00a0\u00bb:null,\u00a0\u00bbsite_about\u00a0\u00bb:null,\u00a0\u00bbsite_description\u00a0\u00bb:\u00a0\u00bbRetrouvez ici tous les articles de Lib\u00e9ration concernant le logement : infos, reportages, analyses, interviews, tribunes&#8230;\u00a0\u00bb,\u00a0\u00bbsite_keywords\u00a0\u00bb:null},\u00a0\u00bbsite_topper\u00a0\u00bb:{\u00ab\u00a0site_logo_image\u00a0\u00bb:null},\u00a0\u00bbsocial\u00a0\u00bb:{\u00ab\u00a0twitter\u00a0\u00bb:null,\u00a0\u00bbfacebook\u00a0\u00bb:null,\u00a0\u00bbrss\u00a0\u00bb:null,\u00a0\u00bbinstagram\u00a0\u00bb:null},\u00a0\u00bbnavigation\u00a0\u00bb:{\u00ab\u00a0nav_title\u00a0\u00bb:\u00a0\u00bbLogement\u00a0\u00bb},\u00a0\u00bb_admin\u00a0\u00bb:{\u00ab\u00a0alias_ids\u00a0\u00bb:[\u00ab\u00a0\/societe\/logement\u00a0\u00bb,\u00a0\u00bb200036&Prime;]},\u00a0\u00bb_website\u00a0\u00bb:\u00a0\u00bbliberation\u00a0\u00bb,\u00a0\u00bbname\u00a0\u00bb:\u00a0\u00bbLogement\u00a0\u00bb,\u00a0\u00bborder\u00a0\u00bb:{\u00ab\u00a0burgermenu\u00a0\u00bb:2005,\u00a0\u00bbheadernav\u00a0\u00bb:2006,\u00a0\u00bbamp-menu\u00a0\u00bb:2005,\u00a0\u00bbfooter2&Prime;:2006,\u00a0\u00bbdefault\u00a0\u00bb:2004},\u00a0\u00bbparent\u00a0\u00bb:{\u00ab\u00a0default\u00a0\u00bb:\u00a0\u00bb\/societe\u00a0\u00bb,\u00a0\u00bbheadernav\u00a0\u00bb:\u00a0\u00bb\/societe\u00a0\u00bb,\u00a0\u00bbburgermenu\u00a0\u00bb:\u00a0\u00bb\/societe\u00a0\u00bb,\u00a0\u00bbamp-menu\u00a0\u00bb:\u00a0\u00bb\/societe\u00a0\u00bb,\u00a0\u00bbfooter\u00a0\u00bb:null,\u00a0\u00bbfooter2&Prime;:\u00a0\u00bb\/societe\u00a0\u00bb},\u00a0\u00bbancestors\u00a0\u00bb:{\u00ab\u00a0default\u00a0\u00bb:[\u00ab\u00a0https:\/\/www.liberation.fr\/\u00a0\u00bb,\u00a0\u00bb\/societe\u00a0\u00bb],\u00a0\u00bbheadernav\u00a0\u00bb:[\u00ab\u00a0https:\/\/www.liberation.fr\/\u00a0\u00bb,\u00a0\u00bb\/societe\u00a0\u00bb],\u00a0\u00bbburgermenu\u00a0\u00bb:[\u00ab\u00a0\/societe\u00a0\u00bb,\u00a0\u00bbhttps:\/\/www.liberation.fr\/\u00a0\u00bb],\u00a0\u00bbamp-menu\u00a0\u00bb:[\u00ab\u00a0https:\/\/www.liberation.fr\/\u00a0\u00bb,\u00a0\u00bb\/societe\u00a0\u00bb],\u00a0\u00bbfooter\u00a0\u00bb:[],\u00a0\u00bbfooter2&Prime;:[\u00ab\u00a0https:\/\/www.liberation.fr\/\u00a0\u00bb,\u00a0\u00bb\/societe\u00a0\u00bb]},\u00a0\u00bbinactive\u00a0\u00bb:false,\u00a0\u00bbnode_type\u00a0\u00bb:\u00a0\u00bbsection\u00a0\u00bb,\u00a0\u00bbchildren\u00a0\u00bb:[]},{\u00ab\u00a0_id\u00a0\u00bb:\u00a0\u00bb\/societe\/religions\u00a0\u00bb,\u00a0\u00bb_website\u00a0\u00bb:\u00a0\u00bbliberation\u00a0\u00bb,\u00a0\u00bbname\u00a0\u00bb:\u00a0\u00bbReligions\u00a0\u00bb,\u00a0\u00bbinactive\u00a0\u00bb:false,\u00a0\u00bbancestors\u00a0\u00bb:{\u00ab\u00a0default\u00a0\u00bb:[\u00ab\u00a0https:\/\/www.liberation.fr\/\u00a0\u00bb,\u00a0\u00bb\/societe\u00a0\u00bb],\u00a0\u00bbheadernav\u00a0\u00bb:[\u00ab\u00a0https:\/\/www.liberation.fr\/\u00a0\u00bb,\u00a0\u00bb\/societe\u00a0\u00bb],\u00a0\u00bbburgermenu\u00a0\u00bb:[\u00ab\u00a0\/societe\u00a0\u00bb,\u00a0\u00bbhttps:\/\/www.liberation.fr\/\u00a0\u00bb],\u00a0\u00bbamp-menu\u00a0\u00bb:[\u00ab\u00a0https:\/\/www.liberation.fr\/\u00a0\u00bb,\u00a0\u00bb\/societe\u00a0\u00bb],\u00a0\u00bbfooter\u00a0\u00bb:[],\u00a0\u00bbfooter2&Prime;:[\u00ab\u00a0https:\/\/www.liberation.fr\/\u00a0\u00bb,\u00a0\u00bb\/societe\u00a0\u00bb]},\u00a0\u00bbparent\u00a0\u00bb:{\u00ab\u00a0default\u00a0\u00bb:\u00a0\u00bb\/societe\u00a0\u00bb,\u00a0\u00bbheadernav\u00a0\u00bb:\u00a0\u00bb\/societe\u00a0\u00bb,\u00a0\u00bbburgermenu\u00a0\u00bb:\u00a0\u00bb\/societe\u00a0\u00bb,\u00a0\u00bbamp-menu\u00a0\u00bb:\u00a0\u00bb\/societe\u00a0\u00bb,\u00a0\u00bbfooter\u00a0\u00bb:null,\u00a0\u00bbfooter2&Prime;:\u00a0\u00bb\/societe\u00a0\u00bb},\u00a0\u00bborder\u00a0\u00bb:{\u00ab\u00a0burgermenu\u00a0\u00bb:2006,\u00a0\u00bbheadernav\u00a0\u00bb:2007,\u00a0\u00bbamp-menu\u00a0\u00bb:2006,\u00a0\u00bbfooter2&Prime;:2004,\u00a0\u00bbdefault\u00a0\u00bb:2008},\u00a0\u00bb_admin\u00a0\u00bb:{\u00ab\u00a0alias_ids\u00a0\u00bb:[\u00ab\u00a0\/societe\/religions\u00a0\u00bb,\u00a0\u00bb200037&Prime;]},\u00a0\u00bbnavigation\u00a0\u00bb:{\u00ab\u00a0nav_title\u00a0\u00bb:\u00a0\u00bbReligions\u00a0\u00bb},\u00a0\u00bbsite\u00a0\u00bb:{\u00ab\u00a0pagebuilder_path_for_native_apps\u00a0\u00bb:null,\u00a0\u00bbsite_about\u00a0\u00bb:null,\u00a0\u00bbsite_description\u00a0\u00bb:\u00a0\u00bbLib\u00e9ration d\u00e9crypte pour vous toutes les actualit\u00e9s concernant les religions en continu : nos enqu\u00eates, interviews, vid\u00e9os et infos dans le monde par nos journalistes et correspondants.\u00a0\u00bb,\u00a0\u00bbsite_keywords\u00a0\u00bb:null,\u00a0\u00bbsite_tagline\u00a0\u00bb:null,\u00a0\u00bbsite_title\u00a0\u00bb:\u00a0\u00bbReligions : actualit\u00e9s, enqu\u00eates et infos en direct &#8211; Lib\u00e9ration\u00a0\u00bb,\u00a0\u00bbsite_url\u00a0\u00bb:null},\u00a0\u00bbsite_topper\u00a0\u00bb:{\u00ab\u00a0site_logo_image\u00a0\u00bb:null},\u00a0\u00bbsocial\u00a0\u00bb:{\u00ab\u00a0facebook\u00a0\u00bb:null,\u00a0\u00bbinstagram\u00a0\u00bb:null,\u00a0\u00bbrss\u00a0\u00bb:null,\u00a0\u00bbtwitter\u00a0\u00bb:null},\u00a0\u00bbnode_type\u00a0\u00bb:\u00a0\u00bbsection\u00a0\u00bb,\u00a0\u00bbchildren\u00a0\u00bb:[]},{\u00ab\u00a0_id\u00a0\u00bb:\u00a0\u00bb\/societe\/ville\u00a0\u00bb,\u00a0\u00bbsite\u00a0\u00bb:{\u00ab\u00a0site_tagline\u00a0\u00bb:null,\u00a0\u00bbsite_url\u00a0\u00bb:null,\u00a0\u00bbsite_title\u00a0\u00bb:\u00a0\u00bbVille : actualit\u00e9s sur l&rsquo;urbanisme et la politique de la ville &#8211; Lib\u00e9ration\u00a0\u00bb,\u00a0\u00bbpagebuilder_path_for_native_apps\u00a0\u00bb:null,\u00a0\u00bbsite_about\u00a0\u00bb:null,\u00a0\u00bbsite_description\u00a0\u00bb:\u00a0\u00bbRetrouvez ici tous les articles de Lib\u00e9ration concernant l&rsquo;urbanisme et la politique dans les villes et communes de France : infos, reportages, analyses, interviews&#8230;\u00a0\u00bb,\u00a0\u00bbsite_keywords\u00a0\u00bb:null},\u00a0\u00bbsite_topper\u00a0\u00bb:{\u00ab\u00a0site_logo_image\u00a0\u00bb:null},\u00a0\u00bbsocial\u00a0\u00bb:{\u00ab\u00a0twitter\u00a0\u00bb:null,\u00a0\u00bbfacebook\u00a0\u00bb:null,\u00a0\u00bbrss\u00a0\u00bb:null,\u00a0\u00bbinstagram\u00a0\u00bb:null},\u00a0\u00bbnavigation\u00a0\u00bb:{\u00ab\u00a0nav_title\u00a0\u00bb:\u00a0\u00bbVille\u00a0\u00bb},\u00a0\u00bb_admin\u00a0\u00bb:{\u00ab\u00a0alias_ids\u00a0\u00bb:[\u00ab\u00a0\/societe\/ville\u00a0\u00bb,\u00a0\u00bb200038&Prime;]},\u00a0\u00bb_website\u00a0\u00bb:\u00a0\u00bbliberation\u00a0\u00bb,\u00a0\u00bbname\u00a0\u00bb:\u00a0\u00bbVille\u00a0\u00bb,\u00a0\u00bborder\u00a0\u00bb:{\u00ab\u00a0burgermenu\u00a0\u00bb:2008,\u00a0\u00bbheadernav\u00a0\u00bb:2008,\u00a0\u00bbamp-menu\u00a0\u00bb:2009,\u00a0\u00bbfooter2&Prime;:2003,\u00a0\u00bbdefault\u00a0\u00bb:2009},\u00a0\u00bbparent\u00a0\u00bb:{\u00ab\u00a0default\u00a0\u00bb:\u00a0\u00bb\/societe\u00a0\u00bb,\u00a0\u00bbheadernav\u00a0\u00bb:\u00a0\u00bb\/societe\u00a0\u00bb,\u00a0\u00bbburgermenu\u00a0\u00bb:\u00a0\u00bb\/societe\u00a0\u00bb,\u00a0\u00bbamp-menu\u00a0\u00bb:\u00a0\u00bb\/societe\u00a0\u00bb,\u00a0\u00bbfooter\u00a0\u00bb:null,\u00a0\u00bbfooter2&Prime;:\u00a0\u00bb\/societe\u00a0\u00bb},\u00a0\u00bbancestors\u00a0\u00bb:{\u00ab\u00a0default\u00a0\u00bb:[\u00ab\u00a0https:\/\/www.liberation.fr\/\u00a0\u00bb,\u00a0\u00bb\/societe\u00a0\u00bb],\u00a0\u00bbheadernav\u00a0\u00bb:[\u00ab\u00a0https:\/\/www.liberation.fr\/\u00a0\u00bb,\u00a0\u00bb\/societe\u00a0\u00bb],\u00a0\u00bbburgermenu\u00a0\u00bb:[\u00ab\u00a0\/societe\u00a0\u00bb,\u00a0\u00bbhttps:\/\/www.liberation.fr\/\u00a0\u00bb],\u00a0\u00bbamp-menu\u00a0\u00bb:[\u00ab\u00a0https:\/\/www.liberation.fr\/\u00a0\u00bb,\u00a0\u00bb\/societe\u00a0\u00bb],\u00a0\u00bbfooter\u00a0\u00bb:[],\u00a0\u00bbfooter2&Prime;:[\u00ab\u00a0https:\/\/www.liberation.fr\/\u00a0\u00bb,\u00a0\u00bb\/societe\u00a0\u00bb]},\u00a0\u00bbinactive\u00a0\u00bb:false,\u00a0\u00bbnode_type\u00a0\u00bb:\u00a0\u00bbsection\u00a0\u00bb,\u00a0\u00bbchildren\u00a0\u00bb:[]},{\u00ab\u00a0_id\u00a0\u00bb:\u00a0\u00bb\/societe\/sexualite-et-genres\u00a0\u00bb,\u00a0\u00bb_website\u00a0\u00bb:\u00a0\u00bbliberation\u00a0\u00bb,\u00a0\u00bbname\u00a0\u00bb:\u00a0\u00bbSexualit\u00e9s et genres\u00a0\u00bb,\u00a0\u00bbinactive\u00a0\u00bb:false,\u00a0\u00bbancestors\u00a0\u00bb:{\u00ab\u00a0default\u00a0\u00bb:[\u00ab\u00a0https:\/\/www.liberation.fr\/\u00a0\u00bb,\u00a0\u00bb\/societe\u00a0\u00bb],\u00a0\u00bbheadernav\u00a0\u00bb:[\u00ab\u00a0https:\/\/www.liberation.fr\/\u00a0\u00bb,\u00a0\u00bb\/societe\u00a0\u00bb],\u00a0\u00bbburgermenu\u00a0\u00bb:[\u00ab\u00a0\/societe\u00a0\u00bb,\u00a0\u00bbhttps:\/\/www.liberation.fr\/\u00a0\u00bb],\u00a0\u00bbamp-menu\u00a0\u00bb:[\u00ab\u00a0https:\/\/www.liberation.fr\/\u00a0\u00bb,\u00a0\u00bb\/societe\u00a0\u00bb],\u00a0\u00bbfooter\u00a0\u00bb:[],\u00a0\u00bbfooter2&Prime;:[\u00ab\u00a0https:\/\/www.liberation.fr\/\u00a0\u00bb,\u00a0\u00bb\/societe\u00a0\u00bb]},\u00a0\u00bbparent\u00a0\u00bb:{\u00ab\u00a0default\u00a0\u00bb:\u00a0\u00bb\/societe\u00a0\u00bb,\u00a0\u00bbheadernav\u00a0\u00bb:\u00a0\u00bb\/societe\u00a0\u00bb,\u00a0\u00bbburgermenu\u00a0\u00bb:\u00a0\u00bb\/societe\u00a0\u00bb,\u00a0\u00bbamp-menu\u00a0\u00bb:\u00a0\u00bb\/societe\u00a0\u00bb,\u00a0\u00bbfooter\u00a0\u00bb:null,\u00a0\u00bbfooter2&Prime;:\u00a0\u00bb\/societe\u00a0\u00bb},\u00a0\u00bborder\u00a0\u00bb:{\u00ab\u00a0burgermenu\u00a0\u00bb:2009,\u00a0\u00bbheadernav\u00a0\u00bb:2009,\u00a0\u00bbamp-menu\u00a0\u00bb:2008,\u00a0\u00bbfooter2&Prime;:2002,\u00a0\u00bbdefault\u00a0\u00bb:2007},\u00a0\u00bb_admin\u00a0\u00bb:{\u00ab\u00a0alias_ids\u00a0\u00bb:[\u00ab\u00a0\/societe\/sexualite-et-genres\u00a0\u00bb,\u00a0\u00bb200039&Prime;]},\u00a0\u00bbnavigation\u00a0\u00bb:{\u00ab\u00a0nav_title\u00a0\u00bb:\u00a0\u00bbSexualit\u00e9s et genres\u00a0\u00bb},\u00a0\u00bbsite\u00a0\u00bb:{\u00ab\u00a0pagebuilder_path_for_native_apps\u00a0\u00bb:null,\u00a0\u00bbsite_about\u00a0\u00bb:null,\u00a0\u00bbsite_description\u00a0\u00bb:\u00a0\u00bbLib\u00e9ration d\u00e9crypte pour vous toutes les actualit\u00e9s sexualit\u00e9s et genres en continu : nos enqu\u00eates, interviews, vid\u00e9os et infos dans le monde par nos journalistes et correspondants.\u00a0\u00bb,\u00a0\u00bbsite_keywords\u00a0\u00bb:null,\u00a0\u00bbsite_tagline\u00a0\u00bb:null,\u00a0\u00bbsite_title\u00a0\u00bb:\u00a0\u00bbSexe et genre : actualit\u00e9s, enqu\u00eates et infos en direct &#8211; Lib\u00e9ration\u00a0\u00bb,\u00a0\u00bbsite_url\u00a0\u00bb:null},\u00a0\u00bbsite_topper\u00a0\u00bb:{\u00ab\u00a0site_logo_image\u00a0\u00bb:null},\u00a0\u00bbsocial\u00a0\u00bb:{\u00ab\u00a0facebook\u00a0\u00bb:null,\u00a0\u00bbinstagram\u00a0\u00bb:null,\u00a0\u00bbrss\u00a0\u00bb:null,\u00a0\u00bbtwitter\u00a0\u00bb:null},\u00a0\u00bbnode_type\u00a0\u00bb:\u00a0\u00bbsection\u00a0\u00bb,\u00a0\u00bbchildren\u00a0\u00bb:[]}]},{\u00ab\u00a0_id\u00a0\u00bb:\u00a0\u00bblink-M4CANHD3BVCH3MAUTLJ7PWI6SM\u00a0\u00bb,\u00a0\u00bb_website\u00a0\u00bb:\u00a0\u00bbliberation\u00a0\u00bb,\u00a0\u00bbdisplay_name\u00a0\u00bb:\u00a0\u00bbEnqu\u00eates\u00a0\u00bb,\u00a0\u00bburl\u00a0\u00bb:\u00a0\u00bbhttps:\/\/www.liberation.fr\/enquetes\/\u00a0\u00bb,\u00a0\u00bbparent\u00a0\u00bb:{\u00ab\u00a0headernav\u00a0\u00bb:\u00a0\u00bbhttps:\/\/www.liberation.fr\/\u00a0\u00bb},\u00a0\u00bborder\u00a0\u00bb:{\u00ab\u00a0headernav\u00a0\u00bb:1008},\u00a0\u00bbnode_type\u00a0\u00bb:\u00a0\u00bblink\u00a0\u00bb,\u00a0\u00bbchildren\u00a0\u00bb:[]},{\u00ab\u00a0_id\u00a0\u00bb:\u00a0\u00bb\/environnement\u00a0\u00bb,\u00a0\u00bb_website\u00a0\u00bb:\u00a0\u00bbliberation\u00a0\u00bb,\u00a0\u00bbname\u00a0\u00bb:\u00a0\u00bbEnvironnement\u00a0\u00bb,\u00a0\u00bbinactive\u00a0\u00bb:false,\u00a0\u00bbancestors\u00a0\u00bb:{\u00ab\u00a0default\u00a0\u00bb:[\u00ab\u00a0https:\/\/www.liberation.fr\/\u00a0\u00bb],\u00a0\u00bbamp-menu\u00a0\u00bb:[\u00ab\u00a0https:\/\/www.liberation.fr\/\u00a0\u00bb],\u00a0\u00bbburgermenu\u00a0\u00bb:[\u00ab\u00a0https:\/\/www.liberation.fr\/\u00a0\u00bb],\u00a0\u00bbfooter\u00a0\u00bb:[],\u00a0\u00bbheadernav\u00a0\u00bb:[\u00ab\u00a0https:\/\/www.liberation.fr\/\u00a0\u00bb],\u00a0\u00bbfooter2&Prime;:[]},\u00a0\u00bbparent\u00a0\u00bb:{\u00ab\u00a0default\u00a0\u00bb:\u00a0\u00bbhttps:\/\/www.liberation.fr\/\u00a0\u00bb,\u00a0\u00bbamp-menu\u00a0\u00bb:\u00a0\u00bbhttps:\/\/www.liberation.fr\/\u00a0\u00bb,\u00a0\u00bbburgermenu\u00a0\u00bb:\u00a0\u00bbhttps:\/\/www.liberation.fr\/\u00a0\u00bb,\u00a0\u00bbfooter\u00a0\u00bb:null,\u00a0\u00bbheadernav\u00a0\u00bb:\u00a0\u00bbhttps:\/\/www.liberation.fr\/\u00a0\u00bb,\u00a0\u00bbfooter2&Prime;:\u00a0\u00bbhttps:\/\/www.liberation.fr\/\u00a0\u00bb},\u00a0\u00bborder\u00a0\u00bb:{\u00ab\u00a0amp-menu\u00a0\u00bb:1008,\u00a0\u00bbburgermenu\u00a0\u00bb:1007,\u00a0\u00bbdefault\u00a0\u00bb:1007,\u00a0\u00bbheadernav\u00a0\u00bb:1009,\u00a0\u00bbfooter2&Prime;:1004},\u00a0\u00bb_admin\u00a0\u00bb:{\u00ab\u00a0alias_ids\u00a0\u00bb:[\u00ab\u00a0\/environnement\u00a0\u00bb,\u00a0\u00bb89&Prime;]},\u00a0\u00bbnavigation\u00a0\u00bb:{\u00ab\u00a0nav_title\u00a0\u00bb:null},\u00a0\u00bbsite\u00a0\u00bb:{\u00ab\u00a0pagebuilder_path_for_native_apps\u00a0\u00bb:null,\u00a0\u00bbsite_about\u00a0\u00bb:null,\u00a0\u00bbsite_description\u00a0\u00bb:\u00a0\u00bbRetrouvez toutes les derni\u00e8res infos sur l&rsquo;environnement et les enjeux pour la plan\u00e8te : climat, pollution, agriculture, biodiversit\u00e9, alimentation&#8230;\u00a0\u00bb,\u00a0\u00bbsite_keywords\u00a0\u00bb:null,\u00a0\u00bbsite_tagline\u00a0\u00bb:null,\u00a0\u00bbsite_title\u00a0\u00bb:\u00a0\u00bbToute l\u2019actualit\u00e9 Environnement avec Lib\u00e9ration\u00a0\u00bb,\u00a0\u00bbsite_url\u00a0\u00bb:null},\u00a0\u00bbsite_topper\u00a0\u00bb:{\u00ab\u00a0site_logo_image\u00a0\u00bb:null},\u00a0\u00bbsocial\u00a0\u00bb:{\u00ab\u00a0facebook\u00a0\u00bb:null,\u00a0\u00bbinstagram\u00a0\u00bb:null,\u00a0\u00bbrss\u00a0\u00bb:null,\u00a0\u00bbtwitter\u00a0\u00bb:null},\u00a0\u00bbnode_type\u00a0\u00bb:\u00a0\u00bbsection\u00a0\u00bb,\u00a0\u00bbchildren\u00a0\u00bb:[{\u00ab\u00a0_id\u00a0\u00bb:\u00a0\u00bb\/environnement\/biodiversite\u00a0\u00bb,\u00a0\u00bbsite\u00a0\u00bb:{\u00ab\u00a0site_tagline\u00a0\u00bb:null,\u00a0\u00bbsite_url\u00a0\u00bb:null,\u00a0\u00bbsite_title\u00a0\u00bb:\u00a0\u00bbBiodiversit\u00e9 : actualit\u00e9s et informations &#8211; Lib\u00e9ration\u00a0\u00bb,\u00a0\u00bbpagebuilder_path_for_native_apps\u00a0\u00bb:null,\u00a0\u00bbsite_about\u00a0\u00bb:null,\u00a0\u00bbsite_description\u00a0\u00bb:\u00a0\u00bbRetrouvez toute l&rsquo;actualit\u00e9 sur la biodiversit\u00e9 et ses enjeux sur la soci\u00e9t\u00e9 : derniers articles, analyses et t\u00e9moignages de la rubrique Biodiversit\u00e9 de Lib\u00e9ration.\u00a0\u00bb,\u00a0\u00bbsite_keywords\u00a0\u00bb:null},\u00a0\u00bbsite_topper\u00a0\u00bb:{\u00ab\u00a0site_logo_image\u00a0\u00bb:null},\u00a0\u00bbsocial\u00a0\u00bb:{\u00ab\u00a0twitter\u00a0\u00bb:null,\u00a0\u00bbfacebook\u00a0\u00bb:null,\u00a0\u00bbrss\u00a0\u00bb:null,\u00a0\u00bbinstagram\u00a0\u00bb:null},\u00a0\u00bbnavigation\u00a0\u00bb:{\u00ab\u00a0nav_title\u00a0\u00bb:\u00a0\u00bbBiodiversit\u00e9\u00a0\u00bb},\u00a0\u00bb_admin\u00a0\u00bb:{\u00ab\u00a0alias_ids\u00a0\u00bb:[\u00ab\u00a0\/environnement\/biodiversite\u00a0\u00bb,\u00a0\u00bb200014&Prime;]},\u00a0\u00bb_website\u00a0\u00bb:\u00a0\u00bbliberation\u00a0\u00bb,\u00a0\u00bbname\u00a0\u00bb:\u00a0\u00bbBiodiversit\u00e9\u00a0\u00bb,\u00a0\u00bborder\u00a0\u00bb:{\u00ab\u00a0burgermenu\u00a0\u00bb:2004,\u00a0\u00bbamp-menu\u00a0\u00bb:2003,\u00a0\u00bbdefault\u00a0\u00bb:2004},\u00a0\u00bbparent\u00a0\u00bb:{\u00ab\u00a0default\u00a0\u00bb:\u00a0\u00bb\/environnement\u00a0\u00bb,\u00a0\u00bbfooter\u00a0\u00bb:null,\u00a0\u00bbheadernav\u00a0\u00bb:\u00a0\u00bb\/environnement\u00a0\u00bb,\u00a0\u00bbburgermenu\u00a0\u00bb:\u00a0\u00bb\/environnement\u00a0\u00bb,\u00a0\u00bbamp-menu\u00a0\u00bb:\u00a0\u00bb\/environnement\u00a0\u00bb,\u00a0\u00bbfooter2&Prime;:\u00a0\u00bb\/environnement\u00a0\u00bb},\u00a0\u00bbancestors\u00a0\u00bb:{\u00ab\u00a0default\u00a0\u00bb:[\u00ab\u00a0\/environnement\u00a0\u00bb,\u00a0\u00bbhttps:\/\/www.liberation.fr\/\u00a0\u00bb],\u00a0\u00bbfooter\u00a0\u00bb:[],\u00a0\u00bbheadernav\u00a0\u00bb:[\u00ab\u00a0\/environnement\u00a0\u00bb],\u00a0\u00bbburgermenu\u00a0\u00bb:[\u00ab\u00a0\/environnement\u00a0\u00bb,\u00a0\u00bbhttps:\/\/www.liberation.fr\/\u00a0\u00bb],\u00a0\u00bbamp-menu\u00a0\u00bb:[\u00ab\u00a0https:\/\/www.liberation.fr\/\u00a0\u00bb,\u00a0\u00bb\/environnement\u00a0\u00bb],\u00a0\u00bbfooter2&Prime;:[\u00ab\u00a0\/environnement\u00a0\u00bb]},\u00a0\u00bbinactive\u00a0\u00bb:false,\u00a0\u00bbnode_type\u00a0\u00bb:\u00a0\u00bbsection\u00a0\u00bb,\u00a0\u00bbchildren\u00a0\u00bb:[]},{\u00ab\u00a0_id\u00a0\u00bb:\u00a0\u00bb\/environnement\/alimentation\u00a0\u00bb,\u00a0\u00bbsite\u00a0\u00bb:{\u00ab\u00a0site_tagline\u00a0\u00bb:null,\u00a0\u00bbsite_url\u00a0\u00bb:null,\u00a0\u00bbsite_title\u00a0\u00bb:\u00a0\u00bbAlimentation : actualit\u00e9s et informations &#8211; Lib\u00e9ration\u00a0\u00bb,\u00a0\u00bbpagebuilder_path_for_native_apps\u00a0\u00bb:null,\u00a0\u00bbsite_about\u00a0\u00bb:null,\u00a0\u00bbsite_description\u00a0\u00bb:\u00a0\u00bbRetrouvez toute l&rsquo;actualit\u00e9 sur l&rsquo;alimentation et ses enjeux sur la soci\u00e9t\u00e9 : derniers articles, analyses et t\u00e9moignages de la rubrique Alimentation de Lib\u00e9ration.\u00a0\u00bb,\u00a0\u00bbsite_keywords\u00a0\u00bb:null},\u00a0\u00bbsite_topper\u00a0\u00bb:{\u00ab\u00a0site_logo_image\u00a0\u00bb:null},\u00a0\u00bbsocial\u00a0\u00bb:{\u00ab\u00a0twitter\u00a0\u00bb:null,\u00a0\u00bbfacebook\u00a0\u00bb:null,\u00a0\u00bbrss\u00a0\u00bb:null,\u00a0\u00bbinstagram\u00a0\u00bb:null},\u00a0\u00bbnavigation\u00a0\u00bb:{\u00ab\u00a0nav_title\u00a0\u00bb:\u00a0\u00bbAlimentation\u00a0\u00bb},\u00a0\u00bb_admin\u00a0\u00bb:{\u00ab\u00a0alias_ids\u00a0\u00bb:[\u00ab\u00a0\/environnement\/alimentation\u00a0\u00bb,\u00a0\u00bb200011&Prime;]},\u00a0\u00bb_website\u00a0\u00bb:\u00a0\u00bbliberation\u00a0\u00bb,\u00a0\u00bbname\u00a0\u00bb:\u00a0\u00bbAlimentation\u00a0\u00bb,\u00a0\u00bborder\u00a0\u00bb:{\u00ab\u00a0burgermenu\u00a0\u00bb:2003,\u00a0\u00bbamp-menu\u00a0\u00bb:2002,\u00a0\u00bbdefault\u00a0\u00bb:2002},\u00a0\u00bbparent\u00a0\u00bb:{\u00ab\u00a0default\u00a0\u00bb:\u00a0\u00bb\/environnement\u00a0\u00bb,\u00a0\u00bbfooter\u00a0\u00bb:null,\u00a0\u00bbheadernav\u00a0\u00bb:\u00a0\u00bb\/environnement\u00a0\u00bb,\u00a0\u00bbburgermenu\u00a0\u00bb:\u00a0\u00bb\/environnement\u00a0\u00bb,\u00a0\u00bbamp-menu\u00a0\u00bb:\u00a0\u00bb\/environnement\u00a0\u00bb,\u00a0\u00bbfooter2&Prime;:\u00a0\u00bb\/environnement\u00a0\u00bb},\u00a0\u00bbancestors\u00a0\u00bb:{\u00ab\u00a0default\u00a0\u00bb:[\u00ab\u00a0\/environnement\u00a0\u00bb,\u00a0\u00bbhttps:\/\/www.liberation.fr\/\u00a0\u00bb],\u00a0\u00bbfooter\u00a0\u00bb:[],\u00a0\u00bbheadernav\u00a0\u00bb:[\u00ab\u00a0\/environnement\u00a0\u00bb],\u00a0\u00bbburgermenu\u00a0\u00bb:[\u00ab\u00a0\/environnement\u00a0\u00bb,\u00a0\u00bbhttps:\/\/www.liberation.fr\/\u00a0\u00bb],\u00a0\u00bbamp-menu\u00a0\u00bb:[\u00ab\u00a0https:\/\/www.liberation.fr\/\u00a0\u00bb,\u00a0\u00bb\/environnement\u00a0\u00bb],\u00a0\u00bbfooter2&Prime;:[\u00ab\u00a0\/environnement\u00a0\u00bb]},\u00a0\u00bbinactive\u00a0\u00bb:false,\u00a0\u00bbnode_type\u00a0\u00bb:\u00a0\u00bbsection\u00a0\u00bb,\u00a0\u00bbchildren\u00a0\u00bb:[]},{\u00ab\u00a0_id\u00a0\u00bb:\u00a0\u00bb\/environnement\/agriculture\u00a0\u00bb,\u00a0\u00bbsite\u00a0\u00bb:{\u00ab\u00a0site_tagline\u00a0\u00bb:null,\u00a0\u00bbsite_url\u00a0\u00bb:null,\u00a0\u00bbsite_title\u00a0\u00bb:\u00a0\u00bbAgriculture : actualit\u00e9s et informations &#8211; Lib\u00e9ration\u00a0\u00bb,\u00a0\u00bbpagebuilder_path_for_native_apps\u00a0\u00bb:null,\u00a0\u00bbsite_about\u00a0\u00bb:null,\u00a0\u00bbsite_description\u00a0\u00bb:\u00a0\u00bbRetrouvez toute l&rsquo;actualit\u00e9 sur l&rsquo;agriculture et ses enjeux sur la soci\u00e9t\u00e9 : derniers articles, analyses et t\u00e9moignages de la rubrique Agriculture de Lib\u00e9ration.\u00a0\u00bb,\u00a0\u00bbsite_keywords\u00a0\u00bb:null},\u00a0\u00bbsite_topper\u00a0\u00bb:{\u00ab\u00a0site_logo_image\u00a0\u00bb:null},\u00a0\u00bbsocial\u00a0\u00bb:{\u00ab\u00a0twitter\u00a0\u00bb:null,\u00a0\u00bbfacebook\u00a0\u00bb:null,\u00a0\u00bbrss\u00a0\u00bb:null,\u00a0\u00bbinstagram\u00a0\u00bb:null},\u00a0\u00bbnavigation\u00a0\u00bb:{\u00ab\u00a0nav_title\u00a0\u00bb:\u00a0\u00bbAgriculture\u00a0\u00bb},\u00a0\u00bb_admin\u00a0\u00bb:{\u00ab\u00a0alias_ids\u00a0\u00bb:[\u00ab\u00a0\/environnement\/agriculture\u00a0\u00bb,\u00a0\u00bb200013&Prime;]},\u00a0\u00bb_website\u00a0\u00bb:\u00a0\u00bbliberation\u00a0\u00bb,\u00a0\u00bbname\u00a0\u00bb:\u00a0\u00bbAgriculture\u00a0\u00bb,\u00a0\u00bborder\u00a0\u00bb:{\u00ab\u00a0burgermenu\u00a0\u00bb:2002,\u00a0\u00bbamp-menu\u00a0\u00bb:2001,\u00a0\u00bbdefault\u00a0\u00bb:2003},\u00a0\u00bbparent\u00a0\u00bb:{\u00ab\u00a0default\u00a0\u00bb:\u00a0\u00bb\/environnement\u00a0\u00bb,\u00a0\u00bbheadernav\u00a0\u00bb:\u00a0\u00bb\/environnement\u00a0\u00bb,\u00a0\u00bbburgermenu\u00a0\u00bb:\u00a0\u00bb\/environnement\u00a0\u00bb,\u00a0\u00bbamp-menu\u00a0\u00bb:\u00a0\u00bb\/environnement\u00a0\u00bb,\u00a0\u00bbfooter\u00a0\u00bb:null,\u00a0\u00bbfooter2&Prime;:\u00a0\u00bb\/environnement\u00a0\u00bb},\u00a0\u00bbancestors\u00a0\u00bb:{\u00ab\u00a0default\u00a0\u00bb:[\u00ab\u00a0\/environnement\u00a0\u00bb,\u00a0\u00bbhttps:\/\/www.liberation.fr\/\u00a0\u00bb],\u00a0\u00bbheadernav\u00a0\u00bb:[\u00ab\u00a0\/environnement\u00a0\u00bb],\u00a0\u00bbburgermenu\u00a0\u00bb:[\u00ab\u00a0\/environnement\u00a0\u00bb,\u00a0\u00bbhttps:\/\/www.liberation.fr\/\u00a0\u00bb],\u00a0\u00bbamp-menu\u00a0\u00bb:[\u00ab\u00a0https:\/\/www.liberation.fr\/\u00a0\u00bb,\u00a0\u00bb\/environnement\u00a0\u00bb],\u00a0\u00bbfooter\u00a0\u00bb:[],\u00a0\u00bbfooter2&Prime;:[\u00ab\u00a0\/environnement\u00a0\u00bb]},\u00a0\u00bbinactive\u00a0\u00bb:false,\u00a0\u00bbnode_type\u00a0\u00bb:\u00a0\u00bbsection\u00a0\u00bb,\u00a0\u00bbchildren\u00a0\u00bb:[]},{\u00ab\u00a0_id\u00a0\u00bb:\u00a0\u00bb\/environnement\/climat\u00a0\u00bb,\u00a0\u00bbsite\u00a0\u00bb:{\u00ab\u00a0site_tagline\u00a0\u00bb:null,\u00a0\u00bbsite_url\u00a0\u00bb:null,\u00a0\u00bbsite_title\u00a0\u00bb:\u00a0\u00bbClimat : actualit\u00e9s et informations &#8211; Lib\u00e9ration\u00a0\u00bb,\u00a0\u00bbpagebuilder_path_for_native_apps\u00a0\u00bb:null,\u00a0\u00bbsite_about\u00a0\u00bb:null,\u00a0\u00bbsite_description\u00a0\u00bb:\u00a0\u00bbRetrouvez toute l&rsquo;actualit\u00e9 sur le climat et ses enjeux sur la soci\u00e9t\u00e9 : derniers articles, analyses et t\u00e9moignages de la rubrique Climat de Lib\u00e9ration.\u00a0\u00bb,\u00a0\u00bbsite_keywords\u00a0\u00bb:null},\u00a0\u00bbsite_topper\u00a0\u00bb:{\u00ab\u00a0site_logo_image\u00a0\u00bb:null},\u00a0\u00bbsocial\u00a0\u00bb:{\u00ab\u00a0twitter\u00a0\u00bb:null,\u00a0\u00bbfacebook\u00a0\u00bb:null,\u00a0\u00bbrss\u00a0\u00bb:null,\u00a0\u00bbinstagram\u00a0\u00bb:null},\u00a0\u00bbnavigation\u00a0\u00bb:{\u00ab\u00a0nav_title\u00a0\u00bb:\u00a0\u00bbClimat\u00a0\u00bb},\u00a0\u00bb_admin\u00a0\u00bb:{\u00ab\u00a0alias_ids\u00a0\u00bb:[\u00ab\u00a0\/environnement\/climat\u00a0\u00bb,\u00a0\u00bb200053&Prime;]},\u00a0\u00bb_website\u00a0\u00bb:\u00a0\u00bbliberation\u00a0\u00bb,\u00a0\u00bbname\u00a0\u00bb:\u00a0\u00bbClimat\u00a0\u00bb,\u00a0\u00bborder\u00a0\u00bb:{\u00ab\u00a0burgermenu\u00a0\u00bb:2005,\u00a0\u00bbamp-menu\u00a0\u00bb:2004,\u00a0\u00bbdefault\u00a0\u00bb:2005},\u00a0\u00bbparent\u00a0\u00bb:{\u00ab\u00a0default\u00a0\u00bb:\u00a0\u00bb\/environnement\u00a0\u00bb,\u00a0\u00bbfooter\u00a0\u00bb:null,\u00a0\u00bbheadernav\u00a0\u00bb:\u00a0\u00bb\/environnement\u00a0\u00bb,\u00a0\u00bbburgermenu\u00a0\u00bb:\u00a0\u00bb\/environnement\u00a0\u00bb,\u00a0\u00bbamp-menu\u00a0\u00bb:\u00a0\u00bb\/environnement\u00a0\u00bb,\u00a0\u00bbfooter2&Prime;:\u00a0\u00bb\/environnement\u00a0\u00bb},\u00a0\u00bbancestors\u00a0\u00bb:{\u00ab\u00a0default\u00a0\u00bb:[\u00ab\u00a0\/environnement\u00a0\u00bb,\u00a0\u00bbhttps:\/\/www.liberation.fr\/\u00a0\u00bb],\u00a0\u00bbfooter\u00a0\u00bb:[],\u00a0\u00bbheadernav\u00a0\u00bb:[\u00ab\u00a0\/environnement\u00a0\u00bb],\u00a0\u00bbburgermenu\u00a0\u00bb:[\u00ab\u00a0\/environnement\u00a0\u00bb,\u00a0\u00bbhttps:\/\/www.liberation.fr\/\u00a0\u00bb],\u00a0\u00bbamp-menu\u00a0\u00bb:[\u00ab\u00a0https:\/\/www.liberation.fr\/\u00a0\u00bb,\u00a0\u00bb\/environnement\u00a0\u00bb],\u00a0\u00bbfooter2&Prime;:[\u00ab\u00a0\/environnement\u00a0\u00bb]},\u00a0\u00bbinactive\u00a0\u00bb:false,\u00a0\u00bbnode_type\u00a0\u00bb:\u00a0\u00bbsection\u00a0\u00bb,\u00a0\u00bbchildren\u00a0\u00bb:[]},{\u00ab\u00a0_id\u00a0\u00bb:\u00a0\u00bb\/environnement\/nucleaire\u00a0\u00bb,\u00a0\u00bbsite\u00a0\u00bb:{\u00ab\u00a0site_tagline\u00a0\u00bb:null,\u00a0\u00bbsite_url\u00a0\u00bb:null,\u00a0\u00bbsite_title\u00a0\u00bb:\u00a0\u00bbNucl\u00e9aire : actualit\u00e9s et informations &#8211; Lib\u00e9ration\u00a0\u00bb,\u00a0\u00bbpagebuilder_path_for_native_apps\u00a0\u00bb:null,\u00a0\u00bbsite_about\u00a0\u00bb:null,\u00a0\u00bbsite_description\u00a0\u00bb:\u00a0\u00bbRetrouvez toute l&rsquo;actualit\u00e9 sur le nucl\u00e9aire et ses enjeux sur la soci\u00e9t\u00e9 : derniers articles, analyses et t\u00e9moignages de la rubrique Nucl\u00e9aire de Lib\u00e9ration.\u00a0\u00bb,\u00a0\u00bbsite_keywords\u00a0\u00bb:null},\u00a0\u00bbsite_topper\u00a0\u00bb:{\u00ab\u00a0site_logo_image\u00a0\u00bb:null},\u00a0\u00bbsocial\u00a0\u00bb:{\u00ab\u00a0twitter\u00a0\u00bb:null,\u00a0\u00bbfacebook\u00a0\u00bb:null,\u00a0\u00bbrss\u00a0\u00bb:null,\u00a0\u00bbinstagram\u00a0\u00bb:null},\u00a0\u00bbnavigation\u00a0\u00bb:{\u00ab\u00a0nav_title\u00a0\u00bb:\u00a0\u00bbNucl\u00e9aire\u00a0\u00bb},\u00a0\u00bb_admin\u00a0\u00bb:{\u00ab\u00a0alias_ids\u00a0\u00bb:[\u00ab\u00a0\/environnement\/nucleaire\u00a0\u00bb,\u00a0\u00bb200015&Prime;]},\u00a0\u00bb_website\u00a0\u00bb:\u00a0\u00bbliberation\u00a0\u00bb,\u00a0\u00bbname\u00a0\u00bb:\u00a0\u00bbNucl\u00e9aire\u00a0\u00bb,\u00a0\u00bborder\u00a0\u00bb:{\u00ab\u00a0burgermenu\u00a0\u00bb:2006,\u00a0\u00bbamp-menu\u00a0\u00bb:2005,\u00a0\u00bbdefault\u00a0\u00bb:2006},\u00a0\u00bbparent\u00a0\u00bb:{\u00ab\u00a0default\u00a0\u00bb:\u00a0\u00bb\/environnement\u00a0\u00bb,\u00a0\u00bbheadernav\u00a0\u00bb:\u00a0\u00bb\/environnement\u00a0\u00bb,\u00a0\u00bbburgermenu\u00a0\u00bb:\u00a0\u00bb\/environnement\u00a0\u00bb,\u00a0\u00bbamp-menu\u00a0\u00bb:\u00a0\u00bb\/environnement\u00a0\u00bb,\u00a0\u00bbfooter\u00a0\u00bb:null,\u00a0\u00bbfooter2&Prime;:\u00a0\u00bb\/environnement\u00a0\u00bb},\u00a0\u00bbancestors\u00a0\u00bb:{\u00ab\u00a0default\u00a0\u00bb:[\u00ab\u00a0\/environnement\u00a0\u00bb,\u00a0\u00bbhttps:\/\/www.liberation.fr\/\u00a0\u00bb],\u00a0\u00bbheadernav\u00a0\u00bb:[\u00ab\u00a0\/environnement\u00a0\u00bb],\u00a0\u00bbburgermenu\u00a0\u00bb:[\u00ab\u00a0\/environnement\u00a0\u00bb,\u00a0\u00bbhttps:\/\/www.liberation.fr\/\u00a0\u00bb],\u00a0\u00bbamp-menu\u00a0\u00bb:[\u00ab\u00a0https:\/\/www.liberation.fr\/\u00a0\u00bb,\u00a0\u00bb\/environnement\u00a0\u00bb],\u00a0\u00bbfooter\u00a0\u00bb:[],\u00a0\u00bbfooter2&Prime;:[\u00ab\u00a0\/environnement\u00a0\u00bb]},\u00a0\u00bbinactive\u00a0\u00bb:false,\u00a0\u00bbnode_type\u00a0\u00bb:\u00a0\u00bbsection\u00a0\u00bb,\u00a0\u00bbchildren\u00a0\u00bb:[]},{\u00ab\u00a0_id\u00a0\u00bb:\u00a0\u00bb\/environnement\/pollution\u00a0\u00bb,\u00a0\u00bbsite\u00a0\u00bb:{\u00ab\u00a0site_tagline\u00a0\u00bb:null,\u00a0\u00bbsite_url\u00a0\u00bb:null,\u00a0\u00bbsite_title\u00a0\u00bb:\u00a0\u00bbPollution : actualit\u00e9s et informations &#8211; Lib\u00e9ration\u00a0\u00bb,\u00a0\u00bbpagebuilder_path_for_native_apps\u00a0\u00bb:null,\u00a0\u00bbsite_about\u00a0\u00bb:null,\u00a0\u00bbsite_description\u00a0\u00bb:\u00a0\u00bbRetrouvez toute l&rsquo;actualit\u00e9 sur la pollution et ses enjeux sur la soci\u00e9t\u00e9 : derniers articles, analyses et t\u00e9moignages de la rubrique Pollution de Lib\u00e9ration.\u00a0\u00bb,\u00a0\u00bbsite_keywords\u00a0\u00bb:null},\u00a0\u00bbsite_topper\u00a0\u00bb:{\u00ab\u00a0site_logo_image\u00a0\u00bb:null},\u00a0\u00bbsocial\u00a0\u00bb:{\u00ab\u00a0twitter\u00a0\u00bb:null,\u00a0\u00bbfacebook\u00a0\u00bb:null,\u00a0\u00bbrss\u00a0\u00bb:null,\u00a0\u00bbinstagram\u00a0\u00bb:null},\u00a0\u00bbnavigation\u00a0\u00bb:{\u00ab\u00a0nav_title\u00a0\u00bb:\u00a0\u00bbPollution\u00a0\u00bb},\u00a0\u00bb_admin\u00a0\u00bb:{\u00ab\u00a0alias_ids\u00a0\u00bb:[\u00ab\u00a0\/environnement\/pollution\u00a0\u00bb,\u00a0\u00bb200012&Prime;]},\u00a0\u00bb_website\u00a0\u00bb:\u00a0\u00bbliberation\u00a0\u00bb,\u00a0\u00bbname\u00a0\u00bb:\u00a0\u00bbPollution\u00a0\u00bb,\u00a0\u00bborder\u00a0\u00bb:{\u00ab\u00a0burgermenu\u00a0\u00bb:2007,\u00a0\u00bbamp-menu\u00a0\u00bb:2006,\u00a0\u00bbdefault\u00a0\u00bb:2007},\u00a0\u00bbparent\u00a0\u00bb:{\u00ab\u00a0default\u00a0\u00bb:\u00a0\u00bb\/environnement\u00a0\u00bb,\u00a0\u00bbheadernav\u00a0\u00bb:\u00a0\u00bb\/environnement\u00a0\u00bb,\u00a0\u00bbburgermenu\u00a0\u00bb:\u00a0\u00bb\/environnement\u00a0\u00bb,\u00a0\u00bbamp-menu\u00a0\u00bb:\u00a0\u00bb\/environnement\u00a0\u00bb,\u00a0\u00bbfooter\u00a0\u00bb:null,\u00a0\u00bbfooter2&Prime;:\u00a0\u00bb\/environnement\u00a0\u00bb},\u00a0\u00bbancestors\u00a0\u00bb:{\u00ab\u00a0default\u00a0\u00bb:[\u00ab\u00a0\/environnement\u00a0\u00bb,\u00a0\u00bbhttps:\/\/www.liberation.fr\/\u00a0\u00bb],\u00a0\u00bbheadernav\u00a0\u00bb:[\u00ab\u00a0\/environnement\u00a0\u00bb],\u00a0\u00bbburgermenu\u00a0\u00bb:[\u00ab\u00a0\/environnement\u00a0\u00bb,\u00a0\u00bbhttps:\/\/www.liberation.fr\/\u00a0\u00bb],\u00a0\u00bbamp-menu\u00a0\u00bb:[\u00ab\u00a0https:\/\/www.liberation.fr\/\u00a0\u00bb,\u00a0\u00bb\/environnement\u00a0\u00bb],\u00a0\u00bbfooter\u00a0\u00bb:[],\u00a0\u00bbfooter2&Prime;:[\u00ab\u00a0\/environnement\u00a0\u00bb]},\u00a0\u00bbinactive\u00a0\u00bb:false,\u00a0\u00bbnode_type\u00a0\u00bb:\u00a0\u00bbsection\u00a0\u00bb,\u00a0\u00bbchildren\u00a0\u00bb:[]}]},{\u00ab\u00a0_id\u00a0\u00bb:\u00a0\u00bb\/economie\u00a0\u00bb,\u00a0\u00bbsite\u00a0\u00bb:{\u00ab\u00a0site_tagline\u00a0\u00bb:null,\u00a0\u00bbsite_url\u00a0\u00bb:null,\u00a0\u00bbsite_title\u00a0\u00bb:\u00a0\u00bbEconomie : toute l&rsquo;actualit\u00e9 \u00e9conomique avec Lib\u00e9ration\u00a0\u00bb,\u00a0\u00bbsite_about\u00a0\u00bb:null,\u00a0\u00bbpagebuilder_path_for_native_apps\u00a0\u00bb:null,\u00a0\u00bbsite_description\u00a0\u00bb:\u00a0\u00bbRetrouvez toute l&rsquo;actualit\u00e9 \u00e9conomique et financi\u00e8re en France et \u00e0 l&rsquo;international : conjoncture, \u00e9conomie num\u00e9rique, m\u00e9dias, social, transports&#8230;\u00a0\u00bb,\u00a0\u00bbsite_keywords\u00a0\u00bb:null},\u00a0\u00bbsite_topper\u00a0\u00bb:{\u00ab\u00a0site_logo_image\u00a0\u00bb:null},\u00a0\u00bbsocial\u00a0\u00bb:{\u00ab\u00a0twitter\u00a0\u00bb:null,\u00a0\u00bbfacebook\u00a0\u00bb:null,\u00a0\u00bbrss\u00a0\u00bb:null,\u00a0\u00bbinstagram\u00a0\u00bb:null},\u00a0\u00bbnavigation\u00a0\u00bb:{\u00ab\u00a0nav_title\u00a0\u00bb:\u00a0\u00bbEconomie\u00a0\u00bb},\u00a0\u00bb_admin\u00a0\u00bb:{\u00ab\u00a0alias_ids\u00a0\u00bb:[\u00ab\u00a0https:\/\/www.liberation.fr\/economie\/\u00a0\u00bb,\u00a0\u00bb200001&Prime;]},\u00a0\u00bb_website\u00a0\u00bb:\u00a0\u00bbliberation\u00a0\u00bb,\u00a0\u00bbname\u00a0\u00bb:\u00a0\u00bbEconomie\u00a0\u00bb,\u00a0\u00bborder\u00a0\u00bb:{\u00ab\u00a0amp-menu\u00a0\u00bb:1007,\u00a0\u00bbburgermenu\u00a0\u00bb:1013,\u00a0\u00bbdefault\u00a0\u00bb:1009,\u00a0\u00bbheadernav\u00a0\u00bb:1010,\u00a0\u00bbfooter2&Prime;:1006},\u00a0\u00bbparent\u00a0\u00bb:{\u00ab\u00a0default\u00a0\u00bb:\u00a0\u00bbhttps:\/\/www.liberation.fr\/\u00a0\u00bb,\u00a0\u00bbamp-menu\u00a0\u00bb:\u00a0\u00bbhttps:\/\/www.liberation.fr\/\u00a0\u00bb,\u00a0\u00bbburgermenu\u00a0\u00bb:\u00a0\u00bbhttps:\/\/www.liberation.fr\/\u00a0\u00bb,\u00a0\u00bbfooter\u00a0\u00bb:null,\u00a0\u00bbaccueil-tag-block\u00a0\u00bb:null,\u00a0\u00bbheadernav\u00a0\u00bb:\u00a0\u00bbhttps:\/\/www.liberation.fr\/\u00a0\u00bb,\u00a0\u00bbfooter2&Prime;:\u00a0\u00bbhttps:\/\/www.liberation.fr\/\u00a0\u00bb},\u00a0\u00bbancestors\u00a0\u00bb:{\u00ab\u00a0default\u00a0\u00bb:[\u00ab\u00a0https:\/\/www.liberation.fr\/\u00a0\u00bb],\u00a0\u00bbamp-menu\u00a0\u00bb:[\u00ab\u00a0https:\/\/www.liberation.fr\/\u00a0\u00bb],\u00a0\u00bbburgermenu\u00a0\u00bb:[\u00ab\u00a0https:\/\/www.liberation.fr\/\u00a0\u00bb],\u00a0\u00bbfooter\u00a0\u00bb:[],\u00a0\u00bbaccueil-tag-block\u00a0\u00bb:[],\u00a0\u00bbheadernav\u00a0\u00bb:[\u00ab\u00a0https:\/\/www.liberation.fr\/\u00a0\u00bb],\u00a0\u00bbfooter2&Prime;:[]},\u00a0\u00bbinactive\u00a0\u00bb:false,\u00a0\u00bbnode_type\u00a0\u00bb:\u00a0\u00bbsection\u00a0\u00bb,\u00a0\u00bbchildren\u00a0\u00bb:[{\u00ab\u00a0_id\u00a0\u00bb:\u00a0\u00bb\/economie\/transports\u00a0\u00bb,\u00a0\u00bbsite\u00a0\u00bb:{\u00ab\u00a0site_tagline\u00a0\u00bb:null,\u00a0\u00bbsite_url\u00a0\u00bb:null,\u00a0\u00bbsite_title\u00a0\u00bb:\u00a0\u00bbTransports : actualit\u00e9s et informations &#8211; Lib\u00e9ration\u00a0\u00bb,\u00a0\u00bbpagebuilder_path_for_native_apps\u00a0\u00bb:null,\u00a0\u00bbsite_about\u00a0\u00bb:null,\u00a0\u00bbsite_description\u00a0\u00bb:\u00a0\u00bbRetrouvez toute l&rsquo;actualit\u00e9 sur le secteur des Transports et ses enjeux : derniers articles, analyses et t\u00e9moignages de la rubrique Transports de Lib\u00e9ration.\u00a0\u00bb,\u00a0\u00bbsite_keywords\u00a0\u00bb:null},\u00a0\u00bbsite_topper\u00a0\u00bb:{\u00ab\u00a0site_logo_image\u00a0\u00bb:null},\u00a0\u00bbsocial\u00a0\u00bb:{\u00ab\u00a0twitter\u00a0\u00bb:null,\u00a0\u00bbfacebook\u00a0\u00bb:null,\u00a0\u00bbrss\u00a0\u00bb:null,\u00a0\u00bbinstagram\u00a0\u00bb:null},\u00a0\u00bbnavigation\u00a0\u00bb:{\u00ab\u00a0nav_title\u00a0\u00bb:\u00a0\u00bbTransports\u00a0\u00bb},\u00a0\u00bb_admin\u00a0\u00bb:{\u00ab\u00a0alias_ids\u00a0\u00bb:[\u00ab\u00a0\/economie\/transports\u00a0\u00bb,\u00a0\u00bb200007&Prime;]},\u00a0\u00bb_website\u00a0\u00bb:\u00a0\u00bbliberation\u00a0\u00bb,\u00a0\u00bbname\u00a0\u00bb:\u00a0\u00bbTransports\u00a0\u00bb,\u00a0\u00bborder\u00a0\u00bb:{\u00ab\u00a0default\u00a0\u00bb:2001,\u00a0\u00bbheadernav\u00a0\u00bb:2001,\u00a0\u00bbburgermenu\u00a0\u00bb:2003,\u00a0\u00bbamp-menu\u00a0\u00bb:2004,\u00a0\u00bbfooter2&Prime;:2001},\u00a0\u00bbparent\u00a0\u00bb:{\u00ab\u00a0default\u00a0\u00bb:\u00a0\u00bb\/economie\u00a0\u00bb,\u00a0\u00bbfooter\u00a0\u00bb:null,\u00a0\u00bbheadernav\u00a0\u00bb:\u00a0\u00bb\/economie\u00a0\u00bb,\u00a0\u00bbburgermenu\u00a0\u00bb:\u00a0\u00bb\/economie\u00a0\u00bb,\u00a0\u00bbamp-menu\u00a0\u00bb:\u00a0\u00bb\/economie\u00a0\u00bb,\u00a0\u00bbfooter2&Prime;:\u00a0\u00bb\/economie\u00a0\u00bb},\u00a0\u00bbancestors\u00a0\u00bb:{\u00ab\u00a0default\u00a0\u00bb:[\u00ab\u00a0\/economie\u00a0\u00bb],\u00a0\u00bbfooter\u00a0\u00bb:[],\u00a0\u00bbheadernav\u00a0\u00bb:[\u00ab\u00a0https:\/\/www.liberation.fr\/\u00a0\u00bb,\u00a0\u00bb\/economie\u00a0\u00bb],\u00a0\u00bbburgermenu\u00a0\u00bb:[\u00ab\u00a0https:\/\/www.liberation.fr\/\u00a0\u00bb,\u00a0\u00bb\/economie\u00a0\u00bb],\u00a0\u00bbamp-menu\u00a0\u00bb:[\u00ab\u00a0https:\/\/www.liberation.fr\/\u00a0\u00bb,\u00a0\u00bb\/economie\u00a0\u00bb],\u00a0\u00bbfooter2&Prime;:[\u00ab\u00a0\/economie\u00a0\u00bb]},\u00a0\u00bbinactive\u00a0\u00bb:false,\u00a0\u00bbnode_type\u00a0\u00bb:\u00a0\u00bbsection\u00a0\u00bb,\u00a0\u00bbchildren\u00a0\u00bb:[]},{\u00ab\u00a0_id\u00a0\u00bb:\u00a0\u00bb\/economie\/medias\u00a0\u00bb,\u00a0\u00bbsite\u00a0\u00bb:{\u00ab\u00a0site_tagline\u00a0\u00bb:null,\u00a0\u00bbsite_url\u00a0\u00bb:null,\u00a0\u00bbsite_title\u00a0\u00bb:\u00a0\u00bbToute l\u2019actualit\u00e9 m\u00e9dia avec Lib\u00e9ration &#8211; Lib\u00e9ration\u00a0\u00bb,\u00a0\u00bbpagebuilder_path_for_native_apps\u00a0\u00bb:null,\u00a0\u00bbsite_about\u00a0\u00bb:null,\u00a0\u00bbsite_description\u00a0\u00bb:\u00a0\u00bbActualit\u00e9 m\u00e9dia &#8211; tout savoir sur les derni\u00e8res infos m\u00e9dias avec Lib\u00e9ration : t\u00e9l\u00e9vision, radio, journal, audiences, communication&#8230;\u00a0\u00bb,\u00a0\u00bbsite_keywords\u00a0\u00bb:null},\u00a0\u00bbsite_topper\u00a0\u00bb:{\u00ab\u00a0site_logo_image\u00a0\u00bb:null},\u00a0\u00bbsocial\u00a0\u00bb:{\u00ab\u00a0twitter\u00a0\u00bb:null,\u00a0\u00bbfacebook\u00a0\u00bb:null,\u00a0\u00bbrss\u00a0\u00bb:null,\u00a0\u00bbinstagram\u00a0\u00bb:null},\u00a0\u00bbnavigation\u00a0\u00bb:{\u00ab\u00a0nav_title\u00a0\u00bb:\u00a0\u00bbM\u00e9dias\u00a0\u00bb},\u00a0\u00bb_admin\u00a0\u00bb:{\u00ab\u00a0alias_ids\u00a0\u00bb:[\u00ab\u00a0\/economie\/medias\u00a0\u00bb,\u00a0\u00bb200008&Prime;]},\u00a0\u00bb_website\u00a0\u00bb:\u00a0\u00bbliberation\u00a0\u00bb,\u00a0\u00bbname\u00a0\u00bb:\u00a0\u00bbM\u00e9dias\u00a0\u00bb,\u00a0\u00bborder\u00a0\u00bb:{\u00ab\u00a0default\u00a0\u00bb:2002,\u00a0\u00bbheadernav\u00a0\u00bb:2002,\u00a0\u00bbburgermenu\u00a0\u00bb:2001,\u00a0\u00bbamp-menu\u00a0\u00bb:2002,\u00a0\u00bbfooter2&Prime;:2002},\u00a0\u00bbparent\u00a0\u00bb:{\u00ab\u00a0default\u00a0\u00bb:\u00a0\u00bb\/economie\u00a0\u00bb,\u00a0\u00bbfooter\u00a0\u00bb:null,\u00a0\u00bbheadernav\u00a0\u00bb:\u00a0\u00bb\/economie\u00a0\u00bb,\u00a0\u00bbburgermenu\u00a0\u00bb:\u00a0\u00bb\/economie\u00a0\u00bb,\u00a0\u00bbamp-menu\u00a0\u00bb:\u00a0\u00bb\/economie\u00a0\u00bb,\u00a0\u00bbfooter2&Prime;:\u00a0\u00bb\/economie\u00a0\u00bb},\u00a0\u00bbancestors\u00a0\u00bb:{\u00ab\u00a0default\u00a0\u00bb:[\u00ab\u00a0\/economie\u00a0\u00bb],\u00a0\u00bbfooter\u00a0\u00bb:[],\u00a0\u00bbheadernav\u00a0\u00bb:[\u00ab\u00a0https:\/\/www.liberation.fr\/\u00a0\u00bb,\u00a0\u00bb\/economie\u00a0\u00bb],\u00a0\u00bbburgermenu\u00a0\u00bb:[\u00ab\u00a0https:\/\/www.liberation.fr\/\u00a0\u00bb,\u00a0\u00bb\/economie\u00a0\u00bb],\u00a0\u00bbamp-menu\u00a0\u00bb:[\u00ab\u00a0https:\/\/www.liberation.fr\/\u00a0\u00bb,\u00a0\u00bb\/economie\u00a0\u00bb],\u00a0\u00bbfooter2&Prime;:[\u00ab\u00a0\/economie\u00a0\u00bb]},\u00a0\u00bbinactive\u00a0\u00bb:false,\u00a0\u00bbnode_type\u00a0\u00bb:\u00a0\u00bbsection\u00a0\u00bb,\u00a0\u00bbchildren\u00a0\u00bb:[]},{\u00ab\u00a0_id\u00a0\u00bb:\u00a0\u00bb\/economie\/economie-numerique\u00a0\u00bb,\u00a0\u00bbsite\u00a0\u00bb:{\u00ab\u00a0site_tagline\u00a0\u00bb:null,\u00a0\u00bbsite_url\u00a0\u00bb:null,\u00a0\u00bbsite_title\u00a0\u00bb:\u00a0\u00bbEconomie num\u00e9rique : actualit\u00e9s et informations &#8211; Lib\u00e9ration\u00a0\u00bb,\u00a0\u00bbpagebuilder_path_for_native_apps\u00a0\u00bb:null,\u00a0\u00bbsite_about\u00a0\u00bb:null,\u00a0\u00bbsite_description\u00a0\u00bb:\u00a0\u00bbRetrouvez toute l&rsquo;actualit\u00e9 sur l&rsquo;\u00e9conomie num\u00e9rique et ses enjeux : derniers articles, analyses et t\u00e9moignages de la rubrique Economie Num\u00e9rique de Lib\u00e9ration.\u00a0\u00bb,\u00a0\u00bbsite_keywords\u00a0\u00bb:null},\u00a0\u00bbsite_topper\u00a0\u00bb:{\u00ab\u00a0site_logo_image\u00a0\u00bb:null},\u00a0\u00bbsocial\u00a0\u00bb:{\u00ab\u00a0twitter\u00a0\u00bb:null,\u00a0\u00bbfacebook\u00a0\u00bb:null,\u00a0\u00bbrss\u00a0\u00bb:null,\u00a0\u00bbinstagram\u00a0\u00bb:null},\u00a0\u00bbnavigation\u00a0\u00bb:{\u00ab\u00a0nav_title\u00a0\u00bb:\u00a0\u00bbEconomie num\u00e9rique\u00a0\u00bb},\u00a0\u00bb_admin\u00a0\u00bb:{\u00ab\u00a0alias_ids\u00a0\u00bb:[\u00ab\u00a0\/economie\/economie-numerique\u00a0\u00bb,\u00a0\u00bb200009&Prime;]},\u00a0\u00bb_website\u00a0\u00bb:\u00a0\u00bbliberation\u00a0\u00bb,\u00a0\u00bbname\u00a0\u00bb:\u00a0\u00bbEconomie num\u00e9rique\u00a0\u00bb,\u00a0\u00bborder\u00a0\u00bb:{\u00ab\u00a0default\u00a0\u00bb:2003,\u00a0\u00bbheadernav\u00a0\u00bb:2003,\u00a0\u00bbburgermenu\u00a0\u00bb:2004,\u00a0\u00bbamp-menu\u00a0\u00bb:2001,\u00a0\u00bbfooter2&Prime;:2003},\u00a0\u00bbparent\u00a0\u00bb:{\u00ab\u00a0default\u00a0\u00bb:\u00a0\u00bb\/economie\u00a0\u00bb,\u00a0\u00bbfooter\u00a0\u00bb:null,\u00a0\u00bbheadernav\u00a0\u00bb:\u00a0\u00bb\/economie\u00a0\u00bb,\u00a0\u00bbburgermenu\u00a0\u00bb:\u00a0\u00bb\/economie\u00a0\u00bb,\u00a0\u00bbamp-menu\u00a0\u00bb:\u00a0\u00bb\/economie\u00a0\u00bb,\u00a0\u00bbfooter2&Prime;:\u00a0\u00bb\/economie\u00a0\u00bb},\u00a0\u00bbancestors\u00a0\u00bb:{\u00ab\u00a0default\u00a0\u00bb:[\u00ab\u00a0\/economie\u00a0\u00bb],\u00a0\u00bbfooter\u00a0\u00bb:[],\u00a0\u00bbheadernav\u00a0\u00bb:[\u00ab\u00a0https:\/\/www.liberation.fr\/\u00a0\u00bb,\u00a0\u00bb\/economie\u00a0\u00bb],\u00a0\u00bbburgermenu\u00a0\u00bb:[\u00ab\u00a0https:\/\/www.liberation.fr\/\u00a0\u00bb,\u00a0\u00bb\/economie\u00a0\u00bb],\u00a0\u00bbamp-menu\u00a0\u00bb:[\u00ab\u00a0https:\/\/www.liberation.fr\/\u00a0\u00bb,\u00a0\u00bb\/economie\u00a0\u00bb],\u00a0\u00bbfooter2&Prime;:[\u00ab\u00a0\/economie\u00a0\u00bb]},\u00a0\u00bbinactive\u00a0\u00bb:false,\u00a0\u00bbnode_type\u00a0\u00bb:\u00a0\u00bbsection\u00a0\u00bb,\u00a0\u00bbchildren\u00a0\u00bb:[]},{\u00ab\u00a0_id\u00a0\u00bb:\u00a0\u00bb\/economie\/social\u00a0\u00bb,\u00a0\u00bbsite\u00a0\u00bb:{\u00ab\u00a0site_tagline\u00a0\u00bb:null,\u00a0\u00bbsite_url\u00a0\u00bb:null,\u00a0\u00bbsite_title\u00a0\u00bb:\u00a0\u00bbSocial : actualit\u00e9s et informations &#8211; Lib\u00e9ration\u00a0\u00bb,\u00a0\u00bbpagebuilder_path_for_native_apps\u00a0\u00bb:null,\u00a0\u00bbsite_about\u00a0\u00bb:null,\u00a0\u00bbsite_description\u00a0\u00bb:\u00a0\u00bbRetrouvez toute l&rsquo;actualit\u00e9 \u00e9conomique et sociale avec Lib\u00e9ration : derniers articles, analyses et t\u00e9moignages&#8230;\u00a0\u00bb,\u00a0\u00bbsite_keywords\u00a0\u00bb:null},\u00a0\u00bbsite_topper\u00a0\u00bb:{\u00ab\u00a0site_logo_image\u00a0\u00bb:null},\u00a0\u00bbsocial\u00a0\u00bb:{\u00ab\u00a0twitter\u00a0\u00bb:null,\u00a0\u00bbfacebook\u00a0\u00bb:null,\u00a0\u00bbrss\u00a0\u00bb:null,\u00a0\u00bbinstagram\u00a0\u00bb:null},\u00a0\u00bbnavigation\u00a0\u00bb:{\u00ab\u00a0nav_title\u00a0\u00bb:\u00a0\u00bbSocial\u00a0\u00bb},\u00a0\u00bb_admin\u00a0\u00bb:{\u00ab\u00a0alias_ids\u00a0\u00bb:[\u00ab\u00a0\/economie\/social\u00a0\u00bb,\u00a0\u00bb200010&Prime;]},\u00a0\u00bb_website\u00a0\u00bb:\u00a0\u00bbliberation\u00a0\u00bb,\u00a0\u00bbname\u00a0\u00bb:\u00a0\u00bbSocial\u00a0\u00bb,\u00a0\u00bborder\u00a0\u00bb:{\u00ab\u00a0default\u00a0\u00bb:2004,\u00a0\u00bbheadernav\u00a0\u00bb:2004,\u00a0\u00bbburgermenu\u00a0\u00bb:2002,\u00a0\u00bbamp-menu\u00a0\u00bb:2003,\u00a0\u00bbfooter2&Prime;:2004},\u00a0\u00bbparent\u00a0\u00bb:{\u00ab\u00a0default\u00a0\u00bb:\u00a0\u00bb\/economie\u00a0\u00bb,\u00a0\u00bbheadernav\u00a0\u00bb:\u00a0\u00bb\/economie\u00a0\u00bb,\u00a0\u00bbburgermenu\u00a0\u00bb:\u00a0\u00bb\/economie\u00a0\u00bb,\u00a0\u00bbamp-menu\u00a0\u00bb:\u00a0\u00bb\/economie\u00a0\u00bb,\u00a0\u00bbfooter\u00a0\u00bb:null,\u00a0\u00bbfooter2&Prime;:\u00a0\u00bb\/economie\u00a0\u00bb},\u00a0\u00bbancestors\u00a0\u00bb:{\u00ab\u00a0default\u00a0\u00bb:[\u00ab\u00a0\/economie\u00a0\u00bb],\u00a0\u00bbheadernav\u00a0\u00bb:[\u00ab\u00a0https:\/\/www.liberation.fr\/\u00a0\u00bb,\u00a0\u00bb\/economie\u00a0\u00bb],\u00a0\u00bbburgermenu\u00a0\u00bb:[\u00ab\u00a0https:\/\/www.liberation.fr\/\u00a0\u00bb,\u00a0\u00bb\/economie\u00a0\u00bb],\u00a0\u00bbamp-menu\u00a0\u00bb:[\u00ab\u00a0https:\/\/www.liberation.fr\/\u00a0\u00bb,\u00a0\u00bb\/economie\u00a0\u00bb],\u00a0\u00bbfooter\u00a0\u00bb:[],\u00a0\u00bbfooter2&Prime;:[\u00ab\u00a0\/economie\u00a0\u00bb]},\u00a0\u00bbinactive\u00a0\u00bb:false,\u00a0\u00bbnode_type\u00a0\u00bb:\u00a0\u00bbsection\u00a0\u00bb,\u00a0\u00bbchildren\u00a0\u00bb:[]}]},{\u00ab\u00a0_id\u00a0\u00bb:\u00a0\u00bb\/lifestyle\u00a0\u00bb,\u00a0\u00bb_website\u00a0\u00bb:\u00a0\u00bbliberation\u00a0\u00bb,\u00a0\u00bbname\u00a0\u00bb:\u00a0\u00bbLifestyle\u00a0\u00bb,\u00a0\u00bbinactive\u00a0\u00bb:false,\u00a0\u00bbancestors\u00a0\u00bb:{\u00ab\u00a0default\u00a0\u00bb:[\u00ab\u00a0https:\/\/www.liberation.fr\/\u00a0\u00bb],\u00a0\u00bbburgermenu\u00a0\u00bb:[\u00ab\u00a0https:\/\/www.liberation.fr\/\u00a0\u00bb],\u00a0\u00bbheadernav\u00a0\u00bb:[\u00ab\u00a0https:\/\/www.liberation.fr\/\u00a0\u00bb],\u00a0\u00bbamp-menu\u00a0\u00bb:[\u00ab\u00a0https:\/\/www.liberation.fr\/\u00a0\u00bb],\u00a0\u00bbfooter\u00a0\u00bb:[],\u00a0\u00bbfooter2&Prime;:[\u00ab\u00a0https:\/\/www.liberation.fr\/\u00a0\u00bb]},\u00a0\u00bbparent\u00a0\u00bb:{\u00ab\u00a0default\u00a0\u00bb:\u00a0\u00bbhttps:\/\/www.liberation.fr\/\u00a0\u00bb,\u00a0\u00bbburgermenu\u00a0\u00bb:\u00a0\u00bbhttps:\/\/www.liberation.fr\/\u00a0\u00bb,\u00a0\u00bbheadernav\u00a0\u00bb:\u00a0\u00bbhttps:\/\/www.liberation.fr\/\u00a0\u00bb,\u00a0\u00bbamp-menu\u00a0\u00bb:\u00a0\u00bbhttps:\/\/www.liberation.fr\/\u00a0\u00bb,\u00a0\u00bbfooter\u00a0\u00bb:null,\u00a0\u00bbfooter2&Prime;:\u00a0\u00bbhttps:\/\/www.liberation.fr\/\u00a0\u00bb},\u00a0\u00bborder\u00a0\u00bb:{\u00ab\u00a0burgermenu\u00a0\u00bb:1014,\u00a0\u00bbdefault\u00a0\u00bb:1010,\u00a0\u00bbamp-menu\u00a0\u00bb:1011,\u00a0\u00bbfooter2&Prime;:1007,\u00a0\u00bbheadernav\u00a0\u00bb:1011},\u00a0\u00bb_admin\u00a0\u00bb:{\u00ab\u00a0alias_ids\u00a0\u00bb:[\u00ab\u00a0\/lifestyle\u00a0\u00bb,\u00a0\u00bb15&Prime;]},\u00a0\u00bbnavigation\u00a0\u00bb:{\u00ab\u00a0nav_title\u00a0\u00bb:null},\u00a0\u00bbsite\u00a0\u00bb:{\u00ab\u00a0pagebuilder_path_for_native_apps\u00a0\u00bb:null,\u00a0\u00bbsite_about\u00a0\u00bb:null,\u00a0\u00bbsite_description\u00a0\u00bb:\u00a0\u00bbVoyages, Mode, Gastronomie, Design, Beaut\u00e9 et High-tech : d\u00e9couvrez toutes les tendances sur Lib\u00e9ration.\u00a0\u00bb,\u00a0\u00bbsite_keywords\u00a0\u00bb:null,\u00a0\u00bbsite_tagline\u00a0\u00bb:null,\u00a0\u00bbsite_title\u00a0\u00bb:\u00a0\u00bbLifestyle : l\u2019actualit\u00e9 du style de vie au quotidien &#8211; Lib\u00e9ration\u00a0\u00bb,\u00a0\u00bbsite_url\u00a0\u00bb:null},\u00a0\u00bbsite_topper\u00a0\u00bb:{\u00ab\u00a0site_logo_image\u00a0\u00bb:null},\u00a0\u00bbsocial\u00a0\u00bb:{\u00ab\u00a0facebook\u00a0\u00bb:null,\u00a0\u00bbinstagram\u00a0\u00bb:null,\u00a0\u00bbrss\u00a0\u00bb:null,\u00a0\u00bbtwitter\u00a0\u00bb:null},\u00a0\u00bbnode_type\u00a0\u00bb:\u00a0\u00bbsection\u00a0\u00bb,\u00a0\u00bbchildren\u00a0\u00bb:[]},{\u00ab\u00a0_id\u00a0\u00bb:\u00a0\u00bblink-IRBRAAYPD5FHDJDA6EUBRW4YGM\u00a0\u00bb,\u00a0\u00bb_website\u00a0\u00bb:\u00a0\u00bbliberation\u00a0\u00bb,\u00a0\u00bbdisplay_name\u00a0\u00bb:\u00a0\u00bbSports\u00a0\u00bb,\u00a0\u00bburl\u00a0\u00bb:\u00a0\u00bbhttps:\/\/www.liberation.fr\/sports\/\u00a0\u00bb,\u00a0\u00bbparent\u00a0\u00bb:{\u00ab\u00a0burgermenu\u00a0\u00bb:\u00a0\u00bb\/lifestyle\u00a0\u00bb,\u00a0\u00bbheadernav\u00a0\u00bb:\u00a0\u00bbhttps:\/\/www.liberation.fr\/\u00a0\u00bb},\u00a0\u00bborder\u00a0\u00bb:{\u00ab\u00a0burgermenu\u00a0\u00bb:2010,\u00a0\u00bbheadernav\u00a0\u00bb:1012},\u00a0\u00bbnode_type\u00a0\u00bb:\u00a0\u00bblink\u00a0\u00bb,\u00a0\u00bbchildren\u00a0\u00bb:[]},{\u00ab\u00a0_id\u00a0\u00bb:\u00a0\u00bblink-CVAFAHXKI5AVTELUFP7BYGNOIM\u00a0\u00bb,\u00a0\u00bb_website\u00a0\u00bb:\u00a0\u00bbliberation\u00a0\u00bb,\u00a0\u00bbdisplay_name\u00a0\u00bb:\u00a0\u00bb\u00c7a va mieux en le lisant\u00a0\u00bb,\u00a0\u00bburl\u00a0\u00bb:\u00a0\u00bbhttps:\/\/www.liberation.fr\/tags\/ca-va-mieux-lisant\/\u00a0\u00bb,\u00a0\u00bbparent\u00a0\u00bb:{\u00ab\u00a0headernav\u00a0\u00bb:\u00a0\u00bbhttps:\/\/www.liberation.fr\/\u00a0\u00bb},\u00a0\u00bborder\u00a0\u00bb:{\u00ab\u00a0headernav\u00a0\u00bb:1013},\u00a0\u00bbnode_type\u00a0\u00bb:\u00a0\u00bblink\u00a0\u00bb,\u00a0\u00bbchildren\u00a0\u00bb:[]},{\u00ab\u00a0_id\u00a0\u00bb:\u00a0\u00bb\/portraits\u00a0\u00bb,\u00a0\u00bbsite\u00a0\u00bb:{\u00ab\u00a0site_tagline\u00a0\u00bb:null,\u00a0\u00bbsite_url\u00a0\u00bb:null,\u00a0\u00bbsite_title\u00a0\u00bb:\u00a0\u00bbTous les portraits de Lib\u00e9ration\u00a0\u00bb,\u00a0\u00bbsite_about\u00a0\u00bb:null,\u00a0\u00bbpagebuilder_path_for_native_apps\u00a0\u00bb:null,\u00a0\u00bbsite_description\u00a0\u00bb:\u00a0\u00bbD\u00e9couvrez chaque jour le portrait de Lib\u00e9ration sur des personnalit\u00e9s qui font l&rsquo;actualit\u00e9.\u00a0\u00bb,\u00a0\u00bbsite_keywords\u00a0\u00bb:null},\u00a0\u00bbsite_topper\u00a0\u00bb:{\u00ab\u00a0site_logo_image\u00a0\u00bb:null},\u00a0\u00bbsocial\u00a0\u00bb:{\u00ab\u00a0twitter\u00a0\u00bb:null,\u00a0\u00bbfacebook\u00a0\u00bb:null,\u00a0\u00bbrss\u00a0\u00bb:null,\u00a0\u00bbinstagram\u00a0\u00bb:null},\u00a0\u00bbnavigation\u00a0\u00bb:{\u00ab\u00a0nav_title\u00a0\u00bb:null},\u00a0\u00bb_admin\u00a0\u00bb:{\u00ab\u00a0alias_ids\u00a0\u00bb:[\u00ab\u00a0\/portraits\u00a0\u00bb,\u00a0\u00bb67&Prime;]},\u00a0\u00bb_website\u00a0\u00bb:\u00a0\u00bbliberation\u00a0\u00bb,\u00a0\u00bbname\u00a0\u00bb:\u00a0\u00bbPortraits\u00a0\u00bb,\u00a0\u00bborder\u00a0\u00bb:{\u00ab\u00a0default\u00a0\u00bb:1015,\u00a0\u00bbheadernav\u00a0\u00bb:1014,\u00a0\u00bbburgermenu\u00a0\u00bb:1018,\u00a0\u00bbamp-menu\u00a0\u00bb:1009,\u00a0\u00bbfooter2&Prime;:1012},\u00a0\u00bbparent\u00a0\u00bb:{\u00ab\u00a0default\u00a0\u00bb:\u00a0\u00bbhttps:\/\/www.liberation.fr\/\u00a0\u00bb,\u00a0\u00bbheadernav\u00a0\u00bb:\u00a0\u00bbhttps:\/\/www.liberation.fr\/\u00a0\u00bb,\u00a0\u00bbburgermenu\u00a0\u00bb:\u00a0\u00bbhttps:\/\/www.liberation.fr\/\u00a0\u00bb,\u00a0\u00bbamp-menu\u00a0\u00bb:\u00a0\u00bbhttps:\/\/www.liberation.fr\/\u00a0\u00bb,\u00a0\u00bbfooter\u00a0\u00bb:null,\u00a0\u00bbfooter2&Prime;:\u00a0\u00bbhttps:\/\/www.liberation.fr\/\u00a0\u00bb},\u00a0\u00bbancestors\u00a0\u00bb:{\u00ab\u00a0default\u00a0\u00bb:[\u00ab\u00a0https:\/\/www.liberation.fr\/\u00a0\u00bb],\u00a0\u00bbheadernav\u00a0\u00bb:[\u00ab\u00a0https:\/\/www.liberation.fr\/\u00a0\u00bb],\u00a0\u00bbburgermenu\u00a0\u00bb:[\u00ab\u00a0https:\/\/www.liberation.fr\/\u00a0\u00bb],\u00a0\u00bbamp-menu\u00a0\u00bb:[\u00ab\u00a0https:\/\/www.liberation.fr\/\u00a0\u00bb],\u00a0\u00bbfooter\u00a0\u00bb:[],\u00a0\u00bbfooter2&Prime;:[]},\u00a0\u00bbinactive\u00a0\u00bb:false,\u00a0\u00bbnode_type\u00a0\u00bb:\u00a0\u00bbsection\u00a0\u00bb,\u00a0\u00bbchildren\u00a0\u00bb:[]}]},\u00a0\u00bbexpires\u00a0\u00bb:1753308417882,\u00a0\u00bblastModified\u00a0\u00bb:1753308117839}},\u00a0\u00bbalert-bar-collections\u00a0\u00bb:{\u00ab\u00a0{\\\u00a0\u00bbfrom\\\u00a0\u00bb:0,\\\u00a0\u00bbsite\\\u00a0\u00bb:\\\u00a0\u00bbliberation\\\u00a0\u00bb,\\\u00a0\u00bbsize\\\u00a0\u00bb:1}\u00a0\u00bb:{\u00ab\u00a0data\u00a0\u00bb:{\u00ab\u00a0_id\u00a0\u00bb:\u00a0\u00bb4VXOY7T3RRAVPIN7RFAG3IXNFU\u00a0\u00bb,\u00a0\u00bbversion\u00a0\u00bb:\u00a0\u00bb0.10.6&Prime;,\u00a0\u00bbcreated_date\u00a0\u00bb:\u00a0\u00bb2021-01-26T08:33:27.405Z\u00a0\u00bb,\u00a0\u00bbheadlines\u00a0\u00bb:{\u00ab\u00a0basic\u00a0\u00bb:\u00a0\u00bbAlert Bar\u00a0\u00bb},\u00a0\u00bblast_updated_date\u00a0\u00bb:\u00a0\u00bb2025-07-21T11:03:47.192Z\u00a0\u00bb,\u00a0\u00bbtype\u00a0\u00bb:\u00a0\u00bbcollection\u00a0\u00bb,\u00a0\u00bbcanonical_website\u00a0\u00bb:\u00a0\u00bbliberation\u00a0\u00bb,\u00a0\u00bbcontent_elements\u00a0\u00bb:[],\u00a0\u00bbwebsites\u00a0\u00bb:{\u00ab\u00a0liberation\u00a0\u00bb:{}},\u00a0\u00bbdescription\u00a0\u00bb:{\u00ab\u00a0basic\u00a0\u00bb:\u00a0\u00bbAny story in this collection with show up in the alert bar below the Header\u00a0\u00bb},\u00a0\u00bbcontent_aliases\u00a0\u00bb:[\u00ab\u00a0alert-bar\u00a0\u00bb],\u00a0\u00bbowner\u00a0\u00bb:{\u00ab\u00a0id\u00a0\u00bb:\u00a0\u00bbliberation\u00a0\u00bb},\u00a0\u00bbrevision\u00a0\u00bb:{\u00ab\u00a0branch\u00a0\u00bb:\u00a0\u00bbdefault\u00a0\u00bb,\u00a0\u00bbpublished\u00a0\u00bb:true},\u00a0\u00bbcanonical_url\u00a0\u00bb:null,\u00a0\u00bbpublishing\u00a0\u00bb:{\u00ab\u00a0scheduled_operations\u00a0\u00bb:{\u00ab\u00a0publish_edition\u00a0\u00bb:[],\u00a0\u00bbunpublish_edition\u00a0\u00bb:[]}},\u00a0\u00bbwebsite\u00a0\u00bb:\u00a0\u00bbliberation\u00a0\u00bb},\u00a0\u00bbexpires\u00a0\u00bb:1753308316141,\u00a0\u00bblastModified\u00a0\u00bb:1753308195968}},\u00a0\u00bbtags-api-chunked\u00a0\u00bb:{\u00ab\u00a0{\\\u00a0\u00bbslug\\\u00a0\u00bb:\\\u00a0\u00bbgilets-jaunes,greves,francois-bayrou\\\u00a0\u00bb}\u00a0\u00bb:{\u00ab\u00a0data\u00a0\u00bb:{\u00ab\u00a0Payload\u00a0\u00bb:[{\u00ab\u00a0name\u00a0\u00bb:\u00a0\u00bbGilets Jaunes\u00a0\u00bb,\u00a0\u00bbslug\u00a0\u00bb:\u00a0\u00bbgilets-jaunes\u00a0\u00bb,\u00a0\u00bbsubtype\u00a0\u00bb:\u00a0\u00bbtag\u00a0\u00bb,\u00a0\u00bbtext\u00a0\u00bb:\u00a0\u00bbGilets Jaunes\u00a0\u00bb},{\u00ab\u00a0name\u00a0\u00bb:\u00a0\u00bbGr\u00e8ves\u00a0\u00bb,\u00a0\u00bbslug\u00a0\u00bb:\u00a0\u00bbgreves\u00a0\u00bb,\u00a0\u00bbsubtype\u00a0\u00bb:\u00a0\u00bbtag\u00a0\u00bb,\u00a0\u00bbtext\u00a0\u00bb:\u00a0\u00bbGr\u00e8ves\u00a0\u00bb},{\u00ab\u00a0name\u00a0\u00bb:\u00a0\u00bbFran\u00e7ois Bayrou\u00a0\u00bb,\u00a0\u00bbslug\u00a0\u00bb:\u00a0\u00bbfrancois-bayrou\u00a0\u00bb,\u00a0\u00bbsubtype\u00a0\u00bb:\u00a0\u00bbtag\u00a0\u00bb,\u00a0\u00bbtext\u00a0\u00bb:\u00a0\u00bbFran\u00e7ois Bayrou\u00a0\u00bb}],\u00a0\u00bb_id\u00a0\u00bb:\u00a0\u00bbe8b05216bf08dcc76f44f87937e73916f317d8e89cbc4728a37e90b773085a13&Prime;},\u00a0\u00bbexpires\u00a0\u00bb:1753308540611,\u00a0\u00bblastModified\u00a0\u00bb:1753308240511}},\u00a0\u00bbauthor-api-w404&Prime;:{\u00ab\u00a0{\\\u00a0\u00bbslug\\\u00a0\u00bb:\\\u00a0\u00bbanais-condomines\\\u00a0\u00bb}\u00a0\u00bb:{\u00ab\u00a0data\u00a0\u00bb:{\u00ab\u00a0authors\u00a0\u00bb:[{\u00ab\u00a0_id\u00a0\u00bb:\u00a0\u00bb20052&Prime;,\u00a0\u00bbbyline\u00a0\u00bb:\u00a0\u00bbAna\u00efs Condomines\u00a0\u00bb,\u00a0\u00bbfirstName\u00a0\u00bb:\u00a0\u00bbAna\u00efs\u00a0\u00bb,\u00a0\u00bblastName\u00a0\u00bb:\u00a0\u00bbCondomines\u00a0\u00bb,\u00a0\u00bbrole\u00a0\u00bb:\u00a0\u00bb\u00a0\u00bb,\u00a0\u00bbemail\u00a0\u00bb:\u00a0\u00bba.condomines@liberation.fr\u00a0\u00bb,\u00a0\u00bbslug\u00a0\u00bb:\u00a0\u00bbanais-condomines\u00a0\u00bb,\u00a0\u00bbbooks\u00a0\u00bb:[],\u00a0\u00bbpodcasts\u00a0\u00bb:[],\u00a0\u00bbeducation\u00a0\u00bb:[],\u00a0\u00bbawards\u00a0\u00bb:[],\u00a0\u00bblast_updated_date\u00a0\u00bb:\u00a0\u00bb2021-01-16T14:54:05.546Z\u00a0\u00bb}],\u00a0\u00bbmore\u00a0\u00bb:false,\u00a0\u00bb_id\u00a0\u00bb:\u00a0\u00bb164ecb03a9016905c0c3eda437621b1f134ae2167848bd5a21456d967ac60b0f\u00a0\u00bb},\u00a0\u00bbexpires\u00a0\u00bb:1753308427483,\u00a0\u00bblastModified\u00a0\u00bb:1753308127466},\u00a0\u00bb{\\\u00a0\u00bbslug\\\u00a0\u00bb:\\\u00a0\u00bbelsa-de-la-roche-saint-andre\\\u00a0\u00bb}\u00a0\u00bb:{\u00ab\u00a0data\u00a0\u00bb:{\u00ab\u00a0authors\u00a0\u00bb:[{\u00ab\u00a0_id\u00a0\u00bb:\u00a0\u00bbElsa de La Roche Saint-Andr\u00e9\u00a0\u00bb,\u00a0\u00bbfirstName\u00a0\u00bb:\u00a0\u00bbElsa\u00a0\u00bb,\u00a0\u00bblastName\u00a0\u00bb:\u00a0\u00bbde La Roche Saint-Andr\u00e9\u00a0\u00bb,\u00a0\u00bbbyline\u00a0\u00bb:\u00a0\u00bbElsa de La Roche Saint-Andr\u00e9\u00a0\u00bb,\u00a0\u00bbimage\u00a0\u00bb:\u00a0\u00bb\u00a0\u00bb,\u00a0\u00bbemail\u00a0\u00bb:\u00a0\u00bbe.delaroche@liberation.fr\u00a0\u00bb,\u00a0\u00bbaffiliations\u00a0\u00bb:\u00a0\u00bb\u00a0\u00bb,\u00a0\u00bbeducation\u00a0\u00bb:[],\u00a0\u00bbawards\u00a0\u00bb:[],\u00a0\u00bbbooks\u00a0\u00bb:[],\u00a0\u00bbpodcasts\u00a0\u00bb:[],\u00a0\u00bbbio_page\u00a0\u00bb:\u00a0\u00bb\u00a0\u00bb,\u00a0\u00bbbio\u00a0\u00bb:\u00a0\u00bb\u00a0\u00bb,\u00a0\u00bblongBio\u00a0\u00bb:\u00a0\u00bb\u00a0\u00bb,\u00a0\u00bbslug\u00a0\u00bb:\u00a0\u00bbelsa-de-la-roche-saint-andre\u00a0\u00bb,\u00a0\u00bbnative_app_rendering\u00a0\u00bb:false,\u00a0\u00bbfuzzy_match\u00a0\u00bb:false,\u00a0\u00bbcontributor\u00a0\u00bb:false,\u00a0\u00bbstatus\u00a0\u00bb:true,\u00a0\u00bblast_updated_date\u00a0\u00bb:\u00a0\u00bb2023-08-22T13:16:33.814Z\u00a0\u00bb,\u00a0\u00bbansImage\u00a0\u00bb:{\u00ab\u00a0type\u00a0\u00bb:\u00a0\u00bbimage\u00a0\u00bb,\u00a0\u00bburl\u00a0\u00bb:\u00a0\u00bb\u00a0\u00bb,\u00a0\u00bbauth\u00a0\u00bb:{\u00ab\u00a01&Prime;:\u00a0\u00bb__replaceMe__\u00a0\u00bb}}}],\u00a0\u00bbmore\u00a0\u00bb:false,\u00a0\u00bb_id\u00a0\u00bb:\u00a0\u00bbe7129c2790bc17523d2e5b3191287890884b9ff13ec8790342e93387490d681d\u00a0\u00bb},\u00a0\u00bbexpires\u00a0\u00bb:1753308419824,\u00a0\u00bblastModified\u00a0\u00bb:1753308119637},\u00a0\u00bb{\\\u00a0\u00bbslug\\\u00a0\u00bb:\\\u00a0\u00bbpierre-plottu\\\u00a0\u00bb}\u00a0\u00bb:{\u00ab\u00a0data\u00a0\u00bb:{\u00ab\u00a0authors\u00a0\u00bb:[{\u00ab\u00a0_id\u00a0\u00bb:\u00a0\u00bb20433&Prime;,\u00a0\u00bbbyline\u00a0\u00bb:\u00a0\u00bbPierre Plottu\u00a0\u00bb,\u00a0\u00bbfirstName\u00a0\u00bb:\u00a0\u00bbPierre\u00a0\u00bb,\u00a0\u00bblastName\u00a0\u00bb:\u00a0\u00bbPlottu\u00a0\u00bb,\u00a0\u00bbemail\u00a0\u00bb:\u00a0\u00bbp.plottu@liberation.fr\u00a0\u00bb,\u00a0\u00bbslug\u00a0\u00bb:\u00a0\u00bbpierre-plottu\u00a0\u00bb,\u00a0\u00bbbooks\u00a0\u00bb:[{\u00ab\u00a0url\u00a0\u00bb:\u00a0\u00bbhttps:\/\/www.babelio.com\/livres\/Plottu-Pop-fascisme-Les-influenceurs-dextreme-droite-on\/1659678&Prime;,\u00a0\u00bbtitle\u00a0\u00bb:\u00a0\u00bbPop fascisme: Comment l&rsquo;extr\u00eame droite a gagn\u00e9 la bataille culturelle sur internet\u00a0\u00bb,\u00a0\u00bbpublisher\u00a0\u00bb:\u00a0\u00bbEditions Divergences, 2024&Prime;}],\u00a0\u00bbpodcasts\u00a0\u00bb:[],\u00a0\u00bbeducation\u00a0\u00bb:[],\u00a0\u00bbawards\u00a0\u00bb:[],\u00a0\u00bblast_updated_date\u00a0\u00bb:\u00a0\u00bb2025-06-18T15:47:32.667Z\u00a0\u00bb,\u00a0\u00bbbio\u00a0\u00bb:\u00a0\u00bbJournaliste au sein du service politique je suis en charge d&rsquo;enqu\u00eater sur l&rsquo;extr\u00eame droite, des violences de sa marge radicale \u00e0 la fachosph\u00e8re en passant par les liens avec les partis politiques. Je participe \u00e0 l&rsquo;animation de la newsletter Frontal qui passe au crible la mouvance, des groupuscules au RN.\u00a0\u00bb,\u00a0\u00bbimage\u00a0\u00bb:\u00a0\u00bbhttps:\/\/author-service-images-prod-us-east-1.publishing.aws.arc.pub\/liberation\/2c4fc1d6-bdd5-44f8-9db2-416dfc702ed9.png\u00a0\u00bb,\u00a0\u00bbcustom_liberation_bluesky\u00a0\u00bb:\u00a0\u00bbhttps:\/\/bsky.app\/profile\/pierreplottu.bsky.social\u00a0\u00bb,\u00a0\u00bbansImage\u00a0\u00bb:{\u00ab\u00a0type\u00a0\u00bb:\u00a0\u00bbimage\u00a0\u00bb,\u00a0\u00bburl\u00a0\u00bb:\u00a0\u00bbhttps:\/\/author-service-images-prod-us-east-1.publishing.aws.arc.pub\/liberation\/2c4fc1d6-bdd5-44f8-9db2-416dfc702ed9.png\u00a0\u00bb,\u00a0\u00bbauth\u00a0\u00bb:{\u00ab\u00a01&Prime;:\u00a0\u00bb190868490bb2b1e17ba088175aa69f5d476724f04cb8c3e1c28d0aa0ec1cdb64&Prime;}}}],\u00a0\u00bbmore\u00a0\u00bb:false,\u00a0\u00bb_id\u00a0\u00bb:\u00a0\u00bb84abe3293a3593b289e126ee43c1359b829ea0016f1d763c4afe760411c27779&Prime;},\u00a0\u00bbexpires\u00a0\u00bb:1753308314143,\u00a0\u00bblastModified\u00a0\u00bb:1753308014100}},\u00a0\u00bbsite-story-feed-sections\u00a0\u00bb:{\u00ab\u00a0{\\\u00a0\u00bbarc-site\\\u00a0\u00bb:\\\u00a0\u00bbliberation\\\u00a0\u00bb,\\\u00a0\u00bbfeedOffset\\\u00a0\u00bb:0,\\\u00a0\u00bbfeedSize\\\u00a0\u00bb:1,\\\u00a0\u00bbimageRatio\\\u00a0\u00bb:1.5,\\\u00a0\u00bbincludeSections\\\u00a0\u00bb:\\\u00a0\u00bb\/checknews\\\u00a0\u00bb}\u00a0\u00bb:{\u00ab\u00a0data\u00a0\u00bb:{\u00ab\u00a0_id\u00a0\u00bb:\u00a0\u00bb7ac019a2c3820658801997866d97460981c33cff60b58197a602bc22fc812e50&Prime;,\u00a0\u00bbcontent_elements\u00a0\u00bb:[{\u00ab\u00a0_id\u00a0\u00bb:\u00a0\u00bbQCJAN2GZZ5ACPD2JKID4S7GSL4&Prime;,\u00a0\u00bbcontent_restrictions\u00a0\u00bb:{\u00ab\u00a0content_code\u00a0\u00bb:\u00a0\u00bbouvert\u00a0\u00bb},\u00a0\u00bbcredits\u00a0\u00bb:{\u00ab\u00a0by\u00a0\u00bb:[{\u00ab\u00a0_id\u00a0\u00bb:\u00a0\u00bb20052&Prime;,\u00a0\u00bbadditional_properties\u00a0\u00bb:{\u00ab\u00a0original\u00a0\u00bb:{\u00ab\u00a0byline\u00a0\u00bb:\u00a0\u00bbAna\u00efs Condomines\u00a0\u00bb,\u00a0\u00bbslug\u00a0\u00bb:\u00a0\u00bbanais-condomines\u00a0\u00bb}},\u00a0\u00bbname\u00a0\u00bb:\u00a0\u00bbAna\u00efs Condomines\u00a0\u00bb,\u00a0\u00bbslug\u00a0\u00bb:\u00a0\u00bbanais-condomines\u00a0\u00bb,\u00a0\u00bbtype\u00a0\u00bb:\u00a0\u00bbauthor\u00a0\u00bb},{\u00ab\u00a0_id\u00a0\u00bb:\u00a0\u00bbElsa de La Roche Saint-Andr\u00e9\u00a0\u00bb,\u00a0\u00bbadditional_properties\u00a0\u00bb:{\u00ab\u00a0original\u00a0\u00bb:{\u00ab\u00a0byline\u00a0\u00bb:\u00a0\u00bbElsa de La Roche Saint-Andr\u00e9\u00a0\u00bb,\u00a0\u00bbslug\u00a0\u00bb:\u00a0\u00bbelsa-de-la-roche-saint-andre\u00a0\u00bb}},\u00a0\u00bbname\u00a0\u00bb:\u00a0\u00bbElsa de La Roche Saint-Andr\u00e9\u00a0\u00bb,\u00a0\u00bbslug\u00a0\u00bb:\u00a0\u00bbelsa-de-la-roche-saint-andre\u00a0\u00bb,\u00a0\u00bbtype\u00a0\u00bb:\u00a0\u00bbauthor\u00a0\u00bb},{\u00ab\u00a0_id\u00a0\u00bb:\u00a0\u00bb20433&Prime;,\u00a0\u00bbadditional_properties\u00a0\u00bb:{\u00ab\u00a0original\u00a0\u00bb:{\u00ab\u00a0byline\u00a0\u00bb:\u00a0\u00bbPierre Plottu\u00a0\u00bb,\u00a0\u00bbslug\u00a0\u00bb:\u00a0\u00bbpierre-plottu\u00a0\u00bb}},\u00a0\u00bbname\u00a0\u00bb:\u00a0\u00bbPierre Plottu\u00a0\u00bb,\u00a0\u00bbslug\u00a0\u00bb:\u00a0\u00bbpierre-plottu\u00a0\u00bb,\u00a0\u00bbtype\u00a0\u00bb:\u00a0\u00bbauthor\u00a0\u00bb}]},\u00a0\u00bbdescription\u00a0\u00bb:{\u00ab\u00a0basic\u00a0\u00bb:\u00a0\u00bbL&rsquo;appel \u00e0 mobilisation, qui veut mettre la France \u00e0 l\u2019arr\u00eat pour une dur\u00e9e illimit\u00e9e, est diffus\u00e9 par d&rsquo;anciens Gilets jaunes et partag\u00e9 par des relais de l&rsquo;extr\u00eame droite. \u00ab\u00a0},\u00a0\u00bbdisplay_date\u00a0\u00bb:\u00a0\u00bb2025-07-23T18:53:57.713Z\u00a0\u00bb,\u00a0\u00bbheadlines\u00a0\u00bb:{\u00ab\u00a0basic\u00a0\u00bb:\u00a0\u00bbC\u2019est quoi le mouvement \u00abBloquons Tout\u00bb qui appelle \u00e0 \u00abun arr\u00eat total du pays\u00bb \u00e0 partir du 10\u00a0septembre\u00a0?\u00a0\u00bb},\u00a0\u00bblabel\u00a0\u00bb:{\u00ab\u00a0basic\u00a0\u00bb:{\u00ab\u00a0text\u00a0\u00bb:\u00a0\u00bbCheckNews\u00a0\u00bb}},\u00a0\u00bbpromo_items\u00a0\u00bb:{\u00ab\u00a0basic\u00a0\u00bb:{\u00ab\u00a0_id\u00a0\u00bb:\u00a0\u00bbIVW2LRE35FHXVESQLZOCTZHTHM\u00a0\u00bb,\u00a0\u00bbauth\u00a0\u00bb:{\u00ab\u00a01&Prime;:\u00a0\u00bb8a405060c0fa2ba63daa3ca83be1db482206c7b97861f5ae439b03c13f0a89cf\u00a0\u00bb},\u00a0\u00bbfocal_point\u00a0\u00bb:{\u00ab\u00a0x\u00a0\u00bb:2280,\u00a0\u00bby\u00a0\u00bb:1621},\u00a0\u00bbheight\u00a0\u00bb:2832,\u00a0\u00bbtype\u00a0\u00bb:\u00a0\u00bbimage\u00a0\u00bb,\u00a0\u00bburl\u00a0\u00bb:\u00a0\u00bbhttps:\/\/cloudfront-eu-central-1.images.arcpublishing.com\/liberation\/IVW2LRE35FHXVESQLZOCTZHTHM.jpg\u00a0\u00bb,\u00a0\u00bbwidth\u00a0\u00bb:4256}},\u00a0\u00bbsubtype\u00a0\u00bb:\u00a0\u00bbchecknews\u00a0\u00bb,\u00a0\u00bbtype\u00a0\u00bb:\u00a0\u00bbstory\u00a0\u00bb,\u00a0\u00bbwebsites\u00a0\u00bb:{\u00ab\u00a0liberation\u00a0\u00bb:{\u00ab\u00a0website_section\u00a0\u00bb:{\u00ab\u00a0_id\u00a0\u00bb:\u00a0\u00bb\/checknews\u00a0\u00bb,\u00a0\u00bbname\u00a0\u00bb:\u00a0\u00bbCheckNews\u00a0\u00bb},\u00a0\u00bbwebsite_url\u00a0\u00bb:\u00a0\u00bbhttps:\/\/www.liberation.fr\/checknews\/cest-quoi-le-mouvement-bloquons-tout-qui-appelle-a-un-arret-total-du-pays-a-partir-du-10-septembre-20250723_QCJAN2GZZ5ACPD2JKID4S7GSL4\/\u00a0\u00bb}}}],\u00a0\u00bbcount\u00a0\u00bb:10000},\u00a0\u00bbexpires\u00a0\u00bb:1753308493826,\u00a0\u00bblastModified\u00a0\u00bb:1753308193749},\u00a0\u00bb{\\\u00a0\u00bbarc-site\\\u00a0\u00bb:\\\u00a0\u00bbliberation\\\u00a0\u00bb,\\\u00a0\u00bbfeedOffset\\\u00a0\u00bb:1,\\\u00a0\u00bbfeedSize\\\u00a0\u00bb:1,\\\u00a0\u00bbimageRatio\\\u00a0\u00bb:1.5,\\\u00a0\u00bbincludeSections\\\u00a0\u00bb:\\\u00a0\u00bb\/checknews\\\u00a0\u00bb}\u00a0\u00bb:{\u00ab\u00a0data\u00a0\u00bb:{\u00ab\u00a0_id\u00a0\u00bb:\u00a0\u00bbed2ca9a74b883257954cdbb6819517a60700bc2cfc6371af7984d81d4b274692&Prime;,\u00a0\u00bbcontent_elements\u00a0\u00bb:[{\u00ab\u00a0_id\u00a0\u00bb:\u00a0\u00bbJU6P333KHNEWPJ3LKY6KWN44DY\u00a0\u00bb,\u00a0\u00bbcontent_restrictions\u00a0\u00bb:{\u00ab\u00a0content_code\u00a0\u00bb:\u00a0\u00bbferme\u00a0\u00bb},\u00a0\u00bbcredits\u00a0\u00bb:{\u00ab\u00a0by\u00a0\u00bb:[{\u00ab\u00a0_id\u00a0\u00bb:\u00a0\u00bbElsa de La Roche Saint-Andr\u00e9\u00a0\u00bb,\u00a0\u00bbadditional_properties\u00a0\u00bb:{\u00ab\u00a0original\u00a0\u00bb:{\u00ab\u00a0byline\u00a0\u00bb:\u00a0\u00bbElsa de La Roche Saint-Andr\u00e9\u00a0\u00bb,\u00a0\u00bbslug\u00a0\u00bb:\u00a0\u00bbelsa-de-la-roche-saint-andre\u00a0\u00bb}},\u00a0\u00bbname\u00a0\u00bb:\u00a0\u00bbElsa de La Roche Saint-Andr\u00e9\u00a0\u00bb,\u00a0\u00bbslug\u00a0\u00bb:\u00a0\u00bbelsa-de-la-roche-saint-andre\u00a0\u00bb,\u00a0\u00bbtype\u00a0\u00bb:\u00a0\u00bbauthor\u00a0\u00bb},{\u00ab\u00a0_id\u00a0\u00bb:\u00a0\u00bb20643&Prime;,\u00a0\u00bbadditional_properties\u00a0\u00bb:{\u00ab\u00a0original\u00a0\u00bb:{\u00ab\u00a0byline\u00a0\u00bb:\u00a0\u00bbFlorian Gouthi\u00e8re\u00a0\u00bb,\u00a0\u00bbslug\u00a0\u00bb:\u00a0\u00bbflorian-gouthiere\u00a0\u00bb}},\u00a0\u00bbname\u00a0\u00bb:\u00a0\u00bbFlorian Gouthi\u00e8re\u00a0\u00bb,\u00a0\u00bbslug\u00a0\u00bb:\u00a0\u00bbflorian-gouthiere\u00a0\u00bb,\u00a0\u00bbtype\u00a0\u00bb:\u00a0\u00bbauthor\u00a0\u00bb}]},\u00a0\u00bbdescription\u00a0\u00bb:{\u00ab\u00a0basic\u00a0\u00bb:\u00a0\u00bbPlusieurs promoteurs de ce texte de loi, qui permet de contourner de nouveau l\u2019interdiction de la substance en milieu agricole, avancent l\u2019argument de son autorisation dans des produits \u00abgrand public\u00bb \u00e0 usage domestique.\u00a0\u00bb},\u00a0\u00bbdisplay_date\u00a0\u00bb:\u00a0\u00bb2025-07-23T14:36:22.066Z\u00a0\u00bb,\u00a0\u00bbheadlines\u00a0\u00bb:{\u00ab\u00a0basic\u00a0\u00bb:\u00a0\u00bbL\u2019ac\u00e9tamipride, insecticide r\u00e9autoris\u00e9 en agriculture par la loi Duplomb, est-il largement utilis\u00e9 dans les foyers\u00a0?\u00a0\u00bb},\u00a0\u00bblabel\u00a0\u00bb:{\u00ab\u00a0basic\u00a0\u00bb:{\u00ab\u00a0text\u00a0\u00bb:\u00a0\u00bbCheckNews\u00a0\u00bb}},\u00a0\u00bbpromo_items\u00a0\u00bb:{\u00ab\u00a0basic\u00a0\u00bb:{\u00ab\u00a0_id\u00a0\u00bb:\u00a0\u00bbWBKATJXXI5HBZJSUACOBI3IQNI\u00a0\u00bb,\u00a0\u00bbauth\u00a0\u00bb:{\u00ab\u00a01&Prime;:\u00a0\u00bbca9a73b42ce313b373f59edfba7d5932c8b6faa946034670090968e0a4430a59&Prime;},\u00a0\u00bbfocal_point\u00a0\u00bb:{\u00ab\u00a0x\u00a0\u00bb:3600,\u00a0\u00bby\u00a0\u00bb:2477},\u00a0\u00bbheight\u00a0\u00bb:3989,\u00a0\u00bbtype\u00a0\u00bb:\u00a0\u00bbimage\u00a0\u00bb,\u00a0\u00bburl\u00a0\u00bb:\u00a0\u00bbhttps:\/\/cloudfront-eu-central-1.images.arcpublishing.com\/liberation\/WBKATJXXI5HBZJSUACOBI3IQNI.jpg\u00a0\u00bb,\u00a0\u00bbwidth\u00a0\u00bb:5975}},\u00a0\u00bbsubtype\u00a0\u00bb:\u00a0\u00bbchecknews\u00a0\u00bb,\u00a0\u00bbtype\u00a0\u00bb:\u00a0\u00bbstory\u00a0\u00bb,\u00a0\u00bbwebsites\u00a0\u00bb:{\u00ab\u00a0liberation\u00a0\u00bb:{\u00ab\u00a0website_section\u00a0\u00bb:{\u00ab\u00a0_id\u00a0\u00bb:\u00a0\u00bb\/checknews\u00a0\u00bb,\u00a0\u00bbname\u00a0\u00bb:\u00a0\u00bbCheckNews\u00a0\u00bb},\u00a0\u00bbwebsite_url\u00a0\u00bb:\u00a0\u00bbhttps:\/\/www.liberation.fr\/checknews\/lacetamipride-insecticide-reautorise-en-agriculture-par-la-loi-duplomb-est-il-largement-utilise-dans-les-foyers-20250723_JU6P333KHNEWPJ3LKY6KWN44DY\/\u00a0\u00bb}}}],\u00a0\u00bbcount\u00a0\u00bb:10000},\u00a0\u00bbexpires\u00a0\u00bb:1753308418613,\u00a0\u00bblastModified\u00a0\u00bb:1753308118534},\u00a0\u00bb{\\\u00a0\u00bbarc-site\\\u00a0\u00bb:\\\u00a0\u00bbliberation\\\u00a0\u00bb,\\\u00a0\u00bbfeedOffset\\\u00a0\u00bb:2,\\\u00a0\u00bbfeedSize\\\u00a0\u00bb:1,\\\u00a0\u00bbimageRatio\\\u00a0\u00bb:1.5,\\\u00a0\u00bbincludeSections\\\u00a0\u00bb:\\\u00a0\u00bb\/checknews\\\u00a0\u00bb}\u00a0\u00bb:{\u00ab\u00a0data\u00a0\u00bb:{\u00ab\u00a0_id\u00a0\u00bb:\u00a0\u00bbe671fa9fd171e78b1c41ac34ef91fa28fb67cfce374fbb98d4c08b6c2b0e109c\u00a0\u00bb,\u00a0\u00bbcontent_elements\u00a0\u00bb:[{\u00ab\u00a0_id\u00a0\u00bb:\u00a0\u00bbGGJIQ36Q5JAGZAZ4ZR3LEHZSYU\u00a0\u00bb,\u00a0\u00bbcontent_restrictions\u00a0\u00bb:{\u00ab\u00a0content_code\u00a0\u00bb:\u00a0\u00bbferme\u00a0\u00bb},\u00a0\u00bbcredits\u00a0\u00bb:{\u00ab\u00a0by\u00a0\u00bb:[{\u00ab\u00a0_id\u00a0\u00bb:\u00a0\u00bbbrice-le-borgne\u00a0\u00bb,\u00a0\u00bbadditional_properties\u00a0\u00bb:{\u00ab\u00a0original\u00a0\u00bb:{\u00ab\u00a0byline\u00a0\u00bb:\u00a0\u00bbBrice Le Borgne\u00a0\u00bb,\u00a0\u00bbslug\u00a0\u00bb:\u00a0\u00bbbrice-le-borgne\u00a0\u00bb}},\u00a0\u00bbname\u00a0\u00bb:\u00a0\u00bbBrice Borgne\u00a0\u00bb,\u00a0\u00bbslug\u00a0\u00bb:\u00a0\u00bbbrice-le-borgne\u00a0\u00bb,\u00a0\u00bbtype\u00a0\u00bb:\u00a0\u00bbauthor\u00a0\u00bb}]},\u00a0\u00bbdescription\u00a0\u00bb:{\u00ab\u00a0basic\u00a0\u00bb:\u00a0\u00bbUn refuge animalier isra\u00e9lien, qui accueille des \u00e2nes r\u00e9cup\u00e9r\u00e9s par les soldats de Tsahal \u00e0 Gaza, a envoy\u00e9 une poign\u00e9e de ces \u00e9quid\u00e9s en France. Deux visions s\u2019opposent, entre respect du bien-\u00eatre animal et privation d\u2019un outil essentiel au\u00a0\u00bb},\u00a0\u00bbdisplay_date\u00a0\u00bb:\u00a0\u00bb2025-07-22T06:09:00Z\u00a0\u00bb,\u00a0\u00bbheadlines\u00a0\u00bb:{\u00ab\u00a0basic\u00a0\u00bb:\u00a0\u00bbDe Gaza \u00e0 la Fondation Brigitte Bardot\u00a0: des \u00e2nes sont-ils vraiment \u00abvol\u00e9s\u00bb par l\u2019arm\u00e9e isra\u00e9lienne puis envoy\u00e9s en France\u00a0?\u00a0\u00bb},\u00a0\u00bblabel\u00a0\u00bb:{\u00ab\u00a0basic\u00a0\u00bb:{\u00ab\u00a0text\u00a0\u00bb:\u00a0\u00bbCheckNews\u00a0\u00bb}},\u00a0\u00bbpromo_items\u00a0\u00bb:{\u00ab\u00a0basic\u00a0\u00bb:{\u00ab\u00a0_id\u00a0\u00bb:\u00a0\u00bbEDLL7KJBQBALRJU2FNE4WENDNI\u00a0\u00bb,\u00a0\u00bbauth\u00a0\u00bb:{\u00ab\u00a01&Prime;:\u00a0\u00bb331a59ef5bea2283ed10d3508dffe56e9f4acad3ebda73ef071a88c6220228ec\u00a0\u00bb},\u00a0\u00bbheight\u00a0\u00bb:4811,\u00a0\u00bbtype\u00a0\u00bb:\u00a0\u00bbimage\u00a0\u00bb,\u00a0\u00bburl\u00a0\u00bb:\u00a0\u00bbhttps:\/\/cloudfront-eu-central-1.images.arcpublishing.com\/liberation\/EDLL7KJBQBALRJU2FNE4WENDNI.jpg\u00a0\u00bb,\u00a0\u00bbwidth\u00a0\u00bb:7217}},\u00a0\u00bbsubtype\u00a0\u00bb:\u00a0\u00bbchecknews\u00a0\u00bb,\u00a0\u00bbtype\u00a0\u00bb:\u00a0\u00bbstory\u00a0\u00bb,\u00a0\u00bbwebsites\u00a0\u00bb:{\u00ab\u00a0liberation\u00a0\u00bb:{\u00ab\u00a0website_section\u00a0\u00bb:{\u00ab\u00a0_id\u00a0\u00bb:\u00a0\u00bb\/checknews\u00a0\u00bb,\u00a0\u00bbname\u00a0\u00bb:\u00a0\u00bbCheckNews\u00a0\u00bb},\u00a0\u00bbwebsite_url\u00a0\u00bb:\u00a0\u00bbhttps:\/\/www.liberation.fr\/checknews\/de-gaza-a-la-fondation-brigitte-bardot-des-anes-sont-ils-vraiment-voles-par-larmee-israelienne-puis-envoyes-en-france-20250722_GGJIQ36Q5JAGZAZ4ZR3LEHZSYU\/\u00a0\u00bb}}}],\u00a0\u00bbcount\u00a0\u00bb:10000},\u00a0\u00bbexpires\u00a0\u00bb:1753308295775,\u00a0\u00bblastModified\u00a0\u00bb:1753307995505},\u00a0\u00bb{\\\u00a0\u00bbarc-site\\\u00a0\u00bb:\\\u00a0\u00bbliberation\\\u00a0\u00bb,\\\u00a0\u00bbfeedOffset\\\u00a0\u00bb:3,\\\u00a0\u00bbfeedSize\\\u00a0\u00bb:1,\\\u00a0\u00bbimageRatio\\\u00a0\u00bb:1.5,\\\u00a0\u00bbincludeSections\\\u00a0\u00bb:\\\u00a0\u00bb\/checknews\\\u00a0\u00bb}\u00a0\u00bb:{\u00ab\u00a0data\u00a0\u00bb:{\u00ab\u00a0_id\u00a0\u00bb:\u00a0\u00bb649687cdf7cd5355fa842b826bc510829e17ba28609f5f635673822744eda7c6&Prime;,\u00a0\u00bbcontent_elements\u00a0\u00bb:[{\u00ab\u00a0_id\u00a0\u00bb:\u00a0\u00bbHG5L6WHUHBDRNGBKQ3JBZW7YPE\u00a0\u00bb,\u00a0\u00bbcontent_restrictions\u00a0\u00bb:{\u00ab\u00a0content_code\u00a0\u00bb:\u00a0\u00bbferme\u00a0\u00bb},\u00a0\u00bbcredits\u00a0\u00bb:{\u00ab\u00a0by\u00a0\u00bb:[{\u00ab\u00a0_id\u00a0\u00bb:\u00a0\u00bb15868&Prime;,\u00a0\u00bbadditional_properties\u00a0\u00bb:{\u00ab\u00a0original\u00a0\u00bb:{\u00ab\u00a0byline\u00a0\u00bb:\u00a0\u00bbJacques Pezet\u00a0\u00bb,\u00a0\u00bbslug\u00a0\u00bb:\u00a0\u00bbjacques-pezet\u00a0\u00bb}},\u00a0\u00bbname\u00a0\u00bb:\u00a0\u00bbJacques Pezet\u00a0\u00bb,\u00a0\u00bbslug\u00a0\u00bb:\u00a0\u00bbjacques-pezet\u00a0\u00bb,\u00a0\u00bbtype\u00a0\u00bb:\u00a0\u00bbauthor\u00a0\u00bb}]},\u00a0\u00bbdescription\u00a0\u00bb:{\u00ab\u00a0basic\u00a0\u00bb:\u00a0\u00bbSurveillance par drone, inspection des voitures, pers\u00e9cution des personnes per\u00e7ues comme \u00e9trang\u00e8res : depuis fin juin, des milices d\u2019extr\u00eame droite mettent en sc\u00e8ne leur obsession raciste \u00e0 la fronti\u00e8re germano-polonaise.\u00a0\u00bb},\u00a0\u00bbdisplay_date\u00a0\u00bb:\u00a0\u00bb2025-07-20T07:18:00Z\u00a0\u00bb,\u00a0\u00bbheadlines\u00a0\u00bb:{\u00ab\u00a0basic\u00a0\u00bb:\u00a0\u00bbQui sont les \u00abpatrouilles citoyennes\u00bb qui traquent les migrants \u00e0 la fronti\u00e8re entre la Pologne et l\u2019Allemagne\u00a0?\u00a0\u00bb},\u00a0\u00bblabel\u00a0\u00bb:{\u00ab\u00a0basic\u00a0\u00bb:{\u00ab\u00a0text\u00a0\u00bb:\u00a0\u00bbCheckNews\u00a0\u00bb}},\u00a0\u00bbpromo_items\u00a0\u00bb:{\u00ab\u00a0basic\u00a0\u00bb:{\u00ab\u00a0_id\u00a0\u00bb:\u00a0\u00bbMWQI4SAXMFAD5PLYVLR74KIFQM\u00a0\u00bb,\u00a0\u00bbauth\u00a0\u00bb:{\u00ab\u00a01&Prime;:\u00a0\u00bb2b59203cb94a3d04b07233b9040ff35cc056473c93d5f4be8fceb90bd220ee79&Prime;},\u00a0\u00bbfocal_point\u00a0\u00bb:{\u00ab\u00a0x\u00a0\u00bb:4284,\u00a0\u00bby\u00a0\u00bb:3361},\u00a0\u00bbheight\u00a0\u00bb:5221,\u00a0\u00bbtype\u00a0\u00bb:\u00a0\u00bbimage\u00a0\u00bb,\u00a0\u00bburl\u00a0\u00bb:\u00a0\u00bbhttps:\/\/cloudfront-eu-central-1.images.arcpublishing.com\/liberation\/MWQI4SAXMFAD5PLYVLR74KIFQM.jpg\u00a0\u00bb,\u00a0\u00bbwidth\u00a0\u00bb:7827}},\u00a0\u00bbsubtype\u00a0\u00bb:\u00a0\u00bbchecknews\u00a0\u00bb,\u00a0\u00bbtype\u00a0\u00bb:\u00a0\u00bbstory\u00a0\u00bb,\u00a0\u00bbwebsites\u00a0\u00bb:{\u00ab\u00a0liberation\u00a0\u00bb:{\u00ab\u00a0website_section\u00a0\u00bb:{\u00ab\u00a0_id\u00a0\u00bb:\u00a0\u00bb\/checknews\u00a0\u00bb,\u00a0\u00bbname\u00a0\u00bb:\u00a0\u00bbCheckNews\u00a0\u00bb},\u00a0\u00bbwebsite_url\u00a0\u00bb:\u00a0\u00bbhttps:\/\/www.liberation.fr\/checknews\/qui-sont-les-patrouilles-citoyennes-qui-traquent-les-migrants-a-la-frontiere-entre-la-pologne-et-lallemagne-20250720_HG5L6WHUHBDRNGBKQ3JBZW7YPE\/\u00a0\u00bb}}}],\u00a0\u00bbcount\u00a0\u00bb:10000},\u00a0\u00bbexpires\u00a0\u00bb:1753308493848,\u00a0\u00bblastModified\u00a0\u00bb:1753308193752}},\u00a0\u00bbsite-most-read-articles\u00a0\u00bb:{\u00ab\u00a0{\\\u00a0\u00bbmaxSize\\\u00a0\u00bb:4}\u00a0\u00bb:{\u00ab\u00a0data\u00a0\u00bb:{\u00ab\u00a0articles\u00a0\u00bb:[{\u00ab\u00a0text\u00a0\u00bb:\u00a0\u00bbPr\u00e8s de Nantes, l\u2019horreur face \u00e0 une affaire de p\u00e9docriminalit\u00e9\u00a0: \u00abC\u2019est le loup qui est entr\u00e9 dans la bergerie\u00bb\u00a0\u00bb,\u00a0\u00bbtitle\u00a0\u00bb:\u00a0\u00bbReportage\u00a0\u00bb,\u00a0\u00bburl\u00a0\u00bb:\u00a0\u00bbhttps:\/\/www.liberation.fr\/societe\/pres-de-nantes-lhorreur-face-a-une-affaire-de-pedocriminalite-cest-le-loup-qui-est-entre-dans-la-bergerie-20250723_XUX7BNOQT5BFPDDDRWXKOENGDU\/\u00a0\u00bb,\u00a0\u00bbsubscribedLabel\u00a0\u00bb:\u00a0\u00bbAbonn\u00e9s\u00a0\u00bb},{\u00ab\u00a0text\u00a0\u00bb:\u00a0\u00bbPourquoi Donald Trump parle-t-il de jeter Barack Obama en prison pour \u00abtrahison\u00bb\u00a0?\u00a0\u00bb,\u00a0\u00bbtitle\u00a0\u00bb:\u00a0\u00bbD\u00e9cryptage\u00a0\u00bb,\u00a0\u00bburl\u00a0\u00bb:\u00a0\u00bbhttps:\/\/www.liberation.fr\/international\/amerique\/pourquoi-donald-trump-parle-t-il-de-jeter-barack-obama-en-prison-pour-trahison-20250723_EFBPVI6FSNHN5FMHEHQVAZUQAQ\/\u00a0\u00bb,\u00a0\u00bbsubscribedLabel\u00a0\u00bb:\u00a0\u00bbAbonn\u00e9s\u00a0\u00bb},{\u00ab\u00a0text\u00a0\u00bb:\u00a0\u00bbSmartbox, la bo\u00eete du milliardaire Pierre-Edouard St\u00e9rin qui n\u2019est plus un cadeau\u00a0\u00bb,\u00a0\u00bbtitle\u00a0\u00bb:\u00a0\u00bbEnqu\u00eate\u00a0\u00bb,\u00a0\u00bburl\u00a0\u00bb:\u00a0\u00bbhttps:\/\/www.liberation.fr\/politique\/smartbox-la-boite-du-milliardaire-pierre-edouard-sterin-qui-nest-plus-un-cadeau-20250722_AXOZLPTCRNEYLKKCO7X2YI3TTM\/\u00a0\u00bb,\u00a0\u00bbsubscribedLabel\u00a0\u00bb:\u00a0\u00bbAbonn\u00e9s\u00a0\u00bb},{\u00ab\u00a0text\u00a0\u00bb:\u00a0\u00bb\u00abLes meilleurs brouteurs n\u2019ont aucune piti\u00e9\u00bb\u00a0: au Nigeria, la\u00a0vie secr\u00e8te des arnaqueurs du c\u0153ur\u00a0\u00bb,\u00a0\u00bbtitle\u00a0\u00bb:\u00a0\u00bb100% pur leurre\u00a0\u00bb,\u00a0\u00bburl\u00a0\u00bb:\u00a0\u00bbhttps:\/\/www.liberation.fr\/plus\/speciaux-cahier-ete\/les-meilleurs-brouteurs-nont-aucune-pitie-au-nigeria-la-vie-secrete-des-arnaqueurs-du-coeur-20250723_HBEDHGX7XFC6NH2KJH452P5TTA\/\u00a0\u00bb,\u00a0\u00bbsubscribedLabel\u00a0\u00bb:\u00a0\u00bbAbonn\u00e9s\u00a0\u00bb}],\u00a0\u00bb_id\u00a0\u00bb:\u00a0\u00bbe4747d90bd48c098025b1255204a15e1ce5dd4f813ed10f1b528fbae9635a888&Prime;},\u00a0\u00bbexpires\u00a0\u00bb:1753308248918,\u00a0\u00bblastModified\u00a0\u00bb:1753308127763}},\u00a0\u00bbnavigation-hierarchy\u00a0\u00bb:{\u00ab\u00a0{\\\u00a0\u00bbfeature\\\u00a0\u00bb:\\\u00a0\u00bbfooter\\\u00a0\u00bb,\\\u00a0\u00bbhierarchy\\\u00a0\u00bb:\\\u00a0\u00bbfooter\\\u00a0\u00bb}\u00a0\u00bb:{\u00ab\u00a0data\u00a0\u00bb:{\u00ab\u00a0children\u00a0\u00bb:[{\u00ab\u00a0_id\u00a0\u00bb:\u00a0\u00bb\/rubriques\u00a0\u00bb,\u00a0\u00bbchildren\u00a0\u00bb:[{\u00ab\u00a0_id\u00a0\u00bb:\u00a0\u00bblink-7DJW34D5RVHVLD7HNCVPPWQSQ4&Prime;,\u00a0\u00bbdisplay_name\u00a0\u00bb:\u00a0\u00bbGouvernement Bayrou\u00a0\u00bb,\u00a0\u00bbnode_type\u00a0\u00bb:\u00a0\u00bblink\u00a0\u00bb,\u00a0\u00bburl\u00a0\u00bb:\u00a0\u00bbhttps:\/\/www.liberation.fr\/dossier\/gouvernement\/\u00a0\u00bb},{\u00ab\u00a0_id\u00a0\u00bb:\u00a0\u00bblink-RC369V56Q942188M64HXCF7GQ8&Prime;,\u00a0\u00bbdisplay_name\u00a0\u00bb:\u00a0\u00bbGuerre au Proche-Orient\u00a0\u00bb,\u00a0\u00bbnode_type\u00a0\u00bb:\u00a0\u00bblink\u00a0\u00bb,\u00a0\u00bburl\u00a0\u00bb:\u00a0\u00bbhttps:\/\/www.liberation.fr\/dossier\/guerre-hamas-israel\/\u00a0\u00bb},{\u00ab\u00a0_id\u00a0\u00bb:\u00a0\u00bblink-YPGJ1BRE6D08T0GDAFYDMGFM6R\u00a0\u00bb,\u00a0\u00bbdisplay_name\u00a0\u00bb:\u00a0\u00bbGuerre en Ukraine\u00a0\u00bb,\u00a0\u00bbnode_type\u00a0\u00bb:\u00a0\u00bblink\u00a0\u00bb,\u00a0\u00bburl\u00a0\u00bb:\u00a0\u00bbhttps:\/\/www.liberation.fr\/dossier\/ukraine-la-crise\/\u00a0\u00bb},{\u00ab\u00a0_id\u00a0\u00bb:\u00a0\u00bblink-CAGM62V2SFAMZOMJDUUFLZ3BQA\u00a0\u00bb,\u00a0\u00bbdisplay_name\u00a0\u00bb:\u00a0\u00bbDonald Trump \u00e0 la Maison Blanche\u00a0\u00bb,\u00a0\u00bbnode_type\u00a0\u00bb:\u00a0\u00bblink\u00a0\u00bb,\u00a0\u00bburl\u00a0\u00bb:\u00a0\u00bbhttps:\/\/www.liberation.fr\/tags\/donald-trump\/\u00a0\u00bb},{\u00ab\u00a0_id\u00a0\u00bb:\u00a0\u00bblink-9G4PAT524N05DDUWEUM8W43JU4&Prime;,\u00a0\u00bbdisplay_name\u00a0\u00bb:\u00a0\u00bbLa menace de l&rsquo;extr\u00eame droite\u00a0\u00bb,\u00a0\u00bbnode_type\u00a0\u00bb:\u00a0\u00bblink\u00a0\u00bb,\u00a0\u00bburl\u00a0\u00bb:\u00a0\u00bbhttps:\/\/www.liberation.fr\/tags\/extreme-droite\/\u00a0\u00bb},{\u00ab\u00a0_id\u00a0\u00bb:\u00a0\u00bblink-RNKDTRJWQBCZ5KMEOCJGQPOMVQ\u00a0\u00bb,\u00a0\u00bbdisplay_name\u00a0\u00bb:\u00a0\u00bbR\u00e9chauffement climatique\u00a0\u00bb,\u00a0\u00bbnode_type\u00a0\u00bb:\u00a0\u00bblink\u00a0\u00bb,\u00a0\u00bburl\u00a0\u00bb:\u00a0\u00bbhttps:\/\/www.liberation.fr\/tags\/rechauffement-climatique\/\u00a0\u00bb},{\u00ab\u00a0_id\u00a0\u00bb:\u00a0\u00bblink-9VF7BA3QMD7PB9V2YXBJ6AAFU0&Prime;,\u00a0\u00bbdisplay_name\u00a0\u00bb:\u00a0\u00bbLutte contre les violences sexistes\u00a0\u00bb,\u00a0\u00bbnode_type\u00a0\u00bb:\u00a0\u00bblink\u00a0\u00bb,\u00a0\u00bburl\u00a0\u00bb:\u00a0\u00bbhttps:\/\/www.liberation.fr\/dossier\/violences-sexuelles\/\u00a0\u00bb},{\u00ab\u00a0_id\u00a0\u00bb:\u00a0\u00bblink-CZS6MDHVGRCCPJCAD2B6RH4HQU\u00a0\u00bb,\u00a0\u00bbdisplay_name\u00a0\u00bb:\u00a0\u00bbR\u00e9cap d&rsquo;actu\u00a0\u00bb,\u00a0\u00bbnode_type\u00a0\u00bb:\u00a0\u00bblink\u00a0\u00bb,\u00a0\u00bburl\u00a0\u00bb:\u00a0\u00bbhttps:\/\/www.liberation.fr\/tags\/recap-actu\/\u00a0\u00bb}],\u00a0\u00bbname\u00a0\u00bb:\u00a0\u00bbDossiers\u00a0\u00bb,\u00a0\u00bbnode_type\u00a0\u00bb:\u00a0\u00bbsection\u00a0\u00bb},{\u00ab\u00a0_id\u00a0\u00bb:\u00a0\u00bb\/service\u00a0\u00bb,\u00a0\u00bbchildren\u00a0\u00bb:[{\u00ab\u00a0_id\u00a0\u00bb:\u00a0\u00bblink-HTNS4GU3NZBVDPNJGBVFWZ2ZKE\u00a0\u00bb,\u00a0\u00bbdisplay_name\u00a0\u00bb:\u00a0\u00bbContactez-nous\u00a0\u00bb,\u00a0\u00bbnode_type\u00a0\u00bb:\u00a0\u00bblink\u00a0\u00bb,\u00a0\u00bburl\u00a0\u00bb:\u00a0\u00bbhttps:\/\/www.liberation.fr\/contact\/\u00a0\u00bb},{\u00ab\u00a0_id\u00a0\u00bb:\u00a0\u00bblink-63RYRX3KD50AH00WZN2E03D0UR\u00a0\u00bb,\u00a0\u00bbdisplay_name\u00a0\u00bb:\u00a0\u00bbS&rsquo;abonner\u00a0\u00bb,\u00a0\u00bbnode_type\u00a0\u00bb:\u00a0\u00bblink\u00a0\u00bb,\u00a0\u00bburl\u00a0\u00bb:\u00a0\u00bbhttps:\/\/offre.liberation.fr\/abonnez-vous\u00a0\u00bb},{\u00ab\u00a0_id\u00a0\u00bb:\u00a0\u00bblink-OYXN6EHT6RHVDFB47HW5OCY2NE\u00a0\u00bb,\u00a0\u00bbdisplay_name\u00a0\u00bb:\u00a0\u00bbFaire un don (d\u00e9ductible des imp\u00f4ts)\u00a0\u00bb,\u00a0\u00bbnode_type\u00a0\u00bb:\u00a0\u00bblink\u00a0\u00bb,\u00a0\u00bburl\u00a0\u00bb:\u00a0\u00bbhttps:\/\/www.liberation.fr\/faire-un-don\/\u00a0\u00bb},{\u00ab\u00a0_id\u00a0\u00bb:\u00a0\u00bblink-HJTF0JBDM90710PFG5H51GYAF8&Prime;,\u00a0\u00bbdisplay_name\u00a0\u00bb:\u00a0\u00bbAnnonces l\u00e9gales\u00a0\u00bb,\u00a0\u00bbnode_type\u00a0\u00bb:\u00a0\u00bblink\u00a0\u00bb,\u00a0\u00bburl\u00a0\u00bb:\u00a0\u00bbhttps:\/\/annonces-legales.liberation.fr\/\u00a0\u00bb},{\u00ab\u00a0_id\u00a0\u00bb:\u00a0\u00bblink-9VA8YKE7GH49TDWP1J3BANCZKG\u00a0\u00bb,\u00a0\u00bbdisplay_name\u00a0\u00bb:\u00a0\u00bbDonnez-nous votre avis\u00a0\u00bb,\u00a0\u00bbnode_type\u00a0\u00bb:\u00a0\u00bblink\u00a0\u00bb,\u00a0\u00bburl\u00a0\u00bb:\u00a0\u00bbhttps:\/\/formulaire.liberation.fr\/votre-avis\u00a0\u00bb},{\u00ab\u00a0_id\u00a0\u00bb:\u00a0\u00bblink-TQCM39679X6E9DFBHVYJ2PQAMC\u00a0\u00bb,\u00a0\u00bbdisplay_name\u00a0\u00bb:\u00a0\u00bbFoire aux questions\u00a0\u00bb,\u00a0\u00bbnode_type\u00a0\u00bb:\u00a0\u00bblink\u00a0\u00bb,\u00a0\u00bburl\u00a0\u00bb:\u00a0\u00bbhttps:\/\/aideliberation.crisp.help\/fr\/\u00a0\u00bb},{\u00ab\u00a0_id\u00a0\u00bb:\u00a0\u00bblink-5BKFYBAR5D40B2BYE9CH5VHRY8&Prime;,\u00a0\u00bbdisplay_name\u00a0\u00bb:\u00a0\u00bbProposer une tribune\u00a0\u00bb,\u00a0\u00bbnode_type\u00a0\u00bb:\u00a0\u00bblink\u00a0\u00bb,\u00a0\u00bburl\u00a0\u00bb:\u00a0\u00bbhttps:\/\/www.liberation.fr\/proposer-une-tribune\/\u00a0\u00bb},{\u00ab\u00a0_id\u00a0\u00bb:\u00a0\u00bblink-6VAQDSFXBVCENE3D7IPHAMW4SY\u00a0\u00bb,\u00a0\u00bbdisplay_name\u00a0\u00bb:\u00a0\u00bbPublicit\u00e9\u00a0\u00bb,\u00a0\u00bbnode_type\u00a0\u00bb:\u00a0\u00bblink\u00a0\u00bb,\u00a0\u00bburl\u00a0\u00bb:\u00a0\u00bbhttps:\/\/libeplus.fr\/\u00a0\u00bb},{\u00ab\u00a0_id\u00a0\u00bb:\u00a0\u00bblink-WGIXPQBHYVCANHY42V3P3IMSGU\u00a0\u00bb,\u00a0\u00bbdisplay_name\u00a0\u00bb:\u00a0\u00bbConjugaison\u00a0\u00bb,\u00a0\u00bbnode_type\u00a0\u00bb:\u00a0\u00bblink\u00a0\u00bb,\u00a0\u00bburl\u00a0\u00bb:\u00a0\u00bbhttps:\/\/conjugaison.liberation.fr\/\u00a0\u00bb},{\u00ab\u00a0_id\u00a0\u00bb:\u00a0\u00bblink-B54NADCHPD4FB576T26N73MHZC\u00a0\u00bb,\u00a0\u00bbdisplay_name\u00a0\u00bb:\u00a0\u00bbCours d&rsquo;anglais\u00a0\u00bb,\u00a0\u00bbnode_type\u00a0\u00bb:\u00a0\u00bblink\u00a0\u00bb,\u00a0\u00bburl\u00a0\u00bb:\u00a0\u00bbhttps:\/\/cours-anglais.liberation.fr\/\u00a0\u00bb},{\u00ab\u00a0_id\u00a0\u00bb:\u00a0\u00bblink-MDR9V1GCHH26QB0EPXEVYAY1ZG\u00a0\u00bb,\u00a0\u00bbdisplay_name\u00a0\u00bb:\u00a0\u00bbPetites annonces\u00a0\u00bb,\u00a0\u00bbnode_type\u00a0\u00bb:\u00a0\u00bblink\u00a0\u00bb,\u00a0\u00bburl\u00a0\u00bb:\u00a0\u00bbhttps:\/\/petites-annonces.liberation.fr\/\u00a0\u00bb}],\u00a0\u00bbname\u00a0\u00bb:\u00a0\u00bbServices\u00a0\u00bb,\u00a0\u00bbnode_type\u00a0\u00bb:\u00a0\u00bbsection\u00a0\u00bb},{\u00ab\u00a0_id\u00a0\u00bb:\u00a0\u00bb\/conditions-g\u00e9n\u00e9rales\u00a0\u00bb,\u00a0\u00bbchildren\u00a0\u00bb:[{\u00ab\u00a0_id\u00a0\u00bb:\u00a0\u00bblink-AK4ERRAM0N0UN86D8WQ7RBZTJG\u00a0\u00bb,\u00a0\u00bbdisplay_name\u00a0\u00bb:\u00a0\u00bbMentions l\u00e9gales\u00a0\u00bb,\u00a0\u00bbnode_type\u00a0\u00bb:\u00a0\u00bblink\u00a0\u00bb,\u00a0\u00bburl\u00a0\u00bb:\u00a0\u00bbhttps:\/\/www.liberation.fr\/mentions-legales\/\u00a0\u00bb},{\u00ab\u00a0_id\u00a0\u00bb:\u00a0\u00bblink-Z3ED3QUF8N5J12T2N9B9X1W2KW\u00a0\u00bb,\u00a0\u00bbdisplay_name\u00a0\u00bb:\u00a0\u00bbCharte \u00e9thique\u00a0\u00bb,\u00a0\u00bbnode_type\u00a0\u00bb:\u00a0\u00bblink\u00a0\u00bb,\u00a0\u00bburl\u00a0\u00bb:\u00a0\u00bbhttps:\/\/www.liberation.fr\/charte-ethique\/\u00a0\u00bb},{\u00ab\u00a0_id\u00a0\u00bb:\u00a0\u00bblink-JYD7IEBXIJBSFN3FRTFSLTID3M\u00a0\u00bb,\u00a0\u00bbdisplay_name\u00a0\u00bb:\u00a0\u00bbPacte d&rsquo;ind\u00e9pendance \u00e9ditoriale\u00a0\u00bb,\u00a0\u00bbnode_type\u00a0\u00bb:\u00a0\u00bblink\u00a0\u00bb,\u00a0\u00bburl\u00a0\u00bb:\u00a0\u00bbhttps:\/\/www.liberation.fr\/pacte-independance-editoriale\/\u00a0\u00bb},{\u00ab\u00a0_id\u00a0\u00bb:\u00a0\u00bblink-1DDAP4QRK12TXAV4C5ZUTEFAM4&Prime;,\u00a0\u00bbdisplay_name\u00a0\u00bb:\u00a0\u00bbCGVU\u00a0\u00bb,\u00a0\u00bbnode_type\u00a0\u00bb:\u00a0\u00bblink\u00a0\u00bb,\u00a0\u00bburl\u00a0\u00bb:\u00a0\u00bbhttps:\/\/www.liberation.fr\/cgvu\/\u00a0\u00bb},{\u00ab\u00a0_id\u00a0\u00bb:\u00a0\u00bblink-FDAK21DHQH0XF67B9KR9ZCEFN8&Prime;,\u00a0\u00bbdisplay_name\u00a0\u00bb:\u00a0\u00bbProtection des donn\u00e9es personnelles\u00a0\u00bb,\u00a0\u00bbnode_type\u00a0\u00bb:\u00a0\u00bblink\u00a0\u00bb,\u00a0\u00bburl\u00a0\u00bb:\u00a0\u00bbhttps:\/\/www.liberation.fr\/protection-des-donnees-personnelles\/\u00a0\u00bb},{\u00ab\u00a0_id\u00a0\u00bb:\u00a0\u00bblink-MYKHZKG9BH151DN02KM91Y779G\u00a0\u00bb,\u00a0\u00bbdisplay_name\u00a0\u00bb:\u00a0\u00bbGestion des cookies\u00a0\u00bb,\u00a0\u00bbnode_type\u00a0\u00bb:\u00a0\u00bblink\u00a0\u00bb,\u00a0\u00bburl\u00a0\u00bb:\u00a0\u00bbhttps:\/\/www.liberation.fr\/gestions-des-cookies\/\u00a0\u00bb},{\u00ab\u00a0_id\u00a0\u00bb:\u00a0\u00bblink-5DZ6XQ3QV57WD261CVWCW7UBCW\u00a0\u00bb,\u00a0\u00bbdisplay_name\u00a0\u00bb:\u00a0\u00bbLicence\u00a0\u00bb,\u00a0\u00bbnode_type\u00a0\u00bb:\u00a0\u00bblink\u00a0\u00bb,\u00a0\u00bburl\u00a0\u00bb:\u00a0\u00bbhttps:\/\/www.liberation.fr\/licence\/\u00a0\u00bb},{\u00ab\u00a0_id\u00a0\u00bb:\u00a0\u00bblink-3GBZAORGDRC7DP32PFCT4EMYKA\u00a0\u00bb,\u00a0\u00bbdisplay_name\u00a0\u00bb:\u00a0\u00bbEco-contribution\u00a0\u00bb,\u00a0\u00bbnode_type\u00a0\u00bb:\u00a0\u00bblink\u00a0\u00bb,\u00a0\u00bburl\u00a0\u00bb:\u00a0\u00bbhttps:\/\/www.liberation.fr\/eco-contribution\/\u00a0\u00bb}],\u00a0\u00bbname\u00a0\u00bb:\u00a0\u00bbConditions g\u00e9n\u00e9rales\u00a0\u00bb,\u00a0\u00bbnode_type\u00a0\u00bb:\u00a0\u00bbsection\u00a0\u00bb},{\u00ab\u00a0_id\u00a0\u00bb:\u00a0\u00bb\/lire-libe\u00a0\u00bb,\u00a0\u00bbchildren\u00a0\u00bb:[{\u00ab\u00a0_id\u00a0\u00bb:\u00a0\u00bblink-LI2U665NO5D67JUFSFPW2EK45I\u00a0\u00bb,\u00a0\u00bbdisplay_name\u00a0\u00bb:\u00a0\u00bbGuide des festivals\u00a0\u00bb,\u00a0\u00bbnode_type\u00a0\u00bb:\u00a0\u00bblink\u00a0\u00bb,\u00a0\u00bburl\u00a0\u00bb:\u00a0\u00bbhttps:\/\/www.liberation.fr\/dossier\/festivals-de-l-ete\/\u00a0\u00bb},{\u00ab\u00a0_id\u00a0\u00bb:\u00a0\u00bblink-8EYG0HFTT17Q56ZMF4F2MY2NU8&Prime;,\u00a0\u00bbdisplay_name\u00a0\u00bb:\u00a0\u00bbEv\u00e9nements Lib\u00e9\u00a0\u00bb,\u00a0\u00bbnode_type\u00a0\u00bb:\u00a0\u00bblink\u00a0\u00bb,\u00a0\u00bburl\u00a0\u00bb:\u00a0\u00bbhttps:\/\/offre.liberation.fr\/evenements\/\u00a0\u00bb},{\u00ab\u00a0_id\u00a0\u00bb:\u00a0\u00bblink-UYM7XLYVJBD7JLAPTDBM3PAYLI\u00a0\u00bb,\u00a0\u00bbdisplay_name\u00a0\u00bb:\u00a0\u00bbClimat Lib\u00e9 Tour\u00a0\u00bb,\u00a0\u00bbnode_type\u00a0\u00bb:\u00a0\u00bblink\u00a0\u00bb,\u00a0\u00bburl\u00a0\u00bb:\u00a0\u00bbhttps:\/\/www.climat-libe-tour.liberation.fr\/\u00a0\u00bb},{\u00ab\u00a0_id\u00a0\u00bb:\u00a0\u00bblink-QMJXPD53OFAMJIML37XAB74YVY\u00a0\u00bb,\u00a0\u00bbdisplay_name\u00a0\u00bb:\u00a0\u00bbUniversit\u00e9 Lib\u00e9\u00a0\u00bb,\u00a0\u00bbnode_type\u00a0\u00bb:\u00a0\u00bblink\u00a0\u00bb,\u00a0\u00bburl\u00a0\u00bb:\u00a0\u00bbhttps:\/\/www.liberation.fr\/dossier\/universite-libe\/\u00a0\u00bb},{\u00ab\u00a0_id\u00a0\u00bb:\u00a0\u00bblink-WBU2ETVFYD7N129EAHEDEXM14R\u00a0\u00bb,\u00a0\u00bbdisplay_name\u00a0\u00bb:\u00a0\u00bbLes newsletters\u00a0\u00bb,\u00a0\u00bbnode_type\u00a0\u00bb:\u00a0\u00bblink\u00a0\u00bb,\u00a0\u00bburl\u00a0\u00bb:\u00a0\u00bbhttps:\/\/www.liberation.fr\/newsletters\/\u00a0\u00bb},{\u00ab\u00a0_id\u00a0\u00bb:\u00a0\u00bblink-GTULXHGA5BC73LNTCQCVD3KBD4&Prime;,\u00a0\u00bbdisplay_name\u00a0\u00bb:\u00a0\u00bbNos dossiers\u00a0\u00bb,\u00a0\u00bbnode_type\u00a0\u00bb:\u00a0\u00bblink\u00a0\u00bb,\u00a0\u00bburl\u00a0\u00bb:\u00a0\u00bbhttps:\/\/www.liberation.fr\/nos-dossiers\/\u00a0\u00bb},{\u00ab\u00a0_id\u00a0\u00bb:\u00a0\u00bblink-SFRQMYVD4NDZBLTV5ASBM4GY4E\u00a0\u00bb,\u00a0\u00bbdisplay_name\u00a0\u00bb:\u00a0\u00bbLes playlists de Lib\u00e9\u00a0\u00bb,\u00a0\u00bbnode_type\u00a0\u00bb:\u00a0\u00bblink\u00a0\u00bb,\u00a0\u00bburl\u00a0\u00bb:\u00a0\u00bbhttps:\/\/www.liberation.fr\/playlists-de-libe\/\u00a0\u00bb},{\u00ab\u00a0_id\u00a0\u00bb:\u00a0\u00bblink-MNIBXA6NJVCLVD3FSWGCAJHXEI\u00a0\u00bb,\u00a0\u00bbdisplay_name\u00a0\u00bb:\u00a0\u00bbLes s\u00e9lections Culture de Lib\u00e9\u00a0\u00bb,\u00a0\u00bbnode_type\u00a0\u00bb:\u00a0\u00bblink\u00a0\u00bb,\u00a0\u00bburl\u00a0\u00bb:\u00a0\u00bbhttps:\/\/www.liberation.fr\/selections-culture\/\u00a0\u00bb},{\u00ab\u00a0_id\u00a0\u00bb:\u00a0\u00bblink-DPK4VHXRC128Z0BJNMRGUAATTG\u00a0\u00bb,\u00a0\u00bbdisplay_name\u00a0\u00bb:\u00a0\u00bbPr\u00e9sentation de l&rsquo;application\u00a0\u00bb,\u00a0\u00bbnode_type\u00a0\u00bb:\u00a0\u00bblink\u00a0\u00bb,\u00a0\u00bburl\u00a0\u00bb:\u00a0\u00bbhttps:\/\/www.liberation.fr\/application-mobile\/\u00a0\u00bb},{\u00ab\u00a0_id\u00a0\u00bb:\u00a0\u00bblink-Z2H8XFXEB138BAMKZMTU0YKP1R\u00a0\u00bb,\u00a0\u00bbdisplay_name\u00a0\u00bb:\u00a0\u00bbApplication sur Android\u00a0\u00bb,\u00a0\u00bbnode_type\u00a0\u00bb:\u00a0\u00bblink\u00a0\u00bb,\u00a0\u00bburl\u00a0\u00bb:\u00a0\u00bbhttps:\/\/play.google.com\/store\/apps\/details?id=com.visuamobile.liberation&#038;hl=fr&#038;gl=US\u00a0\u00bb},{\u00ab\u00a0_id\u00a0\u00bb:\u00a0\u00bblink-9NMDHH91494W98YDFUQXF3436G\u00a0\u00bb,\u00a0\u00bbdisplay_name\u00a0\u00bb:\u00a0\u00bbApplication sur iPhone \/ iPad\u00a0\u00bb,\u00a0\u00bbnode_type\u00a0\u00bb:\u00a0\u00bblink\u00a0\u00bb,\u00a0\u00bburl\u00a0\u00bb:\u00a0\u00bbhttps:\/\/apps.apple.com\/fr\/app\/lib%C3%A9ration-toute-lactualit%C3%A9\/id336173383&Prime;},{\u00ab\u00a0_id\u00a0\u00bb:\u00a0\u00bb\/archives\u00a0\u00bb,\u00a0\u00bbname\u00a0\u00bb:\u00a0\u00bbArchives\u00a0\u00bb,\u00a0\u00bbnode_type\u00a0\u00bb:\u00a0\u00bbsection\u00a0\u00bb}],\u00a0\u00bbname\u00a0\u00bb:\u00a0\u00bbO\u00f9 lire Lib\u00e9?\u00a0\u00bb,\u00a0\u00bbnode_type\u00a0\u00bb:\u00a0\u00bbsection\u00a0\u00bb}],\u00a0\u00bb_id\u00a0\u00bb:\u00a0\u00bbhttps:\/\/www.liberation.fr\/\u00a0\u00bb},\u00a0\u00bbexpires\u00a0\u00bb:1753308387001,\u00a0\u00bblastModified\u00a0\u00bb:1753308086971}}};Fusion.layout=\u00a0\u00bbright-rail-layout\u00a0\u00bb;Fusion.metas={\u00ab\u00a0page-type\u00a0\u00bb:{\u00ab\u00a0value\u00a0\u00bb:\u00a0\u00bbarticle\u00a0\u00bb,\u00a0\u00bbhtml\u00a0\u00bb:true},\u00a0\u00bbtdm-reservation\u00a0\u00bb:{\u00ab\u00a0value\u00a0\u00bb:\u00a0\u00bb1&Prime;,\u00a0\u00bbhtml\u00a0\u00bb:true},\u00a0\u00bbtdm-policy\u00a0\u00bb:{\u00ab\u00a0value\u00a0\u00bb:\u00a0\u00bbhttps:\/\/www.liberation.fr\/.well-known\/tdmrep.json\u00a0\u00bb,\u00a0\u00bbhtml\u00a0\u00bb:true}};Fusion.outputType=\u00a0\u00bbdefault\u00a0\u00bb;Fusion.template=\u00a0\u00bbtemplate\/article-right-rail\u00a0\u00bb;Fusion.tree={\u00ab\u00a0collection\u00a0\u00bb:\u00a0\u00bblayouts\u00a0\u00bb,\u00a0\u00bbtype\u00a0\u00bb:\u00a0\u00bbright-rail-layout\u00a0\u00bb,\u00a0\u00bbprops\u00a0\u00bb:{\u00ab\u00a0collection\u00a0\u00bb:\u00a0\u00bblayouts\u00a0\u00bb,\u00a0\u00bbtype\u00a0\u00bb:\u00a0\u00bbright-rail-layout\u00a0\u00bb,\u00a0\u00bbid\u00a0\u00bb:\u00a0\u00bbright-rail-layout\u00a0\u00bb,\u00a0\u00bbchildProps\u00a0\u00bb:[{\u00ab\u00a0collection\u00a0\u00bb:\u00a0\u00bbsections\u00a0\u00bb,\u00a0\u00bbid\u00a0\u00bb:0},{\u00ab\u00a0collection\u00a0\u00bb:\u00a0\u00bbsections\u00a0\u00bb,\u00a0\u00bbid\u00a0\u00bb:1},{\u00ab\u00a0collection\u00a0\u00bb:\u00a0\u00bbsections\u00a0\u00bb,\u00a0\u00bbid\u00a0\u00bb:2},{\u00ab\u00a0collection\u00a0\u00bb:\u00a0\u00bbsections\u00a0\u00bb,\u00a0\u00bbid\u00a0\u00bb:3},{\u00ab\u00a0collection\u00a0\u00bb:\u00a0\u00bbsections\u00a0\u00bb,\u00a0\u00bbid\u00a0\u00bb:4},{\u00ab\u00a0collection\u00a0\u00bb:\u00a0\u00bbsections\u00a0\u00bb,\u00a0\u00bbid\u00a0\u00bb:5}]},\u00a0\u00bbchildren\u00a0\u00bb:[{\u00ab\u00a0collection\u00a0\u00bb:\u00a0\u00bbsections\u00a0\u00bb,\u00a0\u00bbprops\u00a0\u00bb:{\u00ab\u00a0collection\u00a0\u00bb:\u00a0\u00bbsections\u00a0\u00bb,\u00a0\u00bbid\u00a0\u00bb:0},\u00a0\u00bbchildren\u00a0\u00bb:[{\u00ab\u00a0collection\u00a0\u00bb:\u00a0\u00bbfeatures\u00a0\u00bb,\u00a0\u00bbtype\u00a0\u00bb:\u00a0\u00bbHeaders\/MainHeader\u00a0\u00bb,\u00a0\u00bbprops\u00a0\u00bb:{\u00ab\u00a0collection\u00a0\u00bb:\u00a0\u00bbfeatures\u00a0\u00bb,\u00a0\u00bbtype\u00a0\u00bb:\u00a0\u00bbHeaders\/MainHeader\u00a0\u00bb,\u00a0\u00bbid\u00a0\u00bb:\u00a0\u00bbf0f0M8FUu8Jz77S\u00a0\u00bb,\u00a0\u00bbcontentConfig\u00a0\u00bb:{\u00ab\u00a0contentService\u00a0\u00bb:\u00a0\u00bb\u00a0\u00bb,\u00a0\u00bbcontentConfigValues\u00a0\u00bb:{},\u00a0\u00bbinherit\u00a0\u00bb:true},\u00a0\u00bbcustomFields\u00a0\u00bb:{\u00ab\u00a0hasTags\u00a0\u00bb:true,\u00a0\u00bblabelTag1&Prime;:\u00a0\u00bbGaza\u00a0\u00bb,\u00a0\u00bburlTag1&Prime;:\u00a0\u00bbhttps:\/\/www.liberation.fr\/dossier\/guerre-hamas-israel\/\u00a0\u00bb,\u00a0\u00bblabelTag2&Prime;:\u00a0\u00bbGuerre en Ukraine\u00a0\u00bb,\u00a0\u00bburlTag2&Prime;:\u00a0\u00bbhttps:\/\/www.liberation.fr\/dossier\/ukraine-la-crise\/\u00a0\u00bb,\u00a0\u00bblabelTag3&Prime;:\u00a0\u00bbP\u00e9tition contre la Loi Duplomb\u00a0\u00bb,\u00a0\u00bburlTag3&Prime;:\u00a0\u00bbhttps:\/\/www.liberation.fr\/tags\/loi-duplomb\/\u00a0\u00bb,\u00a0\u00bblabelTag4&Prime;:\u00a0\u00bbS\u00e9ries d&rsquo;\u00e9t\u00e9\u00a0\u00bb,\u00a0\u00bburlTag4&Prime;:\u00a0\u00bbhttps:\/\/www.liberation.fr\/plus\/speciaux-cahier-ete\/\u00a0\u00bb,\u00a0\u00bblabelTag5&Prime;:\u00a0\u00bbTour de France 2025&Prime;,\u00a0\u00bburlTag5&Prime;:\u00a0\u00bbhttps:\/\/www.liberation.fr\/tags\/tour-de-france\/\u00a0\u00bb,\u00a0\u00bblabelTag6&Prime;:\u00a0\u00bb\u00a0\u00bb,\u00a0\u00bburlTag6&Prime;:\u00a0\u00bb\u00a0\u00bb,\u00a0\u00bbfacebookItem\u00a0\u00bb:\u00a0\u00bbhttps:\/\/www.facebook.com\/Liberation\/\u00a0\u00bb,\u00a0\u00bbtwitterItem\u00a0\u00bb:\u00a0\u00bbhttps:\/\/twitter.com\/libe\u00a0\u00bb,\u00a0\u00bblinkedinItem\u00a0\u00bb:\u00a0\u00bbhttps:\/\/www.linkedin.com\/company\/lib%C3%A9ration\/\u00a0\u00bb,\u00a0\u00bbinstagramItem\u00a0\u00bb:\u00a0\u00bbhttps:\/\/www.instagram.com\/liberationfr\/\u00a0\u00bb,\u00a0\u00bbyoutubeItem\u00a0\u00bb:\u00a0\u00bbhttps:\/\/www.youtube.com\/c\/liberation\u00a0\u00bb,\u00a0\u00bbtiktokItem\u00a0\u00bb:\u00a0\u00bbhttps:\/\/www.tiktok.com\/@liberation.fr\u00a0\u00bb,\u00a0\u00bbblueskyItem\u00a0\u00bb:\u00a0\u00bbhttps:\/\/bsky.app\/profile\/liberation.fr\u00a0\u00bb,\u00a0\u00bbtwitchItem\u00a0\u00bb:\u00a0\u00bbhttps:\/\/www.twitch.tv\/liberationfr\u00a0\u00bb,\u00a0\u00bbwhatsappItem\u00a0\u00bb:\u00a0\u00bbhttps:\/\/whatsapp.com\/channel\/0029VaBC5Q50G0Xdttyzpn0k\u00a0\u00bb,\u00a0\u00bbsubscriptionParams\u00a0\u00bb:\u00a0\u00bbhttps:\/\/offre.liberation.fr\/soutenez-libe\/?xtatc=INT-21-%5BSoutienLibe%5D\u00a0\u00bb,\u00a0\u00bburlButtonHeaderParams\u00a0\u00bb:\u00a0\u00bbhttps:\/\/offre.liberation.fr\/avantages-abonnes\u00a0\u00bb,\u00a0\u00bblabelButtonHeaderParams\u00a0\u00bb:\u00a0\u00bbVos avantages abonn\u00e9\u00a0\u00bb,\u00a0\u00bbcolorButtonHeaderLabel\u00a0\u00bb:\u00a0\u00bb#FFFFFF\u00a0\u00bb,\u00a0\u00bbborderColorButtonHeaderParams\u00a0\u00bb:\u00a0\u00bb#FFFFFF\u00a0\u00bb,\u00a0\u00bbbackgroundColorButtonHeaderParams\u00a0\u00bb:\u00a0\u00bb#4991E2&Prime;,\u00a0\u00bbpremiumButtonMobileUrl\u00a0\u00bb:\u00a0\u00bbhttps:\/\/offre.liberation.fr\/avantages-abonnes\u00a0\u00bb,\u00a0\u00bbpremiumButtonMobileLabel\u00a0\u00bb:\u00a0\u00bbVos avantages\u00a0\u00bb,\u00a0\u00bbpremiumButtonMobileTextColor\u00a0\u00bb:\u00a0\u00bb#FFFFFF\u00a0\u00bb,\u00a0\u00bbpremiumButtonMobileBborderColor\u00a0\u00bb:\u00a0\u00bb#FFFFFF\u00a0\u00bb,\u00a0\u00bbpremiumButtonMobileBackgroundColor\u00a0\u00bb:\u00a0\u00bb#4991E2&Prime;,\u00a0\u00bbmenuLabelBanner\u00a0\u00bb:\u00a0\u00bb1 mois pour 1\u20ac\u00a0\u00bb},\u00a0\u00bbdisplayProperties\u00a0\u00bb:{},\u00a0\u00bblocalEdits\u00a0\u00bb:{},\u00a0\u00bbvariants\u00a0\u00bb:{}}}]},{\u00ab\u00a0collection\u00a0\u00bb:\u00a0\u00bbsections\u00a0\u00bb,\u00a0\u00bbprops\u00a0\u00bb:{\u00ab\u00a0collection\u00a0\u00bb:\u00a0\u00bbsections\u00a0\u00bb,\u00a0\u00bbid\u00a0\u00bb:1},\u00a0\u00bbchildren\u00a0\u00bb:[{\u00ab\u00a0collection\u00a0\u00bb:\u00a0\u00bbfeatures\u00a0\u00bb,\u00a0\u00bbtype\u00a0\u00bb:\u00a0\u00bb@wpmedia\/htmlbox-block\/htmlbox\u00a0\u00bb,\u00a0\u00bbprops\u00a0\u00bb:{\u00ab\u00a0collection\u00a0\u00bb:\u00a0\u00bbfeatures\u00a0\u00bb,\u00a0\u00bbtype\u00a0\u00bb:\u00a0\u00bb@wpmedia\/htmlbox-block\/htmlbox\u00a0\u00bb,\u00a0\u00bbid\u00a0\u00bb:\u00a0\u00bbf0fHuGl1erKI2wa\u00a0\u00bb,\u00a0\u00bbcontentConfig\u00a0\u00bb:{\u00ab\u00a0contentService\u00a0\u00bb:\u00a0\u00bb\u00a0\u00bb,\u00a0\u00bbcontentConfigValues\u00a0\u00bb:{},\u00a0\u00bbinherit\u00a0\u00bb:true},\u00a0\u00bbcustomFields\u00a0\u00bb:{\u00ab\u00a0HTML\u00a0\u00bb:\u00a0\u00bb\\n\\n.mailmunch-topbar\\n{\\n    z-index: 1010000004 !important;\\n}\\n\\n\u00a0\u00bb},\u00a0\u00bbdisplayProperties\u00a0\u00bb:{},\u00a0\u00bblocalEdits\u00a0\u00bb:{},\u00a0\u00bbvariants\u00a0\u00bb:{}}},{\u00ab\u00a0collection\u00a0\u00bb:\u00a0\u00bbfeatures\u00a0\u00bb,\u00a0\u00bbtype\u00a0\u00bb:\u00a0\u00bb@wpmedia\/alert-bar-block\/alert-bar\u00a0\u00bb,\u00a0\u00bbprops\u00a0\u00bb:{\u00ab\u00a0collection\u00a0\u00bb:\u00a0\u00bbfeatures\u00a0\u00bb,\u00a0\u00bbtype\u00a0\u00bb:\u00a0\u00bb@wpmedia\/alert-bar-block\/alert-bar\u00a0\u00bb,\u00a0\u00bbid\u00a0\u00bb:\u00a0\u00bb0fyf1HqBRHEIbDE\u00a0\u00bb,\u00a0\u00bbcontentConfig\u00a0\u00bb:{\u00ab\u00a0contentService\u00a0\u00bb:\u00a0\u00bb\u00a0\u00bb,\u00a0\u00bbcontentConfigValues\u00a0\u00bb:{},\u00a0\u00bbinherit\u00a0\u00bb:true},\u00a0\u00bbcustomFields\u00a0\u00bb:{\u00ab\u00a0_id\u00a0\u00bb:\u00a0\u00bbFGGR5EBGGRAY7G37VQSXS6EWTQ\u00a0\u00bb},\u00a0\u00bbdisplayProperties\u00a0\u00bb:{},\u00a0\u00bblocalEdits\u00a0\u00bb:{},\u00a0\u00bbvariants\u00a0\u00bb:{}}},{\u00ab\u00a0collection\u00a0\u00bb:\u00a0\u00bbfeatures\u00a0\u00bb,\u00a0\u00bbtype\u00a0\u00bb:\u00a0\u00bbcommon\/adPrisma\u00a0\u00bb,\u00a0\u00bbprops\u00a0\u00bb:{\u00ab\u00a0collection\u00a0\u00bb:\u00a0\u00bbfeatures\u00a0\u00bb,\u00a0\u00bbtype\u00a0\u00bb:\u00a0\u00bbcommon\/adPrisma\u00a0\u00bb,\u00a0\u00bbid\u00a0\u00bb:\u00a0\u00bbf0fGsy1V5ARj2R9&Prime;,\u00a0\u00bbcontentConfig\u00a0\u00bb:{\u00ab\u00a0contentService\u00a0\u00bb:\u00a0\u00bb\u00a0\u00bb,\u00a0\u00bbcontentConfigValues\u00a0\u00bb:{},\u00a0\u00bbinherit\u00a0\u00bb:true},\u00a0\u00bbcustomFields\u00a0\u00bb:{\u00ab\u00a0displayOnDesktop\u00a0\u00bb:false,\u00a0\u00bbdisplayOnTablet\u00a0\u00bb:false,\u00a0\u00bbdisplayOnMobile\u00a0\u00bb:true,\u00a0\u00bbpbInternal_cloneId\u00a0\u00bb:\u00a0\u00bbf0fGsy1V5ARj2R9&Prime;,\u00a0\u00bbadType\u00a0\u00bb:\u00a0\u00bbBanniere-Haute\u00a0\u00bb,\u00a0\u00bbadWidth\u00a0\u00bb:\u00a0\u00bb320&Prime;,\u00a0\u00bbadHeight\u00a0\u00bb:\u00a0\u00bb100&Prime;,\u00a0\u00bblayoutOnDesktop\u00a0\u00bb:null,\u00a0\u00bbhasMarginTop\u00a0\u00bb:false,\u00a0\u00bbhasMarginBottom\u00a0\u00bb:false,\u00a0\u00bblayoutOnMobile\u00a0\u00bb:\u00a0\u00bbHorizontal\u00a0\u00bb},\u00a0\u00bbdisplayProperties\u00a0\u00bb:{},\u00a0\u00bblocalEdits\u00a0\u00bb:{},\u00a0\u00bbvariants\u00a0\u00bb:{}}},{\u00ab\u00a0collection\u00a0\u00bb:\u00a0\u00bbfeatures\u00a0\u00bb,\u00a0\u00bbtype\u00a0\u00bb:\u00a0\u00bbcommon\/adPrisma\u00a0\u00bb,\u00a0\u00bbprops\u00a0\u00bb:{\u00ab\u00a0collection\u00a0\u00bb:\u00a0\u00bbfeatures\u00a0\u00bb,\u00a0\u00bbtype\u00a0\u00bb:\u00a0\u00bbcommon\/adPrisma\u00a0\u00bb,\u00a0\u00bbid\u00a0\u00bb:\u00a0\u00bbf0fA5NfUW5DrDf\u00a0\u00bb,\u00a0\u00bbcontentConfig\u00a0\u00bb:{\u00ab\u00a0contentService\u00a0\u00bb:\u00a0\u00bb\u00a0\u00bb,\u00a0\u00bbcontentConfigValues\u00a0\u00bb:{},\u00a0\u00bbinherit\u00a0\u00bb:true},\u00a0\u00bbcustomFields\u00a0\u00bb:{\u00ab\u00a0displayOnDesktop\u00a0\u00bb:true,\u00a0\u00bbdisplayOnTablet\u00a0\u00bb:false,\u00a0\u00bbdisplayOnMobile\u00a0\u00bb:false,\u00a0\u00bbpbInternal_cloneId\u00a0\u00bb:\u00a0\u00bbf0fA5NfUW5DrDf\u00a0\u00bb,\u00a0\u00bbadType\u00a0\u00bb:\u00a0\u00bbBanniere-Haute\u00a0\u00bb,\u00a0\u00bbadWidth\u00a0\u00bb:\u00a0\u00bb1000&Prime;,\u00a0\u00bbadHeight\u00a0\u00bb:\u00a0\u00bb250&Prime;,\u00a0\u00bblayoutOnDesktop\u00a0\u00bb:\u00a0\u00bbHorizontal\u00a0\u00bb,\u00a0\u00bbhasMarginTop\u00a0\u00bb:true,\u00a0\u00bbhasMarginBottom\u00a0\u00bb:true},\u00a0\u00bbdisplayProperties\u00a0\u00bb:{},\u00a0\u00bblocalEdits\u00a0\u00bb:{},\u00a0\u00bbvariants\u00a0\u00bb:{}}},{\u00ab\u00a0collection\u00a0\u00bb:\u00a0\u00bbfeatures\u00a0\u00bb,\u00a0\u00bbtype\u00a0\u00bb:\u00a0\u00bbcommon\/ad\u00a0\u00bb,\u00a0\u00bbprops\u00a0\u00bb:{\u00ab\u00a0collection\u00a0\u00bb:\u00a0\u00bbfeatures\u00a0\u00bb,\u00a0\u00bbtype\u00a0\u00bb:\u00a0\u00bbcommon\/ad\u00a0\u00bb,\u00a0\u00bbid\u00a0\u00bb:\u00a0\u00bbf0fmcNi97arLim\u00a0\u00bb,\u00a0\u00bbcontentConfig\u00a0\u00bb:{\u00ab\u00a0contentService\u00a0\u00bb:\u00a0\u00bb\u00a0\u00bb,\u00a0\u00bbcontentConfigValues\u00a0\u00bb:{},\u00a0\u00bbinherit\u00a0\u00bb:true},\u00a0\u00bbcustomFields\u00a0\u00bb:{\u00ab\u00a0displayOnDesktop\u00a0\u00bb:true,\u00a0\u00bbdisplayOnMobile\u00a0\u00bb:false,\u00a0\u00bbformatId\u00a0\u00bb:95},\u00a0\u00bbdisplayProperties\u00a0\u00bb:{},\u00a0\u00bblocalEdits\u00a0\u00bb:{},\u00a0\u00bbvariants\u00a0\u00bb:{}}},{\u00ab\u00a0collection\u00a0\u00bb:\u00a0\u00bbfeatures\u00a0\u00bb,\u00a0\u00bbtype\u00a0\u00bb:\u00a0\u00bbcommon\/breadcrumbs\u00a0\u00bb,\u00a0\u00bbprops\u00a0\u00bb:{\u00ab\u00a0collection\u00a0\u00bb:\u00a0\u00bbfeatures\u00a0\u00bb,\u00a0\u00bbtype\u00a0\u00bb:\u00a0\u00bbcommon\/breadcrumbs\u00a0\u00bb,\u00a0\u00bbid\u00a0\u00bb:\u00a0\u00bbf0fKXREtkqMnx9&Prime;,\u00a0\u00bbcontentConfig\u00a0\u00bb:{\u00ab\u00a0contentService\u00a0\u00bb:\u00a0\u00bb\u00a0\u00bb,\u00a0\u00bbcontentConfigValues\u00a0\u00bb:{},\u00a0\u00bbinherit\u00a0\u00bb:true},\u00a0\u00bbcustomFields\u00a0\u00bb:{},\u00a0\u00bbdisplayProperties\u00a0\u00bb:{},\u00a0\u00bblocalEdits\u00a0\u00bb:{},\u00a0\u00bbvariants\u00a0\u00bb:{}}}]},{\u00ab\u00a0collection\u00a0\u00bb:\u00a0\u00bbsections\u00a0\u00bb,\u00a0\u00bbprops\u00a0\u00bb:{\u00ab\u00a0collection\u00a0\u00bb:\u00a0\u00bbsections\u00a0\u00bb,\u00a0\u00bbid\u00a0\u00bb:2},\u00a0\u00bbchildren\u00a0\u00bb:[{\u00ab\u00a0collection\u00a0\u00bb:\u00a0\u00bbfeatures\u00a0\u00bb,\u00a0\u00bbtype\u00a0\u00bb:\u00a0\u00bbarticle\/header\u00a0\u00bb,\u00a0\u00bbprops\u00a0\u00bb:{\u00ab\u00a0collection\u00a0\u00bb:\u00a0\u00bbfeatures\u00a0\u00bb,\u00a0\u00bbtype\u00a0\u00bb:\u00a0\u00bbarticle\/header\u00a0\u00bb,\u00a0\u00bbid\u00a0\u00bb:\u00a0\u00bbf0fqzDoZz4o71JL\u00a0\u00bb,\u00a0\u00bbcontentConfig\u00a0\u00bb:{\u00ab\u00a0contentService\u00a0\u00bb:\u00a0\u00bb\u00a0\u00bb,\u00a0\u00bbcontentConfigValues\u00a0\u00bb:{},\u00a0\u00bbinherit\u00a0\u00bb:true},\u00a0\u00bbcustomFields\u00a0\u00bb:{\u00ab\u00a0displayLabel\u00a0\u00bb:true,\u00a0\u00bbdisplayHeadline\u00a0\u00bb:true,\u00a0\u00bbdisplaySubheadline\u00a0\u00bb:true,\u00a0\u00bbdisplayDossier\u00a0\u00bb:true},\u00a0\u00bbdisplayProperties\u00a0\u00bb:{},\u00a0\u00bblocalEdits\u00a0\u00bb:{},\u00a0\u00bbvariants\u00a0\u00bb:{}}},{\u00ab\u00a0collection\u00a0\u00bb:\u00a0\u00bbfeatures\u00a0\u00bb,\u00a0\u00bbtype\u00a0\u00bb:\u00a0\u00bbcommon\/LeadArt\u00a0\u00bb,\u00a0\u00bbprops\u00a0\u00bb:{\u00ab\u00a0collection\u00a0\u00bb:\u00a0\u00bbfeatures\u00a0\u00bb,\u00a0\u00bbtype\u00a0\u00bb:\u00a0\u00bbcommon\/LeadArt\u00a0\u00bb,\u00a0\u00bbid\u00a0\u00bb:\u00a0\u00bbf0fLWKAwg6FP87b\u00a0\u00bb,\u00a0\u00bbcontentConfig\u00a0\u00bb:{\u00ab\u00a0contentService\u00a0\u00bb:\u00a0\u00bb\u00a0\u00bb,\u00a0\u00bbcontentConfigValues\u00a0\u00bb:{},\u00a0\u00bbinherit\u00a0\u00bb:true},\u00a0\u00bbcustomFields\u00a0\u00bb:{},\u00a0\u00bbdisplayProperties\u00a0\u00bb:{},\u00a0\u00bblocalEdits\u00a0\u00bb:{},\u00a0\u00bbvariants\u00a0\u00bb:{}}},{\u00ab\u00a0collection\u00a0\u00bb:\u00a0\u00bbfeatures\u00a0\u00bb,\u00a0\u00bbtype\u00a0\u00bb:\u00a0\u00bbarticle\/byline\u00a0\u00bb,\u00a0\u00bbprops\u00a0\u00bb:{\u00ab\u00a0collection\u00a0\u00bb:\u00a0\u00bbfeatures\u00a0\u00bb,\u00a0\u00bbtype\u00a0\u00bb:\u00a0\u00bbarticle\/byline\u00a0\u00bb,\u00a0\u00bbid\u00a0\u00bb:\u00a0\u00bbf0fhG2ECCO081EK\u00a0\u00bb,\u00a0\u00bbcontentConfig\u00a0\u00bb:{\u00ab\u00a0contentService\u00a0\u00bb:\u00a0\u00bb\u00a0\u00bb,\u00a0\u00bbcontentConfigValues\u00a0\u00bb:{},\u00a0\u00bbinherit\u00a0\u00bb:true},\u00a0\u00bbcustomFields\u00a0\u00bb:{},\u00a0\u00bbdisplayProperties\u00a0\u00bb:{},\u00a0\u00bblocalEdits\u00a0\u00bb:{},\u00a0\u00bbvariants\u00a0\u00bb:{}}},{\u00ab\u00a0collection\u00a0\u00bb:\u00a0\u00bbfeatures\u00a0\u00bb,\u00a0\u00bbtype\u00a0\u00bb:\u00a0\u00bbarticle\/date\u00a0\u00bb,\u00a0\u00bbprops\u00a0\u00bb:{\u00ab\u00a0collection\u00a0\u00bb:\u00a0\u00bbfeatures\u00a0\u00bb,\u00a0\u00bbtype\u00a0\u00bb:\u00a0\u00bbarticle\/date\u00a0\u00bb,\u00a0\u00bbid\u00a0\u00bb:\u00a0\u00bb0f7R2z6MSrh\u00a0\u00bb,\u00a0\u00bbcontentConfig\u00a0\u00bb:{\u00ab\u00a0contentService\u00a0\u00bb:\u00a0\u00bb\u00a0\u00bb,\u00a0\u00bbcontentConfigValues\u00a0\u00bb:{},\u00a0\u00bbinherit\u00a0\u00bb:false},\u00a0\u00bbcustomFields\u00a0\u00bb:{},\u00a0\u00bbdisplayProperties\u00a0\u00bb:{},\u00a0\u00bblocalEdits\u00a0\u00bb:{},\u00a0\u00bbvariants\u00a0\u00bb:{}}},{\u00ab\u00a0collection\u00a0\u00bb:\u00a0\u00bbfeatures\u00a0\u00bb,\u00a0\u00bbtype\u00a0\u00bb:\u00a0\u00bb@wpmedia\/htmlbox-block\/htmlbox\u00a0\u00bb,\u00a0\u00bbprops\u00a0\u00bb:{\u00ab\u00a0collection\u00a0\u00bb:\u00a0\u00bbfeatures\u00a0\u00bb,\u00a0\u00bbtype\u00a0\u00bb:\u00a0\u00bb@wpmedia\/htmlbox-block\/htmlbox\u00a0\u00bb,\u00a0\u00bbid\u00a0\u00bb:\u00a0\u00bbf0fxYZjElxf8ew\u00a0\u00bb,\u00a0\u00bbcontentConfig\u00a0\u00bb:{\u00ab\u00a0contentService\u00a0\u00bb:\u00a0\u00bb\u00a0\u00bb,\u00a0\u00bbcontentConfigValues\u00a0\u00bb:{},\u00a0\u00bbinherit\u00a0\u00bb:true},\u00a0\u00bbcustomFields\u00a0\u00bb:{\u00ab\u00a0HTML\u00a0\u00bb:\u00a0\u00bb\u00a0\u00bb},\u00a0\u00bbdisplayProperties\u00a0\u00bb:{},\u00a0\u00bblocalEdits\u00a0\u00bb:{},\u00a0\u00bbvariants\u00a0\u00bb:{}}},{\u00ab\u00a0collection\u00a0\u00bb:\u00a0\u00bbfeatures\u00a0\u00bb,\u00a0\u00bbtype\u00a0\u00bb:\u00a0\u00bbcommon\/adPrisma\u00a0\u00bb,\u00a0\u00bbprops\u00a0\u00bb:{\u00ab\u00a0collection\u00a0\u00bb:\u00a0\u00bbfeatures\u00a0\u00bb,\u00a0\u00bbtype\u00a0\u00bb:\u00a0\u00bbcommon\/adPrisma\u00a0\u00bb,\u00a0\u00bbid\u00a0\u00bb:\u00a0\u00bbf0f0tueVMIPJccj\u00a0\u00bb,\u00a0\u00bbcontentConfig\u00a0\u00bb:{\u00ab\u00a0contentService\u00a0\u00bb:\u00a0\u00bb\u00a0\u00bb,\u00a0\u00bbcontentConfigValues\u00a0\u00bb:{},\u00a0\u00bbinherit\u00a0\u00bb:true},\u00a0\u00bbcustomFields\u00a0\u00bb:{\u00ab\u00a0displayOnDesktop\u00a0\u00bb:true,\u00a0\u00bbdisplayOnTablet\u00a0\u00bb:false,\u00a0\u00bbdisplayOnMobile\u00a0\u00bb:false,\u00a0\u00bbadType\u00a0\u00bb:\u00a0\u00bbPave-Haut2-Desktop\u00a0\u00bb,\u00a0\u00bbhasStickyPlaceholder\u00a0\u00bb:false,\u00a0\u00bbhasStickyAd\u00a0\u00bb:false,\u00a0\u00bbadWidth\u00a0\u00bb:\u00a0\u00bb600&Prime;,\u00a0\u00bbadHeight\u00a0\u00bb:\u00a0\u00bb400&Prime;,\u00a0\u00bblayoutOnDesktop\u00a0\u00bb:\u00a0\u00bbHorizontal\u00a0\u00bb,\u00a0\u00bbhasMarginTop\u00a0\u00bb:true,\u00a0\u00bbhasMarginBottom\u00a0\u00bb:true},\u00a0\u00bbdisplayProperties\u00a0\u00bb:{},\u00a0\u00bblocalEdits\u00a0\u00bb:{},\u00a0\u00bbvariants\u00a0\u00bb:{}}},{\u00ab\u00a0collection\u00a0\u00bb:\u00a0\u00bbfeatures\u00a0\u00bb,\u00a0\u00bbtype\u00a0\u00bb:\u00a0\u00bbcommon\/adPrisma\u00a0\u00bb,\u00a0\u00bbprops\u00a0\u00bb:{\u00ab\u00a0collection\u00a0\u00bb:\u00a0\u00bbfeatures\u00a0\u00bb,\u00a0\u00bbtype\u00a0\u00bb:\u00a0\u00bbcommon\/adPrisma\u00a0\u00bb,\u00a0\u00bbid\u00a0\u00bb:\u00a0\u00bbf0fTBz3xtDVQ67&Prime;,\u00a0\u00bbcontentConfig\u00a0\u00bb:{\u00ab\u00a0contentService\u00a0\u00bb:\u00a0\u00bb\u00a0\u00bb,\u00a0\u00bbcontentConfigValues\u00a0\u00bb:{},\u00a0\u00bbinherit\u00a0\u00bb:true},\u00a0\u00bbcustomFields\u00a0\u00bb:{\u00ab\u00a0displayOnDesktop\u00a0\u00bb:false,\u00a0\u00bbdisplayOnTablet\u00a0\u00bb:false,\u00a0\u00bbdisplayOnMobile\u00a0\u00bb:true,\u00a0\u00bbadType\u00a0\u00bb:\u00a0\u00bbPave-Haut\u00a0\u00bb,\u00a0\u00bbpbInternal_cloneId\u00a0\u00bb:\u00a0\u00bbf0fTBz3xtDVQ67&Prime;,\u00a0\u00bbadWidth\u00a0\u00bb:\u00a0\u00bb300&Prime;,\u00a0\u00bbadHeight\u00a0\u00bb:\u00a0\u00bb400&Prime;,\u00a0\u00bblayoutOnMobile\u00a0\u00bb:\u00a0\u00bbVertical\u00a0\u00bb,\u00a0\u00bbhasMarginTop\u00a0\u00bb:true,\u00a0\u00bbhasMarginBottom\u00a0\u00bb:true,\u00a0\u00bbhasStickyAd\u00a0\u00bb:true},\u00a0\u00bbdisplayProperties\u00a0\u00bb:{},\u00a0\u00bblocalEdits\u00a0\u00bb:{},\u00a0\u00bbvariants\u00a0\u00bb:{}}},{\u00ab\u00a0collection\u00a0\u00bb:\u00a0\u00bbchains\u00a0\u00bb,\u00a0\u00bbtype\u00a0\u00bb:\u00a0\u00bbarticle-body\u00a0\u00bb,\u00a0\u00bbprops\u00a0\u00bb:{\u00ab\u00a0collection\u00a0\u00bb:\u00a0\u00bbchains\u00a0\u00bb,\u00a0\u00bbtype\u00a0\u00bb:\u00a0\u00bbarticle-body\u00a0\u00bb,\u00a0\u00bbid\u00a0\u00bb:\u00a0\u00bbc0fFBxtnoyMx6vA\u00a0\u00bb,\u00a0\u00bbcustomFields\u00a0\u00bb:{\u00ab\u00a0elementPlacement\u00a0\u00bb:{\u00ab\u00a01&Prime;:\u00a0\u00bb11&Prime;,\u00a0\u00bb3&Prime;:\u00a0\u00bb2&Prime;,\u00a0\u00bb4&Prime;:\u00a0\u00bb4&Prime;,\u00a0\u00bb5&Prime;:\u00a0\u00bb6&Prime;,\u00a0\u00bb6&Prime;:\u00a0\u00bb8&Prime;,\u00a0\u00bb7&Prime;:\u00a0\u00bb10&Prime;,\u00a0\u00bb8&Prime;:\u00a0\u00bb12&Prime;,\u00a0\u00bb9&Prime;:\u00a0\u00bb14&Prime;,\u00a0\u00bb10&Prime;:\u00a0\u00bb16&Prime;,\u00a0\u00bb11&Prime;:\u00a0\u00bb18&Prime;,\u00a0\u00bb12&Prime;:\u00a0\u00bb20&Prime;,\u00a0\u00bb13&Prime;:\u00a0\u00bb4&Prime;,\u00a0\u00bb14&Prime;:\u00a0\u00bb8&Prime;,\u00a0\u00bb15&Prime;:\u00a0\u00bb4&Prime;,\u00a0\u00bb16&Prime;:\u00a0\u00bb8&Prime;,\u00a0\u00bb17&Prime;:\u00a0\u00bb14&Prime;,\u00a0\u00bb\u00a0\u00bb:\u00a0\u00bb\u00a0\u00bb}},\u00a0\u00bbdisplayProperties\u00a0\u00bb:{}},\u00a0\u00bbchildren\u00a0\u00bb:[{\u00ab\u00a0collection\u00a0\u00bb:\u00a0\u00bbfeatures\u00a0\u00bb,\u00a0\u00bbtype\u00a0\u00bb:\u00a0\u00bbcommon\/adPrisma\u00a0\u00bb,\u00a0\u00bbprops\u00a0\u00bb:{\u00ab\u00a0collection\u00a0\u00bb:\u00a0\u00bbfeatures\u00a0\u00bb,\u00a0\u00bbtype\u00a0\u00bb:\u00a0\u00bbcommon\/adPrisma\u00a0\u00bb,\u00a0\u00bbid\u00a0\u00bb:\u00a0\u00bbf0fJfv4wLVoK5fT\u00a0\u00bb,\u00a0\u00bbcontentConfig\u00a0\u00bb:{\u00ab\u00a0contentService\u00a0\u00bb:\u00a0\u00bb\u00a0\u00bb,\u00a0\u00bbcontentConfigValues\u00a0\u00bb:{},\u00a0\u00bbinherit\u00a0\u00bb:true},\u00a0\u00bbcustomFields\u00a0\u00bb:{\u00ab\u00a0displayOnDesktop\u00a0\u00bb:true,\u00a0\u00bblayoutOnDesktop\u00a0\u00bb:\u00a0\u00bbHorizontal\u00a0\u00bb,\u00a0\u00bbdisplayOnTablet\u00a0\u00bb:false,\u00a0\u00bblayoutOnTablet\u00a0\u00bb:null,\u00a0\u00bbdisplayOnMobile\u00a0\u00bb:false,\u00a0\u00bblayoutOnMobile\u00a0\u00bb:null,\u00a0\u00bbadType\u00a0\u00bb:\u00a0\u00bbPave-Haut2-Desktop\u00a0\u00bb,\u00a0\u00bbadWidth\u00a0\u00bb:600,\u00a0\u00bbadHeight\u00a0\u00bb:400},\u00a0\u00bbdisplayProperties\u00a0\u00bb:{},\u00a0\u00bblocalEdits\u00a0\u00bb:{},\u00a0\u00bbvariants\u00a0\u00bb:{}}},{\u00ab\u00a0collection\u00a0\u00bb:\u00a0\u00bbfeatures\u00a0\u00bb,\u00a0\u00bbtype\u00a0\u00bb:\u00a0\u00bbcommon\/adPrisma\u00a0\u00bb,\u00a0\u00bbprops\u00a0\u00bb:{\u00ab\u00a0collection\u00a0\u00bb:\u00a0\u00bbfeatures\u00a0\u00bb,\u00a0\u00bbtype\u00a0\u00bb:\u00a0\u00bbcommon\/adPrisma\u00a0\u00bb,\u00a0\u00bbid\u00a0\u00bb:\u00a0\u00bbf0fSE1HDtw9L53Y\u00a0\u00bb,\u00a0\u00bbcontentConfig\u00a0\u00bb:{\u00ab\u00a0contentService\u00a0\u00bb:\u00a0\u00bb\u00a0\u00bb,\u00a0\u00bbcontentConfigValues\u00a0\u00bb:{},\u00a0\u00bbinherit\u00a0\u00bb:true},\u00a0\u00bbcustomFields\u00a0\u00bb:{\u00ab\u00a0displayOnDesktop\u00a0\u00bb:false,\u00a0\u00bblayoutOnDesktop\u00a0\u00bb:null,\u00a0\u00bbdisplayOnTablet\u00a0\u00bb:false,\u00a0\u00bblayoutOnTablet\u00a0\u00bb:null,\u00a0\u00bbdisplayOnMobile\u00a0\u00bb:true,\u00a0\u00bblayoutOnMobile\u00a0\u00bb:\u00a0\u00bbVertical\u00a0\u00bb,\u00a0\u00bbadType\u00a0\u00bb:\u00a0\u00bbPave-Haut\u00a0\u00bb,\u00a0\u00bbadWidth\u00a0\u00bb:300,\u00a0\u00bbadHeight\u00a0\u00bb:\u00a0\u00bb400&Prime;,\u00a0\u00bbpbInternal_cloneId\u00a0\u00bb:\u00a0\u00bbf0fSE1HDtw9L53Y\u00a0\u00bb,\u00a0\u00bbhasStickyAd\u00a0\u00bb:true},\u00a0\u00bbdisplayProperties\u00a0\u00bb:{},\u00a0\u00bblocalEdits\u00a0\u00bb:{},\u00a0\u00bbvariants\u00a0\u00bb:{}}},{\u00ab\u00a0collection\u00a0\u00bb:\u00a0\u00bbfeatures\u00a0\u00bb,\u00a0\u00bbtype\u00a0\u00bb:\u00a0\u00bbcommon\/adPrisma\u00a0\u00bb,\u00a0\u00bbprops\u00a0\u00bb:{\u00ab\u00a0collection\u00a0\u00bb:\u00a0\u00bbfeatures\u00a0\u00bb,\u00a0\u00bbtype\u00a0\u00bb:\u00a0\u00bbcommon\/adPrisma\u00a0\u00bb,\u00a0\u00bbid\u00a0\u00bb:\u00a0\u00bbf0f27dasiVo462W\u00a0\u00bb,\u00a0\u00bbcontentConfig\u00a0\u00bb:{\u00ab\u00a0contentService\u00a0\u00bb:\u00a0\u00bb\u00a0\u00bb,\u00a0\u00bbcontentConfigValues\u00a0\u00bb:{},\u00a0\u00bbinherit\u00a0\u00bb:true},\u00a0\u00bbcustomFields\u00a0\u00bb:{\u00ab\u00a0displayOnDesktop\u00a0\u00bb:false,\u00a0\u00bblayoutOnDesktop\u00a0\u00bb:null,\u00a0\u00bbdisplayOnTablet\u00a0\u00bb:false,\u00a0\u00bblayoutOnTablet\u00a0\u00bb:null,\u00a0\u00bbdisplayOnMobile\u00a0\u00bb:true,\u00a0\u00bblayoutOnMobile\u00a0\u00bb:\u00a0\u00bbVertical\u00a0\u00bb,\u00a0\u00bbadType\u00a0\u00bb:\u00a0\u00bbPave-Haut2&Prime;,\u00a0\u00bbadWidth\u00a0\u00bb:300,\u00a0\u00bbadHeight\u00a0\u00bb:\u00a0\u00bb400&Prime;,\u00a0\u00bbpbInternal_cloneId\u00a0\u00bb:\u00a0\u00bbf0f27dasiVo462W\u00a0\u00bb,\u00a0\u00bbhasStickyAd\u00a0\u00bb:true,\u00a0\u00bbhasMarginTop\u00a0\u00bb:true,\u00a0\u00bbhasMarginBottom\u00a0\u00bb:true},\u00a0\u00bbdisplayProperties\u00a0\u00bb:{},\u00a0\u00bblocalEdits\u00a0\u00bb:{},\u00a0\u00bbvariants\u00a0\u00bb:{}}},{\u00ab\u00a0collection\u00a0\u00bb:\u00a0\u00bbfeatures\u00a0\u00bb,\u00a0\u00bbtype\u00a0\u00bb:\u00a0\u00bbcommon\/adPrisma\u00a0\u00bb,\u00a0\u00bbprops\u00a0\u00bb:{\u00ab\u00a0collection\u00a0\u00bb:\u00a0\u00bbfeatures\u00a0\u00bb,\u00a0\u00bbtype\u00a0\u00bb:\u00a0\u00bbcommon\/adPrisma\u00a0\u00bb,\u00a0\u00bbid\u00a0\u00bb:\u00a0\u00bbf0fftZPUtmeM5qO\u00a0\u00bb,\u00a0\u00bbcontentConfig\u00a0\u00bb:{\u00ab\u00a0contentService\u00a0\u00bb:\u00a0\u00bb\u00a0\u00bb,\u00a0\u00bbcontentConfigValues\u00a0\u00bb:{},\u00a0\u00bbinherit\u00a0\u00bb:true},\u00a0\u00bbcustomFields\u00a0\u00bb:{\u00ab\u00a0displayOnDesktop\u00a0\u00bb:false,\u00a0\u00bblayoutOnDesktop\u00a0\u00bb:null,\u00a0\u00bbdisplayOnTablet\u00a0\u00bb:false,\u00a0\u00bblayoutOnTablet\u00a0\u00bb:null,\u00a0\u00bbdisplayOnMobile\u00a0\u00bb:true,\u00a0\u00bblayoutOnMobile\u00a0\u00bb:\u00a0\u00bbVertical\u00a0\u00bb,\u00a0\u00bbadType\u00a0\u00bb:\u00a0\u00bbPave-Haut2&Prime;,\u00a0\u00bbadWidth\u00a0\u00bb:300,\u00a0\u00bbadHeight\u00a0\u00bb:\u00a0\u00bb400&Prime;,\u00a0\u00bbpbInternal_cloneId\u00a0\u00bb:\u00a0\u00bbf0fftZPUtmeM5qO\u00a0\u00bb,\u00a0\u00bbhasStickyAd\u00a0\u00bb:true,\u00a0\u00bbhasMarginTop\u00a0\u00bb:true,\u00a0\u00bbhasMarginBottom\u00a0\u00bb:true},\u00a0\u00bbdisplayProperties\u00a0\u00bb:{},\u00a0\u00bblocalEdits\u00a0\u00bb:{},\u00a0\u00bbvariants\u00a0\u00bb:{}}},{\u00ab\u00a0collection\u00a0\u00bb:\u00a0\u00bbfeatures\u00a0\u00bb,\u00a0\u00bbtype\u00a0\u00bb:\u00a0\u00bbcommon\/adPrisma\u00a0\u00bb,\u00a0\u00bbprops\u00a0\u00bb:{\u00ab\u00a0collection\u00a0\u00bb:\u00a0\u00bbfeatures\u00a0\u00bb,\u00a0\u00bbtype\u00a0\u00bb:\u00a0\u00bbcommon\/adPrisma\u00a0\u00bb,\u00a0\u00bbid\u00a0\u00bb:\u00a0\u00bbf0fCDISK7jsn39V\u00a0\u00bb,\u00a0\u00bbcontentConfig\u00a0\u00bb:{\u00ab\u00a0contentService\u00a0\u00bb:\u00a0\u00bb\u00a0\u00bb,\u00a0\u00bbcontentConfigValues\u00a0\u00bb:{},\u00a0\u00bbinherit\u00a0\u00bb:true},\u00a0\u00bbcustomFields\u00a0\u00bb:{\u00ab\u00a0displayOnDesktop\u00a0\u00bb:false,\u00a0\u00bblayoutOnDesktop\u00a0\u00bb:null,\u00a0\u00bbdisplayOnTablet\u00a0\u00bb:false,\u00a0\u00bblayoutOnTablet\u00a0\u00bb:null,\u00a0\u00bbdisplayOnMobile\u00a0\u00bb:true,\u00a0\u00bblayoutOnMobile\u00a0\u00bb:\u00a0\u00bbVertical\u00a0\u00bb,\u00a0\u00bbadType\u00a0\u00bb:\u00a0\u00bbPave-Haut2&Prime;,\u00a0\u00bbadWidth\u00a0\u00bb:300,\u00a0\u00bbadHeight\u00a0\u00bb:\u00a0\u00bb400&Prime;,\u00a0\u00bbpbInternal_cloneId\u00a0\u00bb:\u00a0\u00bbf0fCDISK7jsn39V\u00a0\u00bb,\u00a0\u00bbhasStickyAd\u00a0\u00bb:true,\u00a0\u00bbhasMarginTop\u00a0\u00bb:true,\u00a0\u00bbhasMarginBottom\u00a0\u00bb:true},\u00a0\u00bbdisplayProperties\u00a0\u00bb:{},\u00a0\u00bblocalEdits\u00a0\u00bb:{},\u00a0\u00bbvariants\u00a0\u00bb:{}}},{\u00ab\u00a0collection\u00a0\u00bb:\u00a0\u00bbfeatures\u00a0\u00bb,\u00a0\u00bbtype\u00a0\u00bb:\u00a0\u00bbcommon\/adPrisma\u00a0\u00bb,\u00a0\u00bbprops\u00a0\u00bb:{\u00ab\u00a0collection\u00a0\u00bb:\u00a0\u00bbfeatures\u00a0\u00bb,\u00a0\u00bbtype\u00a0\u00bb:\u00a0\u00bbcommon\/adPrisma\u00a0\u00bb,\u00a0\u00bbid\u00a0\u00bb:\u00a0\u00bbf0fU1CNp29HL1OU\u00a0\u00bb,\u00a0\u00bbcontentConfig\u00a0\u00bb:{\u00ab\u00a0contentService\u00a0\u00bb:\u00a0\u00bb\u00a0\u00bb,\u00a0\u00bbcontentConfigValues\u00a0\u00bb:{},\u00a0\u00bbinherit\u00a0\u00bb:true},\u00a0\u00bbcustomFields\u00a0\u00bb:{\u00ab\u00a0displayOnDesktop\u00a0\u00bb:false,\u00a0\u00bblayoutOnDesktop\u00a0\u00bb:null,\u00a0\u00bbdisplayOnTablet\u00a0\u00bb:false,\u00a0\u00bblayoutOnTablet\u00a0\u00bb:null,\u00a0\u00bbdisplayOnMobile\u00a0\u00bb:true,\u00a0\u00bblayoutOnMobile\u00a0\u00bb:\u00a0\u00bbVertical\u00a0\u00bb,\u00a0\u00bbadType\u00a0\u00bb:\u00a0\u00bbPave-Haut2&Prime;,\u00a0\u00bbadWidth\u00a0\u00bb:300,\u00a0\u00bbadHeight\u00a0\u00bb:\u00a0\u00bb400&Prime;,\u00a0\u00bbpbInternal_cloneId\u00a0\u00bb:\u00a0\u00bbf0fU1CNp29HL1OU\u00a0\u00bb,\u00a0\u00bbhasStickyAd\u00a0\u00bb:true,\u00a0\u00bbhasMarginTop\u00a0\u00bb:true,\u00a0\u00bbhasMarginBottom\u00a0\u00bb:true},\u00a0\u00bbdisplayProperties\u00a0\u00bb:{},\u00a0\u00bblocalEdits\u00a0\u00bb:{},\u00a0\u00bbvariants\u00a0\u00bb:{}}},{\u00ab\u00a0collection\u00a0\u00bb:\u00a0\u00bbfeatures\u00a0\u00bb,\u00a0\u00bbtype\u00a0\u00bb:\u00a0\u00bbcommon\/adPrisma\u00a0\u00bb,\u00a0\u00bbprops\u00a0\u00bb:{\u00ab\u00a0collection\u00a0\u00bb:\u00a0\u00bbfeatures\u00a0\u00bb,\u00a0\u00bbtype\u00a0\u00bb:\u00a0\u00bbcommon\/adPrisma\u00a0\u00bb,\u00a0\u00bbid\u00a0\u00bb:\u00a0\u00bbf0ffpAb7sXIL18p\u00a0\u00bb,\u00a0\u00bbcontentConfig\u00a0\u00bb:{\u00ab\u00a0contentService\u00a0\u00bb:\u00a0\u00bb\u00a0\u00bb,\u00a0\u00bbcontentConfigValues\u00a0\u00bb:{},\u00a0\u00bbinherit\u00a0\u00bb:true},\u00a0\u00bbcustomFields\u00a0\u00bb:{\u00ab\u00a0displayOnDesktop\u00a0\u00bb:false,\u00a0\u00bblayoutOnDesktop\u00a0\u00bb:null,\u00a0\u00bbdisplayOnTablet\u00a0\u00bb:false,\u00a0\u00bblayoutOnTablet\u00a0\u00bb:null,\u00a0\u00bbdisplayOnMobile\u00a0\u00bb:true,\u00a0\u00bblayoutOnMobile\u00a0\u00bb:\u00a0\u00bbVertical\u00a0\u00bb,\u00a0\u00bbadType\u00a0\u00bb:\u00a0\u00bbPave-Haut2&Prime;,\u00a0\u00bbadWidth\u00a0\u00bb:300,\u00a0\u00bbadHeight\u00a0\u00bb:\u00a0\u00bb400&Prime;,\u00a0\u00bbpbInternal_cloneId\u00a0\u00bb:\u00a0\u00bbf0ffpAb7sXIL18p\u00a0\u00bb,\u00a0\u00bbhasStickyAd\u00a0\u00bb:true,\u00a0\u00bbhasMarginTop\u00a0\u00bb:true,\u00a0\u00bbhasMarginBottom\u00a0\u00bb:true},\u00a0\u00bbdisplayProperties\u00a0\u00bb:{},\u00a0\u00bblocalEdits\u00a0\u00bb:{},\u00a0\u00bbvariants\u00a0\u00bb:{}}},{\u00ab\u00a0collection\u00a0\u00bb:\u00a0\u00bbfeatures\u00a0\u00bb,\u00a0\u00bbtype\u00a0\u00bb:\u00a0\u00bbcommon\/adPrisma\u00a0\u00bb,\u00a0\u00bbprops\u00a0\u00bb:{\u00ab\u00a0collection\u00a0\u00bb:\u00a0\u00bbfeatures\u00a0\u00bb,\u00a0\u00bbtype\u00a0\u00bb:\u00a0\u00bbcommon\/adPrisma\u00a0\u00bb,\u00a0\u00bbid\u00a0\u00bb:\u00a0\u00bbf0fqDrV6aTKL18r\u00a0\u00bb,\u00a0\u00bbcontentConfig\u00a0\u00bb:{\u00ab\u00a0contentService\u00a0\u00bb:\u00a0\u00bb\u00a0\u00bb,\u00a0\u00bbcontentConfigValues\u00a0\u00bb:{},\u00a0\u00bbinherit\u00a0\u00bb:true},\u00a0\u00bbcustomFields\u00a0\u00bb:{\u00ab\u00a0displayOnDesktop\u00a0\u00bb:false,\u00a0\u00bblayoutOnDesktop\u00a0\u00bb:null,\u00a0\u00bbdisplayOnTablet\u00a0\u00bb:false,\u00a0\u00bblayoutOnTablet\u00a0\u00bb:null,\u00a0\u00bbdisplayOnMobile\u00a0\u00bb:true,\u00a0\u00bblayoutOnMobile\u00a0\u00bb:\u00a0\u00bbVertical\u00a0\u00bb,\u00a0\u00bbadType\u00a0\u00bb:\u00a0\u00bbPave-Haut2&Prime;,\u00a0\u00bbadWidth\u00a0\u00bb:300,\u00a0\u00bbadHeight\u00a0\u00bb:\u00a0\u00bb400&Prime;,\u00a0\u00bbpbInternal_cloneId\u00a0\u00bb:\u00a0\u00bbf0fqDrV6aTKL18r\u00a0\u00bb,\u00a0\u00bbhasStickyAd\u00a0\u00bb:true,\u00a0\u00bbhasMarginTop\u00a0\u00bb:true,\u00a0\u00bbhasMarginBottom\u00a0\u00bb:true},\u00a0\u00bbdisplayProperties\u00a0\u00bb:{},\u00a0\u00bblocalEdits\u00a0\u00bb:{},\u00a0\u00bbvariants\u00a0\u00bb:{}}},{\u00ab\u00a0collection\u00a0\u00bb:\u00a0\u00bbfeatures\u00a0\u00bb,\u00a0\u00bbtype\u00a0\u00bb:\u00a0\u00bbcommon\/adPrisma\u00a0\u00bb,\u00a0\u00bbprops\u00a0\u00bb:{\u00ab\u00a0collection\u00a0\u00bb:\u00a0\u00bbfeatures\u00a0\u00bb,\u00a0\u00bbtype\u00a0\u00bb:\u00a0\u00bbcommon\/adPrisma\u00a0\u00bb,\u00a0\u00bbid\u00a0\u00bb:\u00a0\u00bbf0fPujFYZiNL10K\u00a0\u00bb,\u00a0\u00bbcontentConfig\u00a0\u00bb:{\u00ab\u00a0contentService\u00a0\u00bb:\u00a0\u00bb\u00a0\u00bb,\u00a0\u00bbcontentConfigValues\u00a0\u00bb:{},\u00a0\u00bbinherit\u00a0\u00bb:true},\u00a0\u00bbcustomFields\u00a0\u00bb:{\u00ab\u00a0displayOnDesktop\u00a0\u00bb:false,\u00a0\u00bblayoutOnDesktop\u00a0\u00bb:null,\u00a0\u00bbdisplayOnTablet\u00a0\u00bb:false,\u00a0\u00bblayoutOnTablet\u00a0\u00bb:null,\u00a0\u00bbdisplayOnMobile\u00a0\u00bb:true,\u00a0\u00bblayoutOnMobile\u00a0\u00bb:\u00a0\u00bbVertical\u00a0\u00bb,\u00a0\u00bbadType\u00a0\u00bb:\u00a0\u00bbPave-Haut2&Prime;,\u00a0\u00bbadWidth\u00a0\u00bb:300,\u00a0\u00bbadHeight\u00a0\u00bb:\u00a0\u00bb400&Prime;,\u00a0\u00bbpbInternal_cloneId\u00a0\u00bb:\u00a0\u00bbf0fPujFYZiNL10K\u00a0\u00bb,\u00a0\u00bbhasStickyAd\u00a0\u00bb:true,\u00a0\u00bbhasMarginTop\u00a0\u00bb:true,\u00a0\u00bbhasMarginBottom\u00a0\u00bb:true},\u00a0\u00bbdisplayProperties\u00a0\u00bb:{},\u00a0\u00bblocalEdits\u00a0\u00bb:{},\u00a0\u00bbvariants\u00a0\u00bb:{}}},{\u00ab\u00a0collection\u00a0\u00bb:\u00a0\u00bbfeatures\u00a0\u00bb,\u00a0\u00bbtype\u00a0\u00bb:\u00a0\u00bbcommon\/adPrisma\u00a0\u00bb,\u00a0\u00bbprops\u00a0\u00bb:{\u00ab\u00a0collection\u00a0\u00bb:\u00a0\u00bbfeatures\u00a0\u00bb,\u00a0\u00bbtype\u00a0\u00bb:\u00a0\u00bbcommon\/adPrisma\u00a0\u00bb,\u00a0\u00bbid\u00a0\u00bb:\u00a0\u00bbf0fFzaovdKYL1z1&Prime;,\u00a0\u00bbcontentConfig\u00a0\u00bb:{\u00ab\u00a0contentService\u00a0\u00bb:\u00a0\u00bb\u00a0\u00bb,\u00a0\u00bbcontentConfigValues\u00a0\u00bb:{},\u00a0\u00bbinherit\u00a0\u00bb:true},\u00a0\u00bbcustomFields\u00a0\u00bb:{\u00ab\u00a0displayOnDesktop\u00a0\u00bb:false,\u00a0\u00bblayoutOnDesktop\u00a0\u00bb:null,\u00a0\u00bbdisplayOnTablet\u00a0\u00bb:false,\u00a0\u00bblayoutOnTablet\u00a0\u00bb:null,\u00a0\u00bbdisplayOnMobile\u00a0\u00bb:true,\u00a0\u00bblayoutOnMobile\u00a0\u00bb:\u00a0\u00bbVertical\u00a0\u00bb,\u00a0\u00bbadType\u00a0\u00bb:\u00a0\u00bbPave-Haut2&Prime;,\u00a0\u00bbadWidth\u00a0\u00bb:300,\u00a0\u00bbadHeight\u00a0\u00bb:\u00a0\u00bb400&Prime;,\u00a0\u00bbpbInternal_cloneId\u00a0\u00bb:\u00a0\u00bbf0fFzaovdKYL1z1&Prime;,\u00a0\u00bbhasStickyAd\u00a0\u00bb:true,\u00a0\u00bbhasMarginTop\u00a0\u00bb:true,\u00a0\u00bbhasMarginBottom\u00a0\u00bb:true},\u00a0\u00bbdisplayProperties\u00a0\u00bb:{},\u00a0\u00bblocalEdits\u00a0\u00bb:{},\u00a0\u00bbvariants\u00a0\u00bb:{}}},{\u00ab\u00a0collection\u00a0\u00bb:\u00a0\u00bbfeatures\u00a0\u00bb,\u00a0\u00bbtype\u00a0\u00bb:\u00a0\u00bbcommon\/adPrisma\u00a0\u00bb,\u00a0\u00bbprops\u00a0\u00bb:{\u00ab\u00a0collection\u00a0\u00bb:\u00a0\u00bbfeatures\u00a0\u00bb,\u00a0\u00bbtype\u00a0\u00bb:\u00a0\u00bbcommon\/adPrisma\u00a0\u00bb,\u00a0\u00bbid\u00a0\u00bb:\u00a0\u00bbf0f00fWk9HjD3Gy\u00a0\u00bb,\u00a0\u00bbcontentConfig\u00a0\u00bb:{\u00ab\u00a0contentService\u00a0\u00bb:\u00a0\u00bb\u00a0\u00bb,\u00a0\u00bbcontentConfigValues\u00a0\u00bb:{},\u00a0\u00bbinherit\u00a0\u00bb:true},\u00a0\u00bbcustomFields\u00a0\u00bb:{\u00ab\u00a0displayOnDesktop\u00a0\u00bb:false,\u00a0\u00bblayoutOnDesktop\u00a0\u00bb:null,\u00a0\u00bbdisplayOnTablet\u00a0\u00bb:false,\u00a0\u00bblayoutOnTablet\u00a0\u00bb:null,\u00a0\u00bbdisplayOnMobile\u00a0\u00bb:true,\u00a0\u00bblayoutOnMobile\u00a0\u00bb:\u00a0\u00bbVertical\u00a0\u00bb,\u00a0\u00bbadType\u00a0\u00bb:\u00a0\u00bbPave-Haut2&Prime;,\u00a0\u00bbadWidth\u00a0\u00bb:300,\u00a0\u00bbadHeight\u00a0\u00bb:\u00a0\u00bb400&Prime;,\u00a0\u00bbpbInternal_cloneId\u00a0\u00bb:\u00a0\u00bbf0f00fWk9HjD3Gy\u00a0\u00bb,\u00a0\u00bbhasStickyAd\u00a0\u00bb:true,\u00a0\u00bbhasMarginTop\u00a0\u00bb:true,\u00a0\u00bbhasMarginBottom\u00a0\u00bb:true},\u00a0\u00bbdisplayProperties\u00a0\u00bb:{},\u00a0\u00bblocalEdits\u00a0\u00bb:{},\u00a0\u00bbvariants\u00a0\u00bb:{}}},{\u00ab\u00a0collection\u00a0\u00bb:\u00a0\u00bbfeatures\u00a0\u00bb,\u00a0\u00bbtype\u00a0\u00bb:\u00a0\u00bbcommon\/adPrisma\u00a0\u00bb,\u00a0\u00bbprops\u00a0\u00bb:{\u00ab\u00a0collection\u00a0\u00bb:\u00a0\u00bbfeatures\u00a0\u00bb,\u00a0\u00bbtype\u00a0\u00bb:\u00a0\u00bbcommon\/adPrisma\u00a0\u00bb,\u00a0\u00bbid\u00a0\u00bb:\u00a0\u00bbf0fY1yQA6sSs3HK\u00a0\u00bb,\u00a0\u00bbcontentConfig\u00a0\u00bb:{\u00ab\u00a0contentService\u00a0\u00bb:\u00a0\u00bb\u00a0\u00bb,\u00a0\u00bbcontentConfigValues\u00a0\u00bb:{},\u00a0\u00bbinherit\u00a0\u00bb:true},\u00a0\u00bbcustomFields\u00a0\u00bb:{\u00ab\u00a0displayOnDesktop\u00a0\u00bb:false,\u00a0\u00bblayoutOnDesktop\u00a0\u00bb:null,\u00a0\u00bbdisplayOnTablet\u00a0\u00bb:false,\u00a0\u00bblayoutOnTablet\u00a0\u00bb:null,\u00a0\u00bbdisplayOnMobile\u00a0\u00bb:true,\u00a0\u00bblayoutOnMobile\u00a0\u00bb:\u00a0\u00bbVertical\u00a0\u00bb,\u00a0\u00bbadType\u00a0\u00bb:\u00a0\u00bbPave-Haut2&Prime;,\u00a0\u00bbadWidth\u00a0\u00bb:300,\u00a0\u00bbadHeight\u00a0\u00bb:\u00a0\u00bb400&Prime;,\u00a0\u00bbpbInternal_cloneId\u00a0\u00bb:\u00a0\u00bbf0fY1yQA6sSs3HK\u00a0\u00bb,\u00a0\u00bbhasStickyAd\u00a0\u00bb:true,\u00a0\u00bbhasMarginTop\u00a0\u00bb:true,\u00a0\u00bbhasMarginBottom\u00a0\u00bb:true},\u00a0\u00bbdisplayProperties\u00a0\u00bb:{},\u00a0\u00bblocalEdits\u00a0\u00bb:{},\u00a0\u00bbvariants\u00a0\u00bb:{}}},{\u00ab\u00a0collection\u00a0\u00bb:\u00a0\u00bbfeatures\u00a0\u00bb,\u00a0\u00bbtype\u00a0\u00bb:\u00a0\u00bb@wpmedia\/htmlbox-block\/htmlbox\u00a0\u00bb,\u00a0\u00bbprops\u00a0\u00bb:{\u00ab\u00a0collection\u00a0\u00bb:\u00a0\u00bbfeatures\u00a0\u00bb,\u00a0\u00bbtype\u00a0\u00bb:\u00a0\u00bb@wpmedia\/htmlbox-block\/htmlbox\u00a0\u00bb,\u00a0\u00bbid\u00a0\u00bb:\u00a0\u00bbf0fDDbYMYiut3FT\u00a0\u00bb,\u00a0\u00bbcontentConfig\u00a0\u00bb:{\u00ab\u00a0contentService\u00a0\u00bb:\u00a0\u00bb\u00a0\u00bb,\u00a0\u00bbcontentConfigValues\u00a0\u00bb:{},\u00a0\u00bbinherit\u00a0\u00bb:true},\u00a0\u00bbcustomFields\u00a0\u00bb:{\u00ab\u00a0HTML\u00a0\u00bb:\u00a0\u00bb\\n\\n\\n\\n.mailmunch-embedded-iframe{margin-bottom:0 !important;} \u00ab\u00a0},\u00a0\u00bbdisplayProperties\u00a0\u00bb:{},\u00a0\u00bblocalEdits\u00a0\u00bb:{},\u00a0\u00bbvariants\u00a0\u00bb:{}}},{\u00ab\u00a0collection\u00a0\u00bb:\u00a0\u00bbfeatures\u00a0\u00bb,\u00a0\u00bbtype\u00a0\u00bb:\u00a0\u00bb@wpmedia\/htmlbox-block\/htmlbox\u00a0\u00bb,\u00a0\u00bbprops\u00a0\u00bb:{\u00ab\u00a0collection\u00a0\u00bb:\u00a0\u00bbfeatures\u00a0\u00bb,\u00a0\u00bbtype\u00a0\u00bb:\u00a0\u00bb@wpmedia\/htmlbox-block\/htmlbox\u00a0\u00bb,\u00a0\u00bbid\u00a0\u00bb:\u00a0\u00bbf0fpINmuLQW76D1&Prime;,\u00a0\u00bbcontentConfig\u00a0\u00bb:{\u00ab\u00a0contentService\u00a0\u00bb:\u00a0\u00bb\u00a0\u00bb,\u00a0\u00bbcontentConfigValues\u00a0\u00bb:{},\u00a0\u00bbinherit\u00a0\u00bb:true},\u00a0\u00bbcustomFields\u00a0\u00bb:{\u00ab\u00a0pbInternal_cloneId\u00a0\u00bb:\u00a0\u00bbf0fpINmuLQW76D1&Prime;,\u00a0\u00bbHTML\u00a0\u00bb:\u00a0\u00bb\\n\\n\\n.mailmunch-embedded-iframe{margin-bottom:0 !important;} \u00ab\u00a0},\u00a0\u00bbdisplayProperties\u00a0\u00bb:{},\u00a0\u00bblocalEdits\u00a0\u00bb:{},\u00a0\u00bbvariants\u00a0\u00bb:{}}},{\u00ab\u00a0collection\u00a0\u00bb:\u00a0\u00bbfeatures\u00a0\u00bb,\u00a0\u00bbtype\u00a0\u00bb:\u00a0\u00bbcommon\/adPrisma\u00a0\u00bb,\u00a0\u00bbprops\u00a0\u00bb:{\u00ab\u00a0collection\u00a0\u00bb:\u00a0\u00bbfeatures\u00a0\u00bb,\u00a0\u00bbtype\u00a0\u00bb:\u00a0\u00bbcommon\/adPrisma\u00a0\u00bb,\u00a0\u00bbid\u00a0\u00bb:\u00a0\u00bbf0feeszWIa532UK\u00a0\u00bb,\u00a0\u00bbcontentConfig\u00a0\u00bb:{\u00ab\u00a0contentService\u00a0\u00bb:\u00a0\u00bb\u00a0\u00bb,\u00a0\u00bbcontentConfigValues\u00a0\u00bb:{},\u00a0\u00bbinherit\u00a0\u00bb:true},\u00a0\u00bbcustomFields\u00a0\u00bb:{\u00ab\u00a0displayOnDesktop\u00a0\u00bb:true,\u00a0\u00bblayoutOnDesktop\u00a0\u00bb:\u00a0\u00bbHorizontal\u00a0\u00bb,\u00a0\u00bbdisplayOnTablet\u00a0\u00bb:false,\u00a0\u00bblayoutOnTablet\u00a0\u00bb:null,\u00a0\u00bbdisplayOnMobile\u00a0\u00bb:false,\u00a0\u00bblayoutOnMobile\u00a0\u00bb:null,\u00a0\u00bbadType\u00a0\u00bb:\u00a0\u00bbPave-Haut2-Desktop\u00a0\u00bb,\u00a0\u00bbadWidth\u00a0\u00bb:\u00a0\u00bb600&Prime;,\u00a0\u00bbadHeight\u00a0\u00bb:\u00a0\u00bb400&Prime;,\u00a0\u00bbpbInternal_cloneId\u00a0\u00bb:\u00a0\u00bbf0feeszWIa532UK\u00a0\u00bb,\u00a0\u00bbhasStickyAd\u00a0\u00bb:true,\u00a0\u00bbhasMarginTop\u00a0\u00bb:false,\u00a0\u00bbhasMarginBottom\u00a0\u00bb:false},\u00a0\u00bbdisplayProperties\u00a0\u00bb:{},\u00a0\u00bblocalEdits\u00a0\u00bb:{},\u00a0\u00bbvariants\u00a0\u00bb:{}}},{\u00ab\u00a0collection\u00a0\u00bb:\u00a0\u00bbfeatures\u00a0\u00bb,\u00a0\u00bbtype\u00a0\u00bb:\u00a0\u00bbcommon\/adPrisma\u00a0\u00bb,\u00a0\u00bbprops\u00a0\u00bb:{\u00ab\u00a0collection\u00a0\u00bb:\u00a0\u00bbfeatures\u00a0\u00bb,\u00a0\u00bbtype\u00a0\u00bb:\u00a0\u00bbcommon\/adPrisma\u00a0\u00bb,\u00a0\u00bbid\u00a0\u00bb:\u00a0\u00bbf0flJXlEvZDj59R\u00a0\u00bb,\u00a0\u00bbcontentConfig\u00a0\u00bb:{\u00ab\u00a0contentService\u00a0\u00bb:\u00a0\u00bb\u00a0\u00bb,\u00a0\u00bbcontentConfigValues\u00a0\u00bb:{},\u00a0\u00bbinherit\u00a0\u00bb:true},\u00a0\u00bbcustomFields\u00a0\u00bb:{\u00ab\u00a0displayOnDesktop\u00a0\u00bb:true,\u00a0\u00bblayoutOnDesktop\u00a0\u00bb:\u00a0\u00bbHorizontal\u00a0\u00bb,\u00a0\u00bbdisplayOnTablet\u00a0\u00bb:false,\u00a0\u00bblayoutOnTablet\u00a0\u00bb:null,\u00a0\u00bbdisplayOnMobile\u00a0\u00bb:false,\u00a0\u00bblayoutOnMobile\u00a0\u00bb:null,\u00a0\u00bbadType\u00a0\u00bb:\u00a0\u00bbPave-Haut2-Desktop\u00a0\u00bb,\u00a0\u00bbadWidth\u00a0\u00bb:\u00a0\u00bb600&Prime;,\u00a0\u00bbadHeight\u00a0\u00bb:\u00a0\u00bb400&Prime;,\u00a0\u00bbpbInternal_cloneId\u00a0\u00bb:\u00a0\u00bbf0flJXlEvZDj59R\u00a0\u00bb,\u00a0\u00bbhasStickyAd\u00a0\u00bb:true,\u00a0\u00bbhasMarginTop\u00a0\u00bb:false,\u00a0\u00bbhasMarginBottom\u00a0\u00bb:false},\u00a0\u00bbdisplayProperties\u00a0\u00bb:{},\u00a0\u00bblocalEdits\u00a0\u00bb:{},\u00a0\u00bbvariants\u00a0\u00bb:{}}},{\u00ab\u00a0collection\u00a0\u00bb:\u00a0\u00bbfeatures\u00a0\u00bb,\u00a0\u00bbtype\u00a0\u00bb:\u00a0\u00bbcommon\/adPrisma\u00a0\u00bb,\u00a0\u00bbprops\u00a0\u00bb:{\u00ab\u00a0collection\u00a0\u00bb:\u00a0\u00bbfeatures\u00a0\u00bb,\u00a0\u00bbtype\u00a0\u00bb:\u00a0\u00bbcommon\/adPrisma\u00a0\u00bb,\u00a0\u00bbid\u00a0\u00bb:\u00a0\u00bbf0fUqEPIRzQ4aAO\u00a0\u00bb,\u00a0\u00bbcontentConfig\u00a0\u00bb:{\u00ab\u00a0contentService\u00a0\u00bb:\u00a0\u00bb\u00a0\u00bb,\u00a0\u00bbcontentConfigValues\u00a0\u00bb:{},\u00a0\u00bbinherit\u00a0\u00bb:true},\u00a0\u00bbcustomFields\u00a0\u00bb:{\u00ab\u00a0displayOnDesktop\u00a0\u00bb:true,\u00a0\u00bblayoutOnDesktop\u00a0\u00bb:\u00a0\u00bbHorizontal\u00a0\u00bb,\u00a0\u00bbdisplayOnTablet\u00a0\u00bb:false,\u00a0\u00bblayoutOnTablet\u00a0\u00bb:null,\u00a0\u00bbdisplayOnMobile\u00a0\u00bb:false,\u00a0\u00bblayoutOnMobile\u00a0\u00bb:null,\u00a0\u00bbadType\u00a0\u00bb:\u00a0\u00bbPave-Haut2-Desktop\u00a0\u00bb,\u00a0\u00bbadWidth\u00a0\u00bb:\u00a0\u00bb600&Prime;,\u00a0\u00bbadHeight\u00a0\u00bb:\u00a0\u00bb400&Prime;,\u00a0\u00bbpbInternal_cloneId\u00a0\u00bb:\u00a0\u00bbf0fUqEPIRzQ4aAO\u00a0\u00bb,\u00a0\u00bbhasStickyAd\u00a0\u00bb:true,\u00a0\u00bbhasMarginTop\u00a0\u00bb:false,\u00a0\u00bbhasMarginBottom\u00a0\u00bb:false},\u00a0\u00bbdisplayProperties\u00a0\u00bb:{},\u00a0\u00bblocalEdits\u00a0\u00bb:{},\u00a0\u00bbvariants\u00a0\u00bb:{}}}]},{\u00ab\u00a0collection\u00a0\u00bb:\u00a0\u00bbfeatures\u00a0\u00bb,\u00a0\u00bbtype\u00a0\u00bb:\u00a0\u00bbarticle\/paywall\u00a0\u00bb,\u00a0\u00bbprops\u00a0\u00bb:{\u00ab\u00a0collection\u00a0\u00bb:\u00a0\u00bbfeatures\u00a0\u00bb,\u00a0\u00bbtype\u00a0\u00bb:\u00a0\u00bbarticle\/paywall\u00a0\u00bb,\u00a0\u00bbid\u00a0\u00bb:\u00a0\u00bbf0f8vGVlAd832fw\u00a0\u00bb,\u00a0\u00bbcontentConfig\u00a0\u00bb:{\u00ab\u00a0contentService\u00a0\u00bb:\u00a0\u00bb\u00a0\u00bb,\u00a0\u00bbcontentConfigValues\u00a0\u00bb:{},\u00a0\u00bbinherit\u00a0\u00bb:true},\u00a0\u00bbcustomFields\u00a0\u00bb:{\u00ab\u00a0colorBorder\u00a0\u00bb:\u00a0\u00bbF8F8F8&Prime;,\u00a0\u00bbcolorBackground\u00a0\u00bb:\u00a0\u00bbF8F8F8&Prime;,\u00a0\u00bbintroText\u00a0\u00bb:\u00a0\u00bbPour lire la suite, abonnez-vous\u00a0\u00bb,\u00a0\u00bbpricePrimary\u00a0\u00bb:\u00a0\u00bb15 jours pour 1\u20ac\u00a0\u00bb,\u00a0\u00bbpriceSecondary\u00a0\u00bb:\u00a0\u00bbSans engagement\u00a0\u00bb,\u00a0\u00bbbuttonText\u00a0\u00bb:\u00a0\u00bbS\u2019abonner pour lire l\u2019article\u00a0\u00bb,\u00a0\u00bbpoint1&Prime;:\u00a0\u00bb Tous les contenus \u00ab abonn\u00e9s \u00bb en illimit\u00e9\u00a0\u00bb,\u00a0\u00bbpoint2&Prime;:\u00a0\u00bb Le journal num\u00e9rique en avant-premi\u00e8re\u00a0\u00bb,\u00a0\u00bbpoint3&Prime;:\u00a0\u00bb Newsletters exclusives, club abonn\u00e9s\u00a0\u00bb,\u00a0\u00bbbuttonLinkParams\u00a0\u00bb:{},\u00a0\u00bbshowClassicOffer\u00a0\u00bb:true,\u00a0\u00bbshowAdvantageOffer\u00a0\u00bb:false,\u00a0\u00bbbuttonLink\u00a0\u00bb:\u00a0\u00bbhttps:\/\/abo.liberation.fr\/numerique\/inscription\/offre-decouverte-numerique-15jours-1euro?origin=PAYWALL&#038;xtatc=INT-28-[15jours_1euro]\u00a0\u00bb,\u00a0\u00bbshowSwgOffer\u00a0\u00bb:false,\u00a0\u00bbtitleSwg\u00a0\u00bb:\u00a0\u00bb1 an pour 36\u20ac (au lieu de 119\u20ac)\u00a0\u00bb,\u00a0\u00bblegendeSwg\u00a0\u00bb:\u00a0\u00bbEn choisissant ce parcours d\u2019abonnement promotionnel, vous acceptez le d\u00e9p\u00f4t d\u2019un cookie d\u2019analyse par Google\u00a0\u00bb,\u00a0\u00bblinkSwg\u00a0\u00bb:\u00a0\u00bbhttps:\/\/abo.liberation.fr\/swg\/offre-swg-promo-annuelle-1an-36euros\/?origin=PAYWALL&#038;xtatc=INT-28-[swg-1an36]\u00a0\u00bb,\u00a0\u00bbtitleSecondOffer\u00a0\u00bb:\u00a0\u00bb1 an pour 59,50\u20ac (au lieu de 119\u20ac)\u00a0\u00bb,\u00a0\u00bblabelButtonSecondOfferButton\u00a0\u00bb:\u00a0\u00bbJe profite de l&rsquo;offre annuelle\u00a0\u00bb,\u00a0\u00bblinkSecondOffer\u00a0\u00bb:\u00a0\u00bbhttps:\/\/abo.liberation.fr\/numerique\/inscription\/formule-numerique-annuelle-promo\/?origin=PAYWALL&#038;xtatc=INT-28-[offre-annuelle]\u00a0\u00bb,\u00a0\u00bbshowSecondOffer\u00a0\u00bb:true},\u00a0\u00bbdisplayProperties\u00a0\u00bb:{},\u00a0\u00bblocalEdits\u00a0\u00bb:{},\u00a0\u00bbvariants\u00a0\u00bb:{}}},{\u00ab\u00a0collection\u00a0\u00bb:\u00a0\u00bbfeatures\u00a0\u00bb,\u00a0\u00bbtype\u00a0\u00bb:\u00a0\u00bbarticle\/tag\u00a0\u00bb,\u00a0\u00bbprops\u00a0\u00bb:{\u00ab\u00a0collection\u00a0\u00bb:\u00a0\u00bbfeatures\u00a0\u00bb,\u00a0\u00bbtype\u00a0\u00bb:\u00a0\u00bbarticle\/tag\u00a0\u00bb,\u00a0\u00bbid\u00a0\u00bb:\u00a0\u00bbf0fKgNUtanUBgp\u00a0\u00bb,\u00a0\u00bbcontentConfig\u00a0\u00bb:{\u00ab\u00a0contentService\u00a0\u00bb:\u00a0\u00bb\u00a0\u00bb,\u00a0\u00bbcontentConfigValues\u00a0\u00bb:{},\u00a0\u00bbinherit\u00a0\u00bb:true},\u00a0\u00bbcustomFields\u00a0\u00bb:{\u00ab\u00a0title\u00a0\u00bb:\u00a0\u00bbPour aller plus loin :\u00a0\u00bb},\u00a0\u00bbdisplayProperties\u00a0\u00bb:{},\u00a0\u00bblocalEdits\u00a0\u00bb:{},\u00a0\u00bbvariants\u00a0\u00bb:{}}},{\u00ab\u00a0collection\u00a0\u00bb:\u00a0\u00bbfeatures\u00a0\u00bb,\u00a0\u00bbtype\u00a0\u00bb:\u00a0\u00bbarticle\/outbrain\u00a0\u00bb,\u00a0\u00bbprops\u00a0\u00bb:{\u00ab\u00a0collection\u00a0\u00bb:\u00a0\u00bbfeatures\u00a0\u00bb,\u00a0\u00bbtype\u00a0\u00bb:\u00a0\u00bbarticle\/outbrain\u00a0\u00bb,\u00a0\u00bbid\u00a0\u00bb:\u00a0\u00bbf0fFgEF7moy02yS\u00a0\u00bb,\u00a0\u00bbcontentConfig\u00a0\u00bb:{\u00ab\u00a0contentService\u00a0\u00bb:\u00a0\u00bb\u00a0\u00bb,\u00a0\u00bbcontentConfigValues\u00a0\u00bb:{},\u00a0\u00bbinherit\u00a0\u00bb:true},\u00a0\u00bbcustomFields\u00a0\u00bb:{\u00ab\u00a0widgetId\u00a0\u00bb:\u00a0\u00bbarticleBody\u00a0\u00bb},\u00a0\u00bbdisplayProperties\u00a0\u00bb:{},\u00a0\u00bblocalEdits\u00a0\u00bb:{},\u00a0\u00bbvariants\u00a0\u00bb:{}}},{\u00ab\u00a0collection\u00a0\u00bb:\u00a0\u00bbfeatures\u00a0\u00bb,\u00a0\u00bbtype\u00a0\u00bb:\u00a0\u00bbShareBar\/default\u00a0\u00bb,\u00a0\u00bbprops\u00a0\u00bb:{\u00ab\u00a0collection\u00a0\u00bb:\u00a0\u00bbfeatures\u00a0\u00bb,\u00a0\u00bbtype\u00a0\u00bb:\u00a0\u00bbShareBar\/default\u00a0\u00bb,\u00a0\u00bbid\u00a0\u00bb:\u00a0\u00bbf0f2zPAoJBJx22s\u00a0\u00bb,\u00a0\u00bbcontentConfig\u00a0\u00bb:{\u00ab\u00a0contentService\u00a0\u00bb:\u00a0\u00bb\u00a0\u00bb,\u00a0\u00bbcontentConfigValues\u00a0\u00bb:{},\u00a0\u00bbinherit\u00a0\u00bb:true},\u00a0\u00bbcustomFields\u00a0\u00bb:{\u00ab\u00a0facebookItem\u00a0\u00bb:true,\u00a0\u00bbtwitterItem\u00a0\u00bb:false,\u00a0\u00bbpinterestItem\u00a0\u00bb:true,\u00a0\u00bblinkedinItem\u00a0\u00bb:true,\u00a0\u00bbemailItem\u00a0\u00bb:true,\u00a0\u00bbgiftItem\u00a0\u00bb:true,\u00a0\u00bblinkItem\u00a0\u00bb:true},\u00a0\u00bbdisplayProperties\u00a0\u00bb:{},\u00a0\u00bblocalEdits\u00a0\u00bb:{},\u00a0\u00bbvariants\u00a0\u00bb:{}}},{\u00ab\u00a0collection\u00a0\u00bb:\u00a0\u00bbfeatures\u00a0\u00bb,\u00a0\u00bbtype\u00a0\u00bb:\u00a0\u00bbcommon\/CustomCardTitle\u00a0\u00bb,\u00a0\u00bbprops\u00a0\u00bb:{\u00ab\u00a0collection\u00a0\u00bb:\u00a0\u00bbfeatures\u00a0\u00bb,\u00a0\u00bbtype\u00a0\u00bb:\u00a0\u00bbcommon\/CustomCardTitle\u00a0\u00bb,\u00a0\u00bbid\u00a0\u00bb:\u00a0\u00bbf0foqM8guYos2Uw\u00a0\u00bb,\u00a0\u00bbcontentConfig\u00a0\u00bb:{\u00ab\u00a0contentService\u00a0\u00bb:\u00a0\u00bb\u00a0\u00bb,\u00a0\u00bbcontentConfigValues\u00a0\u00bb:{},\u00a0\u00bbinherit\u00a0\u00bb:true},\u00a0\u00bbcustomFields\u00a0\u00bb:{\u00ab\u00a0title\u00a0\u00bb:\u00a0\u00bbDans la m\u00eame rubrique\u00a0\u00bb,\u00a0\u00bblink\u00a0\u00bb:\u00a0\u00bb\u00a0\u00bb},\u00a0\u00bbdisplayProperties\u00a0\u00bb:{},\u00a0\u00bblocalEdits\u00a0\u00bb:{},\u00a0\u00bbvariants\u00a0\u00bb:{}}},{\u00ab\u00a0collection\u00a0\u00bb:\u00a0\u00bbchains\u00a0\u00bb,\u00a0\u00bbtype\u00a0\u00bb:\u00a0\u00bbflex-chain\u00a0\u00bb,\u00a0\u00bbprops\u00a0\u00bb:{\u00ab\u00a0collection\u00a0\u00bb:\u00a0\u00bbchains\u00a0\u00bb,\u00a0\u00bbtype\u00a0\u00bb:\u00a0\u00bbflex-chain\u00a0\u00bb,\u00a0\u00bbid\u00a0\u00bb:\u00a0\u00bbc0f2rXNWJ30g7O\u00a0\u00bb,\u00a0\u00bbcustomFields\u00a0\u00bb:{\u00ab\u00a0layout\u00a0\u00bb:\u00a0\u00bb6-6&Prime;,\u00a0\u00bbcolumn1&Prime;:2,\u00a0\u00bbcolumn2&Prime;:2,\u00a0\u00bbcolumn3&Prime;:1,\u00a0\u00bbcolumn4&Prime;:1,\u00a0\u00bbmobileOrderColumn1&Prime;:1,\u00a0\u00bbmobileOrderColumn2&Prime;:2,\u00a0\u00bbmobileOrderColumn3&Prime;:3,\u00a0\u00bbmobileOrderColumn4&Prime;:4},\u00a0\u00bbdisplayProperties\u00a0\u00bb:{}},\u00a0\u00bbchildren\u00a0\u00bb:[{\u00ab\u00a0collection\u00a0\u00bb:\u00a0\u00bbfeatures\u00a0\u00bb,\u00a0\u00bbtype\u00a0\u00bb:\u00a0\u00bbcommon\/customCardList\u00a0\u00bb,\u00a0\u00bbprops\u00a0\u00bb:{\u00ab\u00a0collection\u00a0\u00bb:\u00a0\u00bbfeatures\u00a0\u00bb,\u00a0\u00bbtype\u00a0\u00bb:\u00a0\u00bbcommon\/customCardList\u00a0\u00bb,\u00a0\u00bbid\u00a0\u00bb:\u00a0\u00bbf0fvaRXfKAFdSc\u00a0\u00bb,\u00a0\u00bbcontentConfig\u00a0\u00bb:{\u00ab\u00a0contentService\u00a0\u00bb:\u00a0\u00bb\u00a0\u00bb,\u00a0\u00bbcontentConfigValues\u00a0\u00bb:{},\u00a0\u00bbinherit\u00a0\u00bb:true},\u00a0\u00bbcustomFields\u00a0\u00bb:{\u00ab\u00a0listContentConfig\u00a0\u00bb:{\u00ab\u00a0contentService\u00a0\u00bb:\u00a0\u00bbsite-story-feed-sections\u00a0\u00bb,\u00a0\u00bbcontentConfigValues\u00a0\u00bb:{\u00ab\u00a0includeSections\u00a0\u00bb:\u00a0\u00bb\/checknews\u00a0\u00bb,\u00a0\u00bbfeedSize\u00a0\u00bb:1,\u00a0\u00bbfeedOffset\u00a0\u00bb:0}},\u00a0\u00bboverwriteSize\u00a0\u00bb:null,\u00a0\u00bbshowPrimary\u00a0\u00bb:true,\u00a0\u00bbshowOverlinePrimary\u00a0\u00bb:true,\u00a0\u00bbshowHeadlinePrimary\u00a0\u00bb:true,\u00a0\u00bbshowImagePrimary\u00a0\u00bb:false,\u00a0\u00bbshowDescriptionPrimary\u00a0\u00bb:false,\u00a0\u00bbshowBylinePrimary\u00a0\u00bb:false,\u00a0\u00bbshowDatePrimary\u00a0\u00bb:true,\u00a0\u00bbimageRatioPrimary\u00a0\u00bb:\u00a0\u00bb3:2&Prime;,\u00a0\u00bbimagePositionPrimary\u00a0\u00bb:\u00a0\u00bbtop\u00a0\u00bb,\u00a0\u00bbshowSectionList\u00a0\u00bb:true,\u00a0\u00bbshowHeadlineList\u00a0\u00bb:true,\u00a0\u00bbshowImageList\u00a0\u00bb:false,\u00a0\u00bbshowDescriptionList\u00a0\u00bb:false,\u00a0\u00bbshowDateList\u00a0\u00bb:true,\u00a0\u00bbimageRatioList\u00a0\u00bb:\u00a0\u00bb1:1&Prime;,\u00a0\u00bbimagePositionList\u00a0\u00bb:\u00a0\u00bbtop\u00a0\u00bb,\u00a0\u00bbtitle\u00a0\u00bb:\u00a0\u00bb\u00a0\u00bb,\u00a0\u00bbtitleFontSize\u00a0\u00bb:\u00a0\u00bbS\u00a0\u00bb},\u00a0\u00bbdisplayProperties\u00a0\u00bb:{},\u00a0\u00bblocalEdits\u00a0\u00bb:{},\u00a0\u00bbvariants\u00a0\u00bb:{}}},{\u00ab\u00a0collection\u00a0\u00bb:\u00a0\u00bbfeatures\u00a0\u00bb,\u00a0\u00bbtype\u00a0\u00bb:\u00a0\u00bbcommon\/customCardList\u00a0\u00bb,\u00a0\u00bbprops\u00a0\u00bb:{\u00ab\u00a0collection\u00a0\u00bb:\u00a0\u00bbfeatures\u00a0\u00bb,\u00a0\u00bbtype\u00a0\u00bb:\u00a0\u00bbcommon\/customCardList\u00a0\u00bb,\u00a0\u00bbid\u00a0\u00bb:\u00a0\u00bbf0fHvQGffWcl4Qx\u00a0\u00bb,\u00a0\u00bbcontentConfig\u00a0\u00bb:{\u00ab\u00a0contentService\u00a0\u00bb:\u00a0\u00bb\u00a0\u00bb,\u00a0\u00bbcontentConfigValues\u00a0\u00bb:{},\u00a0\u00bbinherit\u00a0\u00bb:true},\u00a0\u00bbcustomFields\u00a0\u00bb:{\u00ab\u00a0listContentConfig\u00a0\u00bb:{\u00ab\u00a0contentService\u00a0\u00bb:\u00a0\u00bbsite-story-feed-sections\u00a0\u00bb,\u00a0\u00bbcontentConfigValues\u00a0\u00bb:{\u00ab\u00a0includeSections\u00a0\u00bb:\u00a0\u00bb\/checknews\u00a0\u00bb,\u00a0\u00bbfeedSize\u00a0\u00bb:1,\u00a0\u00bbfeedOffset\u00a0\u00bb:1}},\u00a0\u00bboverwriteSize\u00a0\u00bb:null,\u00a0\u00bbshowPrimary\u00a0\u00bb:true,\u00a0\u00bbshowOverlinePrimary\u00a0\u00bb:true,\u00a0\u00bbshowHeadlinePrimary\u00a0\u00bb:true,\u00a0\u00bbshowImagePrimary\u00a0\u00bb:false,\u00a0\u00bbshowDescriptionPrimary\u00a0\u00bb:false,\u00a0\u00bbshowBylinePrimary\u00a0\u00bb:false,\u00a0\u00bbshowDatePrimary\u00a0\u00bb:true,\u00a0\u00bbimageRatioPrimary\u00a0\u00bb:\u00a0\u00bb3:2&Prime;,\u00a0\u00bbimagePositionPrimary\u00a0\u00bb:\u00a0\u00bbtop\u00a0\u00bb,\u00a0\u00bbshowSectionList\u00a0\u00bb:true,\u00a0\u00bbshowHeadlineList\u00a0\u00bb:true,\u00a0\u00bbshowImageList\u00a0\u00bb:false,\u00a0\u00bbshowDescriptionList\u00a0\u00bb:false,\u00a0\u00bbshowDateList\u00a0\u00bb:true,\u00a0\u00bbimageRatioList\u00a0\u00bb:\u00a0\u00bb1:1&Prime;,\u00a0\u00bbimagePositionList\u00a0\u00bb:\u00a0\u00bbtop\u00a0\u00bb,\u00a0\u00bbtitle\u00a0\u00bb:\u00a0\u00bb\u00a0\u00bb,\u00a0\u00bbtitleFontSize\u00a0\u00bb:\u00a0\u00bbS\u00a0\u00bb,\u00a0\u00bbpbInternal_cloneId\u00a0\u00bb:\u00a0\u00bbf0fHvQGffWcl4Qx\u00a0\u00bb},\u00a0\u00bbdisplayProperties\u00a0\u00bb:{},\u00a0\u00bblocalEdits\u00a0\u00bb:{},\u00a0\u00bbvariants\u00a0\u00bb:{}}},{\u00ab\u00a0collection\u00a0\u00bb:\u00a0\u00bbfeatures\u00a0\u00bb,\u00a0\u00bbtype\u00a0\u00bb:\u00a0\u00bbcommon\/customCardList\u00a0\u00bb,\u00a0\u00bbprops\u00a0\u00bb:{\u00ab\u00a0collection\u00a0\u00bb:\u00a0\u00bbfeatures\u00a0\u00bb,\u00a0\u00bbtype\u00a0\u00bb:\u00a0\u00bbcommon\/customCardList\u00a0\u00bb,\u00a0\u00bbid\u00a0\u00bb:\u00a0\u00bbf0fpr8FonMWLnY\u00a0\u00bb,\u00a0\u00bbcontentConfig\u00a0\u00bb:{\u00ab\u00a0contentService\u00a0\u00bb:\u00a0\u00bb\u00a0\u00bb,\u00a0\u00bbcontentConfigValues\u00a0\u00bb:{},\u00a0\u00bbinherit\u00a0\u00bb:true},\u00a0\u00bbcustomFields\u00a0\u00bb:{\u00ab\u00a0listContentConfig\u00a0\u00bb:{\u00ab\u00a0contentService\u00a0\u00bb:\u00a0\u00bbsite-story-feed-sections\u00a0\u00bb,\u00a0\u00bbcontentConfigValues\u00a0\u00bb:{\u00ab\u00a0includeSections\u00a0\u00bb:\u00a0\u00bb\/checknews\u00a0\u00bb,\u00a0\u00bbfeedSize\u00a0\u00bb:1,\u00a0\u00bbfeedOffset\u00a0\u00bb:2}},\u00a0\u00bboverwriteSize\u00a0\u00bb:null,\u00a0\u00bbshowPrimary\u00a0\u00bb:true,\u00a0\u00bbshowOverlinePrimary\u00a0\u00bb:true,\u00a0\u00bbshowHeadlinePrimary\u00a0\u00bb:true,\u00a0\u00bbshowImagePrimary\u00a0\u00bb:false,\u00a0\u00bbshowDescriptionPrimary\u00a0\u00bb:false,\u00a0\u00bbshowBylinePrimary\u00a0\u00bb:false,\u00a0\u00bbshowDatePrimary\u00a0\u00bb:true,\u00a0\u00bbimageRatioPrimary\u00a0\u00bb:\u00a0\u00bb3:2&Prime;,\u00a0\u00bbimagePositionPrimary\u00a0\u00bb:\u00a0\u00bbtop\u00a0\u00bb,\u00a0\u00bbshowSectionList\u00a0\u00bb:true,\u00a0\u00bbshowHeadlineList\u00a0\u00bb:true,\u00a0\u00bbshowImageList\u00a0\u00bb:false,\u00a0\u00bbshowDescriptionList\u00a0\u00bb:false,\u00a0\u00bbshowDateList\u00a0\u00bb:true,\u00a0\u00bbimageRatioList\u00a0\u00bb:\u00a0\u00bb1:1&Prime;,\u00a0\u00bbimagePositionList\u00a0\u00bb:\u00a0\u00bbtop\u00a0\u00bb,\u00a0\u00bbtitle\u00a0\u00bb:\u00a0\u00bb\u00a0\u00bb,\u00a0\u00bbtitleFontSize\u00a0\u00bb:\u00a0\u00bbS\u00a0\u00bb,\u00a0\u00bbpbInternal_cloneId\u00a0\u00bb:\u00a0\u00bbf0fpr8FonMWLnY\u00a0\u00bb},\u00a0\u00bbdisplayProperties\u00a0\u00bb:{},\u00a0\u00bblocalEdits\u00a0\u00bb:{},\u00a0\u00bbvariants\u00a0\u00bb:{}}},{\u00ab\u00a0collection\u00a0\u00bb:\u00a0\u00bbfeatures\u00a0\u00bb,\u00a0\u00bbtype\u00a0\u00bb:\u00a0\u00bbcommon\/customCardList\u00a0\u00bb,\u00a0\u00bbprops\u00a0\u00bb:{\u00ab\u00a0collection\u00a0\u00bb:\u00a0\u00bbfeatures\u00a0\u00bb,\u00a0\u00bbtype\u00a0\u00bb:\u00a0\u00bbcommon\/customCardList\u00a0\u00bb,\u00a0\u00bbid\u00a0\u00bb:\u00a0\u00bbf0fPLmWaR5cs2DD\u00a0\u00bb,\u00a0\u00bbcontentConfig\u00a0\u00bb:{\u00ab\u00a0contentService\u00a0\u00bb:\u00a0\u00bb\u00a0\u00bb,\u00a0\u00bbcontentConfigValues\u00a0\u00bb:{},\u00a0\u00bbinherit\u00a0\u00bb:true},\u00a0\u00bbcustomFields\u00a0\u00bb:{\u00ab\u00a0listContentConfig\u00a0\u00bb:{\u00ab\u00a0contentService\u00a0\u00bb:\u00a0\u00bbsite-story-feed-sections\u00a0\u00bb,\u00a0\u00bbcontentConfigValues\u00a0\u00bb:{\u00ab\u00a0includeSections\u00a0\u00bb:\u00a0\u00bb\/checknews\u00a0\u00bb,\u00a0\u00bbfeedSize\u00a0\u00bb:1,\u00a0\u00bbfeedOffset\u00a0\u00bb:3}},\u00a0\u00bboverwriteSize\u00a0\u00bb:null,\u00a0\u00bbshowPrimary\u00a0\u00bb:true,\u00a0\u00bbshowOverlinePrimary\u00a0\u00bb:true,\u00a0\u00bbshowHeadlinePrimary\u00a0\u00bb:true,\u00a0\u00bbshowImagePrimary\u00a0\u00bb:false,\u00a0\u00bbshowDescriptionPrimary\u00a0\u00bb:false,\u00a0\u00bbshowBylinePrimary\u00a0\u00bb:false,\u00a0\u00bbshowDatePrimary\u00a0\u00bb:true,\u00a0\u00bbimageRatioPrimary\u00a0\u00bb:\u00a0\u00bb3:2&Prime;,\u00a0\u00bbimagePositionPrimary\u00a0\u00bb:\u00a0\u00bbtop\u00a0\u00bb,\u00a0\u00bbshowSectionList\u00a0\u00bb:true,\u00a0\u00bbshowHeadlineList\u00a0\u00bb:true,\u00a0\u00bbshowImageList\u00a0\u00bb:false,\u00a0\u00bbshowDescriptionList\u00a0\u00bb:false,\u00a0\u00bbshowDateList\u00a0\u00bb:true,\u00a0\u00bbimageRatioList\u00a0\u00bb:\u00a0\u00bb1:1&Prime;,\u00a0\u00bbimagePositionList\u00a0\u00bb:\u00a0\u00bbtop\u00a0\u00bb,\u00a0\u00bbtitle\u00a0\u00bb:\u00a0\u00bb\u00a0\u00bb,\u00a0\u00bbtitleFontSize\u00a0\u00bb:\u00a0\u00bbS\u00a0\u00bb,\u00a0\u00bbpbInternal_cloneId\u00a0\u00bb:\u00a0\u00bbf0fPLmWaR5cs2DD\u00a0\u00bb},\u00a0\u00bbdisplayProperties\u00a0\u00bb:{},\u00a0\u00bblocalEdits\u00a0\u00bb:{},\u00a0\u00bbvariants\u00a0\u00bb:{}}}]}]},{\u00ab\u00a0collection\u00a0\u00bb:\u00a0\u00bbsections\u00a0\u00bb,\u00a0\u00bbprops\u00a0\u00bb:{\u00ab\u00a0collection\u00a0\u00bb:\u00a0\u00bbsections\u00a0\u00bb,\u00a0\u00bbid\u00a0\u00bb:3},\u00a0\u00bbchildren\u00a0\u00bb:[{\u00ab\u00a0collection\u00a0\u00bb:\u00a0\u00bbfeatures\u00a0\u00bb,\u00a0\u00bbtype\u00a0\u00bb:\u00a0\u00bbcommon\/CustomCardTitle\u00a0\u00bb,\u00a0\u00bbprops\u00a0\u00bb:{\u00ab\u00a0collection\u00a0\u00bb:\u00a0\u00bbfeatures\u00a0\u00bb,\u00a0\u00bbtype\u00a0\u00bb:\u00a0\u00bbcommon\/CustomCardTitle\u00a0\u00bb,\u00a0\u00bbid\u00a0\u00bb:\u00a0\u00bbf0fK6dKiYqoY28g\u00a0\u00bb,\u00a0\u00bbcontentConfig\u00a0\u00bb:{\u00ab\u00a0contentService\u00a0\u00bb:\u00a0\u00bb\u00a0\u00bb,\u00a0\u00bbcontentConfigValues\u00a0\u00bb:{},\u00a0\u00bbinherit\u00a0\u00bb:true},\u00a0\u00bbcustomFields\u00a0\u00bb:{\u00ab\u00a0title\u00a0\u00bb:\u00a0\u00bbNos newsletters\u00a0\u00bb,\u00a0\u00bblink\u00a0\u00bb:\u00a0\u00bbhttps:\/\/www.liberation.fr\/newsletters\/\u00a0\u00bb,\u00a0\u00bbpbInternal_cloneId\u00a0\u00bb:\u00a0\u00bbf0fK6dKiYqoY28g\u00a0\u00bb},\u00a0\u00bbdisplayProperties\u00a0\u00bb:{},\u00a0\u00bblocalEdits\u00a0\u00bb:{},\u00a0\u00bbvariants\u00a0\u00bb:{}}},{\u00ab\u00a0collection\u00a0\u00bb:\u00a0\u00bbfeatures\u00a0\u00bb,\u00a0\u00bbtype\u00a0\u00bb:\u00a0\u00bbSlideBarItem\/default\u00a0\u00bb,\u00a0\u00bbprops\u00a0\u00bb:{\u00ab\u00a0collection\u00a0\u00bb:\u00a0\u00bbfeatures\u00a0\u00bb,\u00a0\u00bbtype\u00a0\u00bb:\u00a0\u00bbSlideBarItem\/default\u00a0\u00bb,\u00a0\u00bbid\u00a0\u00bb:\u00a0\u00bbf0fDapvk7YMv3Lm\u00a0\u00bb,\u00a0\u00bbcontentConfig\u00a0\u00bb:{\u00ab\u00a0contentService\u00a0\u00bb:\u00a0\u00bb\u00a0\u00bb,\u00a0\u00bbcontentConfigValues\u00a0\u00bb:{},\u00a0\u00bbinherit\u00a0\u00bb:true},\u00a0\u00bbcustomFields\u00a0\u00bb:{\u00ab\u00a0surtitle\u00a0\u00bb:\u00a0\u00bbAlerte Lib\u00e9\u00a0\u00bb,\u00a0\u00bbtitle\u00a0\u00bb:\u00a0\u00bbLes alertes, infos et enqu\u00eates Lib\u00e9 \u00e0 ne pas manquer\u00a0\u00bb,\u00a0\u00bbimageSrc\u00a0\u00bb:\u00a0\u00bbhttps:\/\/www.liberation.fr\/resizer\/v2\/W6N6IKOH7BBO7DNAV6Z55CC47Q.png?auth=3f8d5faa5deb6f875c08fc1fdc2a3dd0ec4008b507a3283a83222fad5eec39df\u00a0\u00bb,\u00a0\u00bbarticleLink\u00a0\u00bb:\u00a0\u00bbhttps:\/\/offre.liberation.fr\/les-alertes-libe\u00a0\u00bb},\u00a0\u00bbdisplayProperties\u00a0\u00bb:{},\u00a0\u00bblocalEdits\u00a0\u00bb:{},\u00a0\u00bbvariants\u00a0\u00bb:{}}},{\u00ab\u00a0collection\u00a0\u00bb:\u00a0\u00bbfeatures\u00a0\u00bb,\u00a0\u00bbtype\u00a0\u00bb:\u00a0\u00bbSlideBarItem\/default\u00a0\u00bb,\u00a0\u00bbprops\u00a0\u00bb:{\u00ab\u00a0collection\u00a0\u00bb:\u00a0\u00bbfeatures\u00a0\u00bb,\u00a0\u00bbtype\u00a0\u00bb:\u00a0\u00bbSlideBarItem\/default\u00a0\u00bb,\u00a0\u00bbid\u00a0\u00bb:\u00a0\u00bbf0fBjjoN94bd4Su\u00a0\u00bb,\u00a0\u00bbcontentConfig\u00a0\u00bb:{\u00ab\u00a0contentService\u00a0\u00bb:\u00a0\u00bb\u00a0\u00bb,\u00a0\u00bbcontentConfigValues\u00a0\u00bb:{},\u00a0\u00bbinherit\u00a0\u00bb:true},\u00a0\u00bbcustomFields\u00a0\u00bb:{\u00ab\u00a0surtitle\u00a0\u00bb:\u00a0\u00bbLib\u00e9 Matin\u00a0\u00bb,\u00a0\u00bbtitle\u00a0\u00bb:\u00a0\u00bbLe brief matinal id\u00e9al pour bien commencer la journ\u00e9e\u00a0\u00bb,\u00a0\u00bbimageSrc\u00a0\u00bb:\u00a0\u00bbhttps:\/\/www.liberation.fr\/resizer\/v2\/345MSOLPRJGOPKF5IHFHGEJWTU.png?auth=5a6082bc2e76ac381fe898873139d4eb7974707df7c5278d27ecf3200c9d21ca\u00a0\u00bb,\u00a0\u00bbarticleLink\u00a0\u00bb:\u00a0\u00bbhttps:\/\/offre.liberation.fr\/les-alertes-libe\u00a0\u00bb,\u00a0\u00bbpbInternal_cloneId\u00a0\u00bb:\u00a0\u00bbf0fBjjoN94bd4Su\u00a0\u00bb},\u00a0\u00bbdisplayProperties\u00a0\u00bb:{},\u00a0\u00bblocalEdits\u00a0\u00bb:{},\u00a0\u00bbvariants\u00a0\u00bb:{}}},{\u00ab\u00a0collection\u00a0\u00bb:\u00a0\u00bbfeatures\u00a0\u00bb,\u00a0\u00bbtype\u00a0\u00bb:\u00a0\u00bbSlideBarItem\/default\u00a0\u00bb,\u00a0\u00bbprops\u00a0\u00bb:{\u00ab\u00a0collection\u00a0\u00bb:\u00a0\u00bbfeatures\u00a0\u00bb,\u00a0\u00bbtype\u00a0\u00bb:\u00a0\u00bbSlideBarItem\/default\u00a0\u00bb,\u00a0\u00bbid\u00a0\u00bb:\u00a0\u00bbf0f5QHgR1HBt1qL\u00a0\u00bb,\u00a0\u00bbcontentConfig\u00a0\u00bb:{\u00ab\u00a0contentService\u00a0\u00bb:\u00a0\u00bb\u00a0\u00bb,\u00a0\u00bbcontentConfigValues\u00a0\u00bb:{},\u00a0\u00bbinherit\u00a0\u00bb:true},\u00a0\u00bbcustomFields\u00a0\u00bb:{\u00ab\u00a0surtitle\u00a0\u00bb:\u00a0\u00bbOpinions\u00a0\u00bb,\u00a0\u00bbtitle\u00a0\u00bb:\u00a0\u00bbLes billets, \u00e9ditos, tribunes ou chroniques qui font d\u00e9bat\u00a0\u00bb,\u00a0\u00bbimageSrc\u00a0\u00bb:\u00a0\u00bbhttps:\/\/www.liberation.fr\/resizer\/v2\/M7A3F5AS4NFYNAZ3MYKHJRM5RM.png?auth=fe40ba50bc314996abc0ae1adf4975c437133a0bb58adf9bd182bdafc84d1089&Prime;,\u00a0\u00bbarticleLink\u00a0\u00bb:\u00a0\u00bbhttps:\/\/offre.liberation.fr\/chroniqueurs-de-libe\u00a0\u00bb,\u00a0\u00bbpbInternal_cloneId\u00a0\u00bb:\u00a0\u00bbf0f5QHgR1HBt1qL\u00a0\u00bb},\u00a0\u00bbdisplayProperties\u00a0\u00bb:{},\u00a0\u00bblocalEdits\u00a0\u00bb:{},\u00a0\u00bbvariants\u00a0\u00bb:{}}},{\u00ab\u00a0collection\u00a0\u00bb:\u00a0\u00bbfeatures\u00a0\u00bb,\u00a0\u00bbtype\u00a0\u00bb:\u00a0\u00bbSlideBarItem\/default\u00a0\u00bb,\u00a0\u00bbprops\u00a0\u00bb:{\u00ab\u00a0collection\u00a0\u00bb:\u00a0\u00bbfeatures\u00a0\u00bb,\u00a0\u00bbtype\u00a0\u00bb:\u00a0\u00bbSlideBarItem\/default\u00a0\u00bb,\u00a0\u00bbid\u00a0\u00bb:\u00a0\u00bbf0fxinaqBo4M3GR\u00a0\u00bb,\u00a0\u00bbcontentConfig\u00a0\u00bb:{\u00ab\u00a0contentService\u00a0\u00bb:\u00a0\u00bb\u00a0\u00bb,\u00a0\u00bbcontentConfigValues\u00a0\u00bb:{},\u00a0\u00bbinherit\u00a0\u00bb:true},\u00a0\u00bbcustomFields\u00a0\u00bb:{\u00ab\u00a0surtitle\u00a0\u00bb:\u00a0\u00bbToutes nos newsletters\u00a0\u00bb,\u00a0\u00bbtitle\u00a0\u00bb:\u00a0\u00bbActualit\u00e9, politique, lifestyle&#8230; d\u00e9couvrez toutes nos newsletters\u00a0\u00bb,\u00a0\u00bbimageSrc\u00a0\u00bb:\u00a0\u00bbhttps:\/\/www.liberation.fr\/resizer\/v2\/JZ7JLWLRV5AUXEJWKXWIWJPIIM.png?auth=5b998f94c32627882a883dbba36d4ab1bd24871333a764d01e9b769678a5beea\u00a0\u00bb,\u00a0\u00bbarticleLink\u00a0\u00bb:\u00a0\u00bbhttps:\/\/www.liberation.fr\/newsletters\/\u00a0\u00bb,\u00a0\u00bbpbInternal_cloneId\u00a0\u00bb:\u00a0\u00bbf0fxinaqBo4M3GR\u00a0\u00bb},\u00a0\u00bbdisplayProperties\u00a0\u00bb:{},\u00a0\u00bblocalEdits\u00a0\u00bb:{},\u00a0\u00bbvariants\u00a0\u00bb:{}}},{\u00ab\u00a0collection\u00a0\u00bb:\u00a0\u00bbfeatures\u00a0\u00bb,\u00a0\u00bbtype\u00a0\u00bb:\u00a0\u00bb@wpmedia\/htmlbox-block\/htmlbox\u00a0\u00bb,\u00a0\u00bbprops\u00a0\u00bb:{\u00ab\u00a0collection\u00a0\u00bb:\u00a0\u00bbfeatures\u00a0\u00bb,\u00a0\u00bbtype\u00a0\u00bb:\u00a0\u00bb@wpmedia\/htmlbox-block\/htmlbox\u00a0\u00bb,\u00a0\u00bbid\u00a0\u00bb:\u00a0\u00bbf0fPDLS7SzFB6XU\u00a0\u00bb,\u00a0\u00bbcontentConfig\u00a0\u00bb:{\u00ab\u00a0contentService\u00a0\u00bb:\u00a0\u00bb\u00a0\u00bb,\u00a0\u00bbcontentConfigValues\u00a0\u00bb:{},\u00a0\u00bbinherit\u00a0\u00bb:true},\u00a0\u00bbcustomFields\u00a0\u00bb:{\u00ab\u00a0HTML\u00a0\u00bb:\u00a0\u00bb\u00a0\u00bb},\u00a0\u00bbdisplayProperties\u00a0\u00bb:{},\u00a0\u00bblocalEdits\u00a0\u00bb:{},\u00a0\u00bbvariants\u00a0\u00bb:{}}},{\u00ab\u00a0collection\u00a0\u00bb:\u00a0\u00bbfeatures\u00a0\u00bb,\u00a0\u00bbtype\u00a0\u00bb:\u00a0\u00bbBanner\/default\u00a0\u00bb,\u00a0\u00bbprops\u00a0\u00bb:{\u00ab\u00a0collection\u00a0\u00bb:\u00a0\u00bbfeatures\u00a0\u00bb,\u00a0\u00bbtype\u00a0\u00bb:\u00a0\u00bbBanner\/default\u00a0\u00bb,\u00a0\u00bbid\u00a0\u00bb:\u00a0\u00bbf0fiPfvxLiBy1jS\u00a0\u00bb,\u00a0\u00bbcontentConfig\u00a0\u00bb:{\u00ab\u00a0contentService\u00a0\u00bb:\u00a0\u00bb\u00a0\u00bb,\u00a0\u00bbcontentConfigValues\u00a0\u00bb:{},\u00a0\u00bbinherit\u00a0\u00bb:true},\u00a0\u00bbcustomFields\u00a0\u00bb:{\u00ab\u00a0desktopImageSrc\u00a0\u00bb:\u00a0\u00bbhttps:\/\/www.liberation.fr\/resizer\/v2\/2JZINRSWIZDDLMMPEZKJHWTURA.png?auth=d410f6c1d5f0de6a0ac56ecc106b033af52965453ea8995c9d4dd7cf5d0994ac\u00a0\u00bb,\u00a0\u00bbmobileImageSrc\u00a0\u00bb:\u00a0\u00bbhttps:\/\/www.liberation.fr\/resizer\/v2\/2JZINRSWIZDDLMMPEZKJHWTURA.png?auth=d410f6c1d5f0de6a0ac56ecc106b033af52965453ea8995c9d4dd7cf5d0994ac\u00a0\u00bb,\u00a0\u00bbaltImage\u00a0\u00bb:\u00a0\u00bbLes \u00e9v\u00e9nements Lib\u00e9\u00a0\u00bb,\u00a0\u00bburlImage\u00a0\u00bb:\u00a0\u00bbhttps:\/\/offre.liberation.fr\/evenements\/\u00a0\u00bb},\u00a0\u00bbdisplayProperties\u00a0\u00bb:{},\u00a0\u00bblocalEdits\u00a0\u00bb:{},\u00a0\u00bbvariants\u00a0\u00bb:{}}},{\u00ab\u00a0collection\u00a0\u00bb:\u00a0\u00bbfeatures\u00a0\u00bb,\u00a0\u00bbtype\u00a0\u00bb:\u00a0\u00bb@wpmedia\/htmlbox-block\/htmlbox\u00a0\u00bb,\u00a0\u00bbprops\u00a0\u00bb:{\u00ab\u00a0collection\u00a0\u00bb:\u00a0\u00bbfeatures\u00a0\u00bb,\u00a0\u00bbtype\u00a0\u00bb:\u00a0\u00bb@wpmedia\/htmlbox-block\/htmlbox\u00a0\u00bb,\u00a0\u00bbid\u00a0\u00bb:\u00a0\u00bbf0fNrHDXQ4sy18E\u00a0\u00bb,\u00a0\u00bbcontentConfig\u00a0\u00bb:{\u00ab\u00a0contentService\u00a0\u00bb:\u00a0\u00bb\u00a0\u00bb,\u00a0\u00bbcontentConfigValues\u00a0\u00bb:{},\u00a0\u00bbinherit\u00a0\u00bb:true},\u00a0\u00bbcustomFields\u00a0\u00bb:{\u00ab\u00a0HTML\u00a0\u00bb:\u00a0\u00bb\u00a0\u00bb,\u00a0\u00bbpbInternal_cloneId\u00a0\u00bb:\u00a0\u00bbf0fNrHDXQ4sy18E\u00a0\u00bb},\u00a0\u00bbdisplayProperties\u00a0\u00bb:{},\u00a0\u00bblocalEdits\u00a0\u00bb:{},\u00a0\u00bbvariants\u00a0\u00bb:{}}},{\u00ab\u00a0collection\u00a0\u00bb:\u00a0\u00bbfeatures\u00a0\u00bb,\u00a0\u00bbtype\u00a0\u00bb:\u00a0\u00bbcommon\/adPrisma\u00a0\u00bb,\u00a0\u00bbprops\u00a0\u00bb:{\u00ab\u00a0collection\u00a0\u00bb:\u00a0\u00bbfeatures\u00a0\u00bb,\u00a0\u00bbtype\u00a0\u00bb:\u00a0\u00bbcommon\/adPrisma\u00a0\u00bb,\u00a0\u00bbid\u00a0\u00bb:\u00a0\u00bbf0f5l9oC2rQzJL\u00a0\u00bb,\u00a0\u00bbcontentConfig\u00a0\u00bb:{\u00ab\u00a0contentService\u00a0\u00bb:\u00a0\u00bb\u00a0\u00bb,\u00a0\u00bbcontentConfigValues\u00a0\u00bb:{},\u00a0\u00bbinherit\u00a0\u00bb:true},\u00a0\u00bbcustomFields\u00a0\u00bb:{\u00ab\u00a0displayOnDesktop\u00a0\u00bb:true,\u00a0\u00bbdisplayOnTablet\u00a0\u00bb:false,\u00a0\u00bbdisplayOnMobile\u00a0\u00bb:false,\u00a0\u00bbadType\u00a0\u00bb:\u00a0\u00bbPave-Haut\u00a0\u00bb,\u00a0\u00bbadWidth\u00a0\u00bb:\u00a0\u00bb450&Prime;,\u00a0\u00bbadHeight\u00a0\u00bb:\u00a0\u00bb1200&Prime;,\u00a0\u00bblayoutOnDesktop\u00a0\u00bb:\u00a0\u00bbVertical\u00a0\u00bb,\u00a0\u00bbhasStickyPlaceholder\u00a0\u00bb:false,\u00a0\u00bbhasStickyAd\u00a0\u00bb:true,\u00a0\u00bbhasMarginTop\u00a0\u00bb:true,\u00a0\u00bbhasMarginBottom\u00a0\u00bb:true},\u00a0\u00bbdisplayProperties\u00a0\u00bb:{},\u00a0\u00bblocalEdits\u00a0\u00bb:{},\u00a0\u00bbvariants\u00a0\u00bb:{}}},{\u00ab\u00a0collection\u00a0\u00bb:\u00a0\u00bbfeatures\u00a0\u00bb,\u00a0\u00bbtype\u00a0\u00bb:\u00a0\u00bbcommon\/CustomCardTitle\u00a0\u00bb,\u00a0\u00bbprops\u00a0\u00bb:{\u00ab\u00a0collection\u00a0\u00bb:\u00a0\u00bbfeatures\u00a0\u00bb,\u00a0\u00bbtype\u00a0\u00bb:\u00a0\u00bbcommon\/CustomCardTitle\u00a0\u00bb,\u00a0\u00bbid\u00a0\u00bb:\u00a0\u00bbf0ftIbHRR6s62oy\u00a0\u00bb,\u00a0\u00bbcontentConfig\u00a0\u00bb:{\u00ab\u00a0contentService\u00a0\u00bb:\u00a0\u00bb\u00a0\u00bb,\u00a0\u00bbcontentConfigValues\u00a0\u00bb:{},\u00a0\u00bbinherit\u00a0\u00bb:true},\u00a0\u00bbcustomFields\u00a0\u00bb:{\u00ab\u00a0title\u00a0\u00bb:\u00a0\u00bbLes plus lus\u00a0\u00bb,\u00a0\u00bblink\u00a0\u00bb:\u00a0\u00bb\u00a0\u00bb},\u00a0\u00bbdisplayProperties\u00a0\u00bb:{},\u00a0\u00bblocalEdits\u00a0\u00bb:{},\u00a0\u00bbvariants\u00a0\u00bb:{}}},{\u00ab\u00a0collection\u00a0\u00bb:\u00a0\u00bbfeatures\u00a0\u00bb,\u00a0\u00bbtype\u00a0\u00bb:\u00a0\u00bbMostReadArticle\/default\u00a0\u00bb,\u00a0\u00bbprops\u00a0\u00bb:{\u00ab\u00a0collection\u00a0\u00bb:\u00a0\u00bbfeatures\u00a0\u00bb,\u00a0\u00bbtype\u00a0\u00bb:\u00a0\u00bbMostReadArticle\/default\u00a0\u00bb,\u00a0\u00bbid\u00a0\u00bb:\u00a0\u00bbf0fp5Hb0pxWL2bS\u00a0\u00bb,\u00a0\u00bbcontentConfig\u00a0\u00bb:{\u00ab\u00a0contentService\u00a0\u00bb:\u00a0\u00bb\u00a0\u00bb,\u00a0\u00bbcontentConfigValues\u00a0\u00bb:{},\u00a0\u00bbinherit\u00a0\u00bb:true},\u00a0\u00bbcustomFields\u00a0\u00bb:{\u00ab\u00a0maxDisplaySize\u00a0\u00bb:4,\u00a0\u00bbvariant\u00a0\u00bb:\u00a0\u00bbmain\u00a0\u00bb},\u00a0\u00bbdisplayProperties\u00a0\u00bb:{},\u00a0\u00bblocalEdits\u00a0\u00bb:{},\u00a0\u00bbvariants\u00a0\u00bb:{}}},{\u00ab\u00a0collection\u00a0\u00bb:\u00a0\u00bbfeatures\u00a0\u00bb,\u00a0\u00bbtype\u00a0\u00bb:\u00a0\u00bb@wpmedia\/htmlbox-block\/htmlbox\u00a0\u00bb,\u00a0\u00bbprops\u00a0\u00bb:{\u00ab\u00a0collection\u00a0\u00bb:\u00a0\u00bbfeatures\u00a0\u00bb,\u00a0\u00bbtype\u00a0\u00bb:\u00a0\u00bb@wpmedia\/htmlbox-block\/htmlbox\u00a0\u00bb,\u00a0\u00bbid\u00a0\u00bb:\u00a0\u00bbf0fraWVHYlAg6Ub\u00a0\u00bb,\u00a0\u00bbcontentConfig\u00a0\u00bb:{\u00ab\u00a0contentService\u00a0\u00bb:\u00a0\u00bb\u00a0\u00bb,\u00a0\u00bbcontentConfigValues\u00a0\u00bb:{},\u00a0\u00bbinherit\u00a0\u00bb:true},\u00a0\u00bbcustomFields\u00a0\u00bb:{\u00ab\u00a0HTML\u00a0\u00bb:\u00a0\u00bb\u00a0\u00bb,\u00a0\u00bbpbInternal_clipboardId\u00a0\u00bb:\u00a0\u00bbf0fraWVHYlAg6Ub\u00a0\u00bb},\u00a0\u00bbdisplayProperties\u00a0\u00bb:{},\u00a0\u00bblocalEdits\u00a0\u00bb:{},\u00a0\u00bbvariants\u00a0\u00bb:{}}},{\u00ab\u00a0collection\u00a0\u00bb:\u00a0\u00bbfeatures\u00a0\u00bb,\u00a0\u00bbtype\u00a0\u00bb:\u00a0\u00bbcommon\/checkNewsCTA\u00a0\u00bb,\u00a0\u00bbprops\u00a0\u00bb:{\u00ab\u00a0collection\u00a0\u00bb:\u00a0\u00bbfeatures\u00a0\u00bb,\u00a0\u00bbtype\u00a0\u00bb:\u00a0\u00bbcommon\/checkNewsCTA\u00a0\u00bb,\u00a0\u00bbid\u00a0\u00bb:\u00a0\u00bbf0fXbvxCzSyU4j\u00a0\u00bb,\u00a0\u00bbcontentConfig\u00a0\u00bb:{\u00ab\u00a0contentService\u00a0\u00bb:\u00a0\u00bb\u00a0\u00bb,\u00a0\u00bbcontentConfigValues\u00a0\u00bb:{},\u00a0\u00bbinherit\u00a0\u00bb:true},\u00a0\u00bbcustomFields\u00a0\u00bb:{},\u00a0\u00bbdisplayProperties\u00a0\u00bb:{},\u00a0\u00bblocalEdits\u00a0\u00bb:{},\u00a0\u00bbvariants\u00a0\u00bb:{}}},{\u00ab\u00a0collection\u00a0\u00bb:\u00a0\u00bbfeatures\u00a0\u00bb,\u00a0\u00bbtype\u00a0\u00bb:\u00a0\u00bb@wpmedia\/htmlbox-block\/htmlbox\u00a0\u00bb,\u00a0\u00bbprops\u00a0\u00bb:{\u00ab\u00a0collection\u00a0\u00bb:\u00a0\u00bbfeatures\u00a0\u00bb,\u00a0\u00bbtype\u00a0\u00bb:\u00a0\u00bb@wpmedia\/htmlbox-block\/htmlbox\u00a0\u00bb,\u00a0\u00bbid\u00a0\u00bb:\u00a0\u00bbf0fDGhnupDiX13B\u00a0\u00bb,\u00a0\u00bbcontentConfig\u00a0\u00bb:{\u00ab\u00a0contentService\u00a0\u00bb:\u00a0\u00bb\u00a0\u00bb,\u00a0\u00bbcontentConfigValues\u00a0\u00bb:{},\u00a0\u00bbinherit\u00a0\u00bb:true},\u00a0\u00bbcustomFields\u00a0\u00bb:{\u00ab\u00a0HTML\u00a0\u00bb:\u00a0\u00bb\\n\u00a0\u00bb,\u00a0\u00bbpbInternal_clipboardId\u00a0\u00bb:\u00a0\u00bbf0fraWVHYlAg6Ub\u00a0\u00bb,\u00a0\u00bbpbInternal_cloneId\u00a0\u00bb:\u00a0\u00bbf0fDGhnupDiX13B\u00a0\u00bb},\u00a0\u00bbdisplayProperties\u00a0\u00bb:{},\u00a0\u00bblocalEdits\u00a0\u00bb:{},\u00a0\u00bbvariants\u00a0\u00bb:{}}},{\u00ab\u00a0collection\u00a0\u00bb:\u00a0\u00bbfeatures\u00a0\u00bb,\u00a0\u00bbtype\u00a0\u00bb:\u00a0\u00bbcommon\/adPrisma\u00a0\u00bb,\u00a0\u00bbprops\u00a0\u00bb:{\u00ab\u00a0collection\u00a0\u00bb:\u00a0\u00bbfeatures\u00a0\u00bb,\u00a0\u00bbtype\u00a0\u00bb:\u00a0\u00bbcommon\/adPrisma\u00a0\u00bb,\u00a0\u00bbid\u00a0\u00bb:\u00a0\u00bbf0flwLGJ3Blg17A\u00a0\u00bb,\u00a0\u00bbcontentConfig\u00a0\u00bb:{\u00ab\u00a0contentService\u00a0\u00bb:\u00a0\u00bb\u00a0\u00bb,\u00a0\u00bbcontentConfigValues\u00a0\u00bb:{},\u00a0\u00bbinherit\u00a0\u00bb:true},\u00a0\u00bbcustomFields\u00a0\u00bb:{\u00ab\u00a0displayOnDesktop\u00a0\u00bb:true,\u00a0\u00bbdisplayOnTablet\u00a0\u00bb:false,\u00a0\u00bbdisplayOnMobile\u00a0\u00bb:false,\u00a0\u00bbadType\u00a0\u00bb:\u00a0\u00bbPave-Bas\u00a0\u00bb,\u00a0\u00bbpbInternal_cloneId\u00a0\u00bb:\u00a0\u00bbf0flwLGJ3Blg17A\u00a0\u00bb,\u00a0\u00bbadWidth\u00a0\u00bb:\u00a0\u00bb450&Prime;,\u00a0\u00bbadHeight\u00a0\u00bb:\u00a0\u00bb800&Prime;,\u00a0\u00bblayoutOnDesktop\u00a0\u00bb:\u00a0\u00bbVertical\u00a0\u00bb,\u00a0\u00bbhasStickyPlaceholder\u00a0\u00bb:false,\u00a0\u00bbhasStickyAd\u00a0\u00bb:true,\u00a0\u00bbhasMarginTop\u00a0\u00bb:true,\u00a0\u00bbhasMarginBottom\u00a0\u00bb:true},\u00a0\u00bbdisplayProperties\u00a0\u00bb:{},\u00a0\u00bblocalEdits\u00a0\u00bb:{},\u00a0\u00bbvariants\u00a0\u00bb:{}}},{\u00ab\u00a0collection\u00a0\u00bb:\u00a0\u00bbfeatures\u00a0\u00bb,\u00a0\u00bbtype\u00a0\u00bb:\u00a0\u00bbarticle\/outbrain\u00a0\u00bb,\u00a0\u00bbprops\u00a0\u00bb:{\u00ab\u00a0collection\u00a0\u00bb:\u00a0\u00bbfeatures\u00a0\u00bb,\u00a0\u00bbtype\u00a0\u00bb:\u00a0\u00bbarticle\/outbrain\u00a0\u00bb,\u00a0\u00bbid\u00a0\u00bb:\u00a0\u00bbf0fdVod2L1Dfjh\u00a0\u00bb,\u00a0\u00bbcontentConfig\u00a0\u00bb:{\u00ab\u00a0contentService\u00a0\u00bb:\u00a0\u00bb\u00a0\u00bb,\u00a0\u00bbcontentConfigValues\u00a0\u00bb:{},\u00a0\u00bbinherit\u00a0\u00bb:true},\u00a0\u00bbcustomFields\u00a0\u00bb:{\u00ab\u00a0widgetId\u00a0\u00bb:\u00a0\u00bbrightRail\u00a0\u00bb},\u00a0\u00bbdisplayProperties\u00a0\u00bb:{},\u00a0\u00bblocalEdits\u00a0\u00bb:{},\u00a0\u00bbvariants\u00a0\u00bb:{}}},{\u00ab\u00a0collection\u00a0\u00bb:\u00a0\u00bbfeatures\u00a0\u00bb,\u00a0\u00bbtype\u00a0\u00bb:\u00a0\u00bbcommon\/adPrisma\u00a0\u00bb,\u00a0\u00bbprops\u00a0\u00bb:{\u00ab\u00a0collection\u00a0\u00bb:\u00a0\u00bbfeatures\u00a0\u00bb,\u00a0\u00bbtype\u00a0\u00bb:\u00a0\u00bbcommon\/adPrisma\u00a0\u00bb,\u00a0\u00bbid\u00a0\u00bb:\u00a0\u00bbf0f2x0gOsgSE8F9&Prime;,\u00a0\u00bbcontentConfig\u00a0\u00bb:{\u00ab\u00a0contentService\u00a0\u00bb:\u00a0\u00bb\u00a0\u00bb,\u00a0\u00bbcontentConfigValues\u00a0\u00bb:{},\u00a0\u00bbinherit\u00a0\u00bb:true},\u00a0\u00bbcustomFields\u00a0\u00bb:{\u00ab\u00a0displayOnDesktop\u00a0\u00bb:true,\u00a0\u00bblayoutOnDesktop\u00a0\u00bb:\u00a0\u00bbVertical\u00a0\u00bb,\u00a0\u00bbdisplayOnTablet\u00a0\u00bb:true,\u00a0\u00bblayoutOnTablet\u00a0\u00bb:\u00a0\u00bbVertical\u00a0\u00bb,\u00a0\u00bbdisplayOnMobile\u00a0\u00bb:false,\u00a0\u00bblayoutOnMobile\u00a0\u00bb:\u00a0\u00bbHorizontal\u00a0\u00bb,\u00a0\u00bbhasStickyPlaceholder\u00a0\u00bb:true,\u00a0\u00bbhasStickyAd\u00a0\u00bb:true,\u00a0\u00bbadType\u00a0\u00bb:\u00a0\u00bbPave-Bas2&Prime;,\u00a0\u00bbadWidth\u00a0\u00bb:\u00a0\u00bb450&Prime;,\u00a0\u00bbadHeight\u00a0\u00bb:\u00a0\u00bb800&Prime;,\u00a0\u00bbhasMarginTop\u00a0\u00bb:true,\u00a0\u00bbhasMarginBottom\u00a0\u00bb:true},\u00a0\u00bbdisplayProperties\u00a0\u00bb:{},\u00a0\u00bblocalEdits\u00a0\u00bb:{},\u00a0\u00bbvariants\u00a0\u00bb:{}}},{\u00ab\u00a0collection\u00a0\u00bb:\u00a0\u00bbfeatures\u00a0\u00bb,\u00a0\u00bbtype\u00a0\u00bb:\u00a0\u00bb@wpmedia\/htmlbox-block\/htmlbox\u00a0\u00bb,\u00a0\u00bbprops\u00a0\u00bb:{\u00ab\u00a0collection\u00a0\u00bb:\u00a0\u00bbfeatures\u00a0\u00bb,\u00a0\u00bbtype\u00a0\u00bb:\u00a0\u00bb@wpmedia\/htmlbox-block\/htmlbox\u00a0\u00bb,\u00a0\u00bbid\u00a0\u00bb:\u00a0\u00bbf0fTmfarDLDf6Jq\u00a0\u00bb,\u00a0\u00bbcontentConfig\u00a0\u00bb:{\u00ab\u00a0contentService\u00a0\u00bb:\u00a0\u00bb\u00a0\u00bb,\u00a0\u00bbcontentConfigValues\u00a0\u00bb:{},\u00a0\u00bbinherit\u00a0\u00bb:true},\u00a0\u00bbcustomFields\u00a0\u00bb:{\u00ab\u00a0HTML\u00a0\u00bb:\u00a0\u00bb\u00a0\u00bb,\u00a0\u00bbpbInternal_cloneId\u00a0\u00bb:\u00a0\u00bbf0fOEJ4pewL24Gt\u00a0\u00bb,\u00a0\u00bbpbInternal_clipboardId\u00a0\u00bb:\u00a0\u00bbf0fTmfarDLDf6Jq\u00a0\u00bb},\u00a0\u00bbdisplayProperties\u00a0\u00bb:{},\u00a0\u00bblocalEdits\u00a0\u00bb:{},\u00a0\u00bbvariants\u00a0\u00bb:{}}}]},{\u00ab\u00a0collection\u00a0\u00bb:\u00a0\u00bbsections\u00a0\u00bb,\u00a0\u00bbprops\u00a0\u00bb:{\u00ab\u00a0collection\u00a0\u00bb:\u00a0\u00bbsections\u00a0\u00bb,\u00a0\u00bbid\u00a0\u00bb:4},\u00a0\u00bbchildren\u00a0\u00bb:[]},{\u00ab\u00a0collection\u00a0\u00bb:\u00a0\u00bbsections\u00a0\u00bb,\u00a0\u00bbprops\u00a0\u00bb:{\u00ab\u00a0collection\u00a0\u00bb:\u00a0\u00bbsections\u00a0\u00bb,\u00a0\u00bbid\u00a0\u00bb:5},\u00a0\u00bbchildren\u00a0\u00bb:[{\u00ab\u00a0collection\u00a0\u00bb:\u00a0\u00bbfeatures\u00a0\u00bb,\u00a0\u00bbtype\u00a0\u00bb:\u00a0\u00bb@wpmedia\/event-tester-block\/event-tester\u00a0\u00bb,\u00a0\u00bbprops\u00a0\u00bb:{\u00ab\u00a0collection\u00a0\u00bb:\u00a0\u00bbfeatures\u00a0\u00bb,\u00a0\u00bbtype\u00a0\u00bb:\u00a0\u00bb@wpmedia\/event-tester-block\/event-tester\u00a0\u00bb,\u00a0\u00bbid\u00a0\u00bb:\u00a0\u00bb0fdKl3sZUizm86n\u00a0\u00bb,\u00a0\u00bbcontentConfig\u00a0\u00bb:{\u00ab\u00a0contentService\u00a0\u00bb:\u00a0\u00bb\u00a0\u00bb,\u00a0\u00bbcontentConfigValues\u00a0\u00bb:{},\u00a0\u00bbinherit\u00a0\u00bb:true},\u00a0\u00bbcustomFields\u00a0\u00bb:{},\u00a0\u00bbdisplayProperties\u00a0\u00bb:{},\u00a0\u00bblocalEdits\u00a0\u00bb:{},\u00a0\u00bbvariants\u00a0\u00bb:{}}},{\u00ab\u00a0collection\u00a0\u00bb:\u00a0\u00bbfeatures\u00a0\u00bb,\u00a0\u00bbtype\u00a0\u00bb:\u00a0\u00bbFooter\/default\u00a0\u00bb,\u00a0\u00bbprops\u00a0\u00bb:{\u00ab\u00a0collection\u00a0\u00bb:\u00a0\u00bbfeatures\u00a0\u00bb,\u00a0\u00bbtype\u00a0\u00bb:\u00a0\u00bbFooter\/default\u00a0\u00bb,\u00a0\u00bbid\u00a0\u00bb:\u00a0\u00bbf0fWCmXziG7A7M9&Prime;,\u00a0\u00bbcontentConfig\u00a0\u00bb:{\u00ab\u00a0contentService\u00a0\u00bb:\u00a0\u00bb\u00a0\u00bb,\u00a0\u00bbcontentConfigValues\u00a0\u00bb:{},\u00a0\u00bbinherit\u00a0\u00bb:true},\u00a0\u00bbcustomFields\u00a0\u00bb:{\u00ab\u00a0facebookItem\u00a0\u00bb:\u00a0\u00bbhttps:\/\/www.facebook.com\/Liberation\/\u00a0\u00bb,\u00a0\u00bbtwitterItem\u00a0\u00bb:\u00a0\u00bbhttps:\/\/twitter.com\/libe\u00a0\u00bb,\u00a0\u00bblinkedinItem\u00a0\u00bb:\u00a0\u00bbhttps:\/\/www.linkedin.com\/company\/lib%C3%A9ration\/\u00a0\u00bb,\u00a0\u00bbinstagramItem\u00a0\u00bb:\u00a0\u00bbhttps:\/\/www.instagram.com\/liberationfr\/\u00a0\u00bb,\u00a0\u00bbyoutubeItem\u00a0\u00bb:\u00a0\u00bbhttps:\/\/www.youtube.com\/c\/liberation\u00a0\u00bb,\u00a0\u00bbrssItem\u00a0\u00bb:\u00a0\u00bbhttps:\/\/www.liberation.fr\/liste-flux-rss\/\u00a0\u00bb,\u00a0\u00bbtiktokItem\u00a0\u00bb:\u00a0\u00bbhttps:\/\/www.tiktok.com\/@liberation.fr\u00a0\u00bb,\u00a0\u00bbblueskyItem\u00a0\u00bb:\u00a0\u00bbhttps:\/\/bsky.app\/profile\/liberation.fr\u00a0\u00bb,\u00a0\u00bbtwitchItem\u00a0\u00bb:\u00a0\u00bbhttps:\/\/www.twitch.tv\/liberationfr\u00a0\u00bb,\u00a0\u00bbwhatsappItem\u00a0\u00bb:\u00a0\u00bbhttps:\/\/whatsapp.com\/channel\/0029VaBC5Q50G0Xdttyzpn0k\u00a0\u00bb},\u00a0\u00bbdisplayProperties\u00a0\u00bb:{},\u00a0\u00bblocalEdits\u00a0\u00bb:{},\u00a0\u00bbvariants\u00a0\u00bb:{}}},{\u00ab\u00a0collection\u00a0\u00bb:\u00a0\u00bbfeatures\u00a0\u00bb,\u00a0\u00bbtype\u00a0\u00bb:\u00a0\u00bb@wpmedia\/htmlbox-block\/htmlbox\u00a0\u00bb,\u00a0\u00bbprops\u00a0\u00bb:{\u00ab\u00a0collection\u00a0\u00bb:\u00a0\u00bbfeatures\u00a0\u00bb,\u00a0\u00bbtype\u00a0\u00bb:\u00a0\u00bb@wpmedia\/htmlbox-block\/htmlbox\u00a0\u00bb,\u00a0\u00bbid\u00a0\u00bb:\u00a0\u00bbf0fYCc8Xjx7onp\u00a0\u00bb,\u00a0\u00bbcontentConfig\u00a0\u00bb:{\u00ab\u00a0contentService\u00a0\u00bb:\u00a0\u00bb\u00a0\u00bb,\u00a0\u00bbcontentConfigValues\u00a0\u00bb:{},\u00a0\u00bbinherit\u00a0\u00bb:true},\u00a0\u00bbcustomFields\u00a0\u00bb:{\u00ab\u00a0HTML\u00a0\u00bb:\u00a0\u00bb \\n.article-body-image{\\n  padding-bottom: 16px !important;\\n}\\n\\n@media (min-width: 768px) {\\n    .article-body-image-float-left {\\n        padding-right: 16px;\\n    }\\n\\n    .article-body-image-float-right {\\n        padding-left: 16px;\\n    }\\n}\\n\u00a0\u00bb},\u00a0\u00bbdisplayProperties\u00a0\u00bb:{},\u00a0\u00bblocalEdits\u00a0\u00bb:{},\u00a0\u00bbvariants\u00a0\u00bb:{}}},{\u00ab\u00a0collection\u00a0\u00bb:\u00a0\u00bbfeatures\u00a0\u00bb,\u00a0\u00bbtype\u00a0\u00bb:\u00a0\u00bb@wpmedia\/htmlbox-block\/htmlbox\u00a0\u00bb,\u00a0\u00bbprops\u00a0\u00bb:{\u00ab\u00a0collection\u00a0\u00bb:\u00a0\u00bbfeatures\u00a0\u00bb,\u00a0\u00bbtype\u00a0\u00bb:\u00a0\u00bb@wpmedia\/htmlbox-block\/htmlbox\u00a0\u00bb,\u00a0\u00bbid\u00a0\u00bb:\u00a0\u00bbf0fw2VTovWwiOB\u00a0\u00bb,\u00a0\u00bbcontentConfig\u00a0\u00bb:{\u00ab\u00a0contentService\u00a0\u00bb:\u00a0\u00bb\u00a0\u00bb,\u00a0\u00bbcontentConfigValues\u00a0\u00bb:{},\u00a0\u00bbinherit\u00a0\u00bb:true},\u00a0\u00bbcustomFields\u00a0\u00bb:{\u00ab\u00a0HTML\u00a0\u00bb:\u00a0\u00bb\\n@media (max-width: 960px) {\\n  .hrWZEv {\\n    margin-bottom: 48px !important;\\n  }\\n}\\n\u00a0\u00bb},\u00a0\u00bbdisplayProperties\u00a0\u00bb:{},\u00a0\u00bblocalEdits\u00a0\u00bb:{},\u00a0\u00bbvariants\u00a0\u00bb:{}}},{\u00ab\u00a0collection\u00a0\u00bb:\u00a0\u00bbfeatures\u00a0\u00bb,\u00a0\u00bbtype\u00a0\u00bb:\u00a0\u00bbcommon\/adPrisma\u00a0\u00bb,\u00a0\u00bbprops\u00a0\u00bb:{\u00ab\u00a0collection\u00a0\u00bb:\u00a0\u00bbfeatures\u00a0\u00bb,\u00a0\u00bbtype\u00a0\u00bb:\u00a0\u00bbcommon\/adPrisma\u00a0\u00bb,\u00a0\u00bbid\u00a0\u00bb:\u00a0\u00bbf0fsLNH1FWArKY\u00a0\u00bb,\u00a0\u00bbcontentConfig\u00a0\u00bb:{\u00ab\u00a0contentService\u00a0\u00bb:\u00a0\u00bb\u00a0\u00bb,\u00a0\u00bbcontentConfigValues\u00a0\u00bb:{},\u00a0\u00bbinherit\u00a0\u00bb:true},\u00a0\u00bbcustomFields\u00a0\u00bb:{\u00ab\u00a0displayOnDesktop\u00a0\u00bb:true,\u00a0\u00bbdisplayOnTablet\u00a0\u00bb:true,\u00a0\u00bbdisplayOnMobile\u00a0\u00bb:true,\u00a0\u00bbpbInternal_cloneId\u00a0\u00bb:\u00a0\u00bbf0fsLNH1FWArKY\u00a0\u00bb,\u00a0\u00bbadType\u00a0\u00bb:\u00a0\u00bbPostitiel\u00a0\u00bb,\u00a0\u00bbhasMarginTop\u00a0\u00bb:true,\u00a0\u00bbhasMarginBottom\u00a0\u00bb:true},\u00a0\u00bbdisplayProperties\u00a0\u00bb:{},\u00a0\u00bblocalEdits\u00a0\u00bb:{},\u00a0\u00bbvariants\u00a0\u00bb:{}}},{\u00ab\u00a0collection\u00a0\u00bb:\u00a0\u00bbfeatures\u00a0\u00bb,\u00a0\u00bbtype\u00a0\u00bb:\u00a0\u00bbcommon\/adPrisma\u00a0\u00bb,\u00a0\u00bbprops\u00a0\u00bb:{\u00ab\u00a0collection\u00a0\u00bb:\u00a0\u00bbfeatures\u00a0\u00bb,\u00a0\u00bbtype\u00a0\u00bb:\u00a0\u00bbcommon\/adPrisma\u00a0\u00bb,\u00a0\u00bbid\u00a0\u00bb:\u00a0\u00bbf0fqrJdCLOcxyX\u00a0\u00bb,\u00a0\u00bbcontentConfig\u00a0\u00bb:{\u00ab\u00a0contentService\u00a0\u00bb:\u00a0\u00bb\u00a0\u00bb,\u00a0\u00bbcontentConfigValues\u00a0\u00bb:{},\u00a0\u00bbinherit\u00a0\u00bb:true},\u00a0\u00bbcustomFields\u00a0\u00bb:{\u00ab\u00a0displayOnDesktop\u00a0\u00bb:true,\u00a0\u00bbdisplayOnTablet\u00a0\u00bb:true,\u00a0\u00bbdisplayOnMobile\u00a0\u00bb:true,\u00a0\u00bbadType\u00a0\u00bb:\u00a0\u00bbOut-Of-Banner\u00a0\u00bb,\u00a0\u00bbhasMarginTop\u00a0\u00bb:false,\u00a0\u00bbhasMarginBottom\u00a0\u00bb:true},\u00a0\u00bbdisplayProperties\u00a0\u00bb:{},\u00a0\u00bblocalEdits\u00a0\u00bb:{},\u00a0\u00bbvariants\u00a0\u00bb:{}}},{\u00ab\u00a0collection\u00a0\u00bb:\u00a0\u00bbfeatures\u00a0\u00bb,\u00a0\u00bbtype\u00a0\u00bb:\u00a0\u00bbBottomBar\/default\u00a0\u00bb,\u00a0\u00bbprops\u00a0\u00bb:{\u00ab\u00a0collection\u00a0\u00bb:\u00a0\u00bbfeatures\u00a0\u00bb,\u00a0\u00bbtype\u00a0\u00bb:\u00a0\u00bbBottomBar\/default\u00a0\u00bb,\u00a0\u00bbid\u00a0\u00bb:\u00a0\u00bbf0fpiyzSONf31hN\u00a0\u00bb,\u00a0\u00bbcontentConfig\u00a0\u00bb:{\u00ab\u00a0contentService\u00a0\u00bb:\u00a0\u00bb\u00a0\u00bb,\u00a0\u00bbcontentConfigValues\u00a0\u00bb:{},\u00a0\u00bbinherit\u00a0\u00bb:true},\u00a0\u00bbcustomFields\u00a0\u00bb:{\u00ab\u00a0desktopDescription\u00a0\u00bb:\u00a0\u00bb\u2600\ufe0f Offre sp\u00e9ciale \u00e9t\u00e9 : 2 mois pour 2\u20ac seulement !\u00a0\u00bb,\u00a0\u00bbmobileDescription\u00a0\u00bb:\u00a0\u00bb\u2600\ufe0f Offre d&rsquo;\u00e9t\u00e9 : 2 mois pour 2\u20ac\u00a0\u00bb,\u00a0\u00bbdesktopCtaText\u00a0\u00bb:\u00a0\u00bbJ&rsquo;en profite\u00a0\u00bb,\u00a0\u00bbbackgroundColor\u00a0\u00bb:\u00a0\u00bb#e60004&Prime;,\u00a0\u00bbdescriptionColor\u00a0\u00bb:\u00a0\u00bb#FFFFFF\u00a0\u00bb,\u00a0\u00bblink\u00a0\u00bb:\u00a0\u00bbhttps:\/\/abo.liberation.fr\/numerique\/inscription\/offre-numerique-speciale-2mois-2euros\/?origin=AUTOPROMO&#038;xtatc=INT-41-[2mois_2euros_ete_2025_gratuit]\u00a0\u00bb,\u00a0\u00bbclosedDuration\u00a0\u00bb:1,\u00a0\u00bbtype\u00a0\u00bb:\u00a0\u00bbnon_sub_free\u00a0\u00bb,\u00a0\u00bbmobileCtaText\u00a0\u00bb:null,\u00a0\u00bbmobileImage\u00a0\u00bb:\u00a0\u00bb\u00a0\u00bb,\u00a0\u00bbdesktopImage\u00a0\u00bb:\u00a0\u00bb\u00a0\u00bb},\u00a0\u00bbdisplayProperties\u00a0\u00bb:{},\u00a0\u00bblocalEdits\u00a0\u00bb:{},\u00a0\u00bbvariants\u00a0\u00bb:{}}},{\u00ab\u00a0collection\u00a0\u00bb:\u00a0\u00bbfeatures\u00a0\u00bb,\u00a0\u00bbtype\u00a0\u00bb:\u00a0\u00bbBottomBar\/default\u00a0\u00bb,\u00a0\u00bbprops\u00a0\u00bb:{\u00ab\u00a0collection\u00a0\u00bb:\u00a0\u00bbfeatures\u00a0\u00bb,\u00a0\u00bbtype\u00a0\u00bb:\u00a0\u00bbBottomBar\/default\u00a0\u00bb,\u00a0\u00bbid\u00a0\u00bb:\u00a0\u00bbf0f5yixd9jbc5T\u00a0\u00bb,\u00a0\u00bbcontentConfig\u00a0\u00bb:{\u00ab\u00a0contentService\u00a0\u00bb:\u00a0\u00bb\u00a0\u00bb,\u00a0\u00bbcontentConfigValues\u00a0\u00bb:{},\u00a0\u00bbinherit\u00a0\u00bb:true},\u00a0\u00bbcustomFields\u00a0\u00bb:{\u00ab\u00a0desktopDescription\u00a0\u00bb:\u00a0\u00bb\u2600\ufe0f Offre sp\u00e9ciale \u00e9t\u00e9 : 2 mois pour 2\u20ac seulement !\u00a0\u00bb,\u00a0\u00bbmobileDescription\u00a0\u00bb:\u00a0\u00bb\u2600\ufe0fOffre d&rsquo;\u00e9t\u00e9 : 2 mois pour 2\u20ac\u00a0\u00bb,\u00a0\u00bbdesktopCtaText\u00a0\u00bb:\u00a0\u00bbJ&rsquo;en profite !\u00a0\u00bb,\u00a0\u00bbbackgroundColor\u00a0\u00bb:\u00a0\u00bb#e60004&Prime;,\u00a0\u00bbdescriptionColor\u00a0\u00bb:\u00a0\u00bb#FFFFFF\u00a0\u00bb,\u00a0\u00bblink\u00a0\u00bb:\u00a0\u00bbhttps:\/\/abo.liberation.fr\/numerique\/inscription\/offre-numerique-speciale-2mois-2euros\/?origin=AUTOPROMO&#038;xtatc=INT-41-[2mois_2euros_ete_2025_premium]\u00a0\u00bb,\u00a0\u00bbclosedDuration\u00a0\u00bb:1,\u00a0\u00bbtype\u00a0\u00bb:\u00a0\u00bbnon_sub_paid\u00a0\u00bb,\u00a0\u00bbmobileCtaText\u00a0\u00bb:null,\u00a0\u00bbmobileImage\u00a0\u00bb:\u00a0\u00bb\u00a0\u00bb,\u00a0\u00bbdesktopImage\u00a0\u00bb:\u00a0\u00bb\u00a0\u00bb},\u00a0\u00bbdisplayProperties\u00a0\u00bb:{},\u00a0\u00bblocalEdits\u00a0\u00bb:{},\u00a0\u00bbvariants\u00a0\u00bb:{}}},{\u00ab\u00a0collection\u00a0\u00bb:\u00a0\u00bbfeatures\u00a0\u00bb,\u00a0\u00bbtype\u00a0\u00bb:\u00a0\u00bbBottomBar\/default\u00a0\u00bb,\u00a0\u00bbprops\u00a0\u00bb:{\u00ab\u00a0collection\u00a0\u00bb:\u00a0\u00bbfeatures\u00a0\u00bb,\u00a0\u00bbtype\u00a0\u00bb:\u00a0\u00bbBottomBar\/default\u00a0\u00bb,\u00a0\u00bbid\u00a0\u00bb:\u00a0\u00bbf0fuQ6oggtmcoy\u00a0\u00bb,\u00a0\u00bbcontentConfig\u00a0\u00bb:{\u00ab\u00a0contentService\u00a0\u00bb:\u00a0\u00bb\u00a0\u00bb,\u00a0\u00bbcontentConfigValues\u00a0\u00bb:{},\u00a0\u00bbinherit\u00a0\u00bb:true},\u00a0\u00bbcustomFields\u00a0\u00bb:{\u00ab\u00a0desktopDescription\u00a0\u00bb:\u00a0\u00bbD\u00e9couvrez notre hors-s\u00e9rie Polar en kiosque et sur notre boutique\u00a0\u00bb,\u00a0\u00bbmobileDescription\u00a0\u00bb:\u00a0\u00bbD\u00e9couvrez notre hors-s\u00e9rie Polar\u00a0\u00bb,\u00a0\u00bbmobileCtaText\u00a0\u00bb:\u00a0\u00bb\u00a0\u00bb,\u00a0\u00bbdesktopCtaText\u00a0\u00bb:\u00a0\u00bbEn savoir plus\u00a0\u00bb,\u00a0\u00bbbackgroundColor\u00a0\u00bb:\u00a0\u00bb#1A1A1A\u00a0\u00bb,\u00a0\u00bbdescriptionColor\u00a0\u00bb:\u00a0\u00bb#FFFFFF\u00a0\u00bb,\u00a0\u00bblink\u00a0\u00bb:\u00a0\u00bbhttps:\/\/boutique.liberation.fr\/products\/hors-serie-les-7-familles-du-polar-juin-2025&Prime;,\u00a0\u00bbclosedDuration\u00a0\u00bb:200,\u00a0\u00bbtype\u00a0\u00bb:\u00a0\u00bbsub\u00a0\u00bb,\u00a0\u00bbmobileImage\u00a0\u00bb:\u00a0\u00bbhttps:\/\/www.liberation.fr\/resizer\/v2\/2RFXDEHCQVGB5P2WAGDCBPGNWU.png?auth=ecb066dd338aa650f531ef535bbbc797d5caad930bf7b04ff7e1469b17dc4f67&Prime;,\u00a0\u00bbdesktopImage\u00a0\u00bb:\u00a0\u00bbhttps:\/\/www.liberation.fr\/resizer\/v2\/2RFXDEHCQVGB5P2WAGDCBPGNWU.png?auth=ecb066dd338aa650f531ef535bbbc797d5caad930bf7b04ff7e1469b17dc4f67&Prime;},\u00a0\u00bbdisplayProperties\u00a0\u00bb:{},\u00a0\u00bblocalEdits\u00a0\u00bb:{},\u00a0\u00bbvariants\u00a0\u00bb:{}}},{\u00ab\u00a0collection\u00a0\u00bb:\u00a0\u00bbfeatures\u00a0\u00bb,\u00a0\u00bbtype\u00a0\u00bb:\u00a0\u00bb@wpmedia\/htmlbox-block\/htmlbox\u00a0\u00bb,\u00a0\u00bbprops\u00a0\u00bb:{\u00ab\u00a0collection\u00a0\u00bb:\u00a0\u00bbfeatures\u00a0\u00bb,\u00a0\u00bbtype\u00a0\u00bb:\u00a0\u00bb@wpmedia\/htmlbox-block\/htmlbox\u00a0\u00bb,\u00a0\u00bbid\u00a0\u00bb:\u00a0\u00bbf0fIIPqvNafphy\u00a0\u00bb,\u00a0\u00bbcontentConfig\u00a0\u00bb:{\u00ab\u00a0contentService\u00a0\u00bb:\u00a0\u00bb\u00a0\u00bb,\u00a0\u00bbcontentConfigValues\u00a0\u00bb:{},\u00a0\u00bbinherit\u00a0\u00bb:true},\u00a0\u00bbcustomFields\u00a0\u00bb:{\u00ab\u00a0HTML\u00a0\u00bb:\u00a0\u00bb\\nheader li:nth-of-type(5) a {\\n  color: #EF7E01 !important;\\n}\\n\u00a0\u00bb},\u00a0\u00bbdisplayProperties\u00a0\u00bb:{},\u00a0\u00bblocalEdits\u00a0\u00bb:{},\u00a0\u00bbvariants\u00a0\u00bb:{}}},{\u00ab\u00a0collection\u00a0\u00bb:\u00a0\u00bbfeatures\u00a0\u00bb,\u00a0\u00bbtype\u00a0\u00bb:\u00a0\u00bb@wpmedia\/htmlbox-block\/htmlbox\u00a0\u00bb,\u00a0\u00bbprops\u00a0\u00bb:{\u00ab\u00a0collection\u00a0\u00bb:\u00a0\u00bbfeatures\u00a0\u00bb,\u00a0\u00bbtype\u00a0\u00bb:\u00a0\u00bb@wpmedia\/htmlbox-block\/htmlbox\u00a0\u00bb,\u00a0\u00bbid\u00a0\u00bb:\u00a0\u00bbf0fJjNuHjWlvWp\u00a0\u00bb,\u00a0\u00bbcontentConfig\u00a0\u00bb:{\u00ab\u00a0contentService\u00a0\u00bb:\u00a0\u00bb\u00a0\u00bb,\u00a0\u00bbcontentConfigValues\u00a0\u00bb:{},\u00a0\u00bbinherit\u00a0\u00bb:true},\u00a0\u00bbcustomFields\u00a0\u00bb:{\u00ab\u00a0HTML\u00a0\u00bb:\u00a0\u00bb\\nh2.padding-xxs-bottom  {\\n  font-weight:400 !important;\\n}\\n\\n\\n\u00a0\u00bb,\u00a0\u00bbpbInternal_cloneId\u00a0\u00bb:\u00a0\u00bbf0fJjNuHjWlvWp\u00a0\u00bb},\u00a0\u00bbdisplayProperties\u00a0\u00bb:{},\u00a0\u00bblocalEdits\u00a0\u00bb:{},\u00a0\u00bbvariants\u00a0\u00bb:{}}}]}]};Fusion.spa=false;Fusion.spaEnabled=false;<script async src=\"https:\/\/platform.twitter.com\/widgets.js\" charset=\"utf-8\"><\/script><script async src=\"\/\/www.instagram.com\/embed.js\"><\/script><script async src=\"\/\/www.tiktok.com\/embed.js\"><\/script><\/p>\n","protected":false},"excerpt":{"rendered":"Un nouvel \u00abacte\u00bb des Gilets jaunes ? Pr\u00e8s de sept ans apr\u00e8s le mouvement de protestation citoyen qui&hellip;\n","protected":false},"author":2,"featured_media":269024,"comment_status":"","ping_status":"","sticky":false,"template":"","format":"standard","meta":{"footnotes":""},"categories":[4],"tags":[11,1011,27,431,23169,18677,12,25],"class_list":{"0":"post-269023","1":"post","2":"type-post","3":"status-publish","4":"format-standard","5":"has-post-thumbnail","7":"category-france","8":"tag-actualites","9":"tag-fr","10":"tag-france","11":"tag-francois-bayrou","12":"tag-gilets-jaunes","13":"tag-greves","14":"tag-news","15":"tag-republique-francaise"},"share_on_mastodon":{"url":"https:\/\/pubeurope.com\/@fr\/114904820796352584","error":""},"_links":{"self":[{"href":"https:\/\/www.europesays.com\/fr\/wp-json\/wp\/v2\/posts\/269023","targetHints":{"allow":["GET"]}}],"collection":[{"href":"https:\/\/www.europesays.com\/fr\/wp-json\/wp\/v2\/posts"}],"about":[{"href":"https:\/\/www.europesays.com\/fr\/wp-json\/wp\/v2\/types\/post"}],"author":[{"embeddable":true,"href":"https:\/\/www.europesays.com\/fr\/wp-json\/wp\/v2\/users\/2"}],"replies":[{"embeddable":true,"href":"https:\/\/www.europesays.com\/fr\/wp-json\/wp\/v2\/comments?post=269023"}],"version-history":[{"count":0,"href":"https:\/\/www.europesays.com\/fr\/wp-json\/wp\/v2\/posts\/269023\/revisions"}],"wp:featuredmedia":[{"embeddable":true,"href":"https:\/\/www.europesays.com\/fr\/wp-json\/wp\/v2\/media\/269024"}],"wp:attachment":[{"href":"https:\/\/www.europesays.com\/fr\/wp-json\/wp\/v2\/media?parent=269023"}],"wp:term":[{"taxonomy":"category","embeddable":true,"href":"https:\/\/www.europesays.com\/fr\/wp-json\/wp\/v2\/categories?post=269023"},{"taxonomy":"post_tag","embeddable":true,"href":"https:\/\/www.europesays.com\/fr\/wp-json\/wp\/v2\/tags?post=269023"}],"curies":[{"name":"wp","href":"https:\/\/api.w.org\/{rel}","templated":true}]}}