{"id":269027,"date":"2025-07-23T22:07:25","date_gmt":"2025-07-23T22:07:25","guid":{"rendered":"https:\/\/www.europesays.com\/fr\/269027\/"},"modified":"2025-07-23T22:07:25","modified_gmt":"2025-07-23T22:07:25","slug":"il-fume-un-joint-la-police-le-controle-et-decouvre-quil-vend-de-la-drogue","status":"publish","type":"post","link":"https:\/\/www.europesays.com\/fr\/269027\/","title":{"rendered":"il fume un joint, la police le contr\u00f4le et d\u00e9couvre qu&rsquo;il vend de la drogue"},"content":{"rendered":"\n<p>Tout a commenc\u00e9 jeudi 17 juillet apr\u00e8s-midi : alors que les policiers patrouillaient \u00e0 Firminy, ils avisent une voiture \u00e0 l&rsquo;arr\u00eat dans lequel le conducteur est en train de rouler un joint. Les policiers proc\u00e8dent \u00e0 la fouille du v\u00e9hicule et d\u00e9couvrent de la drogue.<\/p>\n<p>Il vendait des pochons de coca\u00efne<\/p>\n<p>Les policiers retrouvent 100 pochons d&rsquo;un gramme chacun, conditionn\u00e9s pour la vente ainsi que 6 grammes d&rsquo;herbe de canabis. L&rsquo;individu est donc plac\u00e9 en garde \u00e0 vue, o\u00f9 il reconnaitra les faits. Une perquisition est \u00e9galement organis\u00e9e \u00e0 son domicile. 1 770 euros seront retrouv\u00e9s et saisis. L&rsquo;homme a \u00e9t\u00e9 jug\u00e9 ce mardi 22 juillet. Il \u00e9cope de 8 mois de prison sous bracelet \u00e9lectronique dont 4 avec sursis.<\/p>\n","protected":false},"excerpt":{"rendered":"Tout a commenc\u00e9 jeudi 17 juillet apr\u00e8s-midi : alors que les policiers patrouillaient \u00e0 Firminy, ils avisent une&hellip;\n","protected":false},"author":2,"featured_media":202675,"comment_status":"","ping_status":"","sticky":false,"template":"","format":"standard","meta":{"footnotes":""},"categories":[9653],"tags":[1111,11,2441,2430,3993,40828,1052,1777,674,1011,27,303,12,1072,25,4001],"class_list":{"0":"post-269027","1":"post","2":"type-post","3":"status-publish","4":"format-standard","5":"has-post-thumbnail","7":"category-saint-etienne","8":"tag-actu","9":"tag-actualites","10":"tag-arrestation","11":"tag-auvergne-rhone-alpes","12":"tag-cocaine","13":"tag-dealeur","14":"tag-drogue","15":"tag-eu","16":"tag-europe","17":"tag-fr","18":"tag-france","19":"tag-justice","20":"tag-news","21":"tag-police","22":"tag-republique-francaise","23":"tag-saint-etienne"},"share_on_mastodon":{"url":"https:\/\/pubeurope.com\/@fr\/114904828691141240","error":""},"_links":{"self":[{"href":"https:\/\/www.europesays.com\/fr\/wp-json\/wp\/v2\/posts\/269027","targetHints":{"allow":["GET"]}}],"collection":[{"href":"https:\/\/www.europesays.com\/fr\/wp-json\/wp\/v2\/posts"}],"about":[{"href":"https:\/\/www.europesays.com\/fr\/wp-json\/wp\/v2\/types\/post"}],"author":[{"embeddable":true,"href":"https:\/\/www.europesays.com\/fr\/wp-json\/wp\/v2\/users\/2"}],"replies":[{"embeddable":true,"href":"https:\/\/www.europesays.com\/fr\/wp-json\/wp\/v2\/comments?post=269027"}],"version-history":[{"count":0,"href":"https:\/\/www.europesays.com\/fr\/wp-json\/wp\/v2\/posts\/269027\/revisions"}],"wp:featuredmedia":[{"embeddable":true,"href":"https:\/\/www.europesays.com\/fr\/wp-json\/wp\/v2\/media\/202675"}],"wp:attachment":[{"href":"https:\/\/www.europesays.com\/fr\/wp-json\/wp\/v2\/media?parent=269027"}],"wp:term":[{"taxonomy":"category","embeddable":true,"href":"https:\/\/www.europesays.com\/fr\/wp-json\/wp\/v2\/categories?post=269027"},{"taxonomy":"post_tag","embeddable":true,"href":"https:\/\/www.europesays.com\/fr\/wp-json\/wp\/v2\/tags?post=269027"}],"curies":[{"name":"wp","href":"https:\/\/api.w.org\/{rel}","templated":true}]}}