{"id":269045,"date":"2025-07-23T22:22:12","date_gmt":"2025-07-23T22:22:12","guid":{"rendered":"https:\/\/www.europesays.com\/fr\/269045\/"},"modified":"2025-07-23T22:22:12","modified_gmt":"2025-07-23T22:22:12","slug":"pres-de-500-personnes-par-jour-une-affluence-preoccupante","status":"publish","type":"post","link":"https:\/\/www.europesays.com\/fr\/269045\/","title":{"rendered":"pr\u00e8s de 500 personnes par jour, une affluence pr\u00e9occupante"},"content":{"rendered":"<p>\u00ab\u00a0Par les temps qui courent, c\u2019est une b\u00e9n\u00e9diction\u00a0\u00bb, appr\u00e9cie Patrick*, 70 ans, venu chercher son repas ce mercredi 23\u00a0juillet \u00e0 la Fabrique de th\u00e9\u00e2tre de Strasbourg. Fruit d\u2019une collaboration entre la Ville, le CCAS et les associations, les distributions estivales ont lieu depuis 2020. Le Secours populaire et l\u2019association Abribus coordonnent cette op\u00e9ration financ\u00e9e \u00e0 hauteur de 150\u00a0000\u00a0euros par la municipalit\u00e9 et 15\u00a0000\u00a0euros par l\u2019\u00c9tat.<\/p>\n<p>  Une fr\u00e9quentation qui grimpe chaque ann\u00e9e depuis 2020<\/p>\n<p>De fait, plusieurs centaines de personnes forment une queue de 50 m\u00e8tres devant le stand du Secours populaire. La fr\u00e9quentation de la Fabrique de th\u00e9\u00e2tre grimpe <a href=\"https:\/\/www.dna.fr\/economie\/2024\/07\/19\/350-paniers-repas-distribues-chaque-jour-aux-personnes-en-situation-de-precarite\" target=\"_blank\" rel=\"nofollow noopener\">chaque ann\u00e9e depuis le lancement en 2020<\/a>. \u00ab\u00a0La distribution a augment\u00e9 de 20\u00a0% par rapport \u00e0 2024 pour ces deux premi\u00e8res semaines, raconte Camille Vega, directeur du Secours populaire du Bas-Rhin. Nous sommes d\u00e9j\u00e0 \u00e0 plus de 450 paniers r\u00e9cup\u00e9r\u00e9s par jour et nous allons bient\u00f4t d\u00e9passer les 500.\u00a0\u00bb <a href=\"https:\/\/www.dna.fr\/societe\/2023\/02\/16\/la-precarite-s-aggrave-a-strasbourg-et-dans-le-bas-rhin-l-aide-alimentaire-peine-a-suivre\" target=\"_blank\" rel=\"nofollow noopener\">Les associations craignent de laisser du monde sur le carreau<\/a> prochainement alors que la capacit\u00e9 d\u2019accueil maximale risque d\u2019\u00eatre rapidement d\u00e9pass\u00e9e.<\/p>\n<p>Tout l\u2019\u00e9t\u00e9, 80 b\u00e9n\u00e9voles se relaient pour accueillir les personnes dans le besoin, sans condition. \u00ab\u00a0Ceux qui viennent ne sont pas forc\u00e9ment sans abri, remarque Floriane Varieras, adjointe \u00e0 la maire en charge de la lutte contre la pr\u00e9carit\u00e9. Nous recevons aussi des jeunes et des retrait\u00e9s en logement classique.\u00a0\u00bb C\u2019est le cas de Thierry*, 55 ans, qui peine \u00e0 se nourrir apr\u00e8s avoir mis une grande partie de sa pension d\u2019invalidit\u00e9 dans son loyer\u00a0: \u00ab\u00a0C\u2019est vital pour moi de venir ici, je peux aussi \u00e9changer avec des gens qui connaissent ce que je vis.\u00a0\u00bb<\/p>\n<p>  Un lieu pour cr\u00e9er du lien<\/p>\n<p>La cour de la Fabrique de th\u00e9\u00e2tre se transforme chaque midi en lieu d\u2019\u00e9coute, m\u00eame si certains pr\u00e9f\u00e8rent rester discrets et embarquer leur panier-repas \u00e0 l\u2019ext\u00e9rieur. C\u2019est aussi un endroit o\u00f9 trouver des toilettes, de l\u2019eau et des soins. M\u00e9decins du monde tient une permanence\u00a0: \u00ab\u00a0Nous offrons une aide m\u00e9dicale et des d\u00e9pistages pour des maladies graves\u00a0\u00bb, explique l\u2019une des b\u00e9n\u00e9voles. La lutte contre l\u2019exclusion sociale passe \u00e9galement par la culture, d\u2019o\u00f9 les centaines de livres et revues distribu\u00e9s par l\u2019association T\u00f4t ou tard. \u00ab\u00a0La vie peut \u00eatre dure pour tout le monde alors \u00e7a fait du bien de parler, de se sentir \u00e9cout\u00e9\u00a0\u00bb, affirme Thierry.<\/p>\n<p>Loin d\u2019\u00eatre une surprise, l\u2019affluence record n\u2019en est pas moins inqui\u00e9tante pour les associations pr\u00e9sentes, qui <a href=\"https:\/\/www.dna.fr\/social\/2024\/11\/16\/precarite-les-associations-et-leurs-benevoles-au-bord-du-craquage\" target=\"_blank\" rel=\"nofollow noopener\">tirent encore un peu plus la sonnette d\u2019alarme<\/a>. \u00ab\u00a0Nous basons nos chiffres de l\u2019ann\u00e9e par rapport \u00e0 la fr\u00e9quentation ici et nous ne pouvons pas repousser les limites ind\u00e9finiment\u00a0\u00bb, pr\u00e9vient Sumitra Gopals, responsable d\u2019Abribus. La pr\u00e9occupation est la m\u00eame pour tous\u00a0: \u00ab\u00a0Nous avons enregistr\u00e9 une hausse de fr\u00e9quentation de 50\u00a0% ces dix derni\u00e8res semaines mais les murs et l\u2019approvisionnement ne sont pas extensibles\u00a0\u00bb, ajoute Patrick Gruber, pr\u00e9sident des Restos du c\u0153ur du Bas-Rhin. Toutes les associations r\u00e9unies s\u2019accordent \u00e0 dire que la solution \u00e0 ce probl\u00e8me de fond n\u00e9cessite des moyens et un engagement politique.<\/p>\n<p class=\"note\">* Les noms ont \u00e9t\u00e9 chang\u00e9s<\/p>\n","protected":false},"excerpt":{"rendered":"\u00ab\u00a0Par les temps qui courent, c\u2019est une b\u00e9n\u00e9diction\u00a0\u00bb, appr\u00e9cie Patrick*, 70 ans, venu chercher son repas ce mercredi&hellip;\n","protected":false},"author":2,"featured_media":269046,"comment_status":"","ping_status":"","sticky":false,"template":"","format":"standard","meta":{"footnotes":""},"categories":[2820],"tags":[1111,11,2880,1777,674,107,1011,27,775,12,25,801,104,640,2879,1631],"class_list":{"0":"post-269045","1":"post","2":"type-post","3":"status-publish","4":"format-standard","5":"has-post-thumbnail","7":"category-strasbourg","8":"tag-actu","9":"tag-actualites","10":"tag-edition-strasbourg","11":"tag-eu","12":"tag-europe","13":"tag-fil-info","14":"tag-fr","15":"tag-france","16":"tag-grand-est","17":"tag-news","18":"tag-republique-francaise","19":"tag-social","20":"tag-societe","21":"tag-strasbourg","22":"tag-strasbourg-ville","23":"tag-vie-associative"},"share_on_mastodon":{"url":"https:\/\/pubeurope.com\/@fr\/114904887656858214","error":""},"_links":{"self":[{"href":"https:\/\/www.europesays.com\/fr\/wp-json\/wp\/v2\/posts\/269045","targetHints":{"allow":["GET"]}}],"collection":[{"href":"https:\/\/www.europesays.com\/fr\/wp-json\/wp\/v2\/posts"}],"about":[{"href":"https:\/\/www.europesays.com\/fr\/wp-json\/wp\/v2\/types\/post"}],"author":[{"embeddable":true,"href":"https:\/\/www.europesays.com\/fr\/wp-json\/wp\/v2\/users\/2"}],"replies":[{"embeddable":true,"href":"https:\/\/www.europesays.com\/fr\/wp-json\/wp\/v2\/comments?post=269045"}],"version-history":[{"count":0,"href":"https:\/\/www.europesays.com\/fr\/wp-json\/wp\/v2\/posts\/269045\/revisions"}],"wp:featuredmedia":[{"embeddable":true,"href":"https:\/\/www.europesays.com\/fr\/wp-json\/wp\/v2\/media\/269046"}],"wp:attachment":[{"href":"https:\/\/www.europesays.com\/fr\/wp-json\/wp\/v2\/media?parent=269045"}],"wp:term":[{"taxonomy":"category","embeddable":true,"href":"https:\/\/www.europesays.com\/fr\/wp-json\/wp\/v2\/categories?post=269045"},{"taxonomy":"post_tag","embeddable":true,"href":"https:\/\/www.europesays.com\/fr\/wp-json\/wp\/v2\/tags?post=269045"}],"curies":[{"name":"wp","href":"https:\/\/api.w.org\/{rel}","templated":true}]}}