{"id":269067,"date":"2025-07-23T22:33:36","date_gmt":"2025-07-23T22:33:36","guid":{"rendered":"https:\/\/www.europesays.com\/fr\/269067\/"},"modified":"2025-07-23T22:33:36","modified_gmt":"2025-07-23T22:33:36","slug":"cooperation-et-solidarite-avec-kharkiv-les-relations-internationales-votre-mairie","status":"publish","type":"post","link":"https:\/\/www.europesays.com\/fr\/269067\/","title":{"rendered":"Coop\u00e9ration et solidarit\u00e9 avec Kharkiv \/ Les relations internationales \/ Votre Mairie"},"content":{"rendered":"<p>Fortes de relations d\u2019amiti\u00e9 et de coop\u00e9ration instaur\u00e9es progressivement, les Villes de Lille et de Kharkiv* sont jumel\u00e9es depuis 1978. En 1998, le jumelage est actualis\u00e9 par la signature d\u2019une convention : Kharkiv est alors une ville ukrainienne, apr\u00e8s l\u2019ind\u00e9pendance de l\u2019Ukraine en 1991, \u00e0 la suite de la dislocation de l\u2019URSS. Ce jumelage s\u2019est traduit par plusieurs projets de coop\u00e9ration au fil des ans sur des th\u00e9matiques telles que l\u2019urbanisme, la culture, l\u2019\u00e9conomie, la jeunesse ou encore le sport.<\/p>\n<p>*Kharkiv est le nom en ukrainien, utilis\u00e9 aujourd\u2019hui. Kharkov est le nom en russe de la ville, utilis\u00e9 \u00e0 l\u2019\u00e9poque o\u00f9 l\u2019Ukraine se trouvait en Union Sovi\u00e9tique. <\/p>\n<p><strong>Une solidarit\u00e9 irr\u00e9ductible<\/strong><\/p>\n<p>D\u00e8s le d\u00e9clenchement de l\u2019invasion russe en Ukraine le 24 f\u00e9vrier 2022, la Ville de Lille s\u2019est mobilis\u00e9e pour venir en aide aux Ukrainiens, dont les habitants de Kharkiv. La Ville a mis en place un dispositif sp\u00e9cifique, avec une \u00e9quipe d\u00e9di\u00e9e, la Mission solidarit\u00e9s internationales, charg\u00e9e d\u2019accueillir au mieux les populations ukrainiennes contraintes de fuir les zones de combat. Depuis le mois de f\u00e9vrier 2022, pr\u00e8s d&rsquo;un millier de ressortissants ukrainiens ont \u00e9t\u00e9 accueillis et accompagn\u00e9s par la Ville de Lille, qu\u2019ils s\u2019installent ensuite \u00e0 Lille ou dans d\u2019autres villes de la m\u00e9tropole. Certains d\u2019entre eux sont arriv\u00e9s de mani\u00e8re spontan\u00e9e, d\u00e8s le lendemain du 24 f\u00e9vrier 2022 et les jours qui suivirent. D\u2019autres sont arriv\u00e9s par des bus achemin\u00e9s par la Ville de Lille, en provenance de notre ville jumelle de Wroc\u0142aw\u00a0en Pologne, qui faisait face, au d\u00e9but de la guerre, \u00e0 un afflux massif d\u2019Ukrainiens. Le 1er bus est arriv\u00e9 le 12 mars ; une dizaine ont suivi jusque fin avril 2022.<\/p>\n<p>Le dispositif de la Ville de Lille permet de traiter plusieurs volets de l\u2019accueil des populations ukrainiennes, qu\u2019il s\u2019agisse des proc\u00e9dures administratives pour l\u2019obtention des titres de s\u00e9jour, de l\u2019identification de solutions d\u2019h\u00e9bergement, de l\u2019accompagnement sanitaire, professionnel ou social, en passant par la scolarisation des enfants et l\u2019int\u00e9gration des familles accueillies dans la ville. L&rsquo;accompagnement se poursuit actuellement. La Ville de Lille, avec le concours de la Fondation de Lille, a \u00e9galement men\u00e9 plusieurs op\u00e9rations humanitaires d\u2019envergure avec l\u2019envoi de m\u00e9dicaments et de produits de premi\u00e8re n\u00e9cessit\u00e9 vers Kharkiv, ainsi que d\u2019<strong>un groupe \u00e9lectrog\u00e8ne de 63 KVA, gr\u00e2ce \u00e0 un partenariat avec Electriciens sans Fronti\u00e8re et l\u2019entreprise RTE<\/strong>.<\/p>\n<p>Le monde associatif est par ailleurs tr\u00e8s investi : des associations (Portail de l\u2019Ukraine, Ukraine en Nord, Lille Aide Ukraine, le Secours populaire du Nord\u2026) m\u00e8nent des actions diverses pour soutenir la cause ukrainienne : convoyage humanitaire, accueil des Ukrainiens, collecte de fonds, mobilisation de l\u2019opinion publique\u2026<\/p>\n<p><strong>Une mise en avant de la culture ukrainienne<\/strong><\/p>\n<p>La Ville de Lille organise r\u00e9guli\u00e8rement des \u00e9v\u00e9nements, en lien avec les associations de la diaspora ukrainienne, pour mieux faire conna\u00eetre la culture ukrainienne \u00e0 Lille et pour sensibiliser l&rsquo;opinion publique sur le conflit en cours, notamment dans le cadre des comm\u00e9morations du 24 f\u00e9vrier 2022 et du 24 ao\u00fbt 1991 ou encore de la F\u00eate de l\u2019Europe ou du Festival des solidarit\u00e9s internationales\u00a0:<\/p>\n<p><strong>Des expositions pr\u00e9sent\u00e9es dans les \u00e9quipements culturels de la Ville de Lille :<\/strong><\/p>\n<ul class=\"listPuce\">\n<li>\u00ab\u00a0Ukraine, un dessein europ\u00e9en\u00a0\u00bb (en f\u00e9vrier 2024 \u00e0 la biblioth\u00e8que Jean Levy)<\/li>\n<li>\u00ab\u00a0La guerre. L\u2019Ukraine\u00a0\u00bb (en novembre 2023 \u00e0 la Maison Folie Wazemmes)<\/li>\n<li>\u00ab\u00a0Regards d\u2019artistes ukrainiens sur leur pays en guerre\u00a0\u00bb (en f\u00e9vrier 2023 \u00e0 la Maison Folie Wazemmes et en aout 2023 \u00e0 l\u2019H\u00f4tel de Ville)<\/li>\n<\/ul>\n<p><strong>Des projections de documentaires\u00a0:<\/strong><\/p>\n<ul class=\"listPuce\">\n<li>\u00ab\u00a0Intercept\u00e9s\u00a0\u00bb, film en lice pour le prix Lux (avril 2025)<\/li>\n<li>\u00ab\u00a020 jours \u00e0 Marioupol\u00a0\u00bb prim\u00e9 aux Oscars 2024 (mai 2024)<\/li>\n<li>\u00ab\u00a0Marioupol. L\u2019espoir n\u2019est pas perdu\u00a0\u00bb (f\u00e9vrier 2023)<\/li>\n<\/ul>\n<p><strong>Des repr\u00e9sentations exceptionnelles :<\/strong><\/p>\n<ul class=\"listPuce\">\n<li>Le Grand ballet de Kyiv au Casino Barri\u00e8re en f\u00e9vrier 2024 et en f\u00e9vrier 2025<\/li>\n<li>Concert de la Doumka, le ch\u0153ur national d\u2019Ukraine, au Nouveau Si\u00e8cle (novembre 2023)<\/li>\n<\/ul>\n<p>Plus de trois ans apr\u00e8s le d\u00e9but de l&rsquo;invasion russe, la Ville de Lille poursuit ses actions de coop\u00e9ration avec Kharkiv de mani\u00e8re plus structurantes dans les domaines culturels et sportifs, ainsi que part des actions en faveur des publics jeunes.<\/p>\n<p><strong>Une coop\u00e9ration culturelle enrichissante<\/strong><\/p>\n<p>Dans le domaine culturel, la Ville de Kharkiv a soutenu l\u2019initiative de la Ville de Lille men\u00e9e \u00e0 l\u2019\u00e9chelle europ\u00e9enne en faveur d\u2019une culture moins carbon\u00e9e et plus inclusive et de la transition \u00e9cologique du secteur culturel.<\/p>\n<p>Des enfants de Kharkiv ont r\u00e9cemment contribu\u00e9 \u00e0 l&rsquo;exposition M\u00f4m&rsquo;Art, organis\u00e9e dans le cadre de la saison Fiesta de lille3000, au travers de dessins repr\u00e9sentant des sc\u00e8nes de f\u00eates traditionnelles.<\/p>\n<p>Des artistes de Kharkiv sont r\u00e9guli\u00e8rement accueillis \u00e0 Lille afin de d\u00e9velopper les projets de cr\u00e9ations artistiques avec des op\u00e9rateurs culturels lillois. Cette action sera poursuivie avec la participation de Lille au festival \u00ab\u00a0Voyage en Ukraine\u00a0\u00bb, pilot\u00e9 par l&rsquo;Institut fran\u00e7ais et l&rsquo;Institut ukrainien, entre d\u00e9cembre 2025 et mars 2026.<\/p>\n<ul class=\"listPuce\">\n<li>Accueil d&rsquo;Oleksandra Segal, curatrice du Palais des Beaux-Arts d&rsquo;Odessa, avec le soutien de l&rsquo;Institut fran\u00e7ais (janvier 2025)<\/li>\n<li>Accueil de Ksusha, jeune artiste de Kharkiv, en r\u00e9sidence artistique au centre d\u2019art plastique et visuel (CAPV). Pendant 6 semaines, elle a travaill\u00e9 sur son projet artistique et a men\u00e9 des ateliers avec les publics du CAPV (f\u00e9vrier et mars 2024)<\/li>\n<li>Accueil, avec l\u2019Institut fran\u00e7ais, d&rsquo;une dizaine de professionnels ukrainiens de l\u2019art contemporain pour \u00e9changer sur des partenariats culturels possibles (octobre 2023).<\/li>\n<\/ul>\n<p><strong>L\u2019accueil de sportifs de haut niveau<\/strong><\/p>\n<p>Dans le domaine sportif, la m\u00e9tropole lilloise a \u00e9t\u00e9 terre d\u2019accueil pour plusieurs athl\u00e8tes ukrainiens qui sont venus s\u2019entrainer \u00e0 Lille et dans la m\u00e9tropole pour les Jeux olympiques et paralympiques 2024. Le 7 d\u00e9cembre 2023, le ministre ukrainien de la jeunesse et des sports, Matvii Bidnyi, la conseill\u00e8re sport du Pr\u00e9sident Zelensky,\u00a0Elena Govorova, et l\u2019athl\u00e8te Sergue\u00ef Bubka sont venus visiter les diff\u00e9rents \u00e9quipements sportifs qui ont accueilli ces athl\u00e8tes nationaux.<\/p>\n<p><strong>Des liens renforc\u00e9s par les rencontres de jeunes<\/strong><\/p>\n<p>            <img src-full=\"\/var\/www\/storage\/images\/mediatheque\/mairie-de-lille\/n1\/votre-mairie\/les-relations-internationales\/images\/cooperation-avec-kharkiv\/sejour-de-repit-aout-2024_-c-thomas-lo-presti_dicom_ville-de-lille\/3824159-1-fre-FR\/Sejour-de-repit-Aout-2024_-C-Thomas-Lo-Presti_DICOM_Ville-de-Lille.jpg\" data-caption-full=\"S\u00e9jour de r\u00e9pit Aout 2024_\u00a9 Thomas Lo Presti_DICOM_Ville de Lille\" width=\"1100\" height=\"733\" alt=\"S\u00e9jour de r\u00e9pit Aout 2024_\u00a9 Thomas Lo Presti_DICOM_Ville de Lille\" title=\"S\u00e9jour de r\u00e9pit Aout 2024_\u00a9 Thomas Lo Presti_DICOM_Ville de Lille\" class=\"align-\"\/>\n    <\/p>\n<p>La coop\u00e9ration autour de la jeunesse s&rsquo;est notamment traduite par l&rsquo;organisation de trois s\u00e9jours de r\u00e9pit pour des jeunes de Kharkiv (avril 2024, ao\u00fbt 2024, avril 2025). Au total, 120 enfants et accompagnants de Kharkiv ont \u00e9t\u00e9 accueillis. Les objectifs de ces s\u00e9jours sont multiples : permettre un temps de r\u00e9pit pour les jeunes de Kharkiv, boulevers\u00e9s par les bombardements incessants\u00a0; cr\u00e9er des liens d&rsquo;amiti\u00e9s entre des jeunes Lillois et Kharkiviens, et faire d\u00e9couvrir Lille et sa r\u00e9gion aux Ukrainiens et la culture ukrainienne aux Lillois.<\/p>\n<p>A chaque fois, ces s\u00e9jours sont aussi l&rsquo;occasion d&rsquo;avoir des \u00e9changes en r\u00e9ciprocit\u00e9 avec les repr\u00e9sentants de la Ville de Kharkiv sur l&rsquo;organisation des politiques publiques en France et en Ukraine (sport, \u00e9ducation, jeunesse, &#8230;) et la poursuite des projets de coop\u00e9ration entre les deux Villes jumelles dans les ann\u00e9es \u00e0 venir (culture, transfert de pratiques et de formation aupr\u00e8s des fonctionnaires de la Ville de Kharkiv, reconstruction\u2026).<\/p>\n","protected":false},"excerpt":{"rendered":"Fortes de relations d\u2019amiti\u00e9 et de coop\u00e9ration instaur\u00e9es progressivement, les Villes de Lille et de Kharkiv* sont jumel\u00e9es&hellip;\n","protected":false},"author":2,"featured_media":269068,"comment_status":"","ping_status":"","sticky":false,"template":"","format":"standard","meta":{"footnotes":""},"categories":[2815],"tags":[1111,11,4763,1777,674,1011,27,811,1307,5415,12,25],"class_list":{"0":"post-269067","1":"post","2":"type-post","3":"status-publish","4":"format-standard","5":"has-post-thumbnail","7":"category-lille","8":"tag-actu","9":"tag-actualites","10":"tag-agenda","11":"tag-eu","12":"tag-europe","13":"tag-fr","14":"tag-france","15":"tag-hauts-de-france","16":"tag-lille","17":"tag-mairie","18":"tag-news","19":"tag-republique-francaise"},"share_on_mastodon":{"url":"https:\/\/pubeurope.com\/@fr\/114904931135575212","error":""},"_links":{"self":[{"href":"https:\/\/www.europesays.com\/fr\/wp-json\/wp\/v2\/posts\/269067","targetHints":{"allow":["GET"]}}],"collection":[{"href":"https:\/\/www.europesays.com\/fr\/wp-json\/wp\/v2\/posts"}],"about":[{"href":"https:\/\/www.europesays.com\/fr\/wp-json\/wp\/v2\/types\/post"}],"author":[{"embeddable":true,"href":"https:\/\/www.europesays.com\/fr\/wp-json\/wp\/v2\/users\/2"}],"replies":[{"embeddable":true,"href":"https:\/\/www.europesays.com\/fr\/wp-json\/wp\/v2\/comments?post=269067"}],"version-history":[{"count":0,"href":"https:\/\/www.europesays.com\/fr\/wp-json\/wp\/v2\/posts\/269067\/revisions"}],"wp:featuredmedia":[{"embeddable":true,"href":"https:\/\/www.europesays.com\/fr\/wp-json\/wp\/v2\/media\/269068"}],"wp:attachment":[{"href":"https:\/\/www.europesays.com\/fr\/wp-json\/wp\/v2\/media?parent=269067"}],"wp:term":[{"taxonomy":"category","embeddable":true,"href":"https:\/\/www.europesays.com\/fr\/wp-json\/wp\/v2\/categories?post=269067"},{"taxonomy":"post_tag","embeddable":true,"href":"https:\/\/www.europesays.com\/fr\/wp-json\/wp\/v2\/tags?post=269067"}],"curies":[{"name":"wp","href":"https:\/\/api.w.org\/{rel}","templated":true}]}}