{"id":269073,"date":"2025-07-23T22:36:11","date_gmt":"2025-07-23T22:36:11","guid":{"rendered":"https:\/\/www.europesays.com\/fr\/269073\/"},"modified":"2025-07-23T22:36:11","modified_gmt":"2025-07-23T22:36:11","slug":"passe-par-lyon-qui-est-fabien-mandon-le-nouveau-chef-detat-major-des-armees","status":"publish","type":"post","link":"https:\/\/www.europesays.com\/fr\/269073\/","title":{"rendered":"Pass\u00e9 par Lyon, qui est Fabien Mandon, le nouveau chef d\u2019\u00e9tat-major des arm\u00e9es ?"},"content":{"rendered":"<p itemprop=\"description\"><strong>Avant d\u2019atteindre les plus hauts sommets de l\u2019arm\u00e9e fran\u00e7aise, il a \u00e9tudi\u00e9 \u00e0 Lyon et bri\u00e8vement port\u00e9 les couleurs de l\u2019OL.<\/strong><\/p>\n<p>Le g\u00e9n\u00e9ral d\u2019arm\u00e9e a\u00e9rienne Fabien Mandon a \u00e9t\u00e9 nomm\u00e9 ce mercredi 23 juillet chef d\u2019\u00e9tat-major des Arm\u00e9es. Une nouvelle fonction strat\u00e9gique pour cet officier de 55 ans, pass\u00e9 par Lyon durant ses \u00e9tudes et bri\u00e8vement engag\u00e9 chez les jeunes de l\u2019OL.<\/p>\n<p>N\u00e9 \u00e0 Montmorency (Val-d\u2019Oise) en 1969, Fabien Mandon n\u2019a aucun militaire dans sa famille. C\u2019est \u00e0 Lyon qu\u2019il effectue une partie de sa scolarit\u00e9 au lyc\u00e9e \u00c9douard Herriot, de la seconde jusqu\u2019aux classes pr\u00e9paratoires \u00ab\u00a0maths sup \u2013 maths sp\u00e9.\u00a0\u00bb<\/p>\n<p>Il envisage un temps une carri\u00e8re de footballeur professionnel, \u00e9volue comme ailier gauche dans les \u00e9quipes de jeunes de l\u2019Olympique lyonnais, avant d\u2019abandonner cette voie. \u00ab\u00a0Mon premier \u00e9chec\u00a0\u00bb, confiait-il r\u00e9cemment, dans un entretien accord\u00e9 \u00e0 <a href=\"https:\/\/www.lexpress.fr\/societe\/quand-il-cause-on-lecoute-fabien-mandon-le-general-qui-murmure-a-loreille-demmanuel-macron-JQH2CLEK7FFIFCA5A5TDDD46DI\/\" target=\"_blank\" rel=\"noopener\">l&rsquo;Express<\/a>.<\/p>\n<p>Ce renoncement le m\u00e8ne vers les airs. Pilote de chasse form\u00e9 dans les ann\u00e9es 1990, il participe \u00e0 plus d\u2019une centaine de missions de guerre, notamment en Afghanistan, au Tchad ou en Centrafrique. Officier exp\u00e9riment\u00e9, il gravit les \u00e9chelons jusqu\u2019\u00e0 devenir, en mai 2023, chef de l\u2019\u00e9tat-major particulier du pr\u00e9sident de la R\u00e9publique, Emmanuel Macron. Il occupait ainsi la fonction de plus proche conseiller militaire de l\u2019\u00c9lys\u00e9e.<\/p>\n<p>Sa nomination \u00e0 la t\u00eate des Arm\u00e9es marque aussi un tournant : il est le premier aviateur \u00e0 occuper ce poste depuis trois d\u00e9cennies. Le ministre des Arm\u00e9es s\u2019est dit confiant dans sa capacit\u00e9 \u00e0 poursuivre \u00ab\u00a0la transformation de nos forces dans un contexte s\u00e9curitaire toujours plus exigeant.\u00a0\u00bb<\/p>\n<blockquote class=\"twitter-tweet\"><p>&#13;<\/p>\n<p dir=\"ltr\" lang=\"fr\">Merci au g\u00e9n\u00e9ral Thierry Burkhard d\u2019avoir servi la France avec honneur, courage et hauteur de vue. Respect et gratitude de la Nation.<\/p>\n<p>Ma pleine confiance au g\u00e9n\u00e9ral Fabien Mandon, nouveau chef d\u2019\u00e9tat-major des arm\u00e9es, pour guider nos forces\u2026<\/p>\n<p>&#13;<br \/>\n\u2014 Emmanuel Macron (@EmmanuelMacron) <a href=\"https:\/\/twitter.com\/EmmanuelMacron\/status\/1948017837731180952?ref_src=twsrc%5Etfw\" target=\"_blank\" rel=\"noopener\">July 23, 2025<\/a><\/p><\/blockquote>\n<p>\t\t  <script async src=\"https:\/\/platform.twitter.com\/widgets.js\" charset=\"utf-8\"><\/script><\/p>\n","protected":false},"excerpt":{"rendered":"Avant d\u2019atteindre les plus hauts sommets de l\u2019arm\u00e9e fran\u00e7aise, il a \u00e9tudi\u00e9 \u00e0 Lyon et bri\u00e8vement port\u00e9 les&hellip;\n","protected":false},"author":2,"featured_media":269074,"comment_status":"","ping_status":"","sticky":false,"template":"","format":"standard","meta":{"footnotes":""},"categories":[1889],"tags":[1111,11,2813,2190,2430,1109,251,1112,2811,1777,674,118,1011,27,1922,1110,1114,2428,2810,12,241,316,25,2812,517,800],"class_list":{"0":"post-269073","1":"post","2":"type-post","3":"status-publish","4":"format-standard","5":"has-post-thumbnail","7":"category-lyon","8":"tag-actu","9":"tag-actualites","10":"tag-article","11":"tag-asvel","12":"tag-auvergne-rhone-alpes","13":"tag-breves","14":"tag-culture","15":"tag-depeches","16":"tag-economique","17":"tag-eu","18":"tag-europe","19":"tag-faits-divers","20":"tag-fr","21":"tag-france","22":"tag-info","23":"tag-informations","24":"tag-infos","25":"tag-lyon","26":"tag-lyonmag","27":"tag-news","28":"tag-ol","29":"tag-politique","30":"tag-republique-francaise","31":"tag-sociale","32":"tag-sport","33":"tag-transports"},"share_on_mastodon":{"url":"https:\/\/pubeurope.com\/@fr\/114904942739495669","error":""},"_links":{"self":[{"href":"https:\/\/www.europesays.com\/fr\/wp-json\/wp\/v2\/posts\/269073","targetHints":{"allow":["GET"]}}],"collection":[{"href":"https:\/\/www.europesays.com\/fr\/wp-json\/wp\/v2\/posts"}],"about":[{"href":"https:\/\/www.europesays.com\/fr\/wp-json\/wp\/v2\/types\/post"}],"author":[{"embeddable":true,"href":"https:\/\/www.europesays.com\/fr\/wp-json\/wp\/v2\/users\/2"}],"replies":[{"embeddable":true,"href":"https:\/\/www.europesays.com\/fr\/wp-json\/wp\/v2\/comments?post=269073"}],"version-history":[{"count":0,"href":"https:\/\/www.europesays.com\/fr\/wp-json\/wp\/v2\/posts\/269073\/revisions"}],"wp:featuredmedia":[{"embeddable":true,"href":"https:\/\/www.europesays.com\/fr\/wp-json\/wp\/v2\/media\/269074"}],"wp:attachment":[{"href":"https:\/\/www.europesays.com\/fr\/wp-json\/wp\/v2\/media?parent=269073"}],"wp:term":[{"taxonomy":"category","embeddable":true,"href":"https:\/\/www.europesays.com\/fr\/wp-json\/wp\/v2\/categories?post=269073"},{"taxonomy":"post_tag","embeddable":true,"href":"https:\/\/www.europesays.com\/fr\/wp-json\/wp\/v2\/tags?post=269073"}],"curies":[{"name":"wp","href":"https:\/\/api.w.org\/{rel}","templated":true}]}}