{"id":269075,"date":"2025-07-23T22:37:18","date_gmt":"2025-07-23T22:37:18","guid":{"rendered":"https:\/\/www.europesays.com\/fr\/269075\/"},"modified":"2025-07-23T22:37:18","modified_gmt":"2025-07-23T22:37:18","slug":"pres-de-lyon-a-trottinette-il-tire-un-coup-de-feu-en-pleine-rue","status":"publish","type":"post","link":"https:\/\/www.europesays.com\/fr\/269075\/","title":{"rendered":"Pr\u00e8s de Lyon : \u00e0 trottinette, il tire un coup de feu en pleine rue"},"content":{"rendered":"<p>Un homme a \u00e9t\u00e9 interpell\u00e9, ce mercredi 23 juillet, apr\u00e8s avoir tir\u00e9 un coup de feu en pleine rue \u00e0 V\u00e9nissieux.<\/p>\n<p>Un coup de feu tir\u00e9 en milieu de journ\u00e9e a suscit\u00e9 l&rsquo;inqui\u00e9tude chez de nombreux habitants de la commune. Mercredi 23 juillet, vers 13h, un homme circulant \u00e0 trottinette boulevard Ambroise Croizat, \u00e0 <b>V\u00e9nissieux<\/b>, a ouvert le feu dans les airs.<\/p>\n<p>La police interpelle un suspect \u00e0 V\u00e9nissieux<\/p>\n<p>Une d\u00e9tonation entendue \u00e0 proximit\u00e9 d&rsquo;un point de deal qui a entra\u00een\u00e9 une intervention de la police. Plusieurs t\u00e9moins ont indiqu\u00e9 avoir vu un individu, tout de noir v\u00eatu, avec une capuche.<\/p>\n<p>D&rsquo;apr\u00e8s <a class=\"url\" href=\"https:\/\/www.leprogres.fr\/faits-divers-justice\/2025\/07\/23\/coup-de-feu-pres-d-un-point-de-deal-a-venissieux-un-suspect-arrete\" target=\"_blank\" rel=\"nofollow noopener\">Le Progr\u00e8s<\/a>, un suspect correspondant au signalement a \u00e9t\u00e9 rapidement interpell\u00e9 <b>rue Max Barel<\/b>.<\/p>\n<p>Un immeuble vis\u00e9 par des coups de feu lundi<\/p>\n<p>Ce dernier se serait d\u00e9barrass\u00e9 de son arme \u00e0 feu sous une voiture. L&rsquo;arme a \u00e9t\u00e9 retrouv\u00e9e ainsi qu&rsquo;<b>une douille de 9 mm<\/b>. Une enqu\u00eate est en cours.<\/p>\n<p>C&rsquo;est la deuxi\u00e8me fois cette semaine que de tels faits se produisent dans ce secteur de V\u00e9nissieux. Lundi 21 juillet, des coups de feu ont \u00e9t\u00e9 tir\u00e9s sur un immeuble.<\/p>\n<p><img loading=\"lazy\" decoding=\"async\" src=\"https:\/\/www.europesays.com\/fr\/wp-content\/uploads\/2025\/07\/1753310238_238_img\" width=\"350\" height=\"200\" border=\"0\" title=\"Police nationale.\"\/><\/p>\n<p>\u25baFaits divers<\/p>\n<p style=\"font-size: 22px;\"><b>Homme poignard\u00e9 \u00e0 Saint-Fons pr\u00e8s de Lyon : le suspect \u00e9crou\u00e9 pour meurtre<\/b><\/p>\n<p>Le parquet de Lyon annonce qu&rsquo;un homme de 24 ans&#8230;<\/p>\n<p><\/p>\n","protected":false},"excerpt":{"rendered":"Un homme a \u00e9t\u00e9 interpell\u00e9, ce mercredi 23 juillet, apr\u00e8s avoir tir\u00e9 un coup de feu en pleine&hellip;\n","protected":false},"author":2,"featured_media":144178,"comment_status":"","ping_status":"","sticky":false,"template":"","format":"standard","meta":{"footnotes":""},"categories":[1889],"tags":[40831,1111,11,40829,2430,5143,40830,40832,1777,674,6017,1011,27,11272,2428,12,1072,24243,25,5430],"class_list":{"0":"post-269075","1":"post","2":"type-post","3":"status-publish","4":"format-standard","5":"has-post-thumbnail","7":"category-lyon","8":"tag-9-mm","9":"tag-actu","10":"tag-actualites","11":"tag-arme-feu","12":"tag-auvergne-rhone-alpes","13":"tag-coups-de-feu","14":"tag-douille","15":"tag-en-pleine-rue","16":"tag-eu","17":"tag-europe","18":"tag-fait-divers","19":"tag-fr","20":"tag-france","21":"tag-interpellation","22":"tag-lyon","23":"tag-news","24":"tag-police","25":"tag-prs-de-lyon","26":"tag-republique-francaise","27":"tag-vnissieux"},"share_on_mastodon":{"url":"https:\/\/pubeurope.com\/@fr\/114904946623081868","error":""},"_links":{"self":[{"href":"https:\/\/www.europesays.com\/fr\/wp-json\/wp\/v2\/posts\/269075","targetHints":{"allow":["GET"]}}],"collection":[{"href":"https:\/\/www.europesays.com\/fr\/wp-json\/wp\/v2\/posts"}],"about":[{"href":"https:\/\/www.europesays.com\/fr\/wp-json\/wp\/v2\/types\/post"}],"author":[{"embeddable":true,"href":"https:\/\/www.europesays.com\/fr\/wp-json\/wp\/v2\/users\/2"}],"replies":[{"embeddable":true,"href":"https:\/\/www.europesays.com\/fr\/wp-json\/wp\/v2\/comments?post=269075"}],"version-history":[{"count":0,"href":"https:\/\/www.europesays.com\/fr\/wp-json\/wp\/v2\/posts\/269075\/revisions"}],"wp:featuredmedia":[{"embeddable":true,"href":"https:\/\/www.europesays.com\/fr\/wp-json\/wp\/v2\/media\/144178"}],"wp:attachment":[{"href":"https:\/\/www.europesays.com\/fr\/wp-json\/wp\/v2\/media?parent=269075"}],"wp:term":[{"taxonomy":"category","embeddable":true,"href":"https:\/\/www.europesays.com\/fr\/wp-json\/wp\/v2\/categories?post=269075"},{"taxonomy":"post_tag","embeddable":true,"href":"https:\/\/www.europesays.com\/fr\/wp-json\/wp\/v2\/tags?post=269075"}],"curies":[{"name":"wp","href":"https:\/\/api.w.org\/{rel}","templated":true}]}}