{"id":269096,"date":"2025-07-23T22:50:11","date_gmt":"2025-07-23T22:50:11","guid":{"rendered":"https:\/\/www.europesays.com\/fr\/269096\/"},"modified":"2025-07-23T22:50:11","modified_gmt":"2025-07-23T22:50:11","slug":"leurope-principal-partenaire-du-maroc-en-2024","status":"publish","type":"post","link":"https:\/\/www.europesays.com\/fr\/269096\/","title":{"rendered":"l\u2019Europe, principal partenaire du Maroc en 2024"},"content":{"rendered":"<p><strong>Les \u00e9changes commerciaux du Maroc demeurent domin\u00e9s par l\u2019Europe avec une part de 62% en 2024, en baisse par rapport \u00e0 une ann\u00e9e auparavant (63,2%), selon l&rsquo;Office des Changes.<\/strong><\/p>\n<p>En effet, 56,4% des importations sont originaires de l&rsquo;Europe et 71,4% des exportations lui sont destin\u00e9es, pr\u00e9cise l&rsquo;Office dans son rapport annuel sur le Commerce ext\u00e9rieur du Maroc.<\/p>\n<p>D\u2019apr\u00e8s la m\u00eame source, les \u00e9changes avec l\u2019Europe enregistrent une augmentation de 4,1% \u00e0 754,9 milliards de dirhams (MMDH), dont 86,6% sont r\u00e9alis\u00e9s avec les pays de l\u2019Union europ\u00e9enne (UE).<\/p>\n<p>L\u2019Espagne se place en t\u00eate des pays partenaires europ\u00e9ens (29,1%), suivie de la France (21%), de l\u2019Allemagne (8,4%), de l\u2019Italie (7,7%) et de la Turquie (6,7%).<\/p>\n<p>Concernant les \u00e9changes du Maroc avec l\u2019Asie, ils sont marqu\u00e9s par une hausse de 12,7% en 2024, apr\u00e8s une baisse de 15,8% en 2023. Parall\u00e8lement, leur part dans le total des \u00e9changes augmente de 18,9% en 2023 \u00e0 20,1% en 2024.<\/p>\n<p>Cette situation s\u2019explique essentiellement par l\u2019accroissement des \u00e9changes commerciaux avec la Chine, principal pays partenaire asiatique, dont les \u00e9changes poursuivent leur progression pour la treizi\u00e8me ann\u00e9e cons\u00e9cutive (+18,4% en 2024). Le Kazakhstan et l\u2019Inde contribuent \u00e9galement \u00e0 la hausse avec des augmentations respectives de (+4,6 MMDH) et (+3 MMDH).<\/p>\n<p>Quant aux \u00e9changes avec l\u2019Am\u00e9rique, ils s\u2019inscrivent en hausse (+6,1%), apr\u00e8s la baisse de 2023. Cette \u00e9volution s\u2019explique principalement par l\u2019accroissement des \u00e9changes avec les \u00c9tats-Unis (+15,8%), att\u00e9nu\u00e9e toutefois par la baisse des \u00e9changes avec la Colombie (-77,2%) et la Trinit\u00e9-et-Tobago (-42,9%).<\/p>\n<p>Pour ce qui est des \u00e9changes avec l\u2019Afrique, ils augmentent de 6,3% en 2024, port\u00e9s principalement par les \u00e9changes avec l\u2019\u00c9gypte (+34,7%) qui demeure pour la sixi\u00e8me ann\u00e9e cons\u00e9cutive le principal partenaire africain du Maroc.<\/p>\n<p>S\u2019agissant des \u00e9changes avec l\u2019Oc\u00e9anie, qui restent limit\u00e9s (0,5% du total des \u00e9changes), ils s\u2019am\u00e9liorent \u00e0 un rythme accru en enregistrant une augmentation de 48,1% en 2024 et de 17,7% en 2023.<\/p>\n<p>Cette situation est imputable \u00e0 l\u2019augmentation des \u00e9changes commerciaux avec l\u2019Australie (+2,2 MMDH), att\u00e9nu\u00e9e par le recul des \u00e9changes avec la Nouvelle-Z\u00e9lande (-400 millions de dirhams).<\/p>\n","protected":false},"excerpt":{"rendered":"Les \u00e9changes commerciaux du Maroc demeurent domin\u00e9s par l\u2019Europe avec une part de 62% en 2024, en baisse&hellip;\n","protected":false},"author":2,"featured_media":269097,"comment_status":"","ping_status":"","sticky":false,"template":"","format":"standard","meta":{"footnotes":""},"categories":[1586],"tags":[11,215,21193,22079,1777,674,1011,27,40837,12,40836,25],"class_list":{"0":"post-269096","1":"post","2":"type-post","3":"status-publish","4":"format-standard","5":"has-post-thumbnail","7":"category-europe","8":"tag-actualites","9":"tag-commerce","10":"tag-commerce-exterieur","11":"tag-echanges-commerciaux","12":"tag-eu","13":"tag-europe","14":"tag-fr","15":"tag-france","16":"tag-maroc-europe","17":"tag-news","18":"tag-office-des-changes","19":"tag-republique-francaise"},"share_on_mastodon":{"url":"https:\/\/pubeurope.com\/@fr\/114904997791394912","error":""},"_links":{"self":[{"href":"https:\/\/www.europesays.com\/fr\/wp-json\/wp\/v2\/posts\/269096","targetHints":{"allow":["GET"]}}],"collection":[{"href":"https:\/\/www.europesays.com\/fr\/wp-json\/wp\/v2\/posts"}],"about":[{"href":"https:\/\/www.europesays.com\/fr\/wp-json\/wp\/v2\/types\/post"}],"author":[{"embeddable":true,"href":"https:\/\/www.europesays.com\/fr\/wp-json\/wp\/v2\/users\/2"}],"replies":[{"embeddable":true,"href":"https:\/\/www.europesays.com\/fr\/wp-json\/wp\/v2\/comments?post=269096"}],"version-history":[{"count":0,"href":"https:\/\/www.europesays.com\/fr\/wp-json\/wp\/v2\/posts\/269096\/revisions"}],"wp:featuredmedia":[{"embeddable":true,"href":"https:\/\/www.europesays.com\/fr\/wp-json\/wp\/v2\/media\/269097"}],"wp:attachment":[{"href":"https:\/\/www.europesays.com\/fr\/wp-json\/wp\/v2\/media?parent=269096"}],"wp:term":[{"taxonomy":"category","embeddable":true,"href":"https:\/\/www.europesays.com\/fr\/wp-json\/wp\/v2\/categories?post=269096"},{"taxonomy":"post_tag","embeddable":true,"href":"https:\/\/www.europesays.com\/fr\/wp-json\/wp\/v2\/tags?post=269096"}],"curies":[{"name":"wp","href":"https:\/\/api.w.org\/{rel}","templated":true}]}}