{"id":269102,"date":"2025-07-23T22:53:16","date_gmt":"2025-07-23T22:53:16","guid":{"rendered":"https:\/\/www.europesays.com\/fr\/269102\/"},"modified":"2025-07-23T22:53:16","modified_gmt":"2025-07-23T22:53:16","slug":"emmanuel-et-brigitte-macron-portent-plainte-en-diffamation-contre-candace-owens","status":"publish","type":"post","link":"https:\/\/www.europesays.com\/fr\/269102\/","title":{"rendered":"Emmanuel et Brigitte Macron portent plainte en diffamation contre Candace Owens"},"content":{"rendered":"<p class=\"article-p mdl\">Emmanuel et Brigitte Macron ont d\u00e9pos\u00e9 une plainte en diffamation, aux \u00c9tats-Unis, contre Candace Owens, selon un article du\u00a0<a class=\"link\" href=\"https:\/\/www.ft.com\/content\/d9bf7d2b-b834-4c19-8c66-8629e3046f24\" target=\"_blank\" rel=\"nofollow noopener\">Financial Times<\/a>\u00a0publi\u00e9 ce mercredi 23 juillet 2025. L&rsquo;influenceuse conspirationniste avait relay\u00e9 la fausse information selon laquelle que la premi\u00e8re dame \u00e9tait \u00ab\u00a0en r\u00e9alit\u00e9 un homme\u00a0\u00bb.<\/p>\n<p>Dans leur plainte de 218 pages, le couple Macron accuse la figure de l&rsquo;extr\u00eame droite am\u00e9ricaine d\u2019avoir diffus\u00e9 des \u00ab\u00a0r\u00e9cits extravagants, diffamatoires et invraisemblables\u00a0\u00bb. \u00ab\u00a0Le principe ici, c\u2019est la v\u00e9rit\u00e9\u00a0\u00bb, a d\u00e9clar\u00e9 Thomas Clare, l&rsquo;avocat d&rsquo;Emmanuel et Brigitte Macron. \u00ab\u00a0Ils estiment qu\u2019il est important de se d\u00e9fendre\u2026 Owens a eu plusieurs occasions de faire ce qu\u2019il fallait, et elle n\u2019a fait que se moquer d\u2019eux en retour\u00a0\u00bb, a-t-il ajout\u00e9. \u00c0 noter que le pr\u00e9sident de la R\u00e9publique et la premi\u00e8re dame se sont dits pr\u00eats \u00e0 se rendre aux \u00c9tats-Unis pour compara\u00eetre en personne lors du proc\u00e8s.<\/p>\n<p class=\"article-p mdl\">Le Financial Times souligne que cette situation est in\u00e9dite. Il est, en effet, rare d&rsquo;avoir un chef d&rsquo;\u00c9tat qui poursuit en diffamation personnellement une influenceuse. Le couple Macron souhaite un proc\u00e8s devant un jury et ainsi que des dommages-int\u00e9r\u00eats.<\/p>\n<p>    La r\u00e9daction vous recommande<\/p>\n<p class=\"s-newsletter__title\">\n                L\u2019actualit\u00e9 par la r\u00e9daction de RTL dans votre bo\u00eete mail.\n            <\/p>\n<p class=\"s-newsletter__subtitle\">\n                Gr\u00e2ce \u00e0 votre compte RTL abonnez-vous \u00e0 la newsletter RTL info pour suivre toute l&rsquo;actualit\u00e9 au quotidien\n            <\/p>\n<p>\n                                    Lire la suite\n                                <\/p>\n","protected":false},"excerpt":{"rendered":"Emmanuel et Brigitte Macron ont d\u00e9pos\u00e9 une plainte en diffamation, aux \u00c9tats-Unis, contre Candace Owens, selon un article&hellip;\n","protected":false},"author":2,"featured_media":269103,"comment_status":"","ping_status":"","sticky":false,"template":"","format":"standard","meta":{"footnotes":""},"categories":[2],"tags":[11,986,1073,73,107,1011,27,14,12,25],"class_list":{"0":"post-269102","1":"post","2":"type-post","3":"status-publish","4":"format-standard","5":"has-post-thumbnail","7":"category-actualites","8":"tag-actualites","9":"tag-brigitte-macron","10":"tag-emmanuel-macron","11":"tag-etats-unis","12":"tag-fil-info","13":"tag-fr","14":"tag-france","15":"tag-international","16":"tag-news","17":"tag-republique-francaise"},"share_on_mastodon":{"url":"https:\/\/pubeurope.com\/@fr\/114905009588828133","error":""},"_links":{"self":[{"href":"https:\/\/www.europesays.com\/fr\/wp-json\/wp\/v2\/posts\/269102","targetHints":{"allow":["GET"]}}],"collection":[{"href":"https:\/\/www.europesays.com\/fr\/wp-json\/wp\/v2\/posts"}],"about":[{"href":"https:\/\/www.europesays.com\/fr\/wp-json\/wp\/v2\/types\/post"}],"author":[{"embeddable":true,"href":"https:\/\/www.europesays.com\/fr\/wp-json\/wp\/v2\/users\/2"}],"replies":[{"embeddable":true,"href":"https:\/\/www.europesays.com\/fr\/wp-json\/wp\/v2\/comments?post=269102"}],"version-history":[{"count":0,"href":"https:\/\/www.europesays.com\/fr\/wp-json\/wp\/v2\/posts\/269102\/revisions"}],"wp:featuredmedia":[{"embeddable":true,"href":"https:\/\/www.europesays.com\/fr\/wp-json\/wp\/v2\/media\/269103"}],"wp:attachment":[{"href":"https:\/\/www.europesays.com\/fr\/wp-json\/wp\/v2\/media?parent=269102"}],"wp:term":[{"taxonomy":"category","embeddable":true,"href":"https:\/\/www.europesays.com\/fr\/wp-json\/wp\/v2\/categories?post=269102"},{"taxonomy":"post_tag","embeddable":true,"href":"https:\/\/www.europesays.com\/fr\/wp-json\/wp\/v2\/tags?post=269102"}],"curies":[{"name":"wp","href":"https:\/\/api.w.org\/{rel}","templated":true}]}}