{"id":269106,"date":"2025-07-23T22:55:12","date_gmt":"2025-07-23T22:55:12","guid":{"rendered":"https:\/\/www.europesays.com\/fr\/269106\/"},"modified":"2025-07-23T22:55:12","modified_gmt":"2025-07-23T22:55:12","slug":"adrien-saddier-quelque-chose-de-fou-a-vivre","status":"publish","type":"post","link":"https:\/\/www.europesays.com\/fr\/269106\/","title":{"rendered":"Adrien Saddier : \u00ab Quelque chose de fou \u00e0 vivre \u00bb"},"content":{"rendered":"<p><strong>Vous \u00eates-vous renseign\u00e9 aupr\u00e8s de Matthieu Pavon sur la vie aux \u00c9tats-Unis, sur cette fa\u00e7on de vivre diff\u00e9remment son m\u00e9tier de golfeur pro\u00a0?<\/strong><br \/>Oui, on en a d\u00e9j\u00e0 parl\u00e9 pas mal de fois. Lui, sa maison est sur un golf, il fait toujours beau, avec toujours de bonnes conditions\u2026 Il a des partenaires d\u2019entra\u00eenement assez sympas aussi\u00a0! Tout est diff\u00e9rent. Mais il faut le m\u00e9riter. Et cela passe par le travail. Si j\u2019attrape une carte, j\u2019essaierai d\u2019en profiter le plus possible. Apr\u00e8s, il faut voir comment sur place \u00e7a se passe. Tous les Europ\u00e9ens se plaignent du fait que c\u2019est assez solitaire comme vie. Moi, je n\u2019ai pas trop \u00e0 me plaindre car je suis aussi assez solitaire de base (rires). Il faut voir comment g\u00e9rer les jours entre les tournois. D\u2019autant que la cat\u00e9gorie qu\u2019on h\u00e9rite en passant sur le PGA Tour, c\u2019est un peu comme une cat\u00e9gorie Q-School en Europe. On ne sait pas tout le temps quand on rentre, certains peuvent entrer dans le champ et pas vous\u2026 Il faut voir le moment venu.<\/p>\n<p>\u00a0<strong>Quel va \u00eatre votre calendrier pour les prochaines semaines\u00a0?<\/strong><br \/>Je monte vendredi \u00e0 Tignes avec David Baudrier (son pr\u00e9parateur physique) et ma famille pour un stage physique. Je reprendrai ensuite au Danemark (14-17 ao\u00fbt). Je ne joue pas le British Masters (21-24 ao\u00fbt) et j\u2019encha\u00eene apr\u00e8s avec Crans (Omega European Masters, 28-31 ao\u00fbt), l\u2019Irlande (4-7 septembre), Wentworth (BMW PGA Championship, 11-14 septembre) et l\u2019Open de France (18-21 septembre).<\/p>\n<p><strong>Ces exp\u00e9riences r\u00e9centes, cette victoire en Italie, cette premi\u00e8re en Majeur, vous poussent-elles \u00e0 des objectifs d\u00e9sormais plus \u00e9lev\u00e9s, comme gagner de nouveau sur le Tour europ\u00e9en par exemple\u00a0? Avez-vous plac\u00e9 le curseur un peu plus haut maintenant\u00a0?<\/strong><br \/>On a toujours envie d\u2019\u00e9lever la barre. Apr\u00e8s, mon objectif du 1er janvier 2025, c\u2019\u00e9tait d\u2019\u00eatre dans le top 100 mondial. Je m\u2019en rapproche (Ndlr, il pointe cette semaine \u00e0 la 135e place mondiale). Et forc\u00e9ment, quand on a go\u00fbt\u00e9 une fois \u00e0 la victoire, on a envie d\u2019y re-go\u00fbter. Il n\u2019y a que \u00e7a de vrai. C\u2019\u00e9tait tellement un bon moment. J\u2019ai envie de revivre \u00e7a assez vite\u00a0!<\/p>\n","protected":false},"excerpt":{"rendered":"Vous \u00eates-vous renseign\u00e9 aupr\u00e8s de Matthieu Pavon sur la vie aux \u00c9tats-Unis, sur cette fa\u00e7on de vivre diff\u00e9remment&hellip;\n","protected":false},"author":2,"featured_media":269107,"comment_status":"","ping_status":"","sticky":false,"template":"","format":"standard","meta":{"footnotes":""},"categories":[1418],"tags":[1011,27,1472,60],"class_list":{"0":"post-269106","1":"post","2":"type-post","3":"status-publish","4":"format-standard","5":"has-post-thumbnail","7":"category-golf","8":"tag-fr","9":"tag-france","10":"tag-golf","11":"tag-sports"},"share_on_mastodon":{"url":"https:\/\/pubeurope.com\/@fr\/114905017414938400","error":""},"_links":{"self":[{"href":"https:\/\/www.europesays.com\/fr\/wp-json\/wp\/v2\/posts\/269106","targetHints":{"allow":["GET"]}}],"collection":[{"href":"https:\/\/www.europesays.com\/fr\/wp-json\/wp\/v2\/posts"}],"about":[{"href":"https:\/\/www.europesays.com\/fr\/wp-json\/wp\/v2\/types\/post"}],"author":[{"embeddable":true,"href":"https:\/\/www.europesays.com\/fr\/wp-json\/wp\/v2\/users\/2"}],"replies":[{"embeddable":true,"href":"https:\/\/www.europesays.com\/fr\/wp-json\/wp\/v2\/comments?post=269106"}],"version-history":[{"count":0,"href":"https:\/\/www.europesays.com\/fr\/wp-json\/wp\/v2\/posts\/269106\/revisions"}],"wp:featuredmedia":[{"embeddable":true,"href":"https:\/\/www.europesays.com\/fr\/wp-json\/wp\/v2\/media\/269107"}],"wp:attachment":[{"href":"https:\/\/www.europesays.com\/fr\/wp-json\/wp\/v2\/media?parent=269106"}],"wp:term":[{"taxonomy":"category","embeddable":true,"href":"https:\/\/www.europesays.com\/fr\/wp-json\/wp\/v2\/categories?post=269106"},{"taxonomy":"post_tag","embeddable":true,"href":"https:\/\/www.europesays.com\/fr\/wp-json\/wp\/v2\/tags?post=269106"}],"curies":[{"name":"wp","href":"https:\/\/api.w.org\/{rel}","templated":true}]}}