{"id":269108,"date":"2025-07-23T22:57:13","date_gmt":"2025-07-23T22:57:13","guid":{"rendered":"https:\/\/www.europesays.com\/fr\/269108\/"},"modified":"2025-07-23T22:57:13","modified_gmt":"2025-07-23T22:57:13","slug":"hastoy-estime-que-cette-saison-va-laider-sur-les-erreurs-a-ne-plus-commettre","status":"publish","type":"post","link":"https:\/\/www.europesays.com\/fr\/269108\/","title":{"rendered":"Hastoy estime que cette saison va l\u2019aider sur les \u00ab erreurs \u00e0 ne plus commettre \u00bb"},"content":{"rendered":"<p>Antoine Hastoy est pass\u00e9 par toutes les \u00e9motions ces derniers mois. L\u2019ouvreur du Stade Rochelais a sembl\u00e9 symbolis\u00e9 les difficult\u00e9s travers\u00e9es par son club, absent des phases finales du Top 14 pour la premi\u00e8re fois depuis 2018. Cibl\u00e9 par Ronan O\u2019Gara pour ses d\u00e9faillances mentales et ses mauvaises performances, l\u2019ancien Palois a \u00e9t\u00e9 s\u00e9v\u00e8rement r\u00e9trograd\u00e9 dans la hi\u00e9rarchie au poste et a perdu sa place de titulaire.<\/p>\n<p>Hastoy veut se servir de cette saison<\/p>\n<p>Une p\u00e9riode tr\u00e8s mal v\u00e9cue par l\u2019international fran\u00e7ais et dont il a eu du mal \u00e0 se relever. Finalement, \u00e0 l\u2019image de son club, Antoine Hastoy a r\u00e9ussi \u00e0 terminer la saison sur de meilleures notes en encha\u00eenant les bonnes performances. Il a alors b\u00e9n\u00e9fici\u00e9 de la confiance de Fabien Galthi\u00e9, qui l\u2019a retenu pour la tourn\u00e9e du XV de France. D\u2019abord devanc\u00e9 par Joris Segonds, il a fini sur une titularisation face aux All Blacks. De quoi lui donner du baume au c\u0153ur, comme il l\u2019a confi\u00e9 \u00e0 <a href=\"https:\/\/www.sudouest.fr\/sport\/xv-de-france-c-etait-bien-de-pouvoir-avoir-ce-petit-avant-gout-avec-nolann-le-garrec-releve-antoine-hastoy-25314733.php\" rel=\"nofollow noopener\" target=\"_blank\">Sud-Ouest.<\/a> L\u2019ouvreur estime que cette saison devrait beaucoup lui servir.<\/p>\n<blockquote>\n<p>\u00ab\u00a0\u00ab\u00a0\u00c7a a \u00e9t\u00e9 progressif mais je suis tr\u00e8s content d\u2019avoir pu commencer ce dernier test. C\u2019est toujours un honneur de porter ce maillot. En plus, contre les Blacks et chez eux, c\u2019est quelque chose d\u2019exceptionnel [\u2026] Je suis arriv\u00e9 avec plus de confiance vue la fin de ma saison \u00e0 La\u00a0Rochelle. Cette saison va beaucoup me servir sur les erreurs \u00e0 ne plus commettre, mentalement aussi. \u00c7a n\u2019a pas \u00e9t\u00e9 facile, mais je suis content de la fin.\u00a0\u00bb<\/p>\n<\/blockquote>\n<p>Partagez cette info avec vos amis et vos proches en cliquant ici<br \/>Pour r\u00e9sumer<\/p>\n<p>Antoine Hastoy est revenu sur sa saison d\u00e9licate v\u00e9cue avec le Stade Rochelais mais termin\u00e9e par une note positive avec la tourn\u00e9e du XV de France en Nouvelle-Z\u00e9lande. L&rsquo;ouvreur estime que cela va l&rsquo;aider pour la suite de sa carri\u00e8re.<\/p>\n<p> <img decoding=\"async\" width=\"76\" height=\"76\" loading=\"lazy\" src=\"https:\/\/www.europesays.com\/fr\/wp-content\/uploads\/2025\/04\/avatar-quinze.png\" alt=\"Arnaud D\u00e9chelotte\"\/><\/p>\n","protected":false},"excerpt":{"rendered":"Antoine Hastoy est pass\u00e9 par toutes les \u00e9motions ces derniers mois. L\u2019ouvreur du Stade Rochelais a sembl\u00e9 symbolis\u00e9&hellip;\n","protected":false},"author":2,"featured_media":269109,"comment_status":"","ping_status":"","sticky":false,"template":"","format":"standard","meta":{"footnotes":""},"categories":[1416],"tags":[1011,27,479,1468,60],"class_list":{"0":"post-269108","1":"post","2":"type-post","3":"status-publish","4":"format-standard","5":"has-post-thumbnail","7":"category-rugby","8":"tag-fr","9":"tag-france","10":"tag-rugby","11":"tag-rugby-football","12":"tag-sports"},"share_on_mastodon":{"url":"https:\/\/pubeurope.com\/@fr\/114905025332274334","error":""},"_links":{"self":[{"href":"https:\/\/www.europesays.com\/fr\/wp-json\/wp\/v2\/posts\/269108","targetHints":{"allow":["GET"]}}],"collection":[{"href":"https:\/\/www.europesays.com\/fr\/wp-json\/wp\/v2\/posts"}],"about":[{"href":"https:\/\/www.europesays.com\/fr\/wp-json\/wp\/v2\/types\/post"}],"author":[{"embeddable":true,"href":"https:\/\/www.europesays.com\/fr\/wp-json\/wp\/v2\/users\/2"}],"replies":[{"embeddable":true,"href":"https:\/\/www.europesays.com\/fr\/wp-json\/wp\/v2\/comments?post=269108"}],"version-history":[{"count":0,"href":"https:\/\/www.europesays.com\/fr\/wp-json\/wp\/v2\/posts\/269108\/revisions"}],"wp:featuredmedia":[{"embeddable":true,"href":"https:\/\/www.europesays.com\/fr\/wp-json\/wp\/v2\/media\/269109"}],"wp:attachment":[{"href":"https:\/\/www.europesays.com\/fr\/wp-json\/wp\/v2\/media?parent=269108"}],"wp:term":[{"taxonomy":"category","embeddable":true,"href":"https:\/\/www.europesays.com\/fr\/wp-json\/wp\/v2\/categories?post=269108"},{"taxonomy":"post_tag","embeddable":true,"href":"https:\/\/www.europesays.com\/fr\/wp-json\/wp\/v2\/tags?post=269108"}],"curies":[{"name":"wp","href":"https:\/\/api.w.org\/{rel}","templated":true}]}}