{"id":269112,"date":"2025-07-23T23:00:22","date_gmt":"2025-07-23T23:00:22","guid":{"rendered":"https:\/\/www.europesays.com\/fr\/269112\/"},"modified":"2025-07-23T23:00:22","modified_gmt":"2025-07-23T23:00:22","slug":"les-classements-apres-le-gp-de-republique-tcheque-2025","status":"publish","type":"post","link":"https:\/\/www.europesays.com\/fr\/269112\/","title":{"rendered":"Les classements apr\u00e8s le GP de R\u00e9publique tch\u00e8que 2025"},"content":{"rendered":"<p>Marc Marquez poursuit sa saison exceptionnelle en remportant un 5e Grand Prix cons\u00e9cutif en <a href=\"https:\/\/www.20minutes.fr\/sport\/moto-gp\/\" class=\"color-ultramarine c-link\" rel=\"nofollow noopener\" target=\"_blank\">MotoGP<\/a>. Il devient le premier pilote Ducati \u00e0 r\u00e9ussir cet exploit. Dimanche en R\u00e9publique tch\u00e8que, il a r\u00e9alis\u00e9 une course s\u00e9rieuse et n\u2019a jamais sembl\u00e9 souffrir pour s\u2019imposer devant l\u2019Italien Marco Bezzecchi (Aprilia), qu\u2019il a doubl\u00e9 au 8e tour, et Pedro Acosta (KTM).<\/p>\n<p>Le \u00ab\u00a0roi\u00a0\u00bb Marc Marquez signe sa 70e victoire dans la cat\u00e9gorie reine, tandis que Pedro Acosto termine pour la premi\u00e8re fois sur un poidum d\u2019un Grand Prix cette saison. Parti en pole position, l\u2019Italien Francesco Bagnaia finit \u00e0 la 4e place.<\/p>\n<p>Chute et abandon d\u2019Alex Marquez<\/p>\n<p>Deuxi\u00e8me au classement g\u00e9n\u00e9ral avant la course, l\u2019Espagnol de Gresini a perdu l\u2019avant et touch\u00e9 le pneu arri\u00e8re de son compatriote de l\u2019\u00e9quipe <a href=\"https:\/\/www.20minutes.fr\/dossier\/honda\" class=\"color-ultramarine c-link\" rel=\"nofollow noopener\" target=\"_blank\">Honda<\/a>. Ce dernier r\u00e9alisait une belle course et n\u2019a rien pu faire pour emp\u00eacher cette chute sur un d\u00e9passement os\u00e9 du fr\u00e8re du leader au classement g\u00e9n\u00e9ral. Le premier <a href=\"https:\/\/www.20minutes.fr\/dossier\/francais\" class=\"color-ultramarine c-link\" rel=\"nofollow noopener\" target=\"_blank\">fran\u00e7ais<\/a>, Fabio Quartararo (Yamaha) termine 6e. Johann Zarco est 13e (Honda LCR).<\/p>\n<p class=\"mb-xxl@xs color-ultramarine font-weight-semi-bold@xs font-source-serif-pro heading-s@xs\">L\u2019acc\u00e8s \u00e0 ce contenu a \u00e9t\u00e9 bloqu\u00e9 afin de respecter votre choix de consentement<\/p>\n<p class=\"mb-m@xs text-l@xs\">En cliquant sur\u00ab J\u2019accepte \u00bb, vous acceptez le d\u00e9p\u00f4t de cookies par des services externes et aurez ainsi acc\u00e8s aux contenus de nos partenaires.<\/p>\n<p class=\"mb-xl@xs text-s@xs\">Plus d\u2019informations sur la page<a href=\"https:\/\/www.20minutes.fr\/gestion-cookies\" class=\"mx-xxs@xs color-ultramarine\" rel=\"nofollow noopener\" target=\"_blank\">Politique de gestion des cookies<\/a><\/p>\n<p>J\u2019accepteLe classement du Moto GP de R\u00e9publique tch\u00e8que 2025<\/p>\n<ol>\n<li>Marc Marquez (Ducati) en 40\u201904.628<\/li>\n<li>Marco Bezzecchi (Aprilia) \u00e0 1.753<\/li>\n<li>Pedro Acosta (KTM) \u00e0 3.366<\/li>\n<li>Francesco Bagnaia (Ducati) \u00e0 3.879<\/li>\n<li>Raul Fernandez (Trackhouse Aprilia) \u00e0 10.045<\/li>\n<li>Fabio Quartararo (Yamaha) \u00e0 11.039<\/li>\n<li>Jorge Martin (Aprilia) \u00e0 15.820<\/li>\n<li>Fermin Aldeguer (Gresini Ducati) \u00e0 16.781<\/li>\n<li>Brad Binder (KTM) \u00e0 17.371<\/li>\n<li>Pol Espargaro (Tech 3 KTM) \u00e0 18.163<\/li>\n<li>Jack Miller (Yamaha Pramac) \u00e0 18\u00a0\u00bb669<\/li>\n<li>Luca Marini (Honda) \u00e0 20\u00a0\u00bb778<\/li>\n<li>Johann Zarco &#8211; (Honda LCR) \u00e0 20\u00a0\u00bb961\t<\/li>\n<li>Ai Ogura &#8211; Aprilia Trackhouse Racing \u00e0 21\u00a0\u00bb904<\/li>\n<li>Alex Rins &#8211; (Yamaha) \u00e0 22\u00a0\u00bb563\t<\/li>\n<li>Fabio Di Giannantonio &#8211; (Ducati VR46) \u00e0 24\u00a0\u00bb729<\/li>\n<li>Miguel Oliveira &#8211; (Yamaha Pramac) \u00e0 27\u00a0\u00bb640<\/li>\n<li>Augusto Fernandez &#8211; (Yamaha) \u00e0 28\u00a0\u00bb310<\/li>\n<li>Alex Marquez &#8211; (Ducati Gresini) &#8211; abandon<\/li>\n<li>Enea Bastianini &#8211; (KTM Tech 3) &#8211; abandon<\/li>\n<li>Joan Mir &#8211; Honda &#8211; abandon<\/li>\n<li>Takaaki Nakagami &#8211; (<a href=\"https:\/\/www.20minutes.fr\/dossier\/honda\" class=\"color-ultramarine c-link\" rel=\"nofollow noopener\" target=\"_blank\">Honda<\/a> LCR) &#8211; forfait<\/li>\n<\/ol>\n<p>Le classement g\u00e9n\u00e9ral du Moto GP apr\u00e8s le GP de R\u00e9publique tch\u00e8que 2025<\/p>\n<ol>\n<li>Marc Marquez\t 356 points<\/li>\n<li>Alex Marquez\t261<\/li>\n<li>Francesco Bagnaia\t200<\/li>\n<li>Fabio Di Giannantonio\t142<\/li>\n<li>Franco Morbidelli\t139<\/li>\n<li>Marco Bezzecchi\t136<\/li>\n<li>Pedro Acosta\t108<\/li>\n<li>Johann Zarco\t106<\/li>\n<li>Fabio Quartararo\t92<\/li>\n<li>Fermin Aldeguer\t92<\/li>\n<li>Maverick Vinales\t69<\/li>\n<li>Brad Binder\t60<\/li>\n<li>Raul Fernandez\t55<\/li>\n<li>Ai Ogura\t49<\/li>\n<li>Enea Bastianini\t49<\/li>\n<li>Luca Marini\t48<\/li>\n<li>Jack Miller\t46<\/li>\n<li>Alex Rins\t41<\/li>\n<li>Joan Mir\t32<\/li>\n<li>Takaaki Nakagami\t10<\/li>\n<li>Lorenzo Savadori\t8<\/li>\n<li>Miguel Oliveira\t6<\/li>\n<li>Augusto Fernandez\t6<\/li>\n<li>Pol Espargaro\t1<\/li>\n<li>Somkiat Chantra\t1<\/li>\n<\/ol>\n<p>Le classement des constructeurs en MotoGP apr\u00e8s le Grand Prix de R\u00e9publique tch\u00e8que<\/p>\n<ol>\n<li>Ducati Lenovo Team &#8211; 8 victoires et 556 points<\/li>\n<li>Team BK8 Gresini Racing MotoGP &#8211; 1 victoire et 353 points<\/li>\n<li>Pertamina Enduro VR46 Racing Team\t&#8211; 0 victoire et 281 points<\/li>\n<li>Red Bull KTM Facotry Racing &#8211; 0 victoire et 168 points<\/li>\n<li>Aprilia Racing\t&#8211; 1 victoire et 144 points<\/li>\n<li>Monster Energy Yamaha MotgoGP &#8211; 0 et 133 points<\/li>\n<li>Red Bull KTM Tech 3 &#8211; 0 victoire et 119 points<\/li>\n<li>LCR Honda MotoGP &#8211; 1 victoire et 107 points<\/li>\n<li>Trackhouse Racing &#8211; 0 et 104 points<\/li>\n<li>Honda HRC Castrol &#8211; 0 et 80 points<\/li>\n<li>Prima Pramac Yamaha &#8211; 0 et 55 points<\/li>\n<li>HRC Test Team &#8211; 0 et 0 point<\/li>\n<li>Yamaha Factory Racing &#8211; \t0 et 0 point<\/li>\n<\/ol>\n","protected":false},"excerpt":{"rendered":"Marc Marquez poursuit sa saison exceptionnelle en remportant un 5e Grand Prix cons\u00e9cutif en MotoGP. Il devient le&hellip;\n","protected":false},"author":2,"featured_media":269113,"comment_status":"","ping_status":"","sticky":false,"template":"","format":"standard","meta":{"footnotes":""},"categories":[1413],"tags":[1680,1011,27,1741,1457,6033,1456,517,60],"class_list":{"0":"post-269112","1":"post","2":"type-post","3":"status-publish","4":"format-standard","5":"has-post-thumbnail","7":"category-moto","8":"tag-fabio-quartararo","9":"tag-fr","10":"tag-france","11":"tag-johann-zarco","12":"tag-moto","13":"tag-moto-gp","14":"tag-motocycle","15":"tag-sport","16":"tag-sports"},"share_on_mastodon":{"url":"https:\/\/pubeurope.com\/@fr\/114905037160086239","error":""},"_links":{"self":[{"href":"https:\/\/www.europesays.com\/fr\/wp-json\/wp\/v2\/posts\/269112","targetHints":{"allow":["GET"]}}],"collection":[{"href":"https:\/\/www.europesays.com\/fr\/wp-json\/wp\/v2\/posts"}],"about":[{"href":"https:\/\/www.europesays.com\/fr\/wp-json\/wp\/v2\/types\/post"}],"author":[{"embeddable":true,"href":"https:\/\/www.europesays.com\/fr\/wp-json\/wp\/v2\/users\/2"}],"replies":[{"embeddable":true,"href":"https:\/\/www.europesays.com\/fr\/wp-json\/wp\/v2\/comments?post=269112"}],"version-history":[{"count":0,"href":"https:\/\/www.europesays.com\/fr\/wp-json\/wp\/v2\/posts\/269112\/revisions"}],"wp:featuredmedia":[{"embeddable":true,"href":"https:\/\/www.europesays.com\/fr\/wp-json\/wp\/v2\/media\/269113"}],"wp:attachment":[{"href":"https:\/\/www.europesays.com\/fr\/wp-json\/wp\/v2\/media?parent=269112"}],"wp:term":[{"taxonomy":"category","embeddable":true,"href":"https:\/\/www.europesays.com\/fr\/wp-json\/wp\/v2\/categories?post=269112"},{"taxonomy":"post_tag","embeddable":true,"href":"https:\/\/www.europesays.com\/fr\/wp-json\/wp\/v2\/tags?post=269112"}],"curies":[{"name":"wp","href":"https:\/\/api.w.org\/{rel}","templated":true}]}}