{"id":269116,"date":"2025-07-23T23:02:11","date_gmt":"2025-07-23T23:02:11","guid":{"rendered":"https:\/\/www.europesays.com\/fr\/269116\/"},"modified":"2025-07-23T23:02:11","modified_gmt":"2025-07-23T23:02:11","slug":"tdf-tour-de-france-jonas-abrahamsen-parfois-on-gagne-parfois-on-perd","status":"publish","type":"post","link":"https:\/\/www.europesays.com\/fr\/269116\/","title":{"rendered":"TDF. Tour de France &#8211; Jonas Abrahamsen : \u00abParfois on gagne, parfois on perd\u00bb"},"content":{"rendered":"<p>Comme souvent, <strong>Jonas Abrahamsen <\/strong>(Uno-X Mobility) a \u00e9t\u00e9 le dernier \u00e0 se faire reprendre par le peloton ! Le Norv\u00e9gien est rest\u00e9 fid\u00e8le \u00e0 ses habitudes et est parti en \u00e9chapp\u00e9e d\u00e8s les premiers kilom\u00e8tres de la 17e \u00e9tape du <strong><a href=\"https:\/\/www.cyclismactu.net\/..\/news-tdf-route-tour-de-france-jonathan-milan-17e-etape-sous-pluie-grosse-chute-89164.html\" target=\"_blank\" rel=\"nofollow noopener\">Tour de France<\/a><\/strong>, en compagnie notamment de <strong><a href=\"https:\/\/www.cyclismactu.net\/..\/news-tdf-route-tour-de-france-quentin-pacher-j-aurais-prefere-qu-on-joue-victoire-89175.html\" target=\"_blank\" rel=\"nofollow noopener\">Quentin Pacher<\/a><\/strong>. M\u00eame si les hommes de t\u00eate ont brievement cru en leurs chances de victoire, les \u00e9quipes de sprinteurs ont finalement eu le dernier mot. Pas mauvais perdant, le vainqueur de Toulouse s&rsquo;est montr\u00e9 tout sourire apr\u00e8s l&rsquo;arriv\u00e9e, malgr\u00e9 la m\u00e9t\u00e9o tr\u00e8s difficile dans le final.<\/p>\n<p>\u00a0<\/p>\n<p>\u00ab\u00a0Je savais que je devais y aller seul\u00a0\u00bb<\/p>\n<p>Jamais rasasi\u00e9, <strong>Jonas Abrahamsen <\/strong>n&rsquo;est pas pass\u00e9 loin de s&rsquo;offrir un second succ\u00e8s sur ce <strong>Tour de France <\/strong>2025, finalement repris \u00e0 4,4 km de la ligne :\u00a0\u00ab\u00a0Je n&rsquo;ai pas gagn\u00e9. Des fois on gagne, des fois on perd. Aujourd&rsquo;hui j&rsquo;ai essay\u00e9 et j&rsquo;ai perdu mais c&rsquo;\u00e9tait sympa. J&rsquo;ai attaqu\u00e9 car on n&rsquo;avait plus que 20 secondes et la vitesse diminuait. Le peloton revenait derri\u00e8re et je savais que si je voulais gagner, je devais y aller tout seul. Je n&rsquo;ai pas gagn\u00e9 mais j&rsquo;ai essay\u00e9\u00a0\u00bb<\/p>\n<p>Tour de France &#8211; Classement de la 17\u00e8 \u00e9tape Tour de France &#8211; Classement g\u00e9n\u00e9ral provisoire apr\u00e8s la 17\u00e8 \u00e9tapeDANS LA M\u00caME CAT\u00c9GORIEA LA UNE<\/p>\n","protected":false},"excerpt":{"rendered":"Comme souvent, Jonas Abrahamsen (Uno-X Mobility) a \u00e9t\u00e9 le dernier \u00e0 se faire reprendre par le peloton !&hellip;\n","protected":false},"author":2,"featured_media":269117,"comment_status":"","ping_status":"","sticky":false,"template":"","format":"standard","meta":{"footnotes":""},"categories":[1411],"tags":[1154,207,211,1011,27,209,60,210,212,208,213],"class_list":{"0":"post-269116","1":"post","2":"type-post","3":"status-publish","4":"format-standard","5":"has-post-thumbnail","7":"category-cyclisme","8":"tag-cycling","9":"tag-cyclisme","10":"tag-ffc","11":"tag-fr","12":"tag-france","13":"tag-route","14":"tag-sports","15":"tag-tour-de-france","16":"tag-uci","17":"tag-velo","18":"tag-world-tour"},"share_on_mastodon":{"url":"https:\/\/pubeurope.com\/@fr\/114905044995625412","error":""},"_links":{"self":[{"href":"https:\/\/www.europesays.com\/fr\/wp-json\/wp\/v2\/posts\/269116","targetHints":{"allow":["GET"]}}],"collection":[{"href":"https:\/\/www.europesays.com\/fr\/wp-json\/wp\/v2\/posts"}],"about":[{"href":"https:\/\/www.europesays.com\/fr\/wp-json\/wp\/v2\/types\/post"}],"author":[{"embeddable":true,"href":"https:\/\/www.europesays.com\/fr\/wp-json\/wp\/v2\/users\/2"}],"replies":[{"embeddable":true,"href":"https:\/\/www.europesays.com\/fr\/wp-json\/wp\/v2\/comments?post=269116"}],"version-history":[{"count":0,"href":"https:\/\/www.europesays.com\/fr\/wp-json\/wp\/v2\/posts\/269116\/revisions"}],"wp:featuredmedia":[{"embeddable":true,"href":"https:\/\/www.europesays.com\/fr\/wp-json\/wp\/v2\/media\/269117"}],"wp:attachment":[{"href":"https:\/\/www.europesays.com\/fr\/wp-json\/wp\/v2\/media?parent=269116"}],"wp:term":[{"taxonomy":"category","embeddable":true,"href":"https:\/\/www.europesays.com\/fr\/wp-json\/wp\/v2\/categories?post=269116"},{"taxonomy":"post_tag","embeddable":true,"href":"https:\/\/www.europesays.com\/fr\/wp-json\/wp\/v2\/tags?post=269116"}],"curies":[{"name":"wp","href":"https:\/\/api.w.org\/{rel}","templated":true}]}}