{"id":269122,"date":"2025-07-23T23:05:12","date_gmt":"2025-07-23T23:05:12","guid":{"rendered":"https:\/\/www.europesays.com\/fr\/269122\/"},"modified":"2025-07-23T23:05:12","modified_gmt":"2025-07-23T23:05:12","slug":"oloron-trente-ans-apres-une-nouvelle-jeunesse-pour-lassociation-camino-entre-hecho-et-le-haut-bearn","status":"publish","type":"post","link":"https:\/\/www.europesays.com\/fr\/269122\/","title":{"rendered":"Oloron\u00a0: trente ans apr\u00e8s, une nouvelle jeunesse pour l\u2019association Camino entre Hecho et le Haut-B\u00e9arn"},"content":{"rendered":"<p>Et si depuis 35\u00a0ans, ces sculptures font partie du paysage, les membres de Camino ont d\u00e9cid\u00e9 de relancer la machine, et de renouer des liens avec les artisans du symposium de Hecho (Espagne), aid\u00e9s par les r\u00e9gions Nouvelle-Aquitaine et d\u2019Aragon. Depuis sept ans, cette ville espagnole a elle aussi relanc\u00e9 un cycle annuel de cr\u00e9ations d\u2019\u0153uvres d\u2019art.<\/p>\n<p>    La r\u00e9daction vous conseille<\/p>\n<p>Recr\u00e9er du lien<\/p>\n<p>Pour faire le lien entre tous ces acteurs, Oloron peut compter sur Pierre Perez. Cet artisan oloronais a pass\u00e9 son enfance \u00e0 Hecho, o\u00f9 il a d\u00e9couvert le premier symposium de sculptures en 1975. Arriv\u00e9 ensuite en B\u00e9arn, il a aid\u00e9 les sculpteurs invit\u00e9s par Camino \u00e0 concevoir leurs \u0153uvres lors du symposium de 1990. Et c\u2019est donc tout naturellement que depuis plusieurs ann\u00e9es, il donne son aide technique (et ses outils) aux cr\u00e9ateurs aragonais, dont l\u2019atelier se trouve en face de sa maison de vacances. Cet \u00e9t\u00e9, il a propos\u00e9 \u00e0 plusieurs artistes, dont la fille de Pedro Tramullas, Haizea, et aux membres de Camino de se retrouver chez lui, \u00e0 Hecho, et de nouer des partenariats.<\/p>\n<p>Ces quelques jours ont permis de b\u00e2tir de nouveaux projets, et la rencontre s\u2019est poursuivie les 16 et 17\u00a0juillet derniers \u00e0 Oloron. Au programme\u00a0: march\u00e9 des producteurs et d\u00e9couverte de la ville et des \u0153uvres du symposium, en compagnie de l\u2019ancien architecte \u00c9mile Vall\u00e8s et de Didier Marion, v\u00e9ritable cheville ouvri\u00e8re de l\u2019association, heureux de ce projet transfrontalier\u00a0: \u00ab\u00a0On est ravis de ce renouveau apr\u00e8s des d\u00e9cennies de pause\u00a0! Le dynamisme de Hecho a permis notre renaissance\u00a0\u00bb.<\/p>\n<p>    La r\u00e9daction vous conseille<\/p>\n<p>Exposition tout l\u2019\u00e9t\u00e9<\/p>\n<p>Pour soutenir le nouvel \u00e9lan de l\u2019association artistique, la mairie accueille tout l\u2019\u00e9t\u00e9 \u00e0 la Maison du patrimoine une exposition consacr\u00e9e au symposium d\u2019Oloron, avec un focus sur le \u00ab\u00a0G\u00e9nie des Pyr\u00e9n\u00e9es\u00a0\u00bb et son histoire mouvement\u00e9e. Cette \u0153uvre du sculpteur hollandais Mark Brusse, install\u00e9e dans les lacets du Biscondau, a subi de nombreuses p\u00e9rip\u00e9ties\u00a0: d\u00e9plac\u00e9e, d\u00e9capit\u00e9e par des voleurs (sans doute pour r\u00e9cup\u00e9rer le cuivre), elle reste particuli\u00e8rement aim\u00e9e des Oloronais pour sa symbolique onirique, et son esth\u00e9tique \u00e0 mi-chemin entre le crapaud et le chaudron. R\u00e9cemment c\u2019est la plasticienne Natacha Sansoz, aid\u00e9e de coll\u00e9giens du territoire, qui lui avait tricot\u00e9 une nouvelle t\u00eate.<\/p>\n<p>Preuve s\u2019il en est que l\u2019art contemporain pr\u00e9sent dans l\u2019espace public de la capitale du Haut-B\u00e9arn continue de vivre, et pourrait bient\u00f4t s\u2019enrichir de nouvelles \u0153uvres, en lien avec la nouvelle g\u00e9n\u00e9ration d\u2019artistes de Hecho et les b\u00e9n\u00e9voles passionn\u00e9s de Camino, qui recherchent des forces vives pour les rejoindre dans l\u2019aventure.<\/p>\n","protected":false},"excerpt":{"rendered":"Et si depuis 35\u00a0ans, ces sculptures font partie du paysage, les membres de Camino ont d\u00e9cid\u00e9 de relancer&hellip;\n","protected":false},"author":2,"featured_media":269123,"comment_status":"","ping_status":"","sticky":false,"template":"","format":"standard","meta":{"footnotes":""},"categories":[1358],"tags":[1348,1384,1385,1386,58,59,1011,27],"class_list":{"0":"post-269122","1":"post","2":"type-post","3":"status-publish","4":"format-standard","5":"has-post-thumbnail","7":"category-arts-et-design","8":"tag-arts","9":"tag-arts-and-design","10":"tag-arts-et-design","11":"tag-design","12":"tag-divertissement","13":"tag-entertainment","14":"tag-fr","15":"tag-france"},"share_on_mastodon":{"url":"https:\/\/pubeurope.com\/@fr\/114905056766907056","error":""},"_links":{"self":[{"href":"https:\/\/www.europesays.com\/fr\/wp-json\/wp\/v2\/posts\/269122","targetHints":{"allow":["GET"]}}],"collection":[{"href":"https:\/\/www.europesays.com\/fr\/wp-json\/wp\/v2\/posts"}],"about":[{"href":"https:\/\/www.europesays.com\/fr\/wp-json\/wp\/v2\/types\/post"}],"author":[{"embeddable":true,"href":"https:\/\/www.europesays.com\/fr\/wp-json\/wp\/v2\/users\/2"}],"replies":[{"embeddable":true,"href":"https:\/\/www.europesays.com\/fr\/wp-json\/wp\/v2\/comments?post=269122"}],"version-history":[{"count":0,"href":"https:\/\/www.europesays.com\/fr\/wp-json\/wp\/v2\/posts\/269122\/revisions"}],"wp:featuredmedia":[{"embeddable":true,"href":"https:\/\/www.europesays.com\/fr\/wp-json\/wp\/v2\/media\/269123"}],"wp:attachment":[{"href":"https:\/\/www.europesays.com\/fr\/wp-json\/wp\/v2\/media?parent=269122"}],"wp:term":[{"taxonomy":"category","embeddable":true,"href":"https:\/\/www.europesays.com\/fr\/wp-json\/wp\/v2\/categories?post=269122"},{"taxonomy":"post_tag","embeddable":true,"href":"https:\/\/www.europesays.com\/fr\/wp-json\/wp\/v2\/tags?post=269122"}],"curies":[{"name":"wp","href":"https:\/\/api.w.org\/{rel}","templated":true}]}}