{"id":269131,"date":"2025-07-23T23:10:09","date_gmt":"2025-07-23T23:10:09","guid":{"rendered":"https:\/\/www.europesays.com\/fr\/269131\/"},"modified":"2025-07-23T23:10:09","modified_gmt":"2025-07-23T23:10:09","slug":"du-dioxyde-de-titane-cancerigene-potentiel-pour-lhumain-detecte-dans-le-lait","status":"publish","type":"post","link":"https:\/\/www.europesays.com\/fr\/269131\/","title":{"rendered":"Du dioxyde de titane, canc\u00e9rig\u00e8ne potentiel pour l\u2019humain, d\u00e9tect\u00e9 dans le lait"},"content":{"rendered":"<p>\u00abMassivement employ\u00e9 dans une multitude de produits du quotidien\u00a0\u00bb (dentifrices, cr\u00e8mes solaires, m\u00e9dicaments, plastiques, maquillage, papier, peintures\u2026) et utilis\u00e9 comme colorant blanc et opacifiant dans l\u2019alimentation (E171), le dioxyde de titane a pourtant \u00e9t\u00e9 interdit dans l\u2019alimentation par mesure de pr\u00e9caution en France en 2020 puis dans l&rsquo;Union europ\u00e9enne en 2022, rappellent les chercheurs.<\/p>\n<p>\u00abDans 100\u00a0% des laits animaux\u00bb<\/p>\n<p>\u00ab\u00a0On savait d\u00e9j\u00e0 qu\u2019il y en avait dans les \u00e9cosyst\u00e8mes, dans l\u2019eau, les mers, les lacs, les rivi\u00e8res, dans le monde entier, gr\u00e2ce \u00e0 beaucoup d\u2019\u00e9tudes r\u00e9centes\u00a0\u00bb, a pr\u00e9cis\u00e9 Anne Burtey, charg\u00e9e de recherche \u00e0 l\u2019INRAE, qui a supervis\u00e9 le projet. Or diff\u00e9rentes formes de particules de dioxyde de titane ont \u00e9t\u00e9 retrouv\u00e9es dans \u00ab\u00a0les laits maternels de dix femmes volontaires vivant \u00e0 Paris ou en proche banlieue, \u00e0 des taux variables, certaines femmes pr\u00e9sentant jusqu\u2019\u00e0 15 fois plus de particules que d\u2019autres\u00a0\u00bb, ce qui prouve que cette substance \u00ab\u00a0peut passer la barri\u00e8re de la glande mammaire\u00a0\u00bb, rapporte l\u2019\u00e9tude. Il \u00e9tait aussi pr\u00e9sent dans \u00ab\u00a0100\u00a0% des laits animaux (frais ou en poudre, issus de vaches, d\u2019\u00e2nesses ou de ch\u00e8vres)\u00a0\u00bb, tant issus de l\u2019agriculture biologique que conventionnelle, et 83\u00a0% des laits infantiles (issus du commerce, du 1er au 3e \u00e2ge, bio ou pas) analys\u00e9s par les chercheurs.<\/p>\n<p>Les effets de cette impr\u00e9gnation sur la sant\u00e9 humaine ne sont pas connus, faute d\u2019\u00e9tudes sur le sujet. \u00ab\u00a0Cet \u00e9tat des lieux de la contamination actuelle des laits refl\u00e8te le niveau d\u2019exposition des nouveau-n\u00e9s et des m\u00e8res, mais \u00e9galement des consommateurs adultes de lait\u00a0\u00bb, pr\u00e9cisent les chercheurs.<\/p>\n<p>Le dioxyde de titane a \u00e9t\u00e9 class\u00e9 canc\u00e9rig\u00e8ne potentiel chez l\u2019\u00eatre humain par inhalation depuis 2006, rappellent les scientifiques de l\u2019INRAE (Institut national de recherche pour l\u2019agriculture, l\u2019alimentation et l\u2019environnement), de l\u2019AP-HP (Assistance publique-H\u00f4pitaux de Paris), du synchrotron SOLEIL et du CNRS, le Centre national de la recherche scientifique.<\/p>\n","protected":false},"excerpt":{"rendered":"\u00abMassivement employ\u00e9 dans une multitude de produits du quotidien\u00a0\u00bb (dentifrices, cr\u00e8mes solaires, m\u00e9dicaments, plastiques, maquillage, papier, peintures\u2026) et&hellip;\n","protected":false},"author":2,"featured_media":269132,"comment_status":"","ping_status":"","sticky":false,"template":"","format":"standard","meta":{"footnotes":""},"categories":[10],"tags":[1011,27,72,71],"class_list":{"0":"post-269131","1":"post","2":"type-post","3":"status-publish","4":"format-standard","5":"has-post-thumbnail","7":"category-sante","8":"tag-fr","9":"tag-france","10":"tag-health","11":"tag-sante"},"share_on_mastodon":{"url":"https:\/\/pubeurope.com\/@fr\/114905076463152190","error":""},"_links":{"self":[{"href":"https:\/\/www.europesays.com\/fr\/wp-json\/wp\/v2\/posts\/269131","targetHints":{"allow":["GET"]}}],"collection":[{"href":"https:\/\/www.europesays.com\/fr\/wp-json\/wp\/v2\/posts"}],"about":[{"href":"https:\/\/www.europesays.com\/fr\/wp-json\/wp\/v2\/types\/post"}],"author":[{"embeddable":true,"href":"https:\/\/www.europesays.com\/fr\/wp-json\/wp\/v2\/users\/2"}],"replies":[{"embeddable":true,"href":"https:\/\/www.europesays.com\/fr\/wp-json\/wp\/v2\/comments?post=269131"}],"version-history":[{"count":0,"href":"https:\/\/www.europesays.com\/fr\/wp-json\/wp\/v2\/posts\/269131\/revisions"}],"wp:featuredmedia":[{"embeddable":true,"href":"https:\/\/www.europesays.com\/fr\/wp-json\/wp\/v2\/media\/269132"}],"wp:attachment":[{"href":"https:\/\/www.europesays.com\/fr\/wp-json\/wp\/v2\/media?parent=269131"}],"wp:term":[{"taxonomy":"category","embeddable":true,"href":"https:\/\/www.europesays.com\/fr\/wp-json\/wp\/v2\/categories?post=269131"},{"taxonomy":"post_tag","embeddable":true,"href":"https:\/\/www.europesays.com\/fr\/wp-json\/wp\/v2\/tags?post=269131"}],"curies":[{"name":"wp","href":"https:\/\/api.w.org\/{rel}","templated":true}]}}