{"id":26914,"date":"2025-04-15T16:04:07","date_gmt":"2025-04-15T16:04:07","guid":{"rendered":"https:\/\/www.europesays.com\/fr\/26914\/"},"modified":"2025-04-15T16:04:07","modified_gmt":"2025-04-15T16:04:07","slug":"le-corps-dun-homme-retrouve-sur-le-quai-du-tramway-une-enquete-ouverte-pour-meurtre","status":"publish","type":"post","link":"https:\/\/www.europesays.com\/fr\/26914\/","title":{"rendered":"le corps d&rsquo;un homme retrouv\u00e9 sur le quai du tramway, une enqu\u00eate ouverte pour meurtre"},"content":{"rendered":"<p>            Par<br \/>\n        <strong><br \/>\n            <a href=\"https:\/\/actu.fr\/auteur\/redaction-paris\" title=\"Consulter tous les articles de R\u00e9daction Paris\" rel=\"nofollow noopener\" target=\"_blank\">R\u00e9daction Paris<\/a><br \/>\n        <\/strong><\/p>\n<p>        Publi\u00e9 le<\/p>\n<p>            15 avr. 2025 \u00e0 17h28        <\/p>\n<p>Un cadavre sur le quai. Mardi 15\u00a0avril 2025,<strong> un homme a \u00e9t\u00e9 d\u00e9couvert mort<\/strong> pr\u00e8s d\u2019une station de tramway \u00e0 <a href=\"https:\/\/actu.fr\/paris\/\" rel=\"nofollow noopener\" target=\"_blank\">Paris<\/a>, indique le parquet. Une enqu\u00eate pour <a href=\"https:\/\/actu.fr\/tag\/meurtre\" rel=\"nofollow noopener\" target=\"_blank\">meurtre<\/a> a \u00e9t\u00e9 ouverte. Deux hommes ont \u00e9t\u00e9 plac\u00e9s en garde \u00e0 vue.<\/p>\n<p>Enqu\u00eate ouverte pour meurtre<\/p>\n<p class=\" wall-content\">C\u2019est vers 6\u00a0heures que le d\u00e9funt a \u00e9t\u00e9 d\u00e9couvert au niveau de la station Porte de Pantin du <a href=\"https:\/\/actu.fr\/ile-de-france\/paris_75056\/ratp-ouverture-du-prolongement-du-tramway-t3b-a-paris-s-il-n-est-pas-trop-lent-ca-peut-etre-pratique_60911493.html\" rel=\"nofollow noopener\" target=\"_blank\">tramway T3b<\/a>, dans le 19e arrondissement. Malgr\u00e9 <strong>un massage cardiaque<\/strong> effectu\u00e9 par les secours, son d\u00e9c\u00e8s a \u00e9t\u00e9 constat\u00e9.<\/p>\n<p class=\" wall-content\">Une enqu\u00eate a \u00e9t\u00e9 ouverte pour <strong>homicide volontaire<\/strong>. Les investigations ont \u00e9t\u00e9 confi\u00e9es \u00e0 la <a href=\"https:\/\/actu.fr\/ile-de-france\/paris_75056\/terrorisme-meurtres-mysterieux-cold-case-a-la-rencontre-de-la-brigade-criminelle-de-paris_59898628.html\" rel=\"nofollow noopener\" target=\"_blank\">brigade criminelle<\/a>. Peu apr\u00e8s, deux individus ont \u00e9t\u00e9 plac\u00e9s en garde \u00e0 vue un peu avant 8h, selon le parquet.<\/p>\n<p class=\" wall-content\">Avec AFP<\/p>\n<p class=\" wall-content\">Suivez toute l\u2019actualit\u00e9 de vos villes et m\u00e9dias favoris en vous inscrivant \u00e0 <a href=\"https:\/\/moncompte.actu.fr\" title=\"D\u00e9couvez Mon Actu\" rel=\"nofollow noopener\" data-trk=\"{&quot;cta&quot;:{&quot;action&quot;:&quot;https:\\\/\\\/moncompte.actu.fr&quot;,&quot;category&quot;:&quot;mon compte&quot;,&quot;from&quot;:&quot;article footer&quot;,&quot;name&quot;:&quot;Mon actu&quot;,&quot;type&quot;:&quot;cta&quot;}}\" target=\"_blank\">Mon Actu<\/a>.<\/p>\n","protected":false},"excerpt":{"rendered":"Par R\u00e9daction Paris Publi\u00e9 le 15 avr. 2025 \u00e0 17h28 Un cadavre sur le quai. Mardi 15\u00a0avril 2025,&hellip;\n","protected":false},"author":2,"featured_media":26915,"comment_status":"","ping_status":"","sticky":false,"template":"","format":"standard","meta":{"footnotes":""},"categories":[1888],"tags":[1111,1928,11,1927,1777,674,118,1011,27,777,12,1926,626,1925,1072,25],"class_list":{"0":"post-26914","1":"post","2":"type-post","3":"status-publish","4":"format-standard","5":"has-post-thumbnail","7":"category-paris","8":"tag-actu","9":"tag-actu-paris","10":"tag-actualites","11":"tag-actualites-paris","12":"tag-eu","13":"tag-europe","14":"tag-faits-divers","15":"tag-fr","16":"tag-france","17":"tag-meurtre","18":"tag-news","19":"tag-news-paris","20":"tag-paris","21":"tag-paris-news","22":"tag-police","23":"tag-republique-francaise"},"share_on_mastodon":{"url":"https:\/\/pubeurope.com\/@fr\/114342832568940469","error":""},"_links":{"self":[{"href":"https:\/\/www.europesays.com\/fr\/wp-json\/wp\/v2\/posts\/26914","targetHints":{"allow":["GET"]}}],"collection":[{"href":"https:\/\/www.europesays.com\/fr\/wp-json\/wp\/v2\/posts"}],"about":[{"href":"https:\/\/www.europesays.com\/fr\/wp-json\/wp\/v2\/types\/post"}],"author":[{"embeddable":true,"href":"https:\/\/www.europesays.com\/fr\/wp-json\/wp\/v2\/users\/2"}],"replies":[{"embeddable":true,"href":"https:\/\/www.europesays.com\/fr\/wp-json\/wp\/v2\/comments?post=26914"}],"version-history":[{"count":0,"href":"https:\/\/www.europesays.com\/fr\/wp-json\/wp\/v2\/posts\/26914\/revisions"}],"wp:featuredmedia":[{"embeddable":true,"href":"https:\/\/www.europesays.com\/fr\/wp-json\/wp\/v2\/media\/26915"}],"wp:attachment":[{"href":"https:\/\/www.europesays.com\/fr\/wp-json\/wp\/v2\/media?parent=26914"}],"wp:term":[{"taxonomy":"category","embeddable":true,"href":"https:\/\/www.europesays.com\/fr\/wp-json\/wp\/v2\/categories?post=26914"},{"taxonomy":"post_tag","embeddable":true,"href":"https:\/\/www.europesays.com\/fr\/wp-json\/wp\/v2\/tags?post=26914"}],"curies":[{"name":"wp","href":"https:\/\/api.w.org\/{rel}","templated":true}]}}