{"id":269157,"date":"2025-07-23T23:31:10","date_gmt":"2025-07-23T23:31:10","guid":{"rendered":"https:\/\/www.europesays.com\/fr\/269157\/"},"modified":"2025-07-23T23:31:10","modified_gmt":"2025-07-23T23:31:10","slug":"previsions-du-jeudi-24-juillet-2025-2","status":"publish","type":"post","link":"https:\/\/www.europesays.com\/fr\/269157\/","title":{"rendered":"pr\u00e9visions du jeudi 24 juillet 2025"},"content":{"rendered":"<p>La ville de Rennes profitera de quelques \u00e9claircies aujourd&rsquo;hui. Les temp\u00e9ratures seront de 19\u00b0C. Un vent de nord-ouest soufflera l\u00e9g\u00e8rement, avec 18 km\/h. Les valeurs s&rsquo;\u00e9chelonneront entre 22\u00b0C et 24\u00b0C dans l&rsquo;apr\u00e8s-midi. Un ciel clair est pr\u00e9vu dans la nuit reliant jeudi et vendredi.<\/p>\n<p>C&rsquo;est un soleil splendide qui va briller demain sur Rennes. Les temp\u00e9ratures seront comprises entre 13 et 25\u00b0C. Une petite brise de nord sera ressentie par les habitants. Le temps va se r\u00e9chauffer demain apr\u00e8s-midi avec une hausse de quelques degr\u00e9s. Les valeurs iront de 24 \u00e0 25\u00b0C. Il va faire 19\u00b0C en moyenne demain soir.<\/p>\n<p>Peu d&rsquo;\u00e9volutions au fil des jours. On pr\u00e9voit des journ\u00e9es ensoleill\u00e9es, accompagn\u00e9es par des temp\u00e9ratures dans les 25\u00b0C en moyenne.<\/p>\n<p><\/p>\n","protected":false},"excerpt":{"rendered":"La ville de Rennes profitera de quelques \u00e9claircies aujourd&rsquo;hui. Les temp\u00e9ratures seront de 19\u00b0C. Un vent de nord-ouest&hellip;\n","protected":false},"author":2,"featured_media":269158,"comment_status":"","ping_status":"","sticky":false,"template":"","format":"standard","meta":{"footnotes":""},"categories":[2821],"tags":[1111,11,829,1777,674,1011,27,848,12,2119,584,25],"class_list":{"0":"post-269157","1":"post","2":"type-post","3":"status-publish","4":"format-standard","5":"has-post-thumbnail","7":"category-rennes","8":"tag-actu","9":"tag-actualites","10":"tag-bretagne","11":"tag-eu","12":"tag-europe","13":"tag-fr","14":"tag-france","15":"tag-ille-et-vilaine","16":"tag-news","17":"tag-previsions-meteo","18":"tag-rennes","19":"tag-republique-francaise"},"share_on_mastodon":{"url":"https:\/\/pubeurope.com\/@fr\/114905159031252468","error":""},"_links":{"self":[{"href":"https:\/\/www.europesays.com\/fr\/wp-json\/wp\/v2\/posts\/269157","targetHints":{"allow":["GET"]}}],"collection":[{"href":"https:\/\/www.europesays.com\/fr\/wp-json\/wp\/v2\/posts"}],"about":[{"href":"https:\/\/www.europesays.com\/fr\/wp-json\/wp\/v2\/types\/post"}],"author":[{"embeddable":true,"href":"https:\/\/www.europesays.com\/fr\/wp-json\/wp\/v2\/users\/2"}],"replies":[{"embeddable":true,"href":"https:\/\/www.europesays.com\/fr\/wp-json\/wp\/v2\/comments?post=269157"}],"version-history":[{"count":0,"href":"https:\/\/www.europesays.com\/fr\/wp-json\/wp\/v2\/posts\/269157\/revisions"}],"wp:featuredmedia":[{"embeddable":true,"href":"https:\/\/www.europesays.com\/fr\/wp-json\/wp\/v2\/media\/269158"}],"wp:attachment":[{"href":"https:\/\/www.europesays.com\/fr\/wp-json\/wp\/v2\/media?parent=269157"}],"wp:term":[{"taxonomy":"category","embeddable":true,"href":"https:\/\/www.europesays.com\/fr\/wp-json\/wp\/v2\/categories?post=269157"},{"taxonomy":"post_tag","embeddable":true,"href":"https:\/\/www.europesays.com\/fr\/wp-json\/wp\/v2\/tags?post=269157"}],"curies":[{"name":"wp","href":"https:\/\/api.w.org\/{rel}","templated":true}]}}